{"id":53365,"date":"2023-11-03T11:32:06","date_gmt":"2023-11-03T11:32:06","guid":{"rendered":"https:\/\/www.africa-press.net\/tchad\/politique\/le-ministre-detat-mahamat-saleh-present-a-la-conference-ministerielle-de-la-francophonie-de-yaounde"},"modified":"2023-11-03T11:58:15","modified_gmt":"2023-11-03T11:58:15","slug":"le-ministre-detat-mahamat-saleh-present-a-la-conference-ministerielle-de-la-francophonie-de-yaounde","status":"publish","type":"post","link":"https:\/\/www.africa-press.net\/tchad\/politique\/le-ministre-detat-mahamat-saleh-present-a-la-conference-ministerielle-de-la-francophonie-de-yaounde","title":{"rendered":"le ministre d\u2019Etat Mahamat Saleh pr\u00e9sent \u00e0 la conf\u00e9rence minist\u00e9rielle de la Francophonie de Yaound\u00e9"},"content":{"rendered":"<p><span style=\"color: #ff6600\"><strong>Africa-Press &#8211; Tchad. <\/strong><\/span>Le ministre d&rsquo;Etat, ministre des Affaires e\u0301trange\u0300res, des Tchadiens de l&rsquo;e\u0301tranger et de la Coope\u0301ration internationale, l&rsquo;ambassadeur Mahamat Saleh Annadif, se trouve depuis ce vendredi, 03 novembre a\u0300 Yaounde\u0301 au Cameroun.<\/p>\n<p>Il va prendre part, du 04 au 05 novembre 2023, a\u0300 la 44e\u0300me confe\u0301rence ministe\u0301rielle de la Francophonie, place\u0301e sous le the\u0300me : \u00ab Bonne gouvernance : gage de stabilite\u0301 politique, e\u0301conomique, culturelle pour les citoyens francophones \u00bb. Les assises se tiennent au Palais des congre\u0300s de Yaounde\u0301.<\/p>\n<p>La confe\u0301rence ministe\u0301rielle est pre\u0301ce\u0301de\u0301e de la re\u0301union du Conseil Permanent de la Francophonie, qui se tient ce 03 novembre dans la capitale camerounaise.<\/p>\n<p>La de\u0301le\u0301gation tchadienne a\u0300 la 44e\u0300me confe\u0301rence ministe\u0301rielle de la Francophonie comprend e\u0301galement : Mme Ammo Aziza Baroud, conseille\u0300re spe\u0301ciale et repre\u0301sentante personnelle du chef de l&rsquo;Etat aupre\u0300s de l&rsquo;Organisation Internationale de la Francophonie et Mme De\u0301sire\u0301e Alingue, secre\u0301taire exe\u0301cutive de la Francophonie au ministe\u0300re des Affaires e\u0301trange\u0300res, des Tchadiens de l&rsquo;e\u0301tranger et de la Coope\u0301ration internationale.<\/p>\n<p><strong>Pour plus d&rsquo;informations et d&rsquo;analyses sur la <a href=\"https:\/\/www.africa-press.net\/tchad\">Tchad<\/a>, suivez <a href=\"https:\/\/www.africa-press.net\/\">Africa-Press<\/a><\/strong><\/p>\n","protected":false},"excerpt":{"rendered":"<p>Africa-Press &#8211; Tchad. Le ministre d&rsquo;Etat, ministre des Affaires e\u0301trange\u0300res, des Tchadiens de l&rsquo;e\u0301tranger et de la Coope\u0301ration internationale, l&rsquo;ambassadeur Mahamat Saleh Annadif, se trouve depuis ce vendredi, 03 novembre a\u0300 Yaounde\u0301 au Cameroun. Il va prendre part, du 04 au 05 novembre 2023, a\u0300 la 44e\u0300me confe\u0301rence ministe\u0301rielle de la Francophonie, place\u0301e sous le [&hellip;]<\/p>\n","protected":false},"author":82,"featured_media":53364,"comment_status":"open","ping_status":"closed","sticky":false,"template":"","format":"standard","meta":{"footnotes":""},"categories":[2,20,10],"tags":[37,292,29],"class_list":["post-53365","post","type-post","status-publish","format-standard","has-post-thumbnail","hentry","category-politique","category-top-nouvelles","category-toutes-les-actualites","tag-africa-press","tag-africa-press-tchad","tag-tchad"],"yoast_head":"<!-- This site is optimized with the Yoast SEO Premium plugin v26.1 (Yoast SEO v27.0) - https:\/\/yoast.com\/product\/yoast-seo-premium-wordpress\/ -->\n<title>le ministre d\u2019Etat Mahamat Saleh pr\u00e9sent \u00e0 la conf\u00e9rence minist\u00e9rielle de la Francophonie de Yaound\u00e9 - tchad<\/title>\n<meta name=\"description\" content=\"Le ministre d&#039;Etat, ministre des Affaires e\u0301trange\u0300res, des Tchadiens de l&#039;e\u0301tranger et de la Coope\u0301ration international ...\" \/>\n<meta name=\"robots\" content=\"index, follow, max-snippet:-1, max-image-preview:large, max-video-preview:-1\" \/>\n<link rel=\"canonical\" href=\"https:\/\/www.africa-press.net\/tchad\/politique\/le-ministre-detat-mahamat-saleh-present-a-la-conference-ministerielle-de-la-francophonie-de-yaounde\" \/>\n<meta property=\"og:locale\" content=\"fr_FR\" \/>\n<meta property=\"og:type\" content=\"article\" \/>\n<meta property=\"og:title\" content=\"le ministre d\u2019Etat Mahamat Saleh pr\u00e9sent \u00e0 la conf\u00e9rence minist\u00e9rielle de la Francophonie de Yaound\u00e9\" \/>\n<meta property=\"og:description\" content=\"Le ministre d&#039;Etat, ministre des Affaires e\u0301trange\u0300res, des Tchadiens de l&#039;e\u0301tranger et de la Coope\u0301ration international ...\" \/>\n<meta property=\"og:url\" content=\"https:\/\/www.africa-press.net\/tchad\/politique\/le-ministre-detat-mahamat-saleh-present-a-la-conference-ministerielle-de-la-francophonie-de-yaounde\" \/>\n<meta property=\"og:site_name\" content=\"tchad\" \/>\n<meta property=\"article:published_time\" content=\"2023-11-03T11:32:06+00:00\" \/>\n<meta property=\"article:modified_time\" content=\"2023-11-03T11:58:15+00:00\" \/>\n<meta property=\"og:image\" content=\"https:\/\/static.africa-press.net\/tchad\/sites\/41\/2023\/11\/sm_1699000027.222665.jpg\" \/>\n\t<meta property=\"og:image:width\" content=\"1600\" \/>\n\t<meta property=\"og:image:height\" content=\"1068\" \/>\n\t<meta property=\"og:image:type\" content=\"image\/jpeg\" \/>\n<meta name=\"author\" content=\"cfeditorfr\" \/>\n<meta name=\"twitter:card\" content=\"summary_large_image\" \/>\n<meta name=\"twitter:label1\" content=\"\u00c9crit par\" \/>\n\t<meta name=\"twitter:data1\" content=\"cfeditorfr\" \/>\n\t<meta name=\"twitter:label2\" content=\"Dur\u00e9e de lecture estim\u00e9e\" \/>\n\t<meta name=\"twitter:data2\" content=\"1 minute\" \/>\n<script type=\"application\/ld+json\" class=\"yoast-schema-graph\">{\"@context\":\"https:\/\/schema.org\",\"@graph\":[{\"@type\":\"Article\",\"@id\":\"https:\/\/www.africa-press.net\/tchad\/politique\/le-ministre-detat-mahamat-saleh-present-a-la-conference-ministerielle-de-la-francophonie-de-yaounde#article\",\"isPartOf\":{\"@id\":\"https:\/\/www.africa-press.net\/tchad\/politique\/le-ministre-detat-mahamat-saleh-present-a-la-conference-ministerielle-de-la-francophonie-de-yaounde\"},\"author\":{\"name\":\"cfeditorfr\",\"@id\":\"https:\/\/www.africa-press.net\/tchad\/#\/schema\/person\/2b1cf3cd81a31e3cd26889ca66d677f1\"},\"headline\":\"le ministre d\u2019Etat Mahamat Saleh pr\u00e9sent \u00e0 la conf\u00e9rence minist\u00e9rielle de la Francophonie de Yaound\u00e9\",\"datePublished\":\"2023-11-03T11:32:06+00:00\",\"dateModified\":\"2023-11-03T11:58:15+00:00\",\"mainEntityOfPage\":{\"@id\":\"https:\/\/www.africa-press.net\/tchad\/politique\/le-ministre-detat-mahamat-saleh-present-a-la-conference-ministerielle-de-la-francophonie-de-yaounde\"},\"wordCount\":225,\"commentCount\":0,\"image\":{\"@id\":\"https:\/\/www.africa-press.net\/tchad\/politique\/le-ministre-detat-mahamat-saleh-present-a-la-conference-ministerielle-de-la-francophonie-de-yaounde#primaryimage\"},\"thumbnailUrl\":\"https:\/\/static.africa-press.net\/tchad\/sites\/41\/2023\/11\/sm_1699000027.222665.jpg\",\"keywords\":[\"Africa Press\",\"Africa Press-Tchad\",\"Tchad\"],\"articleSection\":[\"Politique\",\"Top Nouvelles\",\"Toutes les actualit\u00e9s\"],\"inLanguage\":\"fr-FR\",\"potentialAction\":[{\"@type\":\"CommentAction\",\"name\":\"Comment\",\"target\":[\"https:\/\/www.africa-press.net\/tchad\/politique\/le-ministre-detat-mahamat-saleh-present-a-la-conference-ministerielle-de-la-francophonie-de-yaounde#respond\"]}]},{\"@type\":\"WebPage\",\"@id\":\"https:\/\/www.africa-press.net\/tchad\/politique\/le-ministre-detat-mahamat-saleh-present-a-la-conference-ministerielle-de-la-francophonie-de-yaounde\",\"url\":\"https:\/\/www.africa-press.net\/tchad\/politique\/le-ministre-detat-mahamat-saleh-present-a-la-conference-ministerielle-de-la-francophonie-de-yaounde\",\"name\":\"le ministre d\u2019Etat Mahamat Saleh pr\u00e9sent \u00e0 la conf\u00e9rence minist\u00e9rielle de la Francophonie de Yaound\u00e9 - tchad\",\"isPartOf\":{\"@id\":\"https:\/\/www.africa-press.net\/tchad\/#website\"},\"primaryImageOfPage\":{\"@id\":\"https:\/\/www.africa-press.net\/tchad\/politique\/le-ministre-detat-mahamat-saleh-present-a-la-conference-ministerielle-de-la-francophonie-de-yaounde#primaryimage\"},\"image\":{\"@id\":\"https:\/\/www.africa-press.net\/tchad\/politique\/le-ministre-detat-mahamat-saleh-present-a-la-conference-ministerielle-de-la-francophonie-de-yaounde#primaryimage\"},\"thumbnailUrl\":\"https:\/\/static.africa-press.net\/tchad\/sites\/41\/2023\/11\/sm_1699000027.222665.jpg\",\"datePublished\":\"2023-11-03T11:32:06+00:00\",\"dateModified\":\"2023-11-03T11:58:15+00:00\",\"author\":{\"@id\":\"https:\/\/www.africa-press.net\/tchad\/#\/schema\/person\/2b1cf3cd81a31e3cd26889ca66d677f1\"},\"description\":\"Le ministre d'Etat, ministre des Affaires e\u0301trange\u0300res, des Tchadiens de l'e\u0301tranger et de la Coope\u0301ration international ...\",\"breadcrumb\":{\"@id\":\"https:\/\/www.africa-press.net\/tchad\/politique\/le-ministre-detat-mahamat-saleh-present-a-la-conference-ministerielle-de-la-francophonie-de-yaounde#breadcrumb\"},\"inLanguage\":\"fr-FR\",\"potentialAction\":[{\"@type\":\"ReadAction\",\"target\":[\"https:\/\/www.africa-press.net\/tchad\/politique\/le-ministre-detat-mahamat-saleh-present-a-la-conference-ministerielle-de-la-francophonie-de-yaounde\"]}]},{\"@type\":\"ImageObject\",\"inLanguage\":\"fr-FR\",\"@id\":\"https:\/\/www.africa-press.net\/tchad\/politique\/le-ministre-detat-mahamat-saleh-present-a-la-conference-ministerielle-de-la-francophonie-de-yaounde#primaryimage\",\"url\":\"https:\/\/static.africa-press.net\/tchad\/sites\/41\/2023\/11\/sm_1699000027.222665.jpg\",\"contentUrl\":\"https:\/\/static.africa-press.net\/tchad\/sites\/41\/2023\/11\/sm_1699000027.222665.jpg\",\"width\":1600,\"height\":1068,\"caption\":\"le ministre d\u2019Etat Mahamat Saleh pr\u00e9sent \u00e0 la conf\u00e9rence minist\u00e9rielle de la Francophonie de Yaound\u00e9\"},{\"@type\":\"BreadcrumbList\",\"@id\":\"https:\/\/www.africa-press.net\/tchad\/politique\/le-ministre-detat-mahamat-saleh-present-a-la-conference-ministerielle-de-la-francophonie-de-yaounde#breadcrumb\",\"itemListElement\":[{\"@type\":\"ListItem\",\"position\":1,\"name\":\"Accueil\",\"item\":\"https:\/\/www.africa-press.net\/tchad\/\"},{\"@type\":\"ListItem\",\"position\":2,\"name\":\"le ministre d\u2019Etat Mahamat Saleh pr\u00e9sent \u00e0 la conf\u00e9rence minist\u00e9rielle de la Francophonie de Yaound\u00e9\"}]},{\"@type\":\"WebSite\",\"@id\":\"https:\/\/www.africa-press.net\/tchad\/#website\",\"url\":\"https:\/\/www.africa-press.net\/tchad\/\",\"name\":\"tchad\",\"description\":\"Just another Africa News Agency Sites site\",\"potentialAction\":[{\"@type\":\"SearchAction\",\"target\":{\"@type\":\"EntryPoint\",\"urlTemplate\":\"https:\/\/www.africa-press.net\/tchad\/?s={search_term_string}\"},\"query-input\":{\"@type\":\"PropertyValueSpecification\",\"valueRequired\":true,\"valueName\":\"search_term_string\"}}],\"inLanguage\":\"fr-FR\"},{\"@type\":\"Person\",\"@id\":\"https:\/\/www.africa-press.net\/tchad\/#\/schema\/person\/2b1cf3cd81a31e3cd26889ca66d677f1\",\"name\":\"cfeditorfr\"}]}<\/script>\n<!-- \/ Yoast SEO Premium plugin. -->","yoast_head_json":{"title":"le ministre d\u2019Etat Mahamat Saleh pr\u00e9sent \u00e0 la conf\u00e9rence minist\u00e9rielle de la Francophonie de Yaound\u00e9 - tchad","description":"Le ministre d'Etat, ministre des Affaires e\u0301trange\u0300res, des Tchadiens de l'e\u0301tranger et de la Coope\u0301ration international ...","robots":{"index":"index","follow":"follow","max-snippet":"max-snippet:-1","max-image-preview":"max-image-preview:large","max-video-preview":"max-video-preview:-1"},"canonical":"https:\/\/www.africa-press.net\/tchad\/politique\/le-ministre-detat-mahamat-saleh-present-a-la-conference-ministerielle-de-la-francophonie-de-yaounde","og_locale":"fr_FR","og_type":"article","og_title":"le ministre d\u2019Etat Mahamat Saleh pr\u00e9sent \u00e0 la conf\u00e9rence minist\u00e9rielle de la Francophonie de Yaound\u00e9","og_description":"Le ministre d'Etat, ministre des Affaires e\u0301trange\u0300res, des Tchadiens de l'e\u0301tranger et de la Coope\u0301ration international ...","og_url":"https:\/\/www.africa-press.net\/tchad\/politique\/le-ministre-detat-mahamat-saleh-present-a-la-conference-ministerielle-de-la-francophonie-de-yaounde","og_site_name":"tchad","article_published_time":"2023-11-03T11:32:06+00:00","article_modified_time":"2023-11-03T11:58:15+00:00","og_image":[{"width":1600,"height":1068,"url":"https:\/\/static.africa-press.net\/tchad\/sites\/41\/2023\/11\/sm_1699000027.222665.jpg","type":"image\/jpeg"}],"author":"cfeditorfr","twitter_card":"summary_large_image","twitter_misc":{"\u00c9crit par":"cfeditorfr","Dur\u00e9e de lecture estim\u00e9e":"1 minute"},"schema":{"@context":"https:\/\/schema.org","@graph":[{"@type":"Article","@id":"https:\/\/www.africa-press.net\/tchad\/politique\/le-ministre-detat-mahamat-saleh-present-a-la-conference-ministerielle-de-la-francophonie-de-yaounde#article","isPartOf":{"@id":"https:\/\/www.africa-press.net\/tchad\/politique\/le-ministre-detat-mahamat-saleh-present-a-la-conference-ministerielle-de-la-francophonie-de-yaounde"},"author":{"name":"cfeditorfr","@id":"https:\/\/www.africa-press.net\/tchad\/#\/schema\/person\/2b1cf3cd81a31e3cd26889ca66d677f1"},"headline":"le ministre d\u2019Etat Mahamat Saleh pr\u00e9sent \u00e0 la conf\u00e9rence minist\u00e9rielle de la Francophonie de Yaound\u00e9","datePublished":"2023-11-03T11:32:06+00:00","dateModified":"2023-11-03T11:58:15+00:00","mainEntityOfPage":{"@id":"https:\/\/www.africa-press.net\/tchad\/politique\/le-ministre-detat-mahamat-saleh-present-a-la-conference-ministerielle-de-la-francophonie-de-yaounde"},"wordCount":225,"commentCount":0,"image":{"@id":"https:\/\/www.africa-press.net\/tchad\/politique\/le-ministre-detat-mahamat-saleh-present-a-la-conference-ministerielle-de-la-francophonie-de-yaounde#primaryimage"},"thumbnailUrl":"https:\/\/static.africa-press.net\/tchad\/sites\/41\/2023\/11\/sm_1699000027.222665.jpg","keywords":["Africa Press","Africa Press-Tchad","Tchad"],"articleSection":["Politique","Top Nouvelles","Toutes les actualit\u00e9s"],"inLanguage":"fr-FR","potentialAction":[{"@type":"CommentAction","name":"Comment","target":["https:\/\/www.africa-press.net\/tchad\/politique\/le-ministre-detat-mahamat-saleh-present-a-la-conference-ministerielle-de-la-francophonie-de-yaounde#respond"]}]},{"@type":"WebPage","@id":"https:\/\/www.africa-press.net\/tchad\/politique\/le-ministre-detat-mahamat-saleh-present-a-la-conference-ministerielle-de-la-francophonie-de-yaounde","url":"https:\/\/www.africa-press.net\/tchad\/politique\/le-ministre-detat-mahamat-saleh-present-a-la-conference-ministerielle-de-la-francophonie-de-yaounde","name":"le ministre d\u2019Etat Mahamat Saleh pr\u00e9sent \u00e0 la conf\u00e9rence minist\u00e9rielle de la Francophonie de Yaound\u00e9 - tchad","isPartOf":{"@id":"https:\/\/www.africa-press.net\/tchad\/#website"},"primaryImageOfPage":{"@id":"https:\/\/www.africa-press.net\/tchad\/politique\/le-ministre-detat-mahamat-saleh-present-a-la-conference-ministerielle-de-la-francophonie-de-yaounde#primaryimage"},"image":{"@id":"https:\/\/www.africa-press.net\/tchad\/politique\/le-ministre-detat-mahamat-saleh-present-a-la-conference-ministerielle-de-la-francophonie-de-yaounde#primaryimage"},"thumbnailUrl":"https:\/\/static.africa-press.net\/tchad\/sites\/41\/2023\/11\/sm_1699000027.222665.jpg","datePublished":"2023-11-03T11:32:06+00:00","dateModified":"2023-11-03T11:58:15+00:00","author":{"@id":"https:\/\/www.africa-press.net\/tchad\/#\/schema\/person\/2b1cf3cd81a31e3cd26889ca66d677f1"},"description":"Le ministre d'Etat, ministre des Affaires e\u0301trange\u0300res, des Tchadiens de l'e\u0301tranger et de la Coope\u0301ration international ...","breadcrumb":{"@id":"https:\/\/www.africa-press.net\/tchad\/politique\/le-ministre-detat-mahamat-saleh-present-a-la-conference-ministerielle-de-la-francophonie-de-yaounde#breadcrumb"},"inLanguage":"fr-FR","potentialAction":[{"@type":"ReadAction","target":["https:\/\/www.africa-press.net\/tchad\/politique\/le-ministre-detat-mahamat-saleh-present-a-la-conference-ministerielle-de-la-francophonie-de-yaounde"]}]},{"@type":"ImageObject","inLanguage":"fr-FR","@id":"https:\/\/www.africa-press.net\/tchad\/politique\/le-ministre-detat-mahamat-saleh-present-a-la-conference-ministerielle-de-la-francophonie-de-yaounde#primaryimage","url":"https:\/\/static.africa-press.net\/tchad\/sites\/41\/2023\/11\/sm_1699000027.222665.jpg","contentUrl":"https:\/\/static.africa-press.net\/tchad\/sites\/41\/2023\/11\/sm_1699000027.222665.jpg","width":1600,"height":1068,"caption":"le ministre d\u2019Etat Mahamat Saleh pr\u00e9sent \u00e0 la conf\u00e9rence minist\u00e9rielle de la Francophonie de Yaound\u00e9"},{"@type":"BreadcrumbList","@id":"https:\/\/www.africa-press.net\/tchad\/politique\/le-ministre-detat-mahamat-saleh-present-a-la-conference-ministerielle-de-la-francophonie-de-yaounde#breadcrumb","itemListElement":[{"@type":"ListItem","position":1,"name":"Accueil","item":"https:\/\/www.africa-press.net\/tchad\/"},{"@type":"ListItem","position":2,"name":"le ministre d\u2019Etat Mahamat Saleh pr\u00e9sent \u00e0 la conf\u00e9rence minist\u00e9rielle de la Francophonie de Yaound\u00e9"}]},{"@type":"WebSite","@id":"https:\/\/www.africa-press.net\/tchad\/#website","url":"https:\/\/www.africa-press.net\/tchad\/","name":"tchad","description":"Just another Africa News Agency Sites site","potentialAction":[{"@type":"SearchAction","target":{"@type":"EntryPoint","urlTemplate":"https:\/\/www.africa-press.net\/tchad\/?s={search_term_string}"},"query-input":{"@type":"PropertyValueSpecification","valueRequired":true,"valueName":"search_term_string"}}],"inLanguage":"fr-FR"},{"@type":"Person","@id":"https:\/\/www.africa-press.net\/tchad\/#\/schema\/person\/2b1cf3cd81a31e3cd26889ca66d677f1","name":"cfeditorfr"}]}},"_links":{"self":[{"href":"https:\/\/www.africa-press.net\/tchad\/wp-json\/wp\/v2\/posts\/53365","targetHints":{"allow":["GET"]}}],"collection":[{"href":"https:\/\/www.africa-press.net\/tchad\/wp-json\/wp\/v2\/posts"}],"about":[{"href":"https:\/\/www.africa-press.net\/tchad\/wp-json\/wp\/v2\/types\/post"}],"author":[{"embeddable":true,"href":"https:\/\/www.africa-press.net\/tchad\/wp-json\/wp\/v2\/users\/82"}],"replies":[{"embeddable":true,"href":"https:\/\/www.africa-press.net\/tchad\/wp-json\/wp\/v2\/comments?post=53365"}],"version-history":[{"count":0,"href":"https:\/\/www.africa-press.net\/tchad\/wp-json\/wp\/v2\/posts\/53365\/revisions"}],"wp:featuredmedia":[{"embeddable":true,"href":"https:\/\/www.africa-press.net\/tchad\/wp-json\/wp\/v2\/media\/53364"}],"wp:attachment":[{"href":"https:\/\/www.africa-press.net\/tchad\/wp-json\/wp\/v2\/media?parent=53365"}],"wp:term":[{"taxonomy":"category","embeddable":true,"href":"https:\/\/www.africa-press.net\/tchad\/wp-json\/wp\/v2\/categories?post=53365"},{"taxonomy":"post_tag","embeddable":true,"href":"https:\/\/www.africa-press.net\/tchad\/wp-json\/wp\/v2\/tags?post=53365"}],"curies":[{"name":"wp","href":"https:\/\/api.w.org\/{rel}","templated":true}]}}