{"id":53380,"date":"2023-11-03T16:15:37","date_gmt":"2023-11-03T16:15:37","guid":{"rendered":"https:\/\/www.africa-press.net\/tchad\/politique\/le-ministre-de-la-justice-rappelle-la-reglementation-sur-la-formation-des-assesseurs-en-matiere-civile"},"modified":"2023-11-04T06:48:00","modified_gmt":"2023-11-04T06:48:00","slug":"le-ministre-de-la-justice-rappelle-la-reglementation-sur-la-formation-des-assesseurs-en-matiere-civile","status":"publish","type":"post","link":"https:\/\/www.africa-press.net\/tchad\/toutes-les-actualites\/le-ministre-de-la-justice-rappelle-la-reglementation-sur-la-formation-des-assesseurs-en-matiere-civile","title":{"rendered":"le ministre de la Justice rappelle la r\u00e9glementation sur la formation des assesseurs en mati\u00e8re civile"},"content":{"rendered":"<p><span style=\"color: #ff6600\"><strong>Africa-Press &#8211; Tchad. <\/strong><\/span>Une note circulaire, relative a\u0300 l\u2019e\u0301tablissement des listes des assesseurs, et adresse\u0301e aux chefs de Cours d&rsquo;appel, des Tribunaux de grande instance et des justices de paix, a e\u0301te\u0301 publie\u0301e par le ministre de la Justice et des Droits humains ce 3 novembre 2023.<\/p>\n<p>\u00ab Il me plait de rappeler a\u0300 votre attention que l&rsquo;e\u0301tablissement des listes d&rsquo;assesseurs appele\u0301s a\u0300 comple\u0301ter les formations de jugement en matie\u0300re civile en attendant l&rsquo;adoption d\u2019un Code civil est de\u0301sormais re\u0300glemente\u0301 par le de\u0301cret n\u00b02291\/PT\/PM\/MJDH\/2023 du 30 aou\u0302t 2023 \u00bb, peut-on apprendre.<\/p>\n<p>Ainsi, conforme\u0301ment aux dispositions de l\u2019article 2 du de\u0301cret susvise\u0301, les assesseurs sont choisis parmi les citoyens a\u0302ge\u0301s de 40 ans au moins, domicilie\u0301s dans la ville ou\u0300 sie\u0300ge le tribunal ou la Cour. Ils doivent jouir de leurs droits civils et politiques, e\u0302tre de bonne moralite\u0301, sachant autant que possible lire et e\u0301crire en franc\u0327ais ou en arabe, et posse\u0301dant une suffisante connaissance des us et coutumes du groupe social qu\u2019ils sont appele\u0301s a\u0300 repre\u0301senter.<\/p>\n<p>Apre\u0300s consultation des autorite\u0301s administratives locales, informe la note circulaire, les chefs de juridictions e\u0301tablissent les listes comprenant en fonction des diversite\u0301s des coutumes et de l&rsquo;importance du volume d\u2019affaires une liste de six a\u0300 douze noms pour les tribunaux et justices de paix et seize noms au maximum pour les Cours d&rsquo;appel.<\/p>\n<p>Les listes seront e\u0301tablies pour une dure\u0301e de deux ans pour les juridictions effectivement ope\u0301rationnelles. A cet effet, le Garde des Sceaux, ministre de la Justice et des Droits humains, Mahamat Ahmad Alhabo demande de proce\u0301der a\u0300 l&rsquo;e\u0301tablissement des listes des assesseurs de vos ressorts respectifs dans le strict respect des dispositions du de\u0301cret n\u00b02291.<\/p>\n<p>Ces listes doivent e\u0302tre transmises, au plus tard le 10 de\u0301cembre 2023, au ministe\u0300re de la Justice.<\/p>\n<p><strong>Pour plus d&rsquo;informations et d&rsquo;analyses sur la <a href=\"https:\/\/www.africa-press.net\/tchad\">Tchad<\/a>, suivez <a href=\"https:\/\/www.africa-press.net\/\">Africa-Press<\/a><\/strong><\/p>\n","protected":false},"excerpt":{"rendered":"<p>Africa-Press &#8211; Tchad. Une note circulaire, relative a\u0300 l\u2019e\u0301tablissement des listes des assesseurs, et adresse\u0301e aux chefs de Cours d&rsquo;appel, des Tribunaux de grande instance et des justices de paix, a e\u0301te\u0301 publie\u0301e par le ministre de la Justice et des Droits humains ce 3 novembre 2023. \u00ab Il me plait de rappeler a\u0300 votre [&hellip;]<\/p>\n","protected":false},"author":82,"featured_media":53379,"comment_status":"open","ping_status":"closed","sticky":false,"template":"","format":"standard","meta":{"footnotes":""},"categories":[21,10],"tags":[37,292,29],"class_list":["post-53380","post","type-post","status-publish","format-standard","has-post-thumbnail","hentry","category-communaute","category-toutes-les-actualites","tag-africa-press","tag-africa-press-tchad","tag-tchad"],"yoast_head":"<!-- This site is optimized with the Yoast SEO Premium plugin v26.1 (Yoast SEO v27.0) - https:\/\/yoast.com\/product\/yoast-seo-premium-wordpress\/ -->\n<title>le ministre de la Justice rappelle la r\u00e9glementation sur la formation des assesseurs en mati\u00e8re civile - tchad<\/title>\n<meta name=\"description\" content=\"Une note circulaire, relative a\u0300 l\u2019e\u0301tablissement des listes des assesseurs, et adresse\u0301e aux chefs de Cours d&#039;appel, de ...\" \/>\n<meta name=\"robots\" content=\"index, follow, max-snippet:-1, max-image-preview:large, max-video-preview:-1\" \/>\n<link rel=\"canonical\" href=\"https:\/\/www.africa-press.net\/tchad\/toutes-les-actualites\/le-ministre-de-la-justice-rappelle-la-reglementation-sur-la-formation-des-assesseurs-en-matiere-civile\" \/>\n<meta property=\"og:locale\" content=\"fr_FR\" \/>\n<meta property=\"og:type\" content=\"article\" \/>\n<meta property=\"og:title\" content=\"le ministre de la Justice rappelle la r\u00e9glementation sur la formation des assesseurs en mati\u00e8re civile\" \/>\n<meta property=\"og:description\" content=\"Une note circulaire, relative a\u0300 l\u2019e\u0301tablissement des listes des assesseurs, et adresse\u0301e aux chefs de Cours d&#039;appel, de ...\" \/>\n<meta property=\"og:url\" content=\"https:\/\/www.africa-press.net\/tchad\/toutes-les-actualites\/le-ministre-de-la-justice-rappelle-la-reglementation-sur-la-formation-des-assesseurs-en-matiere-civile\" \/>\n<meta property=\"og:site_name\" content=\"tchad\" \/>\n<meta property=\"article:published_time\" content=\"2023-11-03T16:15:37+00:00\" \/>\n<meta property=\"article:modified_time\" content=\"2023-11-04T06:48:00+00:00\" \/>\n<meta property=\"og:image\" content=\"https:\/\/static.africa-press.net\/tchad\/sites\/41\/2023\/11\/sm_1699018494.056136.jpg\" \/>\n\t<meta property=\"og:image:width\" content=\"1022\" \/>\n\t<meta property=\"og:image:height\" content=\"472\" \/>\n\t<meta property=\"og:image:type\" content=\"image\/jpeg\" \/>\n<meta name=\"author\" content=\"cfeditorfr\" \/>\n<meta name=\"twitter:card\" content=\"summary_large_image\" \/>\n<meta name=\"twitter:label1\" content=\"\u00c9crit par\" \/>\n\t<meta name=\"twitter:data1\" content=\"cfeditorfr\" \/>\n\t<meta name=\"twitter:label2\" content=\"Dur\u00e9e de lecture estim\u00e9e\" \/>\n\t<meta name=\"twitter:data2\" content=\"2 minutes\" \/>\n<script type=\"application\/ld+json\" class=\"yoast-schema-graph\">{\"@context\":\"https:\/\/schema.org\",\"@graph\":[{\"@type\":\"Article\",\"@id\":\"https:\/\/www.africa-press.net\/tchad\/toutes-les-actualites\/le-ministre-de-la-justice-rappelle-la-reglementation-sur-la-formation-des-assesseurs-en-matiere-civile#article\",\"isPartOf\":{\"@id\":\"https:\/\/www.africa-press.net\/tchad\/toutes-les-actualites\/le-ministre-de-la-justice-rappelle-la-reglementation-sur-la-formation-des-assesseurs-en-matiere-civile\"},\"author\":{\"name\":\"cfeditorfr\",\"@id\":\"https:\/\/www.africa-press.net\/tchad\/#\/schema\/person\/2b1cf3cd81a31e3cd26889ca66d677f1\"},\"headline\":\"le ministre de la Justice rappelle la r\u00e9glementation sur la formation des assesseurs en mati\u00e8re civile\",\"datePublished\":\"2023-11-03T16:15:37+00:00\",\"dateModified\":\"2023-11-04T06:48:00+00:00\",\"mainEntityOfPage\":{\"@id\":\"https:\/\/www.africa-press.net\/tchad\/toutes-les-actualites\/le-ministre-de-la-justice-rappelle-la-reglementation-sur-la-formation-des-assesseurs-en-matiere-civile\"},\"wordCount\":364,\"commentCount\":0,\"image\":{\"@id\":\"https:\/\/www.africa-press.net\/tchad\/toutes-les-actualites\/le-ministre-de-la-justice-rappelle-la-reglementation-sur-la-formation-des-assesseurs-en-matiere-civile#primaryimage\"},\"thumbnailUrl\":\"https:\/\/static.africa-press.net\/tchad\/sites\/41\/2023\/11\/sm_1699018494.056136.jpg\",\"keywords\":[\"Africa Press\",\"Africa Press-Tchad\",\"Tchad\"],\"articleSection\":[\"Communaut\u00e9\",\"Toutes les actualit\u00e9s\"],\"inLanguage\":\"fr-FR\",\"potentialAction\":[{\"@type\":\"CommentAction\",\"name\":\"Comment\",\"target\":[\"https:\/\/www.africa-press.net\/tchad\/toutes-les-actualites\/le-ministre-de-la-justice-rappelle-la-reglementation-sur-la-formation-des-assesseurs-en-matiere-civile#respond\"]}]},{\"@type\":\"WebPage\",\"@id\":\"https:\/\/www.africa-press.net\/tchad\/toutes-les-actualites\/le-ministre-de-la-justice-rappelle-la-reglementation-sur-la-formation-des-assesseurs-en-matiere-civile\",\"url\":\"https:\/\/www.africa-press.net\/tchad\/toutes-les-actualites\/le-ministre-de-la-justice-rappelle-la-reglementation-sur-la-formation-des-assesseurs-en-matiere-civile\",\"name\":\"le ministre de la Justice rappelle la r\u00e9glementation sur la formation des assesseurs en mati\u00e8re civile - tchad\",\"isPartOf\":{\"@id\":\"https:\/\/www.africa-press.net\/tchad\/#website\"},\"primaryImageOfPage\":{\"@id\":\"https:\/\/www.africa-press.net\/tchad\/toutes-les-actualites\/le-ministre-de-la-justice-rappelle-la-reglementation-sur-la-formation-des-assesseurs-en-matiere-civile#primaryimage\"},\"image\":{\"@id\":\"https:\/\/www.africa-press.net\/tchad\/toutes-les-actualites\/le-ministre-de-la-justice-rappelle-la-reglementation-sur-la-formation-des-assesseurs-en-matiere-civile#primaryimage\"},\"thumbnailUrl\":\"https:\/\/static.africa-press.net\/tchad\/sites\/41\/2023\/11\/sm_1699018494.056136.jpg\",\"datePublished\":\"2023-11-03T16:15:37+00:00\",\"dateModified\":\"2023-11-04T06:48:00+00:00\",\"author\":{\"@id\":\"https:\/\/www.africa-press.net\/tchad\/#\/schema\/person\/2b1cf3cd81a31e3cd26889ca66d677f1\"},\"description\":\"Une note circulaire, relative a\u0300 l\u2019e\u0301tablissement des listes des assesseurs, et adresse\u0301e aux chefs de Cours d'appel, de ...\",\"breadcrumb\":{\"@id\":\"https:\/\/www.africa-press.net\/tchad\/toutes-les-actualites\/le-ministre-de-la-justice-rappelle-la-reglementation-sur-la-formation-des-assesseurs-en-matiere-civile#breadcrumb\"},\"inLanguage\":\"fr-FR\",\"potentialAction\":[{\"@type\":\"ReadAction\",\"target\":[\"https:\/\/www.africa-press.net\/tchad\/toutes-les-actualites\/le-ministre-de-la-justice-rappelle-la-reglementation-sur-la-formation-des-assesseurs-en-matiere-civile\"]}]},{\"@type\":\"ImageObject\",\"inLanguage\":\"fr-FR\",\"@id\":\"https:\/\/www.africa-press.net\/tchad\/toutes-les-actualites\/le-ministre-de-la-justice-rappelle-la-reglementation-sur-la-formation-des-assesseurs-en-matiere-civile#primaryimage\",\"url\":\"https:\/\/static.africa-press.net\/tchad\/sites\/41\/2023\/11\/sm_1699018494.056136.jpg\",\"contentUrl\":\"https:\/\/static.africa-press.net\/tchad\/sites\/41\/2023\/11\/sm_1699018494.056136.jpg\",\"width\":1022,\"height\":472,\"caption\":\"le ministre de la Justice rappelle la r\u00e9glementation sur la formation des assesseurs en mati\u00e8re civile\"},{\"@type\":\"BreadcrumbList\",\"@id\":\"https:\/\/www.africa-press.net\/tchad\/toutes-les-actualites\/le-ministre-de-la-justice-rappelle-la-reglementation-sur-la-formation-des-assesseurs-en-matiere-civile#breadcrumb\",\"itemListElement\":[{\"@type\":\"ListItem\",\"position\":1,\"name\":\"Accueil\",\"item\":\"https:\/\/www.africa-press.net\/tchad\/\"},{\"@type\":\"ListItem\",\"position\":2,\"name\":\"le ministre de la Justice rappelle la r\u00e9glementation sur la formation des assesseurs en mati\u00e8re civile\"}]},{\"@type\":\"WebSite\",\"@id\":\"https:\/\/www.africa-press.net\/tchad\/#website\",\"url\":\"https:\/\/www.africa-press.net\/tchad\/\",\"name\":\"tchad\",\"description\":\"Just another Africa News Agency Sites site\",\"potentialAction\":[{\"@type\":\"SearchAction\",\"target\":{\"@type\":\"EntryPoint\",\"urlTemplate\":\"https:\/\/www.africa-press.net\/tchad\/?s={search_term_string}\"},\"query-input\":{\"@type\":\"PropertyValueSpecification\",\"valueRequired\":true,\"valueName\":\"search_term_string\"}}],\"inLanguage\":\"fr-FR\"},{\"@type\":\"Person\",\"@id\":\"https:\/\/www.africa-press.net\/tchad\/#\/schema\/person\/2b1cf3cd81a31e3cd26889ca66d677f1\",\"name\":\"cfeditorfr\"}]}<\/script>\n<!-- \/ Yoast SEO Premium plugin. -->","yoast_head_json":{"title":"le ministre de la Justice rappelle la r\u00e9glementation sur la formation des assesseurs en mati\u00e8re civile - tchad","description":"Une note circulaire, relative a\u0300 l\u2019e\u0301tablissement des listes des assesseurs, et adresse\u0301e aux chefs de Cours d'appel, de ...","robots":{"index":"index","follow":"follow","max-snippet":"max-snippet:-1","max-image-preview":"max-image-preview:large","max-video-preview":"max-video-preview:-1"},"canonical":"https:\/\/www.africa-press.net\/tchad\/toutes-les-actualites\/le-ministre-de-la-justice-rappelle-la-reglementation-sur-la-formation-des-assesseurs-en-matiere-civile","og_locale":"fr_FR","og_type":"article","og_title":"le ministre de la Justice rappelle la r\u00e9glementation sur la formation des assesseurs en mati\u00e8re civile","og_description":"Une note circulaire, relative a\u0300 l\u2019e\u0301tablissement des listes des assesseurs, et adresse\u0301e aux chefs de Cours d'appel, de ...","og_url":"https:\/\/www.africa-press.net\/tchad\/toutes-les-actualites\/le-ministre-de-la-justice-rappelle-la-reglementation-sur-la-formation-des-assesseurs-en-matiere-civile","og_site_name":"tchad","article_published_time":"2023-11-03T16:15:37+00:00","article_modified_time":"2023-11-04T06:48:00+00:00","og_image":[{"width":1022,"height":472,"url":"https:\/\/static.africa-press.net\/tchad\/sites\/41\/2023\/11\/sm_1699018494.056136.jpg","type":"image\/jpeg"}],"author":"cfeditorfr","twitter_card":"summary_large_image","twitter_misc":{"\u00c9crit par":"cfeditorfr","Dur\u00e9e de lecture estim\u00e9e":"2 minutes"},"schema":{"@context":"https:\/\/schema.org","@graph":[{"@type":"Article","@id":"https:\/\/www.africa-press.net\/tchad\/toutes-les-actualites\/le-ministre-de-la-justice-rappelle-la-reglementation-sur-la-formation-des-assesseurs-en-matiere-civile#article","isPartOf":{"@id":"https:\/\/www.africa-press.net\/tchad\/toutes-les-actualites\/le-ministre-de-la-justice-rappelle-la-reglementation-sur-la-formation-des-assesseurs-en-matiere-civile"},"author":{"name":"cfeditorfr","@id":"https:\/\/www.africa-press.net\/tchad\/#\/schema\/person\/2b1cf3cd81a31e3cd26889ca66d677f1"},"headline":"le ministre de la Justice rappelle la r\u00e9glementation sur la formation des assesseurs en mati\u00e8re civile","datePublished":"2023-11-03T16:15:37+00:00","dateModified":"2023-11-04T06:48:00+00:00","mainEntityOfPage":{"@id":"https:\/\/www.africa-press.net\/tchad\/toutes-les-actualites\/le-ministre-de-la-justice-rappelle-la-reglementation-sur-la-formation-des-assesseurs-en-matiere-civile"},"wordCount":364,"commentCount":0,"image":{"@id":"https:\/\/www.africa-press.net\/tchad\/toutes-les-actualites\/le-ministre-de-la-justice-rappelle-la-reglementation-sur-la-formation-des-assesseurs-en-matiere-civile#primaryimage"},"thumbnailUrl":"https:\/\/static.africa-press.net\/tchad\/sites\/41\/2023\/11\/sm_1699018494.056136.jpg","keywords":["Africa Press","Africa Press-Tchad","Tchad"],"articleSection":["Communaut\u00e9","Toutes les actualit\u00e9s"],"inLanguage":"fr-FR","potentialAction":[{"@type":"CommentAction","name":"Comment","target":["https:\/\/www.africa-press.net\/tchad\/toutes-les-actualites\/le-ministre-de-la-justice-rappelle-la-reglementation-sur-la-formation-des-assesseurs-en-matiere-civile#respond"]}]},{"@type":"WebPage","@id":"https:\/\/www.africa-press.net\/tchad\/toutes-les-actualites\/le-ministre-de-la-justice-rappelle-la-reglementation-sur-la-formation-des-assesseurs-en-matiere-civile","url":"https:\/\/www.africa-press.net\/tchad\/toutes-les-actualites\/le-ministre-de-la-justice-rappelle-la-reglementation-sur-la-formation-des-assesseurs-en-matiere-civile","name":"le ministre de la Justice rappelle la r\u00e9glementation sur la formation des assesseurs en mati\u00e8re civile - tchad","isPartOf":{"@id":"https:\/\/www.africa-press.net\/tchad\/#website"},"primaryImageOfPage":{"@id":"https:\/\/www.africa-press.net\/tchad\/toutes-les-actualites\/le-ministre-de-la-justice-rappelle-la-reglementation-sur-la-formation-des-assesseurs-en-matiere-civile#primaryimage"},"image":{"@id":"https:\/\/www.africa-press.net\/tchad\/toutes-les-actualites\/le-ministre-de-la-justice-rappelle-la-reglementation-sur-la-formation-des-assesseurs-en-matiere-civile#primaryimage"},"thumbnailUrl":"https:\/\/static.africa-press.net\/tchad\/sites\/41\/2023\/11\/sm_1699018494.056136.jpg","datePublished":"2023-11-03T16:15:37+00:00","dateModified":"2023-11-04T06:48:00+00:00","author":{"@id":"https:\/\/www.africa-press.net\/tchad\/#\/schema\/person\/2b1cf3cd81a31e3cd26889ca66d677f1"},"description":"Une note circulaire, relative a\u0300 l\u2019e\u0301tablissement des listes des assesseurs, et adresse\u0301e aux chefs de Cours d'appel, de ...","breadcrumb":{"@id":"https:\/\/www.africa-press.net\/tchad\/toutes-les-actualites\/le-ministre-de-la-justice-rappelle-la-reglementation-sur-la-formation-des-assesseurs-en-matiere-civile#breadcrumb"},"inLanguage":"fr-FR","potentialAction":[{"@type":"ReadAction","target":["https:\/\/www.africa-press.net\/tchad\/toutes-les-actualites\/le-ministre-de-la-justice-rappelle-la-reglementation-sur-la-formation-des-assesseurs-en-matiere-civile"]}]},{"@type":"ImageObject","inLanguage":"fr-FR","@id":"https:\/\/www.africa-press.net\/tchad\/toutes-les-actualites\/le-ministre-de-la-justice-rappelle-la-reglementation-sur-la-formation-des-assesseurs-en-matiere-civile#primaryimage","url":"https:\/\/static.africa-press.net\/tchad\/sites\/41\/2023\/11\/sm_1699018494.056136.jpg","contentUrl":"https:\/\/static.africa-press.net\/tchad\/sites\/41\/2023\/11\/sm_1699018494.056136.jpg","width":1022,"height":472,"caption":"le ministre de la Justice rappelle la r\u00e9glementation sur la formation des assesseurs en mati\u00e8re civile"},{"@type":"BreadcrumbList","@id":"https:\/\/www.africa-press.net\/tchad\/toutes-les-actualites\/le-ministre-de-la-justice-rappelle-la-reglementation-sur-la-formation-des-assesseurs-en-matiere-civile#breadcrumb","itemListElement":[{"@type":"ListItem","position":1,"name":"Accueil","item":"https:\/\/www.africa-press.net\/tchad\/"},{"@type":"ListItem","position":2,"name":"le ministre de la Justice rappelle la r\u00e9glementation sur la formation des assesseurs en mati\u00e8re civile"}]},{"@type":"WebSite","@id":"https:\/\/www.africa-press.net\/tchad\/#website","url":"https:\/\/www.africa-press.net\/tchad\/","name":"tchad","description":"Just another Africa News Agency Sites site","potentialAction":[{"@type":"SearchAction","target":{"@type":"EntryPoint","urlTemplate":"https:\/\/www.africa-press.net\/tchad\/?s={search_term_string}"},"query-input":{"@type":"PropertyValueSpecification","valueRequired":true,"valueName":"search_term_string"}}],"inLanguage":"fr-FR"},{"@type":"Person","@id":"https:\/\/www.africa-press.net\/tchad\/#\/schema\/person\/2b1cf3cd81a31e3cd26889ca66d677f1","name":"cfeditorfr"}]}},"_links":{"self":[{"href":"https:\/\/www.africa-press.net\/tchad\/wp-json\/wp\/v2\/posts\/53380","targetHints":{"allow":["GET"]}}],"collection":[{"href":"https:\/\/www.africa-press.net\/tchad\/wp-json\/wp\/v2\/posts"}],"about":[{"href":"https:\/\/www.africa-press.net\/tchad\/wp-json\/wp\/v2\/types\/post"}],"author":[{"embeddable":true,"href":"https:\/\/www.africa-press.net\/tchad\/wp-json\/wp\/v2\/users\/82"}],"replies":[{"embeddable":true,"href":"https:\/\/www.africa-press.net\/tchad\/wp-json\/wp\/v2\/comments?post=53380"}],"version-history":[{"count":0,"href":"https:\/\/www.africa-press.net\/tchad\/wp-json\/wp\/v2\/posts\/53380\/revisions"}],"wp:featuredmedia":[{"embeddable":true,"href":"https:\/\/www.africa-press.net\/tchad\/wp-json\/wp\/v2\/media\/53379"}],"wp:attachment":[{"href":"https:\/\/www.africa-press.net\/tchad\/wp-json\/wp\/v2\/media?parent=53380"}],"wp:term":[{"taxonomy":"category","embeddable":true,"href":"https:\/\/www.africa-press.net\/tchad\/wp-json\/wp\/v2\/categories?post=53380"},{"taxonomy":"post_tag","embeddable":true,"href":"https:\/\/www.africa-press.net\/tchad\/wp-json\/wp\/v2\/tags?post=53380"}],"curies":[{"name":"wp","href":"https:\/\/api.w.org\/{rel}","templated":true}]}}