{"id":53386,"date":"2023-11-03T16:19:04","date_gmt":"2023-11-03T16:19:04","guid":{"rendered":"https:\/\/www.africa-press.net\/tchad\/politique\/la-directrice-executive-dunfpa-attendue-a-lhopital-de-moundou-et-au-camp-des-refugies-de-dosseye-dans-le-logone-oriental"},"modified":"2023-11-04T06:50:40","modified_gmt":"2023-11-04T06:50:40","slug":"la-directrice-executive-dunfpa-attendue-a-lhopital-de-moundou-et-au-camp-des-refugies-de-dosseye-dans-le-logone-oriental","status":"publish","type":"post","link":"https:\/\/www.africa-press.net\/tchad\/toutes-les-actualites\/la-directrice-executive-dunfpa-attendue-a-lhopital-de-moundou-et-au-camp-des-refugies-de-dosseye-dans-le-logone-oriental","title":{"rendered":"La Directrice Ex\u00e9cutive d\u2019UNFPA attendue \u00e0 l&rsquo;h\u00f4pital de Moundou et au camp des r\u00e9fugi\u00e9s de Dosseye dans le Logone Oriental"},"content":{"rendered":"<p><span style=\"color: #ff6600\"><strong>Africa-Press &#8211; Tchad. <\/strong><\/span>Au Tchad, le ministre des Affaires E\u0301trange\u0300res, des Tchadiens de l&rsquo;E\u0301tranger et de la Coope\u0301ration Internationale, Mahamat Saleh Annadif, a rec\u0327u en audience ce jeudi 2 novembre 2023 le Docteur Nathalie Kanem, Directrice Exe\u0301cutive du Fonds des Nations Unies pour la Population (UNFPA), en visite de travail au Tchad, a annonce\u0301 jeudi, le ministe\u0300re des Affaires e\u0301trange\u0300res du Tchad.<\/p>\n<p>\u00ab Lors de cette audience, la diplomate onusienne a eu l&rsquo;occasion d&rsquo;expliquer a\u0300 l&rsquo;Ambassadeur Mahamat Saleh Annadif les raisons de sa mission au Tchad. Son programme comprend des visites de terrain a\u0300 l&rsquo;ho\u0302pital de Moundou dans le Logone Occidental ainsi qu&rsquo;au camp des re\u0301fugie\u0301s de Dosseye dans le Logone Oriental. Ces visites permettront d&rsquo;e\u0301valuer les besoins et les de\u0301fis auxquels sont confronte\u0301es les populations locales \u00bb, a indique\u0301 le ministe\u0300re.<\/p>\n<p>\u00ab L&rsquo;UNFPA est une institution onusienne qui joue un ro\u0302le actif au Tchad. Son engagement vise a\u0300 soutenir les efforts du gouvernement tchadien dans le domaine de la sante\u0301 reproductive, de la planification familiale et de la promotion des droits des femmes. Par sa pre\u0301sence et ses actions, l&rsquo;UNFPA contribue a\u0300 ame\u0301liorer les conditions de vie des populations tchadiennes \u00bb, a pre\u0301cise\u0301 la me\u0302me source.<\/p>\n<p>L\u2019UNFPA est l\u2019agence directrice des Nations Unies en charge des questions de sante\u0301 sexuelle et reproductive. Sa mission est de cre\u0301er un monde dans lequel chaque grossesse est de\u0301sire\u0301e et chaque accouchement sans danger. Un monde dans lequel chaque jeune re\u0301alise pleinement son potentiel.<\/p>\n<p><strong>Pour plus d&rsquo;informations et d&rsquo;analyses sur la <a href=\"https:\/\/www.africa-press.net\/tchad\">Tchad<\/a>, suivez <a href=\"https:\/\/www.africa-press.net\/\">Africa-Press<\/a><\/strong><\/p>\n","protected":false},"excerpt":{"rendered":"<p>Africa-Press &#8211; Tchad. Au Tchad, le ministre des Affaires E\u0301trange\u0300res, des Tchadiens de l&rsquo;E\u0301tranger et de la Coope\u0301ration Internationale, Mahamat Saleh Annadif, a rec\u0327u en audience ce jeudi 2 novembre 2023 le Docteur Nathalie Kanem, Directrice Exe\u0301cutive du Fonds des Nations Unies pour la Population (UNFPA), en visite de travail au Tchad, a annonce\u0301 jeudi, [&hellip;]<\/p>\n","protected":false},"author":82,"featured_media":53385,"comment_status":"open","ping_status":"closed","sticky":false,"template":"","format":"standard","meta":{"footnotes":""},"categories":[21,10],"tags":[37,292,29],"class_list":["post-53386","post","type-post","status-publish","format-standard","has-post-thumbnail","hentry","category-communaute","category-toutes-les-actualites","tag-africa-press","tag-africa-press-tchad","tag-tchad"],"yoast_head":"<!-- This site is optimized with the Yoast SEO Premium plugin v26.1 (Yoast SEO v27.0) - https:\/\/yoast.com\/product\/yoast-seo-premium-wordpress\/ -->\n<title>La Directrice Ex\u00e9cutive d\u2019UNFPA attendue \u00e0 l&#039;h\u00f4pital de Moundou et au camp des r\u00e9fugi\u00e9s de Dosseye dans le Logone Oriental - tchad<\/title>\n<meta name=\"robots\" content=\"index, follow, max-snippet:-1, max-image-preview:large, max-video-preview:-1\" \/>\n<link rel=\"canonical\" href=\"https:\/\/www.africa-press.net\/tchad\/politique\/la-directrice-executive-dunfpa-attendue-a-lhopital-de-moundou-et-au-camp-des-refugies-de-dosseye-dans-le-logone-oriental\" \/>\n<meta property=\"og:locale\" content=\"fr_FR\" \/>\n<meta property=\"og:type\" content=\"article\" \/>\n<meta property=\"og:title\" content=\"La Directrice Ex\u00e9cutive d\u2019UNFPA attendue \u00e0 l&#039;h\u00f4pital de Moundou et au camp des r\u00e9fugi\u00e9s de Dosseye dans le Logone Oriental\" \/>\n<meta property=\"og:description\" content=\"Africa-Press &#8211; Tchad. Au Tchad, le ministre des Affaires E\u0301trange\u0300res, des Tchadiens de l&rsquo;E\u0301tranger et de la Coope\u0301ration Internationale, Mahamat Saleh Annadif, a rec\u0327u en audience ce jeudi 2 novembre 2023 le Docteur Nathalie Kanem, Directrice Exe\u0301cutive du Fonds des Nations Unies pour la Population (UNFPA), en visite de travail au Tchad, a annonce\u0301 jeudi, [&hellip;]\" \/>\n<meta property=\"og:url\" content=\"https:\/\/www.africa-press.net\/tchad\/politique\/la-directrice-executive-dunfpa-attendue-a-lhopital-de-moundou-et-au-camp-des-refugies-de-dosseye-dans-le-logone-oriental\" \/>\n<meta property=\"og:site_name\" content=\"tchad\" \/>\n<meta property=\"article:published_time\" content=\"2023-11-03T16:19:04+00:00\" \/>\n<meta property=\"article:modified_time\" content=\"2023-11-04T06:50:40+00:00\" \/>\n<meta name=\"author\" content=\"cfeditorfr\" \/>\n<meta name=\"twitter:card\" content=\"summary_large_image\" \/>\n<meta name=\"twitter:label1\" content=\"\u00c9crit par\" \/>\n\t<meta name=\"twitter:data1\" content=\"cfeditorfr\" \/>\n\t<meta name=\"twitter:label2\" content=\"Dur\u00e9e de lecture estim\u00e9e\" \/>\n\t<meta name=\"twitter:data2\" content=\"1 minute\" \/>\n<script type=\"application\/ld+json\" class=\"yoast-schema-graph\">{\"@context\":\"https:\/\/schema.org\",\"@graph\":[{\"@type\":\"Article\",\"@id\":\"https:\/\/www.africa-press.net\/tchad\/politique\/la-directrice-executive-dunfpa-attendue-a-lhopital-de-moundou-et-au-camp-des-refugies-de-dosseye-dans-le-logone-oriental#article\",\"isPartOf\":{\"@id\":\"https:\/\/www.africa-press.net\/tchad\/politique\/la-directrice-executive-dunfpa-attendue-a-lhopital-de-moundou-et-au-camp-des-refugies-de-dosseye-dans-le-logone-oriental\"},\"author\":{\"name\":\"cfeditorfr\",\"@id\":\"https:\/\/www.africa-press.net\/tchad\/#\/schema\/person\/2b1cf3cd81a31e3cd26889ca66d677f1\"},\"headline\":\"La Directrice Ex\u00e9cutive d\u2019UNFPA attendue \u00e0 l&rsquo;h\u00f4pital de Moundou et au camp des r\u00e9fugi\u00e9s de Dosseye dans le Logone Oriental\",\"datePublished\":\"2023-11-03T16:19:04+00:00\",\"dateModified\":\"2023-11-04T06:50:40+00:00\",\"mainEntityOfPage\":{\"@id\":\"https:\/\/www.africa-press.net\/tchad\/politique\/la-directrice-executive-dunfpa-attendue-a-lhopital-de-moundou-et-au-camp-des-refugies-de-dosseye-dans-le-logone-oriental\"},\"wordCount\":308,\"commentCount\":0,\"image\":{\"@id\":\"https:\/\/www.africa-press.net\/tchad\/politique\/la-directrice-executive-dunfpa-attendue-a-lhopital-de-moundou-et-au-camp-des-refugies-de-dosseye-dans-le-logone-oriental#primaryimage\"},\"thumbnailUrl\":\"https:\/\/static.africa-press.net\/tchad\/sites\/41\/2023\/11\/sm_1699018589.399245.jpg\",\"keywords\":[\"Africa Press\",\"Africa Press-Tchad\",\"Tchad\"],\"articleSection\":[\"Communaut\u00e9\",\"Toutes les actualit\u00e9s\"],\"inLanguage\":\"fr-FR\",\"potentialAction\":[{\"@type\":\"CommentAction\",\"name\":\"Comment\",\"target\":[\"https:\/\/www.africa-press.net\/tchad\/politique\/la-directrice-executive-dunfpa-attendue-a-lhopital-de-moundou-et-au-camp-des-refugies-de-dosseye-dans-le-logone-oriental#respond\"]}]},{\"@type\":\"WebPage\",\"@id\":\"https:\/\/www.africa-press.net\/tchad\/politique\/la-directrice-executive-dunfpa-attendue-a-lhopital-de-moundou-et-au-camp-des-refugies-de-dosseye-dans-le-logone-oriental\",\"url\":\"https:\/\/www.africa-press.net\/tchad\/politique\/la-directrice-executive-dunfpa-attendue-a-lhopital-de-moundou-et-au-camp-des-refugies-de-dosseye-dans-le-logone-oriental\",\"name\":\"La Directrice Ex\u00e9cutive d\u2019UNFPA attendue \u00e0 l'h\u00f4pital de Moundou et au camp des r\u00e9fugi\u00e9s de Dosseye dans le Logone Oriental - tchad\",\"isPartOf\":{\"@id\":\"https:\/\/www.africa-press.net\/tchad\/#website\"},\"primaryImageOfPage\":{\"@id\":\"https:\/\/www.africa-press.net\/tchad\/politique\/la-directrice-executive-dunfpa-attendue-a-lhopital-de-moundou-et-au-camp-des-refugies-de-dosseye-dans-le-logone-oriental#primaryimage\"},\"image\":{\"@id\":\"https:\/\/www.africa-press.net\/tchad\/politique\/la-directrice-executive-dunfpa-attendue-a-lhopital-de-moundou-et-au-camp-des-refugies-de-dosseye-dans-le-logone-oriental#primaryimage\"},\"thumbnailUrl\":\"https:\/\/static.africa-press.net\/tchad\/sites\/41\/2023\/11\/sm_1699018589.399245.jpg\",\"datePublished\":\"2023-11-03T16:19:04+00:00\",\"dateModified\":\"2023-11-04T06:50:40+00:00\",\"author\":{\"@id\":\"https:\/\/www.africa-press.net\/tchad\/#\/schema\/person\/2b1cf3cd81a31e3cd26889ca66d677f1\"},\"breadcrumb\":{\"@id\":\"https:\/\/www.africa-press.net\/tchad\/politique\/la-directrice-executive-dunfpa-attendue-a-lhopital-de-moundou-et-au-camp-des-refugies-de-dosseye-dans-le-logone-oriental#breadcrumb\"},\"inLanguage\":\"fr-FR\",\"potentialAction\":[{\"@type\":\"ReadAction\",\"target\":[\"https:\/\/www.africa-press.net\/tchad\/politique\/la-directrice-executive-dunfpa-attendue-a-lhopital-de-moundou-et-au-camp-des-refugies-de-dosseye-dans-le-logone-oriental\"]}]},{\"@type\":\"ImageObject\",\"inLanguage\":\"fr-FR\",\"@id\":\"https:\/\/www.africa-press.net\/tchad\/politique\/la-directrice-executive-dunfpa-attendue-a-lhopital-de-moundou-et-au-camp-des-refugies-de-dosseye-dans-le-logone-oriental#primaryimage\",\"url\":\"https:\/\/static.africa-press.net\/tchad\/sites\/41\/2023\/11\/sm_1699018589.399245.jpg\",\"contentUrl\":\"https:\/\/static.africa-press.net\/tchad\/sites\/41\/2023\/11\/sm_1699018589.399245.jpg\",\"width\":1728,\"height\":1152,\"caption\":\"La Directrice Ex\u00e9cutive d\u2019UNFPA attendue \u00e0 l'h\u00f4pital de Moundou et au camp des r\u00e9fugi\u00e9s de Dosseye dans le Logone Oriental\"},{\"@type\":\"BreadcrumbList\",\"@id\":\"https:\/\/www.africa-press.net\/tchad\/politique\/la-directrice-executive-dunfpa-attendue-a-lhopital-de-moundou-et-au-camp-des-refugies-de-dosseye-dans-le-logone-oriental#breadcrumb\",\"itemListElement\":[{\"@type\":\"ListItem\",\"position\":1,\"name\":\"Accueil\",\"item\":\"https:\/\/www.africa-press.net\/tchad\/\"},{\"@type\":\"ListItem\",\"position\":2,\"name\":\"La Directrice Ex\u00e9cutive d\u2019UNFPA attendue \u00e0 l&#8217;h\u00f4pital de Moundou et au camp des r\u00e9fugi\u00e9s de Dosseye dans le Logone Oriental\"}]},{\"@type\":\"WebSite\",\"@id\":\"https:\/\/www.africa-press.net\/tchad\/#website\",\"url\":\"https:\/\/www.africa-press.net\/tchad\/\",\"name\":\"tchad\",\"description\":\"Just another Africa News Agency Sites site\",\"potentialAction\":[{\"@type\":\"SearchAction\",\"target\":{\"@type\":\"EntryPoint\",\"urlTemplate\":\"https:\/\/www.africa-press.net\/tchad\/?s={search_term_string}\"},\"query-input\":{\"@type\":\"PropertyValueSpecification\",\"valueRequired\":true,\"valueName\":\"search_term_string\"}}],\"inLanguage\":\"fr-FR\"},{\"@type\":\"Person\",\"@id\":\"https:\/\/www.africa-press.net\/tchad\/#\/schema\/person\/2b1cf3cd81a31e3cd26889ca66d677f1\",\"name\":\"cfeditorfr\"}]}<\/script>\n<!-- \/ Yoast SEO Premium plugin. -->","yoast_head_json":{"title":"La Directrice Ex\u00e9cutive d\u2019UNFPA attendue \u00e0 l'h\u00f4pital de Moundou et au camp des r\u00e9fugi\u00e9s de Dosseye dans le Logone Oriental - tchad","robots":{"index":"index","follow":"follow","max-snippet":"max-snippet:-1","max-image-preview":"max-image-preview:large","max-video-preview":"max-video-preview:-1"},"canonical":"https:\/\/www.africa-press.net\/tchad\/politique\/la-directrice-executive-dunfpa-attendue-a-lhopital-de-moundou-et-au-camp-des-refugies-de-dosseye-dans-le-logone-oriental","og_locale":"fr_FR","og_type":"article","og_title":"La Directrice Ex\u00e9cutive d\u2019UNFPA attendue \u00e0 l'h\u00f4pital de Moundou et au camp des r\u00e9fugi\u00e9s de Dosseye dans le Logone Oriental","og_description":"Africa-Press &#8211; Tchad. Au Tchad, le ministre des Affaires E\u0301trange\u0300res, des Tchadiens de l&rsquo;E\u0301tranger et de la Coope\u0301ration Internationale, Mahamat Saleh Annadif, a rec\u0327u en audience ce jeudi 2 novembre 2023 le Docteur Nathalie Kanem, Directrice Exe\u0301cutive du Fonds des Nations Unies pour la Population (UNFPA), en visite de travail au Tchad, a annonce\u0301 jeudi, [&hellip;]","og_url":"https:\/\/www.africa-press.net\/tchad\/politique\/la-directrice-executive-dunfpa-attendue-a-lhopital-de-moundou-et-au-camp-des-refugies-de-dosseye-dans-le-logone-oriental","og_site_name":"tchad","article_published_time":"2023-11-03T16:19:04+00:00","article_modified_time":"2023-11-04T06:50:40+00:00","author":"cfeditorfr","twitter_card":"summary_large_image","twitter_misc":{"\u00c9crit par":"cfeditorfr","Dur\u00e9e de lecture estim\u00e9e":"1 minute"},"schema":{"@context":"https:\/\/schema.org","@graph":[{"@type":"Article","@id":"https:\/\/www.africa-press.net\/tchad\/politique\/la-directrice-executive-dunfpa-attendue-a-lhopital-de-moundou-et-au-camp-des-refugies-de-dosseye-dans-le-logone-oriental#article","isPartOf":{"@id":"https:\/\/www.africa-press.net\/tchad\/politique\/la-directrice-executive-dunfpa-attendue-a-lhopital-de-moundou-et-au-camp-des-refugies-de-dosseye-dans-le-logone-oriental"},"author":{"name":"cfeditorfr","@id":"https:\/\/www.africa-press.net\/tchad\/#\/schema\/person\/2b1cf3cd81a31e3cd26889ca66d677f1"},"headline":"La Directrice Ex\u00e9cutive d\u2019UNFPA attendue \u00e0 l&rsquo;h\u00f4pital de Moundou et au camp des r\u00e9fugi\u00e9s de Dosseye dans le Logone Oriental","datePublished":"2023-11-03T16:19:04+00:00","dateModified":"2023-11-04T06:50:40+00:00","mainEntityOfPage":{"@id":"https:\/\/www.africa-press.net\/tchad\/politique\/la-directrice-executive-dunfpa-attendue-a-lhopital-de-moundou-et-au-camp-des-refugies-de-dosseye-dans-le-logone-oriental"},"wordCount":308,"commentCount":0,"image":{"@id":"https:\/\/www.africa-press.net\/tchad\/politique\/la-directrice-executive-dunfpa-attendue-a-lhopital-de-moundou-et-au-camp-des-refugies-de-dosseye-dans-le-logone-oriental#primaryimage"},"thumbnailUrl":"https:\/\/static.africa-press.net\/tchad\/sites\/41\/2023\/11\/sm_1699018589.399245.jpg","keywords":["Africa Press","Africa Press-Tchad","Tchad"],"articleSection":["Communaut\u00e9","Toutes les actualit\u00e9s"],"inLanguage":"fr-FR","potentialAction":[{"@type":"CommentAction","name":"Comment","target":["https:\/\/www.africa-press.net\/tchad\/politique\/la-directrice-executive-dunfpa-attendue-a-lhopital-de-moundou-et-au-camp-des-refugies-de-dosseye-dans-le-logone-oriental#respond"]}]},{"@type":"WebPage","@id":"https:\/\/www.africa-press.net\/tchad\/politique\/la-directrice-executive-dunfpa-attendue-a-lhopital-de-moundou-et-au-camp-des-refugies-de-dosseye-dans-le-logone-oriental","url":"https:\/\/www.africa-press.net\/tchad\/politique\/la-directrice-executive-dunfpa-attendue-a-lhopital-de-moundou-et-au-camp-des-refugies-de-dosseye-dans-le-logone-oriental","name":"La Directrice Ex\u00e9cutive d\u2019UNFPA attendue \u00e0 l'h\u00f4pital de Moundou et au camp des r\u00e9fugi\u00e9s de Dosseye dans le Logone Oriental - tchad","isPartOf":{"@id":"https:\/\/www.africa-press.net\/tchad\/#website"},"primaryImageOfPage":{"@id":"https:\/\/www.africa-press.net\/tchad\/politique\/la-directrice-executive-dunfpa-attendue-a-lhopital-de-moundou-et-au-camp-des-refugies-de-dosseye-dans-le-logone-oriental#primaryimage"},"image":{"@id":"https:\/\/www.africa-press.net\/tchad\/politique\/la-directrice-executive-dunfpa-attendue-a-lhopital-de-moundou-et-au-camp-des-refugies-de-dosseye-dans-le-logone-oriental#primaryimage"},"thumbnailUrl":"https:\/\/static.africa-press.net\/tchad\/sites\/41\/2023\/11\/sm_1699018589.399245.jpg","datePublished":"2023-11-03T16:19:04+00:00","dateModified":"2023-11-04T06:50:40+00:00","author":{"@id":"https:\/\/www.africa-press.net\/tchad\/#\/schema\/person\/2b1cf3cd81a31e3cd26889ca66d677f1"},"breadcrumb":{"@id":"https:\/\/www.africa-press.net\/tchad\/politique\/la-directrice-executive-dunfpa-attendue-a-lhopital-de-moundou-et-au-camp-des-refugies-de-dosseye-dans-le-logone-oriental#breadcrumb"},"inLanguage":"fr-FR","potentialAction":[{"@type":"ReadAction","target":["https:\/\/www.africa-press.net\/tchad\/politique\/la-directrice-executive-dunfpa-attendue-a-lhopital-de-moundou-et-au-camp-des-refugies-de-dosseye-dans-le-logone-oriental"]}]},{"@type":"ImageObject","inLanguage":"fr-FR","@id":"https:\/\/www.africa-press.net\/tchad\/politique\/la-directrice-executive-dunfpa-attendue-a-lhopital-de-moundou-et-au-camp-des-refugies-de-dosseye-dans-le-logone-oriental#primaryimage","url":"https:\/\/static.africa-press.net\/tchad\/sites\/41\/2023\/11\/sm_1699018589.399245.jpg","contentUrl":"https:\/\/static.africa-press.net\/tchad\/sites\/41\/2023\/11\/sm_1699018589.399245.jpg","width":1728,"height":1152,"caption":"La Directrice Ex\u00e9cutive d\u2019UNFPA attendue \u00e0 l'h\u00f4pital de Moundou et au camp des r\u00e9fugi\u00e9s de Dosseye dans le Logone Oriental"},{"@type":"BreadcrumbList","@id":"https:\/\/www.africa-press.net\/tchad\/politique\/la-directrice-executive-dunfpa-attendue-a-lhopital-de-moundou-et-au-camp-des-refugies-de-dosseye-dans-le-logone-oriental#breadcrumb","itemListElement":[{"@type":"ListItem","position":1,"name":"Accueil","item":"https:\/\/www.africa-press.net\/tchad\/"},{"@type":"ListItem","position":2,"name":"La Directrice Ex\u00e9cutive d\u2019UNFPA attendue \u00e0 l&#8217;h\u00f4pital de Moundou et au camp des r\u00e9fugi\u00e9s de Dosseye dans le Logone Oriental"}]},{"@type":"WebSite","@id":"https:\/\/www.africa-press.net\/tchad\/#website","url":"https:\/\/www.africa-press.net\/tchad\/","name":"tchad","description":"Just another Africa News Agency Sites site","potentialAction":[{"@type":"SearchAction","target":{"@type":"EntryPoint","urlTemplate":"https:\/\/www.africa-press.net\/tchad\/?s={search_term_string}"},"query-input":{"@type":"PropertyValueSpecification","valueRequired":true,"valueName":"search_term_string"}}],"inLanguage":"fr-FR"},{"@type":"Person","@id":"https:\/\/www.africa-press.net\/tchad\/#\/schema\/person\/2b1cf3cd81a31e3cd26889ca66d677f1","name":"cfeditorfr"}]}},"_links":{"self":[{"href":"https:\/\/www.africa-press.net\/tchad\/wp-json\/wp\/v2\/posts\/53386","targetHints":{"allow":["GET"]}}],"collection":[{"href":"https:\/\/www.africa-press.net\/tchad\/wp-json\/wp\/v2\/posts"}],"about":[{"href":"https:\/\/www.africa-press.net\/tchad\/wp-json\/wp\/v2\/types\/post"}],"author":[{"embeddable":true,"href":"https:\/\/www.africa-press.net\/tchad\/wp-json\/wp\/v2\/users\/82"}],"replies":[{"embeddable":true,"href":"https:\/\/www.africa-press.net\/tchad\/wp-json\/wp\/v2\/comments?post=53386"}],"version-history":[{"count":0,"href":"https:\/\/www.africa-press.net\/tchad\/wp-json\/wp\/v2\/posts\/53386\/revisions"}],"wp:featuredmedia":[{"embeddable":true,"href":"https:\/\/www.africa-press.net\/tchad\/wp-json\/wp\/v2\/media\/53385"}],"wp:attachment":[{"href":"https:\/\/www.africa-press.net\/tchad\/wp-json\/wp\/v2\/media?parent=53386"}],"wp:term":[{"taxonomy":"category","embeddable":true,"href":"https:\/\/www.africa-press.net\/tchad\/wp-json\/wp\/v2\/categories?post=53386"},{"taxonomy":"post_tag","embeddable":true,"href":"https:\/\/www.africa-press.net\/tchad\/wp-json\/wp\/v2\/tags?post=53386"}],"curies":[{"name":"wp","href":"https:\/\/api.w.org\/{rel}","templated":true}]}}