{"id":53388,"date":"2023-11-03T15:19:22","date_gmt":"2023-11-03T15:19:22","guid":{"rendered":"https:\/\/www.africa-press.net\/tchad\/politique\/lujt-commemore-la-journee-pour-la-fin-de-limpunite-des-crimes-contre-les-journalistes"},"modified":"2023-11-04T06:51:18","modified_gmt":"2023-11-04T06:51:18","slug":"lujt-commemore-la-journee-pour-la-fin-de-limpunite-des-crimes-contre-les-journalistes","status":"publish","type":"post","link":"https:\/\/www.africa-press.net\/tchad\/politique\/lujt-commemore-la-journee-pour-la-fin-de-limpunite-des-crimes-contre-les-journalistes","title":{"rendered":"l\u2019UJT comm\u00e9more la Journ\u00e9e pour la fin de l\u2019impunit\u00e9 des crimes contre les journalistes"},"content":{"rendered":"<p><span style=\"color: #ff6600\"><strong>Africa-Press &#8211; Tchad. <\/strong><\/span>Le pre\u0301sident de l&rsquo;Union des Journalistes Tchadiens (UJT), Abbas Mahamoud Tahir, a marque\u0301 la 8e\u0300me e\u0301dition de la Journe\u0301e Internationale pour la fin de l&rsquo;impunite\u0301 des crimes commis contre les journalistes en faisant une de\u0301claration a\u0300 la Maison des Me\u0301dias du Tchad, le 2 novembre 2023.<\/p>\n<p>Le the\u0300me de cette e\u0301dition e\u0301tait : \u00ab La violence exerce\u0301e contre les journalistes, l&rsquo;inte\u0301grite\u0301 des processus e\u0301lectoraux et le ro\u0302le du leadership public \u00bb.<\/p>\n<p>Cette Journe\u0301e internationale a e\u0301te\u0301 instaure\u0301e par l&rsquo;Assemble\u0301e ge\u0301ne\u0301rale des Nations-Unies en 2013, pour lutter contre l&rsquo;impunite\u0301 des crimes commis contre les journalistes. Elle comme\u0301more le meurtre de deux journalistes franc\u0327ais a\u0300 Kidal le 2 novembre 2013. Selon l&rsquo;UNESCO, entre 2006 et 2023, plus de 1600 journalistes ont e\u0301te\u0301 tue\u0301s dans le monde, avec pre\u0300s de neuf cas sur dix restant non re\u0301solus.<\/p>\n<p>Abbas Mahamoud Tahir a souligne\u0301 la ne\u0301cessite\u0301 de s&rsquo;attaquer aux causes de l&rsquo;aggravation des crimes contre les journalistes pour pre\u0301server les liberte\u0301s fondamentales au Tchad et dans le monde. Il a appele\u0301 a\u0300 une lutte inclusive impliquant le gouvernement, la socie\u0301te\u0301 civile, les me\u0301dias et tous ceux qui se soucient de l&rsquo;E\u0301tat de droit, pour mettre fin a\u0300 l&rsquo;impunite\u0301.<\/p>\n<p>Le pre\u0301sident de l&rsquo;UJT a e\u0301galement e\u0301voque\u0301 la dimension de la se\u0301curite\u0301 et de la protection des professionnels des me\u0301dias, appelant a\u0300 l&rsquo;union des efforts pour que les nouvelles lois en cours d&rsquo;e\u0301laboration prennent en compte cette pre\u0301occupation.<\/p>\n<p>Enfin, il a encourage\u0301 l&rsquo;E\u0301tat tchadien a\u0300 prendre des mesures ne\u0301cessaires pour lutter contre l&rsquo;impunite\u0301, et permettre aux journalistes tchadiens de contribuer a\u0300 la refondation du pays.<\/p>\n<p><strong>Pour plus d&rsquo;informations et d&rsquo;analyses sur la <a href=\"https:\/\/www.africa-press.net\/tchad\">Tchad<\/a>, suivez <a href=\"https:\/\/www.africa-press.net\/\">Africa-Press<\/a><\/strong><\/p>\n","protected":false},"excerpt":{"rendered":"<p>Africa-Press &#8211; Tchad. Le pre\u0301sident de l&rsquo;Union des Journalistes Tchadiens (UJT), Abbas Mahamoud Tahir, a marque\u0301 la 8e\u0300me e\u0301dition de la Journe\u0301e Internationale pour la fin de l&rsquo;impunite\u0301 des crimes commis contre les journalistes en faisant une de\u0301claration a\u0300 la Maison des Me\u0301dias du Tchad, le 2 novembre 2023. Le the\u0300me de cette e\u0301dition e\u0301tait [&hellip;]<\/p>\n","protected":false},"author":82,"featured_media":53387,"comment_status":"open","ping_status":"closed","sticky":false,"template":"","format":"standard","meta":{"footnotes":""},"categories":[2,10],"tags":[37,292,29],"class_list":["post-53388","post","type-post","status-publish","format-standard","has-post-thumbnail","hentry","category-politique","category-toutes-les-actualites","tag-africa-press","tag-africa-press-tchad","tag-tchad"],"yoast_head":"<!-- This site is optimized with the Yoast SEO Premium plugin v26.1 (Yoast SEO v27.0) - https:\/\/yoast.com\/product\/yoast-seo-premium-wordpress\/ -->\n<title>l\u2019UJT comm\u00e9more la Journ\u00e9e pour la fin de l\u2019impunit\u00e9 des crimes contre les journalistes - tchad<\/title>\n<meta name=\"description\" content=\"Le pre\u0301sident de l&#039;Union des Journalistes Tchadiens (UJT), Abbas Mahamoud Tahir, a marque\u0301 la 8e\u0300me e\u0301dition de la Journ ...\" \/>\n<meta name=\"robots\" content=\"index, follow, max-snippet:-1, max-image-preview:large, max-video-preview:-1\" \/>\n<link rel=\"canonical\" href=\"https:\/\/www.africa-press.net\/tchad\/politique\/lujt-commemore-la-journee-pour-la-fin-de-limpunite-des-crimes-contre-les-journalistes\" \/>\n<meta property=\"og:locale\" content=\"fr_FR\" \/>\n<meta property=\"og:type\" content=\"article\" \/>\n<meta property=\"og:title\" content=\"l\u2019UJT comm\u00e9more la Journ\u00e9e pour la fin de l\u2019impunit\u00e9 des crimes contre les journalistes\" \/>\n<meta property=\"og:description\" content=\"Le pre\u0301sident de l&#039;Union des Journalistes Tchadiens (UJT), Abbas Mahamoud Tahir, a marque\u0301 la 8e\u0300me e\u0301dition de la Journ ...\" \/>\n<meta property=\"og:url\" content=\"https:\/\/www.africa-press.net\/tchad\/politique\/lujt-commemore-la-journee-pour-la-fin-de-limpunite-des-crimes-contre-les-journalistes\" \/>\n<meta property=\"og:site_name\" content=\"tchad\" \/>\n<meta property=\"article:published_time\" content=\"2023-11-03T15:19:22+00:00\" \/>\n<meta property=\"article:modified_time\" content=\"2023-11-04T06:51:18+00:00\" \/>\n<meta property=\"og:image\" content=\"https:\/\/static.africa-press.net\/tchad\/sites\/41\/2023\/11\/sm_1699018606.756242.jpg\" \/>\n\t<meta property=\"og:image:width\" content=\"720\" \/>\n\t<meta property=\"og:image:height\" content=\"409\" \/>\n\t<meta property=\"og:image:type\" content=\"image\/jpeg\" \/>\n<meta name=\"author\" content=\"cfeditorfr\" \/>\n<meta name=\"twitter:card\" content=\"summary_large_image\" \/>\n<meta name=\"twitter:label1\" content=\"\u00c9crit par\" \/>\n\t<meta name=\"twitter:data1\" content=\"cfeditorfr\" \/>\n\t<meta name=\"twitter:label2\" content=\"Dur\u00e9e de lecture estim\u00e9e\" \/>\n\t<meta name=\"twitter:data2\" content=\"2 minutes\" \/>\n<script type=\"application\/ld+json\" class=\"yoast-schema-graph\">{\"@context\":\"https:\/\/schema.org\",\"@graph\":[{\"@type\":\"Article\",\"@id\":\"https:\/\/www.africa-press.net\/tchad\/politique\/lujt-commemore-la-journee-pour-la-fin-de-limpunite-des-crimes-contre-les-journalistes#article\",\"isPartOf\":{\"@id\":\"https:\/\/www.africa-press.net\/tchad\/politique\/lujt-commemore-la-journee-pour-la-fin-de-limpunite-des-crimes-contre-les-journalistes\"},\"author\":{\"name\":\"cfeditorfr\",\"@id\":\"https:\/\/www.africa-press.net\/tchad\/#\/schema\/person\/2b1cf3cd81a31e3cd26889ca66d677f1\"},\"headline\":\"l\u2019UJT comm\u00e9more la Journ\u00e9e pour la fin de l\u2019impunit\u00e9 des crimes contre les journalistes\",\"datePublished\":\"2023-11-03T15:19:22+00:00\",\"dateModified\":\"2023-11-04T06:51:18+00:00\",\"mainEntityOfPage\":{\"@id\":\"https:\/\/www.africa-press.net\/tchad\/politique\/lujt-commemore-la-journee-pour-la-fin-de-limpunite-des-crimes-contre-les-journalistes\"},\"wordCount\":335,\"commentCount\":0,\"image\":{\"@id\":\"https:\/\/www.africa-press.net\/tchad\/politique\/lujt-commemore-la-journee-pour-la-fin-de-limpunite-des-crimes-contre-les-journalistes#primaryimage\"},\"thumbnailUrl\":\"https:\/\/static.africa-press.net\/tchad\/sites\/41\/2023\/11\/sm_1699018606.756242.jpg\",\"keywords\":[\"Africa Press\",\"Africa Press-Tchad\",\"Tchad\"],\"articleSection\":[\"Politique\",\"Toutes les actualit\u00e9s\"],\"inLanguage\":\"fr-FR\",\"potentialAction\":[{\"@type\":\"CommentAction\",\"name\":\"Comment\",\"target\":[\"https:\/\/www.africa-press.net\/tchad\/politique\/lujt-commemore-la-journee-pour-la-fin-de-limpunite-des-crimes-contre-les-journalistes#respond\"]}]},{\"@type\":\"WebPage\",\"@id\":\"https:\/\/www.africa-press.net\/tchad\/politique\/lujt-commemore-la-journee-pour-la-fin-de-limpunite-des-crimes-contre-les-journalistes\",\"url\":\"https:\/\/www.africa-press.net\/tchad\/politique\/lujt-commemore-la-journee-pour-la-fin-de-limpunite-des-crimes-contre-les-journalistes\",\"name\":\"l\u2019UJT comm\u00e9more la Journ\u00e9e pour la fin de l\u2019impunit\u00e9 des crimes contre les journalistes - tchad\",\"isPartOf\":{\"@id\":\"https:\/\/www.africa-press.net\/tchad\/#website\"},\"primaryImageOfPage\":{\"@id\":\"https:\/\/www.africa-press.net\/tchad\/politique\/lujt-commemore-la-journee-pour-la-fin-de-limpunite-des-crimes-contre-les-journalistes#primaryimage\"},\"image\":{\"@id\":\"https:\/\/www.africa-press.net\/tchad\/politique\/lujt-commemore-la-journee-pour-la-fin-de-limpunite-des-crimes-contre-les-journalistes#primaryimage\"},\"thumbnailUrl\":\"https:\/\/static.africa-press.net\/tchad\/sites\/41\/2023\/11\/sm_1699018606.756242.jpg\",\"datePublished\":\"2023-11-03T15:19:22+00:00\",\"dateModified\":\"2023-11-04T06:51:18+00:00\",\"author\":{\"@id\":\"https:\/\/www.africa-press.net\/tchad\/#\/schema\/person\/2b1cf3cd81a31e3cd26889ca66d677f1\"},\"description\":\"Le pre\u0301sident de l'Union des Journalistes Tchadiens (UJT), Abbas Mahamoud Tahir, a marque\u0301 la 8e\u0300me e\u0301dition de la Journ ...\",\"breadcrumb\":{\"@id\":\"https:\/\/www.africa-press.net\/tchad\/politique\/lujt-commemore-la-journee-pour-la-fin-de-limpunite-des-crimes-contre-les-journalistes#breadcrumb\"},\"inLanguage\":\"fr-FR\",\"potentialAction\":[{\"@type\":\"ReadAction\",\"target\":[\"https:\/\/www.africa-press.net\/tchad\/politique\/lujt-commemore-la-journee-pour-la-fin-de-limpunite-des-crimes-contre-les-journalistes\"]}]},{\"@type\":\"ImageObject\",\"inLanguage\":\"fr-FR\",\"@id\":\"https:\/\/www.africa-press.net\/tchad\/politique\/lujt-commemore-la-journee-pour-la-fin-de-limpunite-des-crimes-contre-les-journalistes#primaryimage\",\"url\":\"https:\/\/static.africa-press.net\/tchad\/sites\/41\/2023\/11\/sm_1699018606.756242.jpg\",\"contentUrl\":\"https:\/\/static.africa-press.net\/tchad\/sites\/41\/2023\/11\/sm_1699018606.756242.jpg\",\"width\":720,\"height\":409,\"caption\":\"l\u2019UJT comm\u00e9more la Journ\u00e9e pour la fin de l\u2019impunit\u00e9 des crimes contre les journalistes\"},{\"@type\":\"BreadcrumbList\",\"@id\":\"https:\/\/www.africa-press.net\/tchad\/politique\/lujt-commemore-la-journee-pour-la-fin-de-limpunite-des-crimes-contre-les-journalistes#breadcrumb\",\"itemListElement\":[{\"@type\":\"ListItem\",\"position\":1,\"name\":\"Accueil\",\"item\":\"https:\/\/www.africa-press.net\/tchad\/\"},{\"@type\":\"ListItem\",\"position\":2,\"name\":\"l\u2019UJT comm\u00e9more la Journ\u00e9e pour la fin de l\u2019impunit\u00e9 des crimes contre les journalistes\"}]},{\"@type\":\"WebSite\",\"@id\":\"https:\/\/www.africa-press.net\/tchad\/#website\",\"url\":\"https:\/\/www.africa-press.net\/tchad\/\",\"name\":\"tchad\",\"description\":\"Just another Africa News Agency Sites site\",\"potentialAction\":[{\"@type\":\"SearchAction\",\"target\":{\"@type\":\"EntryPoint\",\"urlTemplate\":\"https:\/\/www.africa-press.net\/tchad\/?s={search_term_string}\"},\"query-input\":{\"@type\":\"PropertyValueSpecification\",\"valueRequired\":true,\"valueName\":\"search_term_string\"}}],\"inLanguage\":\"fr-FR\"},{\"@type\":\"Person\",\"@id\":\"https:\/\/www.africa-press.net\/tchad\/#\/schema\/person\/2b1cf3cd81a31e3cd26889ca66d677f1\",\"name\":\"cfeditorfr\"}]}<\/script>\n<!-- \/ Yoast SEO Premium plugin. -->","yoast_head_json":{"title":"l\u2019UJT comm\u00e9more la Journ\u00e9e pour la fin de l\u2019impunit\u00e9 des crimes contre les journalistes - tchad","description":"Le pre\u0301sident de l'Union des Journalistes Tchadiens (UJT), Abbas Mahamoud Tahir, a marque\u0301 la 8e\u0300me e\u0301dition de la Journ ...","robots":{"index":"index","follow":"follow","max-snippet":"max-snippet:-1","max-image-preview":"max-image-preview:large","max-video-preview":"max-video-preview:-1"},"canonical":"https:\/\/www.africa-press.net\/tchad\/politique\/lujt-commemore-la-journee-pour-la-fin-de-limpunite-des-crimes-contre-les-journalistes","og_locale":"fr_FR","og_type":"article","og_title":"l\u2019UJT comm\u00e9more la Journ\u00e9e pour la fin de l\u2019impunit\u00e9 des crimes contre les journalistes","og_description":"Le pre\u0301sident de l'Union des Journalistes Tchadiens (UJT), Abbas Mahamoud Tahir, a marque\u0301 la 8e\u0300me e\u0301dition de la Journ ...","og_url":"https:\/\/www.africa-press.net\/tchad\/politique\/lujt-commemore-la-journee-pour-la-fin-de-limpunite-des-crimes-contre-les-journalistes","og_site_name":"tchad","article_published_time":"2023-11-03T15:19:22+00:00","article_modified_time":"2023-11-04T06:51:18+00:00","og_image":[{"width":720,"height":409,"url":"https:\/\/static.africa-press.net\/tchad\/sites\/41\/2023\/11\/sm_1699018606.756242.jpg","type":"image\/jpeg"}],"author":"cfeditorfr","twitter_card":"summary_large_image","twitter_misc":{"\u00c9crit par":"cfeditorfr","Dur\u00e9e de lecture estim\u00e9e":"2 minutes"},"schema":{"@context":"https:\/\/schema.org","@graph":[{"@type":"Article","@id":"https:\/\/www.africa-press.net\/tchad\/politique\/lujt-commemore-la-journee-pour-la-fin-de-limpunite-des-crimes-contre-les-journalistes#article","isPartOf":{"@id":"https:\/\/www.africa-press.net\/tchad\/politique\/lujt-commemore-la-journee-pour-la-fin-de-limpunite-des-crimes-contre-les-journalistes"},"author":{"name":"cfeditorfr","@id":"https:\/\/www.africa-press.net\/tchad\/#\/schema\/person\/2b1cf3cd81a31e3cd26889ca66d677f1"},"headline":"l\u2019UJT comm\u00e9more la Journ\u00e9e pour la fin de l\u2019impunit\u00e9 des crimes contre les journalistes","datePublished":"2023-11-03T15:19:22+00:00","dateModified":"2023-11-04T06:51:18+00:00","mainEntityOfPage":{"@id":"https:\/\/www.africa-press.net\/tchad\/politique\/lujt-commemore-la-journee-pour-la-fin-de-limpunite-des-crimes-contre-les-journalistes"},"wordCount":335,"commentCount":0,"image":{"@id":"https:\/\/www.africa-press.net\/tchad\/politique\/lujt-commemore-la-journee-pour-la-fin-de-limpunite-des-crimes-contre-les-journalistes#primaryimage"},"thumbnailUrl":"https:\/\/static.africa-press.net\/tchad\/sites\/41\/2023\/11\/sm_1699018606.756242.jpg","keywords":["Africa Press","Africa Press-Tchad","Tchad"],"articleSection":["Politique","Toutes les actualit\u00e9s"],"inLanguage":"fr-FR","potentialAction":[{"@type":"CommentAction","name":"Comment","target":["https:\/\/www.africa-press.net\/tchad\/politique\/lujt-commemore-la-journee-pour-la-fin-de-limpunite-des-crimes-contre-les-journalistes#respond"]}]},{"@type":"WebPage","@id":"https:\/\/www.africa-press.net\/tchad\/politique\/lujt-commemore-la-journee-pour-la-fin-de-limpunite-des-crimes-contre-les-journalistes","url":"https:\/\/www.africa-press.net\/tchad\/politique\/lujt-commemore-la-journee-pour-la-fin-de-limpunite-des-crimes-contre-les-journalistes","name":"l\u2019UJT comm\u00e9more la Journ\u00e9e pour la fin de l\u2019impunit\u00e9 des crimes contre les journalistes - tchad","isPartOf":{"@id":"https:\/\/www.africa-press.net\/tchad\/#website"},"primaryImageOfPage":{"@id":"https:\/\/www.africa-press.net\/tchad\/politique\/lujt-commemore-la-journee-pour-la-fin-de-limpunite-des-crimes-contre-les-journalistes#primaryimage"},"image":{"@id":"https:\/\/www.africa-press.net\/tchad\/politique\/lujt-commemore-la-journee-pour-la-fin-de-limpunite-des-crimes-contre-les-journalistes#primaryimage"},"thumbnailUrl":"https:\/\/static.africa-press.net\/tchad\/sites\/41\/2023\/11\/sm_1699018606.756242.jpg","datePublished":"2023-11-03T15:19:22+00:00","dateModified":"2023-11-04T06:51:18+00:00","author":{"@id":"https:\/\/www.africa-press.net\/tchad\/#\/schema\/person\/2b1cf3cd81a31e3cd26889ca66d677f1"},"description":"Le pre\u0301sident de l'Union des Journalistes Tchadiens (UJT), Abbas Mahamoud Tahir, a marque\u0301 la 8e\u0300me e\u0301dition de la Journ ...","breadcrumb":{"@id":"https:\/\/www.africa-press.net\/tchad\/politique\/lujt-commemore-la-journee-pour-la-fin-de-limpunite-des-crimes-contre-les-journalistes#breadcrumb"},"inLanguage":"fr-FR","potentialAction":[{"@type":"ReadAction","target":["https:\/\/www.africa-press.net\/tchad\/politique\/lujt-commemore-la-journee-pour-la-fin-de-limpunite-des-crimes-contre-les-journalistes"]}]},{"@type":"ImageObject","inLanguage":"fr-FR","@id":"https:\/\/www.africa-press.net\/tchad\/politique\/lujt-commemore-la-journee-pour-la-fin-de-limpunite-des-crimes-contre-les-journalistes#primaryimage","url":"https:\/\/static.africa-press.net\/tchad\/sites\/41\/2023\/11\/sm_1699018606.756242.jpg","contentUrl":"https:\/\/static.africa-press.net\/tchad\/sites\/41\/2023\/11\/sm_1699018606.756242.jpg","width":720,"height":409,"caption":"l\u2019UJT comm\u00e9more la Journ\u00e9e pour la fin de l\u2019impunit\u00e9 des crimes contre les journalistes"},{"@type":"BreadcrumbList","@id":"https:\/\/www.africa-press.net\/tchad\/politique\/lujt-commemore-la-journee-pour-la-fin-de-limpunite-des-crimes-contre-les-journalistes#breadcrumb","itemListElement":[{"@type":"ListItem","position":1,"name":"Accueil","item":"https:\/\/www.africa-press.net\/tchad\/"},{"@type":"ListItem","position":2,"name":"l\u2019UJT comm\u00e9more la Journ\u00e9e pour la fin de l\u2019impunit\u00e9 des crimes contre les journalistes"}]},{"@type":"WebSite","@id":"https:\/\/www.africa-press.net\/tchad\/#website","url":"https:\/\/www.africa-press.net\/tchad\/","name":"tchad","description":"Just another Africa News Agency Sites site","potentialAction":[{"@type":"SearchAction","target":{"@type":"EntryPoint","urlTemplate":"https:\/\/www.africa-press.net\/tchad\/?s={search_term_string}"},"query-input":{"@type":"PropertyValueSpecification","valueRequired":true,"valueName":"search_term_string"}}],"inLanguage":"fr-FR"},{"@type":"Person","@id":"https:\/\/www.africa-press.net\/tchad\/#\/schema\/person\/2b1cf3cd81a31e3cd26889ca66d677f1","name":"cfeditorfr"}]}},"_links":{"self":[{"href":"https:\/\/www.africa-press.net\/tchad\/wp-json\/wp\/v2\/posts\/53388","targetHints":{"allow":["GET"]}}],"collection":[{"href":"https:\/\/www.africa-press.net\/tchad\/wp-json\/wp\/v2\/posts"}],"about":[{"href":"https:\/\/www.africa-press.net\/tchad\/wp-json\/wp\/v2\/types\/post"}],"author":[{"embeddable":true,"href":"https:\/\/www.africa-press.net\/tchad\/wp-json\/wp\/v2\/users\/82"}],"replies":[{"embeddable":true,"href":"https:\/\/www.africa-press.net\/tchad\/wp-json\/wp\/v2\/comments?post=53388"}],"version-history":[{"count":0,"href":"https:\/\/www.africa-press.net\/tchad\/wp-json\/wp\/v2\/posts\/53388\/revisions"}],"wp:featuredmedia":[{"embeddable":true,"href":"https:\/\/www.africa-press.net\/tchad\/wp-json\/wp\/v2\/media\/53387"}],"wp:attachment":[{"href":"https:\/\/www.africa-press.net\/tchad\/wp-json\/wp\/v2\/media?parent=53388"}],"wp:term":[{"taxonomy":"category","embeddable":true,"href":"https:\/\/www.africa-press.net\/tchad\/wp-json\/wp\/v2\/categories?post=53388"},{"taxonomy":"post_tag","embeddable":true,"href":"https:\/\/www.africa-press.net\/tchad\/wp-json\/wp\/v2\/tags?post=53388"}],"curies":[{"name":"wp","href":"https:\/\/api.w.org\/{rel}","templated":true}]}}