{"id":53392,"date":"2023-11-03T16:21:13","date_gmt":"2023-11-03T16:21:13","guid":{"rendered":"https:\/\/www.africa-press.net\/tchad\/politique\/lassociation-grdt-sengage-a-ameliorer-la-gouvernance-locale-et-lintercommunalite"},"modified":"2023-11-04T06:52:32","modified_gmt":"2023-11-04T06:52:32","slug":"lassociation-grdt-sengage-a-ameliorer-la-gouvernance-locale-et-lintercommunalite","status":"publish","type":"post","link":"https:\/\/www.africa-press.net\/tchad\/politique\/lassociation-grdt-sengage-a-ameliorer-la-gouvernance-locale-et-lintercommunalite","title":{"rendered":"l\u2019association GRDT s\u2019engage \u00e0 am\u00e9liorer la gouvernance locale et l\u2019intercommunalit\u00e9"},"content":{"rendered":"<p><span style=\"color: #ff6600\"><strong>Africa-Press &#8211; Tchad. <\/strong><\/span>Le GRDT a officiellement lance\u0301 ses activite\u0301s le mercredi 1er novembre, a\u0300 la Maison des Me\u0301dias, dans le quartier Moursal.<\/p>\n<p>L&rsquo;objectif principal de cette association est de former les e\u0301lus locaux, impliquer les citoyens dans les affaires publiques, organiser des formations pour les leaders des ONG et les agents des ministe\u0300res sectoriels, entre autres.<\/p>\n<p>Selon le coordinateur, Idriss Hamatkreo, le GRDT a obtenu l&rsquo;autorisation de fonctionner le 25 novembre 2022. L&rsquo;association est compose\u0301e de plusieurs membres, dont le ministe\u0300re de l\u2019Administration du territoire et de la De\u0301centralisation, des ONG et des organisations de la socie\u0301te\u0301 civile, entre autres.<\/p>\n<p>Dans les municipalite\u0301s, la formation des e\u0301lus locaux reve\u0302t une importance capitale, car la gouvernance des communes pose proble\u0300me depuis de nombreuses anne\u0301es. Ainsi, des experts chevronne\u0301s apportent leurs expe\u0301riences pour e\u0301clairer les citoyens sur la gestion de leurs communes.<\/p>\n<p>L&rsquo;objectif de cette association est e\u0301galement de contribuer a\u0300 la de\u0301finition de l&rsquo;intercommunalite\u0301 et de favoriser des partenariats entre les diffe\u0301rentes communes, le tout dans le cadre de confe\u0301rences-de\u0301bats sur la de\u0301centralisation visant a\u0300 e\u0301duquer le grand public.<\/p>\n<p><strong>Pour plus d&rsquo;informations et d&rsquo;analyses sur la <a href=\"https:\/\/www.africa-press.net\/tchad\">Tchad<\/a>, suivez <a href=\"https:\/\/www.africa-press.net\/\">Africa-Press<\/a><\/strong><\/p>\n","protected":false},"excerpt":{"rendered":"<p>Africa-Press &#8211; Tchad. Le GRDT a officiellement lance\u0301 ses activite\u0301s le mercredi 1er novembre, a\u0300 la Maison des Me\u0301dias, dans le quartier Moursal. L&rsquo;objectif principal de cette association est de former les e\u0301lus locaux, impliquer les citoyens dans les affaires publiques, organiser des formations pour les leaders des ONG et les agents des ministe\u0300res sectoriels, [&hellip;]<\/p>\n","protected":false},"author":82,"featured_media":53391,"comment_status":"open","ping_status":"closed","sticky":false,"template":"","format":"standard","meta":{"footnotes":""},"categories":[2,10],"tags":[37,292,29],"class_list":["post-53392","post","type-post","status-publish","format-standard","has-post-thumbnail","hentry","category-politique","category-toutes-les-actualites","tag-africa-press","tag-africa-press-tchad","tag-tchad"],"yoast_head":"<!-- This site is optimized with the Yoast SEO Premium plugin v26.1 (Yoast SEO v27.0) - https:\/\/yoast.com\/product\/yoast-seo-premium-wordpress\/ -->\n<title>l\u2019association GRDT s\u2019engage \u00e0 am\u00e9liorer la gouvernance locale et l\u2019intercommunalit\u00e9 - tchad<\/title>\n<meta name=\"description\" content=\"Le GRDT a officiellement lance\u0301 ses activite\u0301s le mercredi 1er novembre, a\u0300 la Maison des Me\u0301dias, dans le quartier Mour ...\" \/>\n<meta name=\"robots\" content=\"index, follow, max-snippet:-1, max-image-preview:large, max-video-preview:-1\" \/>\n<link rel=\"canonical\" href=\"https:\/\/www.africa-press.net\/tchad\/politique\/lassociation-grdt-sengage-a-ameliorer-la-gouvernance-locale-et-lintercommunalite\" \/>\n<meta property=\"og:locale\" content=\"fr_FR\" \/>\n<meta property=\"og:type\" content=\"article\" \/>\n<meta property=\"og:title\" content=\"l\u2019association GRDT s\u2019engage \u00e0 am\u00e9liorer la gouvernance locale et l\u2019intercommunalit\u00e9\" \/>\n<meta property=\"og:description\" content=\"Le GRDT a officiellement lance\u0301 ses activite\u0301s le mercredi 1er novembre, a\u0300 la Maison des Me\u0301dias, dans le quartier Mour ...\" \/>\n<meta property=\"og:url\" content=\"https:\/\/www.africa-press.net\/tchad\/politique\/lassociation-grdt-sengage-a-ameliorer-la-gouvernance-locale-et-lintercommunalite\" \/>\n<meta property=\"og:site_name\" content=\"tchad\" \/>\n<meta property=\"article:published_time\" content=\"2023-11-03T16:21:13+00:00\" \/>\n<meta property=\"article:modified_time\" content=\"2023-11-04T06:52:32+00:00\" \/>\n<meta property=\"og:image\" content=\"https:\/\/static.africa-press.net\/tchad\/sites\/41\/2023\/11\/sm_1699018638.235082.jpg\" \/>\n\t<meta property=\"og:image:width\" content=\"1080\" \/>\n\t<meta property=\"og:image:height\" content=\"485\" \/>\n\t<meta property=\"og:image:type\" content=\"image\/jpeg\" \/>\n<meta name=\"author\" content=\"cfeditorfr\" \/>\n<meta name=\"twitter:card\" content=\"summary_large_image\" \/>\n<meta name=\"twitter:label1\" content=\"\u00c9crit par\" \/>\n\t<meta name=\"twitter:data1\" content=\"cfeditorfr\" \/>\n\t<meta name=\"twitter:label2\" content=\"Dur\u00e9e de lecture estim\u00e9e\" \/>\n\t<meta name=\"twitter:data2\" content=\"1 minute\" \/>\n<script type=\"application\/ld+json\" class=\"yoast-schema-graph\">{\"@context\":\"https:\/\/schema.org\",\"@graph\":[{\"@type\":\"Article\",\"@id\":\"https:\/\/www.africa-press.net\/tchad\/politique\/lassociation-grdt-sengage-a-ameliorer-la-gouvernance-locale-et-lintercommunalite#article\",\"isPartOf\":{\"@id\":\"https:\/\/www.africa-press.net\/tchad\/politique\/lassociation-grdt-sengage-a-ameliorer-la-gouvernance-locale-et-lintercommunalite\"},\"author\":{\"name\":\"cfeditorfr\",\"@id\":\"https:\/\/www.africa-press.net\/tchad\/#\/schema\/person\/2b1cf3cd81a31e3cd26889ca66d677f1\"},\"headline\":\"l\u2019association GRDT s\u2019engage \u00e0 am\u00e9liorer la gouvernance locale et l\u2019intercommunalit\u00e9\",\"datePublished\":\"2023-11-03T16:21:13+00:00\",\"dateModified\":\"2023-11-04T06:52:32+00:00\",\"mainEntityOfPage\":{\"@id\":\"https:\/\/www.africa-press.net\/tchad\/politique\/lassociation-grdt-sengage-a-ameliorer-la-gouvernance-locale-et-lintercommunalite\"},\"wordCount\":231,\"commentCount\":0,\"image\":{\"@id\":\"https:\/\/www.africa-press.net\/tchad\/politique\/lassociation-grdt-sengage-a-ameliorer-la-gouvernance-locale-et-lintercommunalite#primaryimage\"},\"thumbnailUrl\":\"https:\/\/static.africa-press.net\/tchad\/sites\/41\/2023\/11\/sm_1699018638.235082.jpg\",\"keywords\":[\"Africa Press\",\"Africa Press-Tchad\",\"Tchad\"],\"articleSection\":[\"Politique\",\"Toutes les actualit\u00e9s\"],\"inLanguage\":\"fr-FR\",\"potentialAction\":[{\"@type\":\"CommentAction\",\"name\":\"Comment\",\"target\":[\"https:\/\/www.africa-press.net\/tchad\/politique\/lassociation-grdt-sengage-a-ameliorer-la-gouvernance-locale-et-lintercommunalite#respond\"]}]},{\"@type\":\"WebPage\",\"@id\":\"https:\/\/www.africa-press.net\/tchad\/politique\/lassociation-grdt-sengage-a-ameliorer-la-gouvernance-locale-et-lintercommunalite\",\"url\":\"https:\/\/www.africa-press.net\/tchad\/politique\/lassociation-grdt-sengage-a-ameliorer-la-gouvernance-locale-et-lintercommunalite\",\"name\":\"l\u2019association GRDT s\u2019engage \u00e0 am\u00e9liorer la gouvernance locale et l\u2019intercommunalit\u00e9 - tchad\",\"isPartOf\":{\"@id\":\"https:\/\/www.africa-press.net\/tchad\/#website\"},\"primaryImageOfPage\":{\"@id\":\"https:\/\/www.africa-press.net\/tchad\/politique\/lassociation-grdt-sengage-a-ameliorer-la-gouvernance-locale-et-lintercommunalite#primaryimage\"},\"image\":{\"@id\":\"https:\/\/www.africa-press.net\/tchad\/politique\/lassociation-grdt-sengage-a-ameliorer-la-gouvernance-locale-et-lintercommunalite#primaryimage\"},\"thumbnailUrl\":\"https:\/\/static.africa-press.net\/tchad\/sites\/41\/2023\/11\/sm_1699018638.235082.jpg\",\"datePublished\":\"2023-11-03T16:21:13+00:00\",\"dateModified\":\"2023-11-04T06:52:32+00:00\",\"author\":{\"@id\":\"https:\/\/www.africa-press.net\/tchad\/#\/schema\/person\/2b1cf3cd81a31e3cd26889ca66d677f1\"},\"description\":\"Le GRDT a officiellement lance\u0301 ses activite\u0301s le mercredi 1er novembre, a\u0300 la Maison des Me\u0301dias, dans le quartier Mour ...\",\"breadcrumb\":{\"@id\":\"https:\/\/www.africa-press.net\/tchad\/politique\/lassociation-grdt-sengage-a-ameliorer-la-gouvernance-locale-et-lintercommunalite#breadcrumb\"},\"inLanguage\":\"fr-FR\",\"potentialAction\":[{\"@type\":\"ReadAction\",\"target\":[\"https:\/\/www.africa-press.net\/tchad\/politique\/lassociation-grdt-sengage-a-ameliorer-la-gouvernance-locale-et-lintercommunalite\"]}]},{\"@type\":\"ImageObject\",\"inLanguage\":\"fr-FR\",\"@id\":\"https:\/\/www.africa-press.net\/tchad\/politique\/lassociation-grdt-sengage-a-ameliorer-la-gouvernance-locale-et-lintercommunalite#primaryimage\",\"url\":\"https:\/\/static.africa-press.net\/tchad\/sites\/41\/2023\/11\/sm_1699018638.235082.jpg\",\"contentUrl\":\"https:\/\/static.africa-press.net\/tchad\/sites\/41\/2023\/11\/sm_1699018638.235082.jpg\",\"width\":1080,\"height\":485,\"caption\":\"l\u2019association GRDT s\u2019engage \u00e0 am\u00e9liorer la gouvernance locale et l\u2019intercommunalit\u00e9\"},{\"@type\":\"BreadcrumbList\",\"@id\":\"https:\/\/www.africa-press.net\/tchad\/politique\/lassociation-grdt-sengage-a-ameliorer-la-gouvernance-locale-et-lintercommunalite#breadcrumb\",\"itemListElement\":[{\"@type\":\"ListItem\",\"position\":1,\"name\":\"Accueil\",\"item\":\"https:\/\/www.africa-press.net\/tchad\/\"},{\"@type\":\"ListItem\",\"position\":2,\"name\":\"l\u2019association GRDT s\u2019engage \u00e0 am\u00e9liorer la gouvernance locale et l\u2019intercommunalit\u00e9\"}]},{\"@type\":\"WebSite\",\"@id\":\"https:\/\/www.africa-press.net\/tchad\/#website\",\"url\":\"https:\/\/www.africa-press.net\/tchad\/\",\"name\":\"tchad\",\"description\":\"Just another Africa News Agency Sites site\",\"potentialAction\":[{\"@type\":\"SearchAction\",\"target\":{\"@type\":\"EntryPoint\",\"urlTemplate\":\"https:\/\/www.africa-press.net\/tchad\/?s={search_term_string}\"},\"query-input\":{\"@type\":\"PropertyValueSpecification\",\"valueRequired\":true,\"valueName\":\"search_term_string\"}}],\"inLanguage\":\"fr-FR\"},{\"@type\":\"Person\",\"@id\":\"https:\/\/www.africa-press.net\/tchad\/#\/schema\/person\/2b1cf3cd81a31e3cd26889ca66d677f1\",\"name\":\"cfeditorfr\"}]}<\/script>\n<!-- \/ Yoast SEO Premium plugin. -->","yoast_head_json":{"title":"l\u2019association GRDT s\u2019engage \u00e0 am\u00e9liorer la gouvernance locale et l\u2019intercommunalit\u00e9 - tchad","description":"Le GRDT a officiellement lance\u0301 ses activite\u0301s le mercredi 1er novembre, a\u0300 la Maison des Me\u0301dias, dans le quartier Mour ...","robots":{"index":"index","follow":"follow","max-snippet":"max-snippet:-1","max-image-preview":"max-image-preview:large","max-video-preview":"max-video-preview:-1"},"canonical":"https:\/\/www.africa-press.net\/tchad\/politique\/lassociation-grdt-sengage-a-ameliorer-la-gouvernance-locale-et-lintercommunalite","og_locale":"fr_FR","og_type":"article","og_title":"l\u2019association GRDT s\u2019engage \u00e0 am\u00e9liorer la gouvernance locale et l\u2019intercommunalit\u00e9","og_description":"Le GRDT a officiellement lance\u0301 ses activite\u0301s le mercredi 1er novembre, a\u0300 la Maison des Me\u0301dias, dans le quartier Mour ...","og_url":"https:\/\/www.africa-press.net\/tchad\/politique\/lassociation-grdt-sengage-a-ameliorer-la-gouvernance-locale-et-lintercommunalite","og_site_name":"tchad","article_published_time":"2023-11-03T16:21:13+00:00","article_modified_time":"2023-11-04T06:52:32+00:00","og_image":[{"width":1080,"height":485,"url":"https:\/\/static.africa-press.net\/tchad\/sites\/41\/2023\/11\/sm_1699018638.235082.jpg","type":"image\/jpeg"}],"author":"cfeditorfr","twitter_card":"summary_large_image","twitter_misc":{"\u00c9crit par":"cfeditorfr","Dur\u00e9e de lecture estim\u00e9e":"1 minute"},"schema":{"@context":"https:\/\/schema.org","@graph":[{"@type":"Article","@id":"https:\/\/www.africa-press.net\/tchad\/politique\/lassociation-grdt-sengage-a-ameliorer-la-gouvernance-locale-et-lintercommunalite#article","isPartOf":{"@id":"https:\/\/www.africa-press.net\/tchad\/politique\/lassociation-grdt-sengage-a-ameliorer-la-gouvernance-locale-et-lintercommunalite"},"author":{"name":"cfeditorfr","@id":"https:\/\/www.africa-press.net\/tchad\/#\/schema\/person\/2b1cf3cd81a31e3cd26889ca66d677f1"},"headline":"l\u2019association GRDT s\u2019engage \u00e0 am\u00e9liorer la gouvernance locale et l\u2019intercommunalit\u00e9","datePublished":"2023-11-03T16:21:13+00:00","dateModified":"2023-11-04T06:52:32+00:00","mainEntityOfPage":{"@id":"https:\/\/www.africa-press.net\/tchad\/politique\/lassociation-grdt-sengage-a-ameliorer-la-gouvernance-locale-et-lintercommunalite"},"wordCount":231,"commentCount":0,"image":{"@id":"https:\/\/www.africa-press.net\/tchad\/politique\/lassociation-grdt-sengage-a-ameliorer-la-gouvernance-locale-et-lintercommunalite#primaryimage"},"thumbnailUrl":"https:\/\/static.africa-press.net\/tchad\/sites\/41\/2023\/11\/sm_1699018638.235082.jpg","keywords":["Africa Press","Africa Press-Tchad","Tchad"],"articleSection":["Politique","Toutes les actualit\u00e9s"],"inLanguage":"fr-FR","potentialAction":[{"@type":"CommentAction","name":"Comment","target":["https:\/\/www.africa-press.net\/tchad\/politique\/lassociation-grdt-sengage-a-ameliorer-la-gouvernance-locale-et-lintercommunalite#respond"]}]},{"@type":"WebPage","@id":"https:\/\/www.africa-press.net\/tchad\/politique\/lassociation-grdt-sengage-a-ameliorer-la-gouvernance-locale-et-lintercommunalite","url":"https:\/\/www.africa-press.net\/tchad\/politique\/lassociation-grdt-sengage-a-ameliorer-la-gouvernance-locale-et-lintercommunalite","name":"l\u2019association GRDT s\u2019engage \u00e0 am\u00e9liorer la gouvernance locale et l\u2019intercommunalit\u00e9 - tchad","isPartOf":{"@id":"https:\/\/www.africa-press.net\/tchad\/#website"},"primaryImageOfPage":{"@id":"https:\/\/www.africa-press.net\/tchad\/politique\/lassociation-grdt-sengage-a-ameliorer-la-gouvernance-locale-et-lintercommunalite#primaryimage"},"image":{"@id":"https:\/\/www.africa-press.net\/tchad\/politique\/lassociation-grdt-sengage-a-ameliorer-la-gouvernance-locale-et-lintercommunalite#primaryimage"},"thumbnailUrl":"https:\/\/static.africa-press.net\/tchad\/sites\/41\/2023\/11\/sm_1699018638.235082.jpg","datePublished":"2023-11-03T16:21:13+00:00","dateModified":"2023-11-04T06:52:32+00:00","author":{"@id":"https:\/\/www.africa-press.net\/tchad\/#\/schema\/person\/2b1cf3cd81a31e3cd26889ca66d677f1"},"description":"Le GRDT a officiellement lance\u0301 ses activite\u0301s le mercredi 1er novembre, a\u0300 la Maison des Me\u0301dias, dans le quartier Mour ...","breadcrumb":{"@id":"https:\/\/www.africa-press.net\/tchad\/politique\/lassociation-grdt-sengage-a-ameliorer-la-gouvernance-locale-et-lintercommunalite#breadcrumb"},"inLanguage":"fr-FR","potentialAction":[{"@type":"ReadAction","target":["https:\/\/www.africa-press.net\/tchad\/politique\/lassociation-grdt-sengage-a-ameliorer-la-gouvernance-locale-et-lintercommunalite"]}]},{"@type":"ImageObject","inLanguage":"fr-FR","@id":"https:\/\/www.africa-press.net\/tchad\/politique\/lassociation-grdt-sengage-a-ameliorer-la-gouvernance-locale-et-lintercommunalite#primaryimage","url":"https:\/\/static.africa-press.net\/tchad\/sites\/41\/2023\/11\/sm_1699018638.235082.jpg","contentUrl":"https:\/\/static.africa-press.net\/tchad\/sites\/41\/2023\/11\/sm_1699018638.235082.jpg","width":1080,"height":485,"caption":"l\u2019association GRDT s\u2019engage \u00e0 am\u00e9liorer la gouvernance locale et l\u2019intercommunalit\u00e9"},{"@type":"BreadcrumbList","@id":"https:\/\/www.africa-press.net\/tchad\/politique\/lassociation-grdt-sengage-a-ameliorer-la-gouvernance-locale-et-lintercommunalite#breadcrumb","itemListElement":[{"@type":"ListItem","position":1,"name":"Accueil","item":"https:\/\/www.africa-press.net\/tchad\/"},{"@type":"ListItem","position":2,"name":"l\u2019association GRDT s\u2019engage \u00e0 am\u00e9liorer la gouvernance locale et l\u2019intercommunalit\u00e9"}]},{"@type":"WebSite","@id":"https:\/\/www.africa-press.net\/tchad\/#website","url":"https:\/\/www.africa-press.net\/tchad\/","name":"tchad","description":"Just another Africa News Agency Sites site","potentialAction":[{"@type":"SearchAction","target":{"@type":"EntryPoint","urlTemplate":"https:\/\/www.africa-press.net\/tchad\/?s={search_term_string}"},"query-input":{"@type":"PropertyValueSpecification","valueRequired":true,"valueName":"search_term_string"}}],"inLanguage":"fr-FR"},{"@type":"Person","@id":"https:\/\/www.africa-press.net\/tchad\/#\/schema\/person\/2b1cf3cd81a31e3cd26889ca66d677f1","name":"cfeditorfr"}]}},"_links":{"self":[{"href":"https:\/\/www.africa-press.net\/tchad\/wp-json\/wp\/v2\/posts\/53392","targetHints":{"allow":["GET"]}}],"collection":[{"href":"https:\/\/www.africa-press.net\/tchad\/wp-json\/wp\/v2\/posts"}],"about":[{"href":"https:\/\/www.africa-press.net\/tchad\/wp-json\/wp\/v2\/types\/post"}],"author":[{"embeddable":true,"href":"https:\/\/www.africa-press.net\/tchad\/wp-json\/wp\/v2\/users\/82"}],"replies":[{"embeddable":true,"href":"https:\/\/www.africa-press.net\/tchad\/wp-json\/wp\/v2\/comments?post=53392"}],"version-history":[{"count":0,"href":"https:\/\/www.africa-press.net\/tchad\/wp-json\/wp\/v2\/posts\/53392\/revisions"}],"wp:featuredmedia":[{"embeddable":true,"href":"https:\/\/www.africa-press.net\/tchad\/wp-json\/wp\/v2\/media\/53391"}],"wp:attachment":[{"href":"https:\/\/www.africa-press.net\/tchad\/wp-json\/wp\/v2\/media?parent=53392"}],"wp:term":[{"taxonomy":"category","embeddable":true,"href":"https:\/\/www.africa-press.net\/tchad\/wp-json\/wp\/v2\/categories?post=53392"},{"taxonomy":"post_tag","embeddable":true,"href":"https:\/\/www.africa-press.net\/tchad\/wp-json\/wp\/v2\/tags?post=53392"}],"curies":[{"name":"wp","href":"https:\/\/api.w.org\/{rel}","templated":true}]}}