{"id":53402,"date":"2023-11-03T16:22:48","date_gmt":"2023-11-03T16:22:48","guid":{"rendered":"https:\/\/www.africa-press.net\/tchad\/politique\/37-chefs-de-canton-du-mandoul-recoivent-des-motos"},"modified":"2023-11-04T06:54:37","modified_gmt":"2023-11-04T06:54:37","slug":"37-chefs-de-canton-du-mandoul-recoivent-des-motos","status":"publish","type":"post","link":"https:\/\/www.africa-press.net\/tchad\/toutes-les-actualites\/37-chefs-de-canton-du-mandoul-recoivent-des-motos","title":{"rendered":"37 chefs de canton du Mandoul re\u00e7oivent des motos"},"content":{"rendered":"<p><span style=\"color: #ff6600\"><strong>Africa-Press &#8211; Tchad. <\/strong><\/span>Amina Priscille Longoh a e\u0301te\u0301 chaleureusement accueillie a\u0300 son arrive\u0301e dans cette province du sud du pays, en pre\u0301sence du Gouverneur du Mandoul, Adoum Forteye Amadou.<\/p>\n<p>Au cours de ses entretiens avec les autorite\u0301s et la population sur la question du re\u0301fe\u0301rendum, plusieurs proble\u0301matiques ont e\u0301te\u0301 souleve\u0301es par divers groupes, notamment les groupements fe\u0301minins, les jeunes, les chefs traditionnels et les ope\u0301rateurs e\u0301conomiques. Ils ont expose\u0301 leurs besoins et difficulte\u0301s, notamment la cre\u0301ation d&rsquo;un lyce\u0301e fe\u0301minin, l&rsquo;inte\u0301gration des jeunes dans la Fonction publique, l&rsquo;ame\u0301lioration des infrastructures routie\u0300res, le soutien accru aux initiatives novatrices, l&rsquo;e\u0301quipement des organisations et la fourniture de moyens de transport aux chefs traditionnels.<\/p>\n<p>En re\u0301ponse, la Ministre de la Femme, Amina Priscille Longoh, a rappele\u0301 que les promesses des plus hautes autorite\u0301s sont en cours de re\u0301alisation. Elle a remis une moto a\u0300 chacun des 37 chefs de canton, ainsi que 90 machines a\u0300 coudre, 1500 sacs, un moulin et des groupes e\u0301lectroge\u0300nes aux autres organisations de la province.<\/p>\n<p><strong>Pour plus d&rsquo;informations et d&rsquo;analyses sur la <a href=\"https:\/\/www.africa-press.net\/tchad\">Tchad<\/a>, suivez <a href=\"https:\/\/www.africa-press.net\/\">Africa-Press<\/a><\/strong><\/p>\n","protected":false},"excerpt":{"rendered":"<p>Africa-Press &#8211; Tchad. Amina Priscille Longoh a e\u0301te\u0301 chaleureusement accueillie a\u0300 son arrive\u0301e dans cette province du sud du pays, en pre\u0301sence du Gouverneur du Mandoul, Adoum Forteye Amadou. Au cours de ses entretiens avec les autorite\u0301s et la population sur la question du re\u0301fe\u0301rendum, plusieurs proble\u0301matiques ont e\u0301te\u0301 souleve\u0301es par divers groupes, notamment les [&hellip;]<\/p>\n","protected":false},"author":82,"featured_media":53401,"comment_status":"open","ping_status":"closed","sticky":false,"template":"","format":"standard","meta":{"footnotes":""},"categories":[21,10],"tags":[37,292,29],"class_list":["post-53402","post","type-post","status-publish","format-standard","has-post-thumbnail","hentry","category-communaute","category-toutes-les-actualites","tag-africa-press","tag-africa-press-tchad","tag-tchad"],"yoast_head":"<!-- This site is optimized with the Yoast SEO Premium plugin v26.1 (Yoast SEO v27.0) - https:\/\/yoast.com\/product\/yoast-seo-premium-wordpress\/ -->\n<title>37 chefs de canton du Mandoul re\u00e7oivent des motos - tchad<\/title>\n<meta name=\"description\" content=\"Amina Priscille Longoh a e\u0301te\u0301 chaleureusement accueillie a\u0300 son arrive\u0301e dans cette province du sud du pays, en pre\u0301sen ...\" \/>\n<meta name=\"robots\" content=\"index, follow, max-snippet:-1, max-image-preview:large, max-video-preview:-1\" \/>\n<link rel=\"canonical\" href=\"https:\/\/www.africa-press.net\/tchad\/toutes-les-actualites\/37-chefs-de-canton-du-mandoul-recoivent-des-motos\" \/>\n<meta property=\"og:locale\" content=\"fr_FR\" \/>\n<meta property=\"og:type\" content=\"article\" \/>\n<meta property=\"og:title\" content=\"37 chefs de canton du Mandoul re\u00e7oivent des motos\" \/>\n<meta property=\"og:description\" content=\"Amina Priscille Longoh a e\u0301te\u0301 chaleureusement accueillie a\u0300 son arrive\u0301e dans cette province du sud du pays, en pre\u0301sen ...\" \/>\n<meta property=\"og:url\" content=\"https:\/\/www.africa-press.net\/tchad\/toutes-les-actualites\/37-chefs-de-canton-du-mandoul-recoivent-des-motos\" \/>\n<meta property=\"og:site_name\" content=\"tchad\" \/>\n<meta property=\"article:published_time\" content=\"2023-11-03T16:22:48+00:00\" \/>\n<meta property=\"article:modified_time\" content=\"2023-11-04T06:54:37+00:00\" \/>\n<meta property=\"og:image\" content=\"https:\/\/static.africa-press.net\/tchad\/sites\/41\/2023\/11\/sm_1699018729.143504.jpg\" \/>\n\t<meta property=\"og:image:width\" content=\"1080\" \/>\n\t<meta property=\"og:image:height\" content=\"716\" \/>\n\t<meta property=\"og:image:type\" content=\"image\/jpeg\" \/>\n<meta name=\"author\" content=\"cfeditorfr\" \/>\n<meta name=\"twitter:card\" content=\"summary_large_image\" \/>\n<meta name=\"twitter:label1\" content=\"\u00c9crit par\" \/>\n\t<meta name=\"twitter:data1\" content=\"cfeditorfr\" \/>\n\t<meta name=\"twitter:label2\" content=\"Dur\u00e9e de lecture estim\u00e9e\" \/>\n\t<meta name=\"twitter:data2\" content=\"1 minute\" \/>\n<script type=\"application\/ld+json\" class=\"yoast-schema-graph\">{\"@context\":\"https:\/\/schema.org\",\"@graph\":[{\"@type\":\"Article\",\"@id\":\"https:\/\/www.africa-press.net\/tchad\/toutes-les-actualites\/37-chefs-de-canton-du-mandoul-recoivent-des-motos#article\",\"isPartOf\":{\"@id\":\"https:\/\/www.africa-press.net\/tchad\/toutes-les-actualites\/37-chefs-de-canton-du-mandoul-recoivent-des-motos\"},\"author\":{\"name\":\"cfeditorfr\",\"@id\":\"https:\/\/www.africa-press.net\/tchad\/#\/schema\/person\/2b1cf3cd81a31e3cd26889ca66d677f1\"},\"headline\":\"37 chefs de canton du Mandoul re\u00e7oivent des motos\",\"datePublished\":\"2023-11-03T16:22:48+00:00\",\"dateModified\":\"2023-11-04T06:54:37+00:00\",\"mainEntityOfPage\":{\"@id\":\"https:\/\/www.africa-press.net\/tchad\/toutes-les-actualites\/37-chefs-de-canton-du-mandoul-recoivent-des-motos\"},\"wordCount\":212,\"commentCount\":0,\"image\":{\"@id\":\"https:\/\/www.africa-press.net\/tchad\/toutes-les-actualites\/37-chefs-de-canton-du-mandoul-recoivent-des-motos#primaryimage\"},\"thumbnailUrl\":\"https:\/\/static.africa-press.net\/tchad\/sites\/41\/2023\/11\/sm_1699018729.143504.jpg\",\"keywords\":[\"Africa Press\",\"Africa Press-Tchad\",\"Tchad\"],\"articleSection\":[\"Communaut\u00e9\",\"Toutes les actualit\u00e9s\"],\"inLanguage\":\"fr-FR\",\"potentialAction\":[{\"@type\":\"CommentAction\",\"name\":\"Comment\",\"target\":[\"https:\/\/www.africa-press.net\/tchad\/toutes-les-actualites\/37-chefs-de-canton-du-mandoul-recoivent-des-motos#respond\"]}]},{\"@type\":\"WebPage\",\"@id\":\"https:\/\/www.africa-press.net\/tchad\/toutes-les-actualites\/37-chefs-de-canton-du-mandoul-recoivent-des-motos\",\"url\":\"https:\/\/www.africa-press.net\/tchad\/toutes-les-actualites\/37-chefs-de-canton-du-mandoul-recoivent-des-motos\",\"name\":\"37 chefs de canton du Mandoul re\u00e7oivent des motos - tchad\",\"isPartOf\":{\"@id\":\"https:\/\/www.africa-press.net\/tchad\/#website\"},\"primaryImageOfPage\":{\"@id\":\"https:\/\/www.africa-press.net\/tchad\/toutes-les-actualites\/37-chefs-de-canton-du-mandoul-recoivent-des-motos#primaryimage\"},\"image\":{\"@id\":\"https:\/\/www.africa-press.net\/tchad\/toutes-les-actualites\/37-chefs-de-canton-du-mandoul-recoivent-des-motos#primaryimage\"},\"thumbnailUrl\":\"https:\/\/static.africa-press.net\/tchad\/sites\/41\/2023\/11\/sm_1699018729.143504.jpg\",\"datePublished\":\"2023-11-03T16:22:48+00:00\",\"dateModified\":\"2023-11-04T06:54:37+00:00\",\"author\":{\"@id\":\"https:\/\/www.africa-press.net\/tchad\/#\/schema\/person\/2b1cf3cd81a31e3cd26889ca66d677f1\"},\"description\":\"Amina Priscille Longoh a e\u0301te\u0301 chaleureusement accueillie a\u0300 son arrive\u0301e dans cette province du sud du pays, en pre\u0301sen ...\",\"breadcrumb\":{\"@id\":\"https:\/\/www.africa-press.net\/tchad\/toutes-les-actualites\/37-chefs-de-canton-du-mandoul-recoivent-des-motos#breadcrumb\"},\"inLanguage\":\"fr-FR\",\"potentialAction\":[{\"@type\":\"ReadAction\",\"target\":[\"https:\/\/www.africa-press.net\/tchad\/toutes-les-actualites\/37-chefs-de-canton-du-mandoul-recoivent-des-motos\"]}]},{\"@type\":\"ImageObject\",\"inLanguage\":\"fr-FR\",\"@id\":\"https:\/\/www.africa-press.net\/tchad\/toutes-les-actualites\/37-chefs-de-canton-du-mandoul-recoivent-des-motos#primaryimage\",\"url\":\"https:\/\/static.africa-press.net\/tchad\/sites\/41\/2023\/11\/sm_1699018729.143504.jpg\",\"contentUrl\":\"https:\/\/static.africa-press.net\/tchad\/sites\/41\/2023\/11\/sm_1699018729.143504.jpg\",\"width\":1080,\"height\":716,\"caption\":\"37 chefs de canton du Mandoul re\u00e7oivent des motos\"},{\"@type\":\"BreadcrumbList\",\"@id\":\"https:\/\/www.africa-press.net\/tchad\/toutes-les-actualites\/37-chefs-de-canton-du-mandoul-recoivent-des-motos#breadcrumb\",\"itemListElement\":[{\"@type\":\"ListItem\",\"position\":1,\"name\":\"Accueil\",\"item\":\"https:\/\/www.africa-press.net\/tchad\/\"},{\"@type\":\"ListItem\",\"position\":2,\"name\":\"37 chefs de canton du Mandoul re\u00e7oivent des motos\"}]},{\"@type\":\"WebSite\",\"@id\":\"https:\/\/www.africa-press.net\/tchad\/#website\",\"url\":\"https:\/\/www.africa-press.net\/tchad\/\",\"name\":\"tchad\",\"description\":\"Just another Africa News Agency Sites site\",\"potentialAction\":[{\"@type\":\"SearchAction\",\"target\":{\"@type\":\"EntryPoint\",\"urlTemplate\":\"https:\/\/www.africa-press.net\/tchad\/?s={search_term_string}\"},\"query-input\":{\"@type\":\"PropertyValueSpecification\",\"valueRequired\":true,\"valueName\":\"search_term_string\"}}],\"inLanguage\":\"fr-FR\"},{\"@type\":\"Person\",\"@id\":\"https:\/\/www.africa-press.net\/tchad\/#\/schema\/person\/2b1cf3cd81a31e3cd26889ca66d677f1\",\"name\":\"cfeditorfr\"}]}<\/script>\n<!-- \/ Yoast SEO Premium plugin. -->","yoast_head_json":{"title":"37 chefs de canton du Mandoul re\u00e7oivent des motos - tchad","description":"Amina Priscille Longoh a e\u0301te\u0301 chaleureusement accueillie a\u0300 son arrive\u0301e dans cette province du sud du pays, en pre\u0301sen ...","robots":{"index":"index","follow":"follow","max-snippet":"max-snippet:-1","max-image-preview":"max-image-preview:large","max-video-preview":"max-video-preview:-1"},"canonical":"https:\/\/www.africa-press.net\/tchad\/toutes-les-actualites\/37-chefs-de-canton-du-mandoul-recoivent-des-motos","og_locale":"fr_FR","og_type":"article","og_title":"37 chefs de canton du Mandoul re\u00e7oivent des motos","og_description":"Amina Priscille Longoh a e\u0301te\u0301 chaleureusement accueillie a\u0300 son arrive\u0301e dans cette province du sud du pays, en pre\u0301sen ...","og_url":"https:\/\/www.africa-press.net\/tchad\/toutes-les-actualites\/37-chefs-de-canton-du-mandoul-recoivent-des-motos","og_site_name":"tchad","article_published_time":"2023-11-03T16:22:48+00:00","article_modified_time":"2023-11-04T06:54:37+00:00","og_image":[{"width":1080,"height":716,"url":"https:\/\/static.africa-press.net\/tchad\/sites\/41\/2023\/11\/sm_1699018729.143504.jpg","type":"image\/jpeg"}],"author":"cfeditorfr","twitter_card":"summary_large_image","twitter_misc":{"\u00c9crit par":"cfeditorfr","Dur\u00e9e de lecture estim\u00e9e":"1 minute"},"schema":{"@context":"https:\/\/schema.org","@graph":[{"@type":"Article","@id":"https:\/\/www.africa-press.net\/tchad\/toutes-les-actualites\/37-chefs-de-canton-du-mandoul-recoivent-des-motos#article","isPartOf":{"@id":"https:\/\/www.africa-press.net\/tchad\/toutes-les-actualites\/37-chefs-de-canton-du-mandoul-recoivent-des-motos"},"author":{"name":"cfeditorfr","@id":"https:\/\/www.africa-press.net\/tchad\/#\/schema\/person\/2b1cf3cd81a31e3cd26889ca66d677f1"},"headline":"37 chefs de canton du Mandoul re\u00e7oivent des motos","datePublished":"2023-11-03T16:22:48+00:00","dateModified":"2023-11-04T06:54:37+00:00","mainEntityOfPage":{"@id":"https:\/\/www.africa-press.net\/tchad\/toutes-les-actualites\/37-chefs-de-canton-du-mandoul-recoivent-des-motos"},"wordCount":212,"commentCount":0,"image":{"@id":"https:\/\/www.africa-press.net\/tchad\/toutes-les-actualites\/37-chefs-de-canton-du-mandoul-recoivent-des-motos#primaryimage"},"thumbnailUrl":"https:\/\/static.africa-press.net\/tchad\/sites\/41\/2023\/11\/sm_1699018729.143504.jpg","keywords":["Africa Press","Africa Press-Tchad","Tchad"],"articleSection":["Communaut\u00e9","Toutes les actualit\u00e9s"],"inLanguage":"fr-FR","potentialAction":[{"@type":"CommentAction","name":"Comment","target":["https:\/\/www.africa-press.net\/tchad\/toutes-les-actualites\/37-chefs-de-canton-du-mandoul-recoivent-des-motos#respond"]}]},{"@type":"WebPage","@id":"https:\/\/www.africa-press.net\/tchad\/toutes-les-actualites\/37-chefs-de-canton-du-mandoul-recoivent-des-motos","url":"https:\/\/www.africa-press.net\/tchad\/toutes-les-actualites\/37-chefs-de-canton-du-mandoul-recoivent-des-motos","name":"37 chefs de canton du Mandoul re\u00e7oivent des motos - tchad","isPartOf":{"@id":"https:\/\/www.africa-press.net\/tchad\/#website"},"primaryImageOfPage":{"@id":"https:\/\/www.africa-press.net\/tchad\/toutes-les-actualites\/37-chefs-de-canton-du-mandoul-recoivent-des-motos#primaryimage"},"image":{"@id":"https:\/\/www.africa-press.net\/tchad\/toutes-les-actualites\/37-chefs-de-canton-du-mandoul-recoivent-des-motos#primaryimage"},"thumbnailUrl":"https:\/\/static.africa-press.net\/tchad\/sites\/41\/2023\/11\/sm_1699018729.143504.jpg","datePublished":"2023-11-03T16:22:48+00:00","dateModified":"2023-11-04T06:54:37+00:00","author":{"@id":"https:\/\/www.africa-press.net\/tchad\/#\/schema\/person\/2b1cf3cd81a31e3cd26889ca66d677f1"},"description":"Amina Priscille Longoh a e\u0301te\u0301 chaleureusement accueillie a\u0300 son arrive\u0301e dans cette province du sud du pays, en pre\u0301sen ...","breadcrumb":{"@id":"https:\/\/www.africa-press.net\/tchad\/toutes-les-actualites\/37-chefs-de-canton-du-mandoul-recoivent-des-motos#breadcrumb"},"inLanguage":"fr-FR","potentialAction":[{"@type":"ReadAction","target":["https:\/\/www.africa-press.net\/tchad\/toutes-les-actualites\/37-chefs-de-canton-du-mandoul-recoivent-des-motos"]}]},{"@type":"ImageObject","inLanguage":"fr-FR","@id":"https:\/\/www.africa-press.net\/tchad\/toutes-les-actualites\/37-chefs-de-canton-du-mandoul-recoivent-des-motos#primaryimage","url":"https:\/\/static.africa-press.net\/tchad\/sites\/41\/2023\/11\/sm_1699018729.143504.jpg","contentUrl":"https:\/\/static.africa-press.net\/tchad\/sites\/41\/2023\/11\/sm_1699018729.143504.jpg","width":1080,"height":716,"caption":"37 chefs de canton du Mandoul re\u00e7oivent des motos"},{"@type":"BreadcrumbList","@id":"https:\/\/www.africa-press.net\/tchad\/toutes-les-actualites\/37-chefs-de-canton-du-mandoul-recoivent-des-motos#breadcrumb","itemListElement":[{"@type":"ListItem","position":1,"name":"Accueil","item":"https:\/\/www.africa-press.net\/tchad\/"},{"@type":"ListItem","position":2,"name":"37 chefs de canton du Mandoul re\u00e7oivent des motos"}]},{"@type":"WebSite","@id":"https:\/\/www.africa-press.net\/tchad\/#website","url":"https:\/\/www.africa-press.net\/tchad\/","name":"tchad","description":"Just another Africa News Agency Sites site","potentialAction":[{"@type":"SearchAction","target":{"@type":"EntryPoint","urlTemplate":"https:\/\/www.africa-press.net\/tchad\/?s={search_term_string}"},"query-input":{"@type":"PropertyValueSpecification","valueRequired":true,"valueName":"search_term_string"}}],"inLanguage":"fr-FR"},{"@type":"Person","@id":"https:\/\/www.africa-press.net\/tchad\/#\/schema\/person\/2b1cf3cd81a31e3cd26889ca66d677f1","name":"cfeditorfr"}]}},"_links":{"self":[{"href":"https:\/\/www.africa-press.net\/tchad\/wp-json\/wp\/v2\/posts\/53402","targetHints":{"allow":["GET"]}}],"collection":[{"href":"https:\/\/www.africa-press.net\/tchad\/wp-json\/wp\/v2\/posts"}],"about":[{"href":"https:\/\/www.africa-press.net\/tchad\/wp-json\/wp\/v2\/types\/post"}],"author":[{"embeddable":true,"href":"https:\/\/www.africa-press.net\/tchad\/wp-json\/wp\/v2\/users\/82"}],"replies":[{"embeddable":true,"href":"https:\/\/www.africa-press.net\/tchad\/wp-json\/wp\/v2\/comments?post=53402"}],"version-history":[{"count":0,"href":"https:\/\/www.africa-press.net\/tchad\/wp-json\/wp\/v2\/posts\/53402\/revisions"}],"wp:featuredmedia":[{"embeddable":true,"href":"https:\/\/www.africa-press.net\/tchad\/wp-json\/wp\/v2\/media\/53401"}],"wp:attachment":[{"href":"https:\/\/www.africa-press.net\/tchad\/wp-json\/wp\/v2\/media?parent=53402"}],"wp:term":[{"taxonomy":"category","embeddable":true,"href":"https:\/\/www.africa-press.net\/tchad\/wp-json\/wp\/v2\/categories?post=53402"},{"taxonomy":"post_tag","embeddable":true,"href":"https:\/\/www.africa-press.net\/tchad\/wp-json\/wp\/v2\/tags?post=53402"}],"curies":[{"name":"wp","href":"https:\/\/api.w.org\/{rel}","templated":true}]}}