{"id":53418,"date":"2023-11-03T16:29:33","date_gmt":"2023-11-03T16:29:33","guid":{"rendered":"https:\/\/www.africa-press.net\/tchad\/politique\/au-guera-des-femmes-mediatrices-formees-pour-une-paix-durable"},"modified":"2023-11-04T07:02:19","modified_gmt":"2023-11-04T07:02:19","slug":"au-guera-des-femmes-mediatrices-formees-pour-une-paix-durable","status":"publish","type":"post","link":"https:\/\/www.africa-press.net\/tchad\/toutes-les-actualites\/au-guera-des-femmes-mediatrices-formees-pour-une-paix-durable","title":{"rendered":"au Guera, des femmes m\u00e9diatrices form\u00e9es pour une paix durable"},"content":{"rendered":"<p><span style=\"color: #ff6600\"><strong>Africa-Press &#8211; Tchad. <\/strong><\/span>Ce 3 novembre 2023, la Coalition des Fermes Tchadiennes Me\u0301diatrices pour la Paix Durable a organise\u0301 un atelier de formation des me\u0301diatrices au Centre de Formation Adetic.<\/p>\n<p>Cet e\u0301ve\u0301nement s&rsquo;inscrit dans le cadre du projet visant a\u0300 renforcer les compe\u0301tences en me\u0301diation, pre\u0301vention et gestion des conflits communautaires. Les participantes sont venues des provinces du Guera, du Batha, du Salamat et de Bahr-El Gazal.<\/p>\n<p>La ce\u0301re\u0301monie e\u0301tait pre\u0301side\u0301e par le pre\u0301fet du de\u0301partement du Guera, Salahadine Ahmat Mht, en pre\u0301sence de ses proches collaborateurs.<\/p>\n<p>Apre\u0300s le discours de la pre\u0301sidente du comite\u0301 d&rsquo;organisation, Azzala Abdoulaye, la maire de la commune de Mongo, Achta Adoum, s&rsquo;est re\u0301jouie de la tenue de cette formation. Pour sa part, Mme Deroum Deroumbou Rebecca, chef de mission, a informe\u0301 les participantes sur le contexte du projet de mise en \u0153uvre.<\/p>\n<p>Dans son discours d&rsquo;ouverture, le pre\u0301fet du de\u0301partement du Guera, Salahadine Ahmat Mht, a invite\u0301 toutes les participantes a\u0300 faire preuve d&rsquo;assiduite\u0301, afin d&rsquo;e\u0302tre correctement forme\u0301es.<\/p>\n<p><strong>Pour plus d&rsquo;informations et d&rsquo;analyses sur la <a href=\"https:\/\/www.africa-press.net\/tchad\">Tchad<\/a>, suivez <a href=\"https:\/\/www.africa-press.net\/\">Africa-Press<\/a><\/strong><\/p>\n","protected":false},"excerpt":{"rendered":"<p>Africa-Press &#8211; Tchad. Ce 3 novembre 2023, la Coalition des Fermes Tchadiennes Me\u0301diatrices pour la Paix Durable a organise\u0301 un atelier de formation des me\u0301diatrices au Centre de Formation Adetic. Cet e\u0301ve\u0301nement s&rsquo;inscrit dans le cadre du projet visant a\u0300 renforcer les compe\u0301tences en me\u0301diation, pre\u0301vention et gestion des conflits communautaires. Les participantes sont venues [&hellip;]<\/p>\n","protected":false},"author":82,"featured_media":53417,"comment_status":"open","ping_status":"closed","sticky":false,"template":"","format":"standard","meta":{"footnotes":""},"categories":[21,10],"tags":[37,292,29],"class_list":["post-53418","post","type-post","status-publish","format-standard","has-post-thumbnail","hentry","category-communaute","category-toutes-les-actualites","tag-africa-press","tag-africa-press-tchad","tag-tchad"],"yoast_head":"<!-- This site is optimized with the Yoast SEO Premium plugin v26.1 (Yoast SEO v27.0) - https:\/\/yoast.com\/product\/yoast-seo-premium-wordpress\/ -->\n<title>au Guera, des femmes m\u00e9diatrices form\u00e9es pour une paix durable - tchad<\/title>\n<meta name=\"description\" content=\"Ce 3 novembre 2023, la Coalition des Fermes Tchadiennes Me\u0301diatrices pour la Paix Durable a organise\u0301 un atelier de form ...\" \/>\n<meta name=\"robots\" content=\"index, follow, max-snippet:-1, max-image-preview:large, max-video-preview:-1\" \/>\n<link rel=\"canonical\" href=\"https:\/\/www.africa-press.net\/tchad\/toutes-les-actualites\/au-guera-des-femmes-mediatrices-formees-pour-une-paix-durable\" \/>\n<meta property=\"og:locale\" content=\"fr_FR\" \/>\n<meta property=\"og:type\" content=\"article\" \/>\n<meta property=\"og:title\" content=\"au Guera, des femmes m\u00e9diatrices form\u00e9es pour une paix durable\" \/>\n<meta property=\"og:description\" content=\"Ce 3 novembre 2023, la Coalition des Fermes Tchadiennes Me\u0301diatrices pour la Paix Durable a organise\u0301 un atelier de form ...\" \/>\n<meta property=\"og:url\" content=\"https:\/\/www.africa-press.net\/tchad\/toutes-les-actualites\/au-guera-des-femmes-mediatrices-formees-pour-une-paix-durable\" \/>\n<meta property=\"og:site_name\" content=\"tchad\" \/>\n<meta property=\"article:published_time\" content=\"2023-11-03T16:29:33+00:00\" \/>\n<meta property=\"article:modified_time\" content=\"2023-11-04T07:02:19+00:00\" \/>\n<meta property=\"og:image\" content=\"https:\/\/static.africa-press.net\/tchad\/sites\/41\/2023\/11\/sm_1699018941.551305.jpg\" \/>\n\t<meta property=\"og:image:width\" content=\"720\" \/>\n\t<meta property=\"og:image:height\" content=\"323\" \/>\n\t<meta property=\"og:image:type\" content=\"image\/jpeg\" \/>\n<meta name=\"author\" content=\"cfeditorfr\" \/>\n<meta name=\"twitter:card\" content=\"summary_large_image\" \/>\n<meta name=\"twitter:label1\" content=\"\u00c9crit par\" \/>\n\t<meta name=\"twitter:data1\" content=\"cfeditorfr\" \/>\n\t<meta name=\"twitter:label2\" content=\"Dur\u00e9e de lecture estim\u00e9e\" \/>\n\t<meta name=\"twitter:data2\" content=\"1 minute\" \/>\n<script type=\"application\/ld+json\" class=\"yoast-schema-graph\">{\"@context\":\"https:\/\/schema.org\",\"@graph\":[{\"@type\":\"Article\",\"@id\":\"https:\/\/www.africa-press.net\/tchad\/toutes-les-actualites\/au-guera-des-femmes-mediatrices-formees-pour-une-paix-durable#article\",\"isPartOf\":{\"@id\":\"https:\/\/www.africa-press.net\/tchad\/toutes-les-actualites\/au-guera-des-femmes-mediatrices-formees-pour-une-paix-durable\"},\"author\":{\"name\":\"cfeditorfr\",\"@id\":\"https:\/\/www.africa-press.net\/tchad\/#\/schema\/person\/2b1cf3cd81a31e3cd26889ca66d677f1\"},\"headline\":\"au Guera, des femmes m\u00e9diatrices form\u00e9es pour une paix durable\",\"datePublished\":\"2023-11-03T16:29:33+00:00\",\"dateModified\":\"2023-11-04T07:02:19+00:00\",\"mainEntityOfPage\":{\"@id\":\"https:\/\/www.africa-press.net\/tchad\/toutes-les-actualites\/au-guera-des-femmes-mediatrices-formees-pour-une-paix-durable\"},\"wordCount\":214,\"commentCount\":0,\"image\":{\"@id\":\"https:\/\/www.africa-press.net\/tchad\/toutes-les-actualites\/au-guera-des-femmes-mediatrices-formees-pour-une-paix-durable#primaryimage\"},\"thumbnailUrl\":\"https:\/\/static.africa-press.net\/tchad\/sites\/41\/2023\/11\/sm_1699018941.551305.jpg\",\"keywords\":[\"Africa Press\",\"Africa Press-Tchad\",\"Tchad\"],\"articleSection\":[\"Communaut\u00e9\",\"Toutes les actualit\u00e9s\"],\"inLanguage\":\"fr-FR\",\"potentialAction\":[{\"@type\":\"CommentAction\",\"name\":\"Comment\",\"target\":[\"https:\/\/www.africa-press.net\/tchad\/toutes-les-actualites\/au-guera-des-femmes-mediatrices-formees-pour-une-paix-durable#respond\"]}]},{\"@type\":\"WebPage\",\"@id\":\"https:\/\/www.africa-press.net\/tchad\/toutes-les-actualites\/au-guera-des-femmes-mediatrices-formees-pour-une-paix-durable\",\"url\":\"https:\/\/www.africa-press.net\/tchad\/toutes-les-actualites\/au-guera-des-femmes-mediatrices-formees-pour-une-paix-durable\",\"name\":\"au Guera, des femmes m\u00e9diatrices form\u00e9es pour une paix durable - tchad\",\"isPartOf\":{\"@id\":\"https:\/\/www.africa-press.net\/tchad\/#website\"},\"primaryImageOfPage\":{\"@id\":\"https:\/\/www.africa-press.net\/tchad\/toutes-les-actualites\/au-guera-des-femmes-mediatrices-formees-pour-une-paix-durable#primaryimage\"},\"image\":{\"@id\":\"https:\/\/www.africa-press.net\/tchad\/toutes-les-actualites\/au-guera-des-femmes-mediatrices-formees-pour-une-paix-durable#primaryimage\"},\"thumbnailUrl\":\"https:\/\/static.africa-press.net\/tchad\/sites\/41\/2023\/11\/sm_1699018941.551305.jpg\",\"datePublished\":\"2023-11-03T16:29:33+00:00\",\"dateModified\":\"2023-11-04T07:02:19+00:00\",\"author\":{\"@id\":\"https:\/\/www.africa-press.net\/tchad\/#\/schema\/person\/2b1cf3cd81a31e3cd26889ca66d677f1\"},\"description\":\"Ce 3 novembre 2023, la Coalition des Fermes Tchadiennes Me\u0301diatrices pour la Paix Durable a organise\u0301 un atelier de form ...\",\"breadcrumb\":{\"@id\":\"https:\/\/www.africa-press.net\/tchad\/toutes-les-actualites\/au-guera-des-femmes-mediatrices-formees-pour-une-paix-durable#breadcrumb\"},\"inLanguage\":\"fr-FR\",\"potentialAction\":[{\"@type\":\"ReadAction\",\"target\":[\"https:\/\/www.africa-press.net\/tchad\/toutes-les-actualites\/au-guera-des-femmes-mediatrices-formees-pour-une-paix-durable\"]}]},{\"@type\":\"ImageObject\",\"inLanguage\":\"fr-FR\",\"@id\":\"https:\/\/www.africa-press.net\/tchad\/toutes-les-actualites\/au-guera-des-femmes-mediatrices-formees-pour-une-paix-durable#primaryimage\",\"url\":\"https:\/\/static.africa-press.net\/tchad\/sites\/41\/2023\/11\/sm_1699018941.551305.jpg\",\"contentUrl\":\"https:\/\/static.africa-press.net\/tchad\/sites\/41\/2023\/11\/sm_1699018941.551305.jpg\",\"width\":720,\"height\":323,\"caption\":\"au Guera, des femmes m\u00e9diatrices form\u00e9es pour une paix durable\"},{\"@type\":\"BreadcrumbList\",\"@id\":\"https:\/\/www.africa-press.net\/tchad\/toutes-les-actualites\/au-guera-des-femmes-mediatrices-formees-pour-une-paix-durable#breadcrumb\",\"itemListElement\":[{\"@type\":\"ListItem\",\"position\":1,\"name\":\"Accueil\",\"item\":\"https:\/\/www.africa-press.net\/tchad\/\"},{\"@type\":\"ListItem\",\"position\":2,\"name\":\"au Guera, des femmes m\u00e9diatrices form\u00e9es pour une paix durable\"}]},{\"@type\":\"WebSite\",\"@id\":\"https:\/\/www.africa-press.net\/tchad\/#website\",\"url\":\"https:\/\/www.africa-press.net\/tchad\/\",\"name\":\"tchad\",\"description\":\"Just another Africa News Agency Sites site\",\"potentialAction\":[{\"@type\":\"SearchAction\",\"target\":{\"@type\":\"EntryPoint\",\"urlTemplate\":\"https:\/\/www.africa-press.net\/tchad\/?s={search_term_string}\"},\"query-input\":{\"@type\":\"PropertyValueSpecification\",\"valueRequired\":true,\"valueName\":\"search_term_string\"}}],\"inLanguage\":\"fr-FR\"},{\"@type\":\"Person\",\"@id\":\"https:\/\/www.africa-press.net\/tchad\/#\/schema\/person\/2b1cf3cd81a31e3cd26889ca66d677f1\",\"name\":\"cfeditorfr\"}]}<\/script>\n<!-- \/ Yoast SEO Premium plugin. -->","yoast_head_json":{"title":"au Guera, des femmes m\u00e9diatrices form\u00e9es pour une paix durable - tchad","description":"Ce 3 novembre 2023, la Coalition des Fermes Tchadiennes Me\u0301diatrices pour la Paix Durable a organise\u0301 un atelier de form ...","robots":{"index":"index","follow":"follow","max-snippet":"max-snippet:-1","max-image-preview":"max-image-preview:large","max-video-preview":"max-video-preview:-1"},"canonical":"https:\/\/www.africa-press.net\/tchad\/toutes-les-actualites\/au-guera-des-femmes-mediatrices-formees-pour-une-paix-durable","og_locale":"fr_FR","og_type":"article","og_title":"au Guera, des femmes m\u00e9diatrices form\u00e9es pour une paix durable","og_description":"Ce 3 novembre 2023, la Coalition des Fermes Tchadiennes Me\u0301diatrices pour la Paix Durable a organise\u0301 un atelier de form ...","og_url":"https:\/\/www.africa-press.net\/tchad\/toutes-les-actualites\/au-guera-des-femmes-mediatrices-formees-pour-une-paix-durable","og_site_name":"tchad","article_published_time":"2023-11-03T16:29:33+00:00","article_modified_time":"2023-11-04T07:02:19+00:00","og_image":[{"width":720,"height":323,"url":"https:\/\/static.africa-press.net\/tchad\/sites\/41\/2023\/11\/sm_1699018941.551305.jpg","type":"image\/jpeg"}],"author":"cfeditorfr","twitter_card":"summary_large_image","twitter_misc":{"\u00c9crit par":"cfeditorfr","Dur\u00e9e de lecture estim\u00e9e":"1 minute"},"schema":{"@context":"https:\/\/schema.org","@graph":[{"@type":"Article","@id":"https:\/\/www.africa-press.net\/tchad\/toutes-les-actualites\/au-guera-des-femmes-mediatrices-formees-pour-une-paix-durable#article","isPartOf":{"@id":"https:\/\/www.africa-press.net\/tchad\/toutes-les-actualites\/au-guera-des-femmes-mediatrices-formees-pour-une-paix-durable"},"author":{"name":"cfeditorfr","@id":"https:\/\/www.africa-press.net\/tchad\/#\/schema\/person\/2b1cf3cd81a31e3cd26889ca66d677f1"},"headline":"au Guera, des femmes m\u00e9diatrices form\u00e9es pour une paix durable","datePublished":"2023-11-03T16:29:33+00:00","dateModified":"2023-11-04T07:02:19+00:00","mainEntityOfPage":{"@id":"https:\/\/www.africa-press.net\/tchad\/toutes-les-actualites\/au-guera-des-femmes-mediatrices-formees-pour-une-paix-durable"},"wordCount":214,"commentCount":0,"image":{"@id":"https:\/\/www.africa-press.net\/tchad\/toutes-les-actualites\/au-guera-des-femmes-mediatrices-formees-pour-une-paix-durable#primaryimage"},"thumbnailUrl":"https:\/\/static.africa-press.net\/tchad\/sites\/41\/2023\/11\/sm_1699018941.551305.jpg","keywords":["Africa Press","Africa Press-Tchad","Tchad"],"articleSection":["Communaut\u00e9","Toutes les actualit\u00e9s"],"inLanguage":"fr-FR","potentialAction":[{"@type":"CommentAction","name":"Comment","target":["https:\/\/www.africa-press.net\/tchad\/toutes-les-actualites\/au-guera-des-femmes-mediatrices-formees-pour-une-paix-durable#respond"]}]},{"@type":"WebPage","@id":"https:\/\/www.africa-press.net\/tchad\/toutes-les-actualites\/au-guera-des-femmes-mediatrices-formees-pour-une-paix-durable","url":"https:\/\/www.africa-press.net\/tchad\/toutes-les-actualites\/au-guera-des-femmes-mediatrices-formees-pour-une-paix-durable","name":"au Guera, des femmes m\u00e9diatrices form\u00e9es pour une paix durable - tchad","isPartOf":{"@id":"https:\/\/www.africa-press.net\/tchad\/#website"},"primaryImageOfPage":{"@id":"https:\/\/www.africa-press.net\/tchad\/toutes-les-actualites\/au-guera-des-femmes-mediatrices-formees-pour-une-paix-durable#primaryimage"},"image":{"@id":"https:\/\/www.africa-press.net\/tchad\/toutes-les-actualites\/au-guera-des-femmes-mediatrices-formees-pour-une-paix-durable#primaryimage"},"thumbnailUrl":"https:\/\/static.africa-press.net\/tchad\/sites\/41\/2023\/11\/sm_1699018941.551305.jpg","datePublished":"2023-11-03T16:29:33+00:00","dateModified":"2023-11-04T07:02:19+00:00","author":{"@id":"https:\/\/www.africa-press.net\/tchad\/#\/schema\/person\/2b1cf3cd81a31e3cd26889ca66d677f1"},"description":"Ce 3 novembre 2023, la Coalition des Fermes Tchadiennes Me\u0301diatrices pour la Paix Durable a organise\u0301 un atelier de form ...","breadcrumb":{"@id":"https:\/\/www.africa-press.net\/tchad\/toutes-les-actualites\/au-guera-des-femmes-mediatrices-formees-pour-une-paix-durable#breadcrumb"},"inLanguage":"fr-FR","potentialAction":[{"@type":"ReadAction","target":["https:\/\/www.africa-press.net\/tchad\/toutes-les-actualites\/au-guera-des-femmes-mediatrices-formees-pour-une-paix-durable"]}]},{"@type":"ImageObject","inLanguage":"fr-FR","@id":"https:\/\/www.africa-press.net\/tchad\/toutes-les-actualites\/au-guera-des-femmes-mediatrices-formees-pour-une-paix-durable#primaryimage","url":"https:\/\/static.africa-press.net\/tchad\/sites\/41\/2023\/11\/sm_1699018941.551305.jpg","contentUrl":"https:\/\/static.africa-press.net\/tchad\/sites\/41\/2023\/11\/sm_1699018941.551305.jpg","width":720,"height":323,"caption":"au Guera, des femmes m\u00e9diatrices form\u00e9es pour une paix durable"},{"@type":"BreadcrumbList","@id":"https:\/\/www.africa-press.net\/tchad\/toutes-les-actualites\/au-guera-des-femmes-mediatrices-formees-pour-une-paix-durable#breadcrumb","itemListElement":[{"@type":"ListItem","position":1,"name":"Accueil","item":"https:\/\/www.africa-press.net\/tchad\/"},{"@type":"ListItem","position":2,"name":"au Guera, des femmes m\u00e9diatrices form\u00e9es pour une paix durable"}]},{"@type":"WebSite","@id":"https:\/\/www.africa-press.net\/tchad\/#website","url":"https:\/\/www.africa-press.net\/tchad\/","name":"tchad","description":"Just another Africa News Agency Sites site","potentialAction":[{"@type":"SearchAction","target":{"@type":"EntryPoint","urlTemplate":"https:\/\/www.africa-press.net\/tchad\/?s={search_term_string}"},"query-input":{"@type":"PropertyValueSpecification","valueRequired":true,"valueName":"search_term_string"}}],"inLanguage":"fr-FR"},{"@type":"Person","@id":"https:\/\/www.africa-press.net\/tchad\/#\/schema\/person\/2b1cf3cd81a31e3cd26889ca66d677f1","name":"cfeditorfr"}]}},"_links":{"self":[{"href":"https:\/\/www.africa-press.net\/tchad\/wp-json\/wp\/v2\/posts\/53418","targetHints":{"allow":["GET"]}}],"collection":[{"href":"https:\/\/www.africa-press.net\/tchad\/wp-json\/wp\/v2\/posts"}],"about":[{"href":"https:\/\/www.africa-press.net\/tchad\/wp-json\/wp\/v2\/types\/post"}],"author":[{"embeddable":true,"href":"https:\/\/www.africa-press.net\/tchad\/wp-json\/wp\/v2\/users\/82"}],"replies":[{"embeddable":true,"href":"https:\/\/www.africa-press.net\/tchad\/wp-json\/wp\/v2\/comments?post=53418"}],"version-history":[{"count":0,"href":"https:\/\/www.africa-press.net\/tchad\/wp-json\/wp\/v2\/posts\/53418\/revisions"}],"wp:featuredmedia":[{"embeddable":true,"href":"https:\/\/www.africa-press.net\/tchad\/wp-json\/wp\/v2\/media\/53417"}],"wp:attachment":[{"href":"https:\/\/www.africa-press.net\/tchad\/wp-json\/wp\/v2\/media?parent=53418"}],"wp:term":[{"taxonomy":"category","embeddable":true,"href":"https:\/\/www.africa-press.net\/tchad\/wp-json\/wp\/v2\/categories?post=53418"},{"taxonomy":"post_tag","embeddable":true,"href":"https:\/\/www.africa-press.net\/tchad\/wp-json\/wp\/v2\/tags?post=53418"}],"curies":[{"name":"wp","href":"https:\/\/api.w.org\/{rel}","templated":true}]}}