{"id":53465,"date":"2023-11-04T16:25:58","date_gmt":"2023-11-04T16:25:58","guid":{"rendered":"https:\/\/www.africa-press.net\/tchad\/politique\/un-seminaire-sur-lappropriation-du-projet-de-constitution-sous-legide-de-lalliance"},"modified":"2023-11-04T17:07:41","modified_gmt":"2023-11-04T17:07:41","slug":"un-seminaire-sur-lappropriation-du-projet-de-constitution-sous-legide-de-lalliance","status":"publish","type":"post","link":"https:\/\/www.africa-press.net\/tchad\/politique\/un-seminaire-sur-lappropriation-du-projet-de-constitution-sous-legide-de-lalliance","title":{"rendered":"un s\u00e9minaire sur l&rsquo;appropriation du projet de Constitution sous l\u2019\u00e9gide de l\u2019Alliance"},"content":{"rendered":"<p><span style=\"color: #ff6600\"><strong>Africa-Press &#8211; Tchad. <\/strong><\/span>Le 3 novembre 2023 a marque\u0301 le de\u0301but du se\u0301minaire de trois jours qui s&rsquo;est tenu au Palais des Arts et de la Culture, consacre\u0301 a\u0300 la compre\u0301hension du contenu du projet de constitution au Tchad. Le coup d&rsquo;envoi de cet e\u0301ve\u0301nement a e\u0301te\u0301 donne\u0301 par Dr Haroun Kabadi, le chef de file de l&rsquo;Alliance.<\/p>\n<p>Ce se\u0301minaire s&rsquo;est concentre\u0301 sur la question de la forme de l&rsquo;E\u0301tat unitaire de\u0301centralise\u0301, un concept que le parti de l&rsquo;Alliance soutient de manie\u0300re ine\u0301branlable. Dr Nasra Djimasngar, le coordinateur du Cadre National de Concertation des Partis Politiques, a exhorte\u0301 les Tchadiens a\u0300 renoncer a\u0300 la violence et a\u0300 privile\u0301gier le dialogue.<\/p>\n<p>Il a cite\u0301 une de\u0301claration ce\u0301le\u0300bre de l&rsquo;artiste tchadien, le regrette\u0301 Talino Manu, en disant : \u00ab Un adversaire politique n&rsquo;est pas un ennemi \u00bb. Il a souligne\u0301 que, quelle que soit l&rsquo;issue du re\u0301fe\u0301rendum, cela ne devrait pas e\u0302tre une occasion de conflit ou de lutte, car la de\u0301cision sur la forme de l&rsquo;E\u0301tat doit avant tout servir le bien-e\u0302tre de la population.<\/p>\n<p>Dans son discours, Dr Haroun Kabadi, chef de file de l&rsquo;Alliance, a rappele\u0301 que le 17 de\u0301cembre 2023 est une date tre\u0300s attendue qui marquera l&rsquo;histoire politique du Tchad, car il s&rsquo;agit du re\u0301fe\u0301rendum constitutionnel, un e\u0301ve\u0301nement historique. Il a souligne\u0301 que plus de 200 partis politiques ont adhe\u0301re\u0301 a\u0300 l&rsquo;Alliance pour e\u0301tablir un cadre de\u0301mocratique.<\/p>\n<p>Selon lui, cette Alliance est un regroupement de partis politiques qui ne se replient pas sur eux-me\u0302mes, mais qui sont ouverts a\u0300 d&rsquo;autres entite\u0301s politiques partageant leurs ide\u0301aux. Il a insiste\u0301 sur le fait que l&rsquo;Alliance n&rsquo;est pas un mouvement de lutte contre des adversaires ou des ennemis, mais pluto\u0302t un vecteur ide\u0301al pour une contribution noble.<\/p>\n<p>Dr Kabadi a explique\u0301 que le re\u0301fe\u0301rendum constitutionnel de 2023 est d&rsquo;une importance capitale car il intervient a\u0300 un moment ou\u0300 la principale pre\u0301occupation de chacun est la de\u0301fense de la de\u0301mocratie et de la justice, a\u0300 travers un pacte social re\u0301pondant ve\u0301ritablement aux aspirations le\u0301gitimes des Tchadiens.<\/p>\n<p>Il a note\u0301 la pre\u0301sence d&rsquo;experts dans le domaine pour garantir le succe\u0300s du se\u0301minaire de trois jours, en fournissant des connaissances pe\u0301dagogiques et politiques essentielles. Gra\u0302ce a\u0300 cette Alliance, le Dr Haroun Kabadi se montre confiant et optimiste quant a\u0300 l&rsquo;adoption de la forme d&rsquo;E\u0301tat unitaire de\u0301centralise\u0301, une option qu&rsquo;il estime approprie\u0301e pour l&rsquo;ensemble des Tchadiens.<\/p>\n<p>Enfin, il a exhorte\u0301 les Tchadiens a\u0300 saisir cette opportunite\u0301 pour montrer au monde entier que le Tchad est un pays uni et indivisible.<\/p>\n<p><strong>Pour plus d&rsquo;informations et d&rsquo;analyses sur la <a href=\"https:\/\/www.africa-press.net\/tchad\">Tchad<\/a>, suivez <a href=\"https:\/\/www.africa-press.net\/\">Africa-Press<\/a><\/strong><\/p>\n","protected":false},"excerpt":{"rendered":"<p>Africa-Press &#8211; Tchad. Le 3 novembre 2023 a marque\u0301 le de\u0301but du se\u0301minaire de trois jours qui s&rsquo;est tenu au Palais des Arts et de la Culture, consacre\u0301 a\u0300 la compre\u0301hension du contenu du projet de constitution au Tchad. Le coup d&rsquo;envoi de cet e\u0301ve\u0301nement a e\u0301te\u0301 donne\u0301 par Dr Haroun Kabadi, le chef de [&hellip;]<\/p>\n","protected":false},"author":82,"featured_media":53463,"comment_status":"open","ping_status":"closed","sticky":false,"template":"","format":"standard","meta":{"footnotes":""},"categories":[2,20,10],"tags":[37,292,29],"class_list":["post-53465","post","type-post","status-publish","format-standard","has-post-thumbnail","hentry","category-politique","category-top-nouvelles","category-toutes-les-actualites","tag-africa-press","tag-africa-press-tchad","tag-tchad"],"yoast_head":"<!-- This site is optimized with the Yoast SEO Premium plugin v26.1 (Yoast SEO v27.0) - https:\/\/yoast.com\/product\/yoast-seo-premium-wordpress\/ -->\n<title>un s\u00e9minaire sur l&#039;appropriation du projet de Constitution sous l\u2019\u00e9gide de l\u2019Alliance - tchad<\/title>\n<meta name=\"description\" content=\"Le 3 novembre 2023 a marque\u0301 le de\u0301but du se\u0301minaire de trois jours qui s&#039;est tenu au Palais des Arts et de la Culture, ...\" \/>\n<meta name=\"robots\" content=\"index, follow, max-snippet:-1, max-image-preview:large, max-video-preview:-1\" \/>\n<link rel=\"canonical\" href=\"https:\/\/www.africa-press.net\/tchad\/politique\/un-seminaire-sur-lappropriation-du-projet-de-constitution-sous-legide-de-lalliance\" \/>\n<meta property=\"og:locale\" content=\"fr_FR\" \/>\n<meta property=\"og:type\" content=\"article\" \/>\n<meta property=\"og:title\" content=\"un s\u00e9minaire sur l&#039;appropriation du projet de Constitution sous l\u2019\u00e9gide de l\u2019Alliance\" \/>\n<meta property=\"og:description\" content=\"Le 3 novembre 2023 a marque\u0301 le de\u0301but du se\u0301minaire de trois jours qui s&#039;est tenu au Palais des Arts et de la Culture, ...\" \/>\n<meta property=\"og:url\" content=\"https:\/\/www.africa-press.net\/tchad\/politique\/un-seminaire-sur-lappropriation-du-projet-de-constitution-sous-legide-de-lalliance\" \/>\n<meta property=\"og:site_name\" content=\"tchad\" \/>\n<meta property=\"article:published_time\" content=\"2023-11-04T16:25:58+00:00\" \/>\n<meta property=\"article:modified_time\" content=\"2023-11-04T17:07:41+00:00\" \/>\n<meta property=\"og:image\" content=\"https:\/\/static.africa-press.net\/tchad\/sites\/41\/2023\/11\/sm_1699105026.468383.jpg\" \/>\n\t<meta property=\"og:image:width\" content=\"960\" \/>\n\t<meta property=\"og:image:height\" content=\"538\" \/>\n\t<meta property=\"og:image:type\" content=\"image\/jpeg\" \/>\n<meta name=\"author\" content=\"cfeditorfr\" \/>\n<meta name=\"twitter:card\" content=\"summary_large_image\" \/>\n<meta name=\"twitter:label1\" content=\"\u00c9crit par\" \/>\n\t<meta name=\"twitter:data1\" content=\"cfeditorfr\" \/>\n\t<meta name=\"twitter:label2\" content=\"Dur\u00e9e de lecture estim\u00e9e\" \/>\n\t<meta name=\"twitter:data2\" content=\"2 minutes\" \/>\n<script type=\"application\/ld+json\" class=\"yoast-schema-graph\">{\"@context\":\"https:\/\/schema.org\",\"@graph\":[{\"@type\":\"Article\",\"@id\":\"https:\/\/www.africa-press.net\/tchad\/politique\/un-seminaire-sur-lappropriation-du-projet-de-constitution-sous-legide-de-lalliance#article\",\"isPartOf\":{\"@id\":\"https:\/\/www.africa-press.net\/tchad\/politique\/un-seminaire-sur-lappropriation-du-projet-de-constitution-sous-legide-de-lalliance\"},\"author\":{\"name\":\"cfeditorfr\",\"@id\":\"https:\/\/www.africa-press.net\/tchad\/#\/schema\/person\/2b1cf3cd81a31e3cd26889ca66d677f1\"},\"headline\":\"un s\u00e9minaire sur l&rsquo;appropriation du projet de Constitution sous l\u2019\u00e9gide de l\u2019Alliance\",\"datePublished\":\"2023-11-04T16:25:58+00:00\",\"dateModified\":\"2023-11-04T17:07:41+00:00\",\"mainEntityOfPage\":{\"@id\":\"https:\/\/www.africa-press.net\/tchad\/politique\/un-seminaire-sur-lappropriation-du-projet-de-constitution-sous-legide-de-lalliance\"},\"wordCount\":509,\"commentCount\":0,\"image\":{\"@id\":\"https:\/\/www.africa-press.net\/tchad\/politique\/un-seminaire-sur-lappropriation-du-projet-de-constitution-sous-legide-de-lalliance#primaryimage\"},\"thumbnailUrl\":\"https:\/\/static.africa-press.net\/tchad\/sites\/41\/2023\/11\/sm_1699105026.468383.jpg\",\"keywords\":[\"Africa Press\",\"Africa Press-Tchad\",\"Tchad\"],\"articleSection\":[\"Politique\",\"Top Nouvelles\",\"Toutes les actualit\u00e9s\"],\"inLanguage\":\"fr-FR\",\"potentialAction\":[{\"@type\":\"CommentAction\",\"name\":\"Comment\",\"target\":[\"https:\/\/www.africa-press.net\/tchad\/politique\/un-seminaire-sur-lappropriation-du-projet-de-constitution-sous-legide-de-lalliance#respond\"]}]},{\"@type\":\"WebPage\",\"@id\":\"https:\/\/www.africa-press.net\/tchad\/politique\/un-seminaire-sur-lappropriation-du-projet-de-constitution-sous-legide-de-lalliance\",\"url\":\"https:\/\/www.africa-press.net\/tchad\/politique\/un-seminaire-sur-lappropriation-du-projet-de-constitution-sous-legide-de-lalliance\",\"name\":\"un s\u00e9minaire sur l'appropriation du projet de Constitution sous l\u2019\u00e9gide de l\u2019Alliance - tchad\",\"isPartOf\":{\"@id\":\"https:\/\/www.africa-press.net\/tchad\/#website\"},\"primaryImageOfPage\":{\"@id\":\"https:\/\/www.africa-press.net\/tchad\/politique\/un-seminaire-sur-lappropriation-du-projet-de-constitution-sous-legide-de-lalliance#primaryimage\"},\"image\":{\"@id\":\"https:\/\/www.africa-press.net\/tchad\/politique\/un-seminaire-sur-lappropriation-du-projet-de-constitution-sous-legide-de-lalliance#primaryimage\"},\"thumbnailUrl\":\"https:\/\/static.africa-press.net\/tchad\/sites\/41\/2023\/11\/sm_1699105026.468383.jpg\",\"datePublished\":\"2023-11-04T16:25:58+00:00\",\"dateModified\":\"2023-11-04T17:07:41+00:00\",\"author\":{\"@id\":\"https:\/\/www.africa-press.net\/tchad\/#\/schema\/person\/2b1cf3cd81a31e3cd26889ca66d677f1\"},\"description\":\"Le 3 novembre 2023 a marque\u0301 le de\u0301but du se\u0301minaire de trois jours qui s'est tenu au Palais des Arts et de la Culture, ...\",\"breadcrumb\":{\"@id\":\"https:\/\/www.africa-press.net\/tchad\/politique\/un-seminaire-sur-lappropriation-du-projet-de-constitution-sous-legide-de-lalliance#breadcrumb\"},\"inLanguage\":\"fr-FR\",\"potentialAction\":[{\"@type\":\"ReadAction\",\"target\":[\"https:\/\/www.africa-press.net\/tchad\/politique\/un-seminaire-sur-lappropriation-du-projet-de-constitution-sous-legide-de-lalliance\"]}]},{\"@type\":\"ImageObject\",\"inLanguage\":\"fr-FR\",\"@id\":\"https:\/\/www.africa-press.net\/tchad\/politique\/un-seminaire-sur-lappropriation-du-projet-de-constitution-sous-legide-de-lalliance#primaryimage\",\"url\":\"https:\/\/static.africa-press.net\/tchad\/sites\/41\/2023\/11\/sm_1699105026.468383.jpg\",\"contentUrl\":\"https:\/\/static.africa-press.net\/tchad\/sites\/41\/2023\/11\/sm_1699105026.468383.jpg\",\"width\":960,\"height\":538,\"caption\":\"un s\u00e9minaire sur l'appropriation du projet de Constitution sous l\u2019\u00e9gide de l\u2019Alliance\"},{\"@type\":\"BreadcrumbList\",\"@id\":\"https:\/\/www.africa-press.net\/tchad\/politique\/un-seminaire-sur-lappropriation-du-projet-de-constitution-sous-legide-de-lalliance#breadcrumb\",\"itemListElement\":[{\"@type\":\"ListItem\",\"position\":1,\"name\":\"Accueil\",\"item\":\"https:\/\/www.africa-press.net\/tchad\/\"},{\"@type\":\"ListItem\",\"position\":2,\"name\":\"un s\u00e9minaire sur l&#8217;appropriation du projet de Constitution sous l\u2019\u00e9gide de l\u2019Alliance\"}]},{\"@type\":\"WebSite\",\"@id\":\"https:\/\/www.africa-press.net\/tchad\/#website\",\"url\":\"https:\/\/www.africa-press.net\/tchad\/\",\"name\":\"tchad\",\"description\":\"Just another Africa News Agency Sites site\",\"potentialAction\":[{\"@type\":\"SearchAction\",\"target\":{\"@type\":\"EntryPoint\",\"urlTemplate\":\"https:\/\/www.africa-press.net\/tchad\/?s={search_term_string}\"},\"query-input\":{\"@type\":\"PropertyValueSpecification\",\"valueRequired\":true,\"valueName\":\"search_term_string\"}}],\"inLanguage\":\"fr-FR\"},{\"@type\":\"Person\",\"@id\":\"https:\/\/www.africa-press.net\/tchad\/#\/schema\/person\/2b1cf3cd81a31e3cd26889ca66d677f1\",\"name\":\"cfeditorfr\"}]}<\/script>\n<!-- \/ Yoast SEO Premium plugin. -->","yoast_head_json":{"title":"un s\u00e9minaire sur l'appropriation du projet de Constitution sous l\u2019\u00e9gide de l\u2019Alliance - tchad","description":"Le 3 novembre 2023 a marque\u0301 le de\u0301but du se\u0301minaire de trois jours qui s'est tenu au Palais des Arts et de la Culture, ...","robots":{"index":"index","follow":"follow","max-snippet":"max-snippet:-1","max-image-preview":"max-image-preview:large","max-video-preview":"max-video-preview:-1"},"canonical":"https:\/\/www.africa-press.net\/tchad\/politique\/un-seminaire-sur-lappropriation-du-projet-de-constitution-sous-legide-de-lalliance","og_locale":"fr_FR","og_type":"article","og_title":"un s\u00e9minaire sur l'appropriation du projet de Constitution sous l\u2019\u00e9gide de l\u2019Alliance","og_description":"Le 3 novembre 2023 a marque\u0301 le de\u0301but du se\u0301minaire de trois jours qui s'est tenu au Palais des Arts et de la Culture, ...","og_url":"https:\/\/www.africa-press.net\/tchad\/politique\/un-seminaire-sur-lappropriation-du-projet-de-constitution-sous-legide-de-lalliance","og_site_name":"tchad","article_published_time":"2023-11-04T16:25:58+00:00","article_modified_time":"2023-11-04T17:07:41+00:00","og_image":[{"width":960,"height":538,"url":"https:\/\/static.africa-press.net\/tchad\/sites\/41\/2023\/11\/sm_1699105026.468383.jpg","type":"image\/jpeg"}],"author":"cfeditorfr","twitter_card":"summary_large_image","twitter_misc":{"\u00c9crit par":"cfeditorfr","Dur\u00e9e de lecture estim\u00e9e":"2 minutes"},"schema":{"@context":"https:\/\/schema.org","@graph":[{"@type":"Article","@id":"https:\/\/www.africa-press.net\/tchad\/politique\/un-seminaire-sur-lappropriation-du-projet-de-constitution-sous-legide-de-lalliance#article","isPartOf":{"@id":"https:\/\/www.africa-press.net\/tchad\/politique\/un-seminaire-sur-lappropriation-du-projet-de-constitution-sous-legide-de-lalliance"},"author":{"name":"cfeditorfr","@id":"https:\/\/www.africa-press.net\/tchad\/#\/schema\/person\/2b1cf3cd81a31e3cd26889ca66d677f1"},"headline":"un s\u00e9minaire sur l&rsquo;appropriation du projet de Constitution sous l\u2019\u00e9gide de l\u2019Alliance","datePublished":"2023-11-04T16:25:58+00:00","dateModified":"2023-11-04T17:07:41+00:00","mainEntityOfPage":{"@id":"https:\/\/www.africa-press.net\/tchad\/politique\/un-seminaire-sur-lappropriation-du-projet-de-constitution-sous-legide-de-lalliance"},"wordCount":509,"commentCount":0,"image":{"@id":"https:\/\/www.africa-press.net\/tchad\/politique\/un-seminaire-sur-lappropriation-du-projet-de-constitution-sous-legide-de-lalliance#primaryimage"},"thumbnailUrl":"https:\/\/static.africa-press.net\/tchad\/sites\/41\/2023\/11\/sm_1699105026.468383.jpg","keywords":["Africa Press","Africa Press-Tchad","Tchad"],"articleSection":["Politique","Top Nouvelles","Toutes les actualit\u00e9s"],"inLanguage":"fr-FR","potentialAction":[{"@type":"CommentAction","name":"Comment","target":["https:\/\/www.africa-press.net\/tchad\/politique\/un-seminaire-sur-lappropriation-du-projet-de-constitution-sous-legide-de-lalliance#respond"]}]},{"@type":"WebPage","@id":"https:\/\/www.africa-press.net\/tchad\/politique\/un-seminaire-sur-lappropriation-du-projet-de-constitution-sous-legide-de-lalliance","url":"https:\/\/www.africa-press.net\/tchad\/politique\/un-seminaire-sur-lappropriation-du-projet-de-constitution-sous-legide-de-lalliance","name":"un s\u00e9minaire sur l'appropriation du projet de Constitution sous l\u2019\u00e9gide de l\u2019Alliance - tchad","isPartOf":{"@id":"https:\/\/www.africa-press.net\/tchad\/#website"},"primaryImageOfPage":{"@id":"https:\/\/www.africa-press.net\/tchad\/politique\/un-seminaire-sur-lappropriation-du-projet-de-constitution-sous-legide-de-lalliance#primaryimage"},"image":{"@id":"https:\/\/www.africa-press.net\/tchad\/politique\/un-seminaire-sur-lappropriation-du-projet-de-constitution-sous-legide-de-lalliance#primaryimage"},"thumbnailUrl":"https:\/\/static.africa-press.net\/tchad\/sites\/41\/2023\/11\/sm_1699105026.468383.jpg","datePublished":"2023-11-04T16:25:58+00:00","dateModified":"2023-11-04T17:07:41+00:00","author":{"@id":"https:\/\/www.africa-press.net\/tchad\/#\/schema\/person\/2b1cf3cd81a31e3cd26889ca66d677f1"},"description":"Le 3 novembre 2023 a marque\u0301 le de\u0301but du se\u0301minaire de trois jours qui s'est tenu au Palais des Arts et de la Culture, ...","breadcrumb":{"@id":"https:\/\/www.africa-press.net\/tchad\/politique\/un-seminaire-sur-lappropriation-du-projet-de-constitution-sous-legide-de-lalliance#breadcrumb"},"inLanguage":"fr-FR","potentialAction":[{"@type":"ReadAction","target":["https:\/\/www.africa-press.net\/tchad\/politique\/un-seminaire-sur-lappropriation-du-projet-de-constitution-sous-legide-de-lalliance"]}]},{"@type":"ImageObject","inLanguage":"fr-FR","@id":"https:\/\/www.africa-press.net\/tchad\/politique\/un-seminaire-sur-lappropriation-du-projet-de-constitution-sous-legide-de-lalliance#primaryimage","url":"https:\/\/static.africa-press.net\/tchad\/sites\/41\/2023\/11\/sm_1699105026.468383.jpg","contentUrl":"https:\/\/static.africa-press.net\/tchad\/sites\/41\/2023\/11\/sm_1699105026.468383.jpg","width":960,"height":538,"caption":"un s\u00e9minaire sur l'appropriation du projet de Constitution sous l\u2019\u00e9gide de l\u2019Alliance"},{"@type":"BreadcrumbList","@id":"https:\/\/www.africa-press.net\/tchad\/politique\/un-seminaire-sur-lappropriation-du-projet-de-constitution-sous-legide-de-lalliance#breadcrumb","itemListElement":[{"@type":"ListItem","position":1,"name":"Accueil","item":"https:\/\/www.africa-press.net\/tchad\/"},{"@type":"ListItem","position":2,"name":"un s\u00e9minaire sur l&#8217;appropriation du projet de Constitution sous l\u2019\u00e9gide de l\u2019Alliance"}]},{"@type":"WebSite","@id":"https:\/\/www.africa-press.net\/tchad\/#website","url":"https:\/\/www.africa-press.net\/tchad\/","name":"tchad","description":"Just another Africa News Agency Sites site","potentialAction":[{"@type":"SearchAction","target":{"@type":"EntryPoint","urlTemplate":"https:\/\/www.africa-press.net\/tchad\/?s={search_term_string}"},"query-input":{"@type":"PropertyValueSpecification","valueRequired":true,"valueName":"search_term_string"}}],"inLanguage":"fr-FR"},{"@type":"Person","@id":"https:\/\/www.africa-press.net\/tchad\/#\/schema\/person\/2b1cf3cd81a31e3cd26889ca66d677f1","name":"cfeditorfr"}]}},"_links":{"self":[{"href":"https:\/\/www.africa-press.net\/tchad\/wp-json\/wp\/v2\/posts\/53465","targetHints":{"allow":["GET"]}}],"collection":[{"href":"https:\/\/www.africa-press.net\/tchad\/wp-json\/wp\/v2\/posts"}],"about":[{"href":"https:\/\/www.africa-press.net\/tchad\/wp-json\/wp\/v2\/types\/post"}],"author":[{"embeddable":true,"href":"https:\/\/www.africa-press.net\/tchad\/wp-json\/wp\/v2\/users\/82"}],"replies":[{"embeddable":true,"href":"https:\/\/www.africa-press.net\/tchad\/wp-json\/wp\/v2\/comments?post=53465"}],"version-history":[{"count":0,"href":"https:\/\/www.africa-press.net\/tchad\/wp-json\/wp\/v2\/posts\/53465\/revisions"}],"wp:featuredmedia":[{"embeddable":true,"href":"https:\/\/www.africa-press.net\/tchad\/wp-json\/wp\/v2\/media\/53463"}],"wp:attachment":[{"href":"https:\/\/www.africa-press.net\/tchad\/wp-json\/wp\/v2\/media?parent=53465"}],"wp:term":[{"taxonomy":"category","embeddable":true,"href":"https:\/\/www.africa-press.net\/tchad\/wp-json\/wp\/v2\/categories?post=53465"},{"taxonomy":"post_tag","embeddable":true,"href":"https:\/\/www.africa-press.net\/tchad\/wp-json\/wp\/v2\/tags?post=53465"}],"curies":[{"name":"wp","href":"https:\/\/api.w.org\/{rel}","templated":true}]}}