{"id":53468,"date":"2023-11-04T16:27:01","date_gmt":"2023-11-04T16:27:01","guid":{"rendered":"https:\/\/www.africa-press.net\/tchad\/politique\/reunion-de-travail-du-premier-ministre-avec-le-hcost-pour-la-mise-en-oeuvre-de-laccord-social"},"modified":"2023-11-04T17:08:13","modified_gmt":"2023-11-04T17:08:13","slug":"reunion-de-travail-du-premier-ministre-avec-le-hcost-pour-la-mise-en-oeuvre-de-laccord-social","status":"publish","type":"post","link":"https:\/\/www.africa-press.net\/tchad\/politique\/reunion-de-travail-du-premier-ministre-avec-le-hcost-pour-la-mise-en-oeuvre-de-laccord-social","title":{"rendered":"r\u00e9union de travail du Premier ministre avec le HCOST pour la mise en \u0153uvre de l&rsquo;accord social"},"content":{"rendered":"<p><span style=\"color: #ff6600\"><strong>Africa-Press &#8211; Tchad. <\/strong><\/span>Dans l&rsquo;optique de renforcer la paix et la stabilite\u0301, le gouvernement tchadien a signe\u0301 un accord social avec diverses organisations syndicales le 4 octobre 2021. Le premier ministre, Saleh Kebzabo, de\u0301termine\u0301 a\u0300 mettre en \u0153uvre toutes les dispositions de cet accord triennal, a charge\u0301 un Comite\u0301 Technique de concevoir un plan d\u2019action. Ce comite\u0301 a pre\u0301sente\u0301 un plan de travail de\u0301taille\u0301, prenant en compte toutes les clauses de l&rsquo;accord.<\/p>\n<p>Le plan d&rsquo;action est organise\u0301 en 28 axes, et l&rsquo;objectif est d&rsquo;exe\u0301cuter toutes les dispositions de l&rsquo;accord social triennal avant octobre 2024. Apre\u0300s avoir examine\u0301 le rapport du Comite\u0301 Technique et clarifie\u0301 certains points, le plan d\u2019action du HCOST a e\u0301te\u0301 adopte\u0301.<\/p>\n<p>Le ministre de la Fonction publique et du Dialogue social, Abdoulaye Mbodou Mbami, qui pre\u0301side le Comite\u0301 Technique compose\u0301 de membres du gouvernement et de syndicalistes, s&rsquo;est fe\u0301licite\u0301 de l&rsquo;adoption du plan d\u2019action. Il a e\u0301galement assure\u0301 que toutes les parties implique\u0301es sont pre\u0302tes a\u0300 mettre en \u0153uvre les diffe\u0301rents points de l&rsquo;accord social. La semaine prochaine, les membres du Haut Conseil d\u2019Orientation Strate\u0301gique Triennal examineront de pre\u0300s les points du plan de travail afin de de\u0301terminer ceux qui ne\u0301cessitent une exe\u0301cution prioritaire.<\/p>\n<p><strong>Pour plus d&rsquo;informations et d&rsquo;analyses sur la <a href=\"https:\/\/www.africa-press.net\/tchad\">Tchad<\/a>, suivez <a href=\"https:\/\/www.africa-press.net\/\">Africa-Press<\/a><\/strong><\/p>\n","protected":false},"excerpt":{"rendered":"<p>Africa-Press &#8211; Tchad. Dans l&rsquo;optique de renforcer la paix et la stabilite\u0301, le gouvernement tchadien a signe\u0301 un accord social avec diverses organisations syndicales le 4 octobre 2021. Le premier ministre, Saleh Kebzabo, de\u0301termine\u0301 a\u0300 mettre en \u0153uvre toutes les dispositions de cet accord triennal, a charge\u0301 un Comite\u0301 Technique de concevoir un plan d\u2019action. [&hellip;]<\/p>\n","protected":false},"author":82,"featured_media":53466,"comment_status":"open","ping_status":"closed","sticky":false,"template":"","format":"standard","meta":{"footnotes":""},"categories":[2,10],"tags":[37,292,29],"class_list":["post-53468","post","type-post","status-publish","format-standard","has-post-thumbnail","hentry","category-politique","category-toutes-les-actualites","tag-africa-press","tag-africa-press-tchad","tag-tchad"],"yoast_head":"<!-- This site is optimized with the Yoast SEO Premium plugin v26.1 (Yoast SEO v27.0) - https:\/\/yoast.com\/product\/yoast-seo-premium-wordpress\/ -->\n<title>r\u00e9union de travail du Premier ministre avec le HCOST pour la mise en \u0153uvre de l&#039;accord social - tchad<\/title>\n<meta name=\"description\" content=\"Dans l&#039;optique de renforcer la paix et la stabilite\u0301, le gouvernement tchadien a signe\u0301 un accord social avec diverses o ...\" \/>\n<meta name=\"robots\" content=\"index, follow, max-snippet:-1, max-image-preview:large, max-video-preview:-1\" \/>\n<link rel=\"canonical\" href=\"https:\/\/www.africa-press.net\/tchad\/politique\/reunion-de-travail-du-premier-ministre-avec-le-hcost-pour-la-mise-en-oeuvre-de-laccord-social\" \/>\n<meta property=\"og:locale\" content=\"fr_FR\" \/>\n<meta property=\"og:type\" content=\"article\" \/>\n<meta property=\"og:title\" content=\"r\u00e9union de travail du Premier ministre avec le HCOST pour la mise en \u0153uvre de l&#039;accord social\" \/>\n<meta property=\"og:description\" content=\"Dans l&#039;optique de renforcer la paix et la stabilite\u0301, le gouvernement tchadien a signe\u0301 un accord social avec diverses o ...\" \/>\n<meta property=\"og:url\" content=\"https:\/\/www.africa-press.net\/tchad\/politique\/reunion-de-travail-du-premier-ministre-avec-le-hcost-pour-la-mise-en-oeuvre-de-laccord-social\" \/>\n<meta property=\"og:site_name\" content=\"tchad\" \/>\n<meta property=\"article:published_time\" content=\"2023-11-04T16:27:01+00:00\" \/>\n<meta property=\"article:modified_time\" content=\"2023-11-04T17:08:13+00:00\" \/>\n<meta property=\"og:image\" content=\"https:\/\/static.africa-press.net\/tchad\/sites\/41\/2023\/11\/sm_1699105052.596487.jpg\" \/>\n\t<meta property=\"og:image:width\" content=\"960\" \/>\n\t<meta property=\"og:image:height\" content=\"689\" \/>\n\t<meta property=\"og:image:type\" content=\"image\/jpeg\" \/>\n<meta name=\"author\" content=\"cfeditorfr\" \/>\n<meta name=\"twitter:card\" content=\"summary_large_image\" \/>\n<meta name=\"twitter:label1\" content=\"\u00c9crit par\" \/>\n\t<meta name=\"twitter:data1\" content=\"cfeditorfr\" \/>\n\t<meta name=\"twitter:label2\" content=\"Dur\u00e9e de lecture estim\u00e9e\" \/>\n\t<meta name=\"twitter:data2\" content=\"1 minute\" \/>\n<script type=\"application\/ld+json\" class=\"yoast-schema-graph\">{\"@context\":\"https:\/\/schema.org\",\"@graph\":[{\"@type\":\"Article\",\"@id\":\"https:\/\/www.africa-press.net\/tchad\/politique\/reunion-de-travail-du-premier-ministre-avec-le-hcost-pour-la-mise-en-oeuvre-de-laccord-social#article\",\"isPartOf\":{\"@id\":\"https:\/\/www.africa-press.net\/tchad\/politique\/reunion-de-travail-du-premier-ministre-avec-le-hcost-pour-la-mise-en-oeuvre-de-laccord-social\"},\"author\":{\"name\":\"cfeditorfr\",\"@id\":\"https:\/\/www.africa-press.net\/tchad\/#\/schema\/person\/2b1cf3cd81a31e3cd26889ca66d677f1\"},\"headline\":\"r\u00e9union de travail du Premier ministre avec le HCOST pour la mise en \u0153uvre de l&rsquo;accord social\",\"datePublished\":\"2023-11-04T16:27:01+00:00\",\"dateModified\":\"2023-11-04T17:08:13+00:00\",\"mainEntityOfPage\":{\"@id\":\"https:\/\/www.africa-press.net\/tchad\/politique\/reunion-de-travail-du-premier-ministre-avec-le-hcost-pour-la-mise-en-oeuvre-de-laccord-social\"},\"wordCount\":254,\"commentCount\":0,\"image\":{\"@id\":\"https:\/\/www.africa-press.net\/tchad\/politique\/reunion-de-travail-du-premier-ministre-avec-le-hcost-pour-la-mise-en-oeuvre-de-laccord-social#primaryimage\"},\"thumbnailUrl\":\"https:\/\/static.africa-press.net\/tchad\/sites\/41\/2023\/11\/sm_1699105052.596487.jpg\",\"keywords\":[\"Africa Press\",\"Africa Press-Tchad\",\"Tchad\"],\"articleSection\":[\"Politique\",\"Toutes les actualit\u00e9s\"],\"inLanguage\":\"fr-FR\",\"potentialAction\":[{\"@type\":\"CommentAction\",\"name\":\"Comment\",\"target\":[\"https:\/\/www.africa-press.net\/tchad\/politique\/reunion-de-travail-du-premier-ministre-avec-le-hcost-pour-la-mise-en-oeuvre-de-laccord-social#respond\"]}]},{\"@type\":\"WebPage\",\"@id\":\"https:\/\/www.africa-press.net\/tchad\/politique\/reunion-de-travail-du-premier-ministre-avec-le-hcost-pour-la-mise-en-oeuvre-de-laccord-social\",\"url\":\"https:\/\/www.africa-press.net\/tchad\/politique\/reunion-de-travail-du-premier-ministre-avec-le-hcost-pour-la-mise-en-oeuvre-de-laccord-social\",\"name\":\"r\u00e9union de travail du Premier ministre avec le HCOST pour la mise en \u0153uvre de l'accord social - tchad\",\"isPartOf\":{\"@id\":\"https:\/\/www.africa-press.net\/tchad\/#website\"},\"primaryImageOfPage\":{\"@id\":\"https:\/\/www.africa-press.net\/tchad\/politique\/reunion-de-travail-du-premier-ministre-avec-le-hcost-pour-la-mise-en-oeuvre-de-laccord-social#primaryimage\"},\"image\":{\"@id\":\"https:\/\/www.africa-press.net\/tchad\/politique\/reunion-de-travail-du-premier-ministre-avec-le-hcost-pour-la-mise-en-oeuvre-de-laccord-social#primaryimage\"},\"thumbnailUrl\":\"https:\/\/static.africa-press.net\/tchad\/sites\/41\/2023\/11\/sm_1699105052.596487.jpg\",\"datePublished\":\"2023-11-04T16:27:01+00:00\",\"dateModified\":\"2023-11-04T17:08:13+00:00\",\"author\":{\"@id\":\"https:\/\/www.africa-press.net\/tchad\/#\/schema\/person\/2b1cf3cd81a31e3cd26889ca66d677f1\"},\"description\":\"Dans l'optique de renforcer la paix et la stabilite\u0301, le gouvernement tchadien a signe\u0301 un accord social avec diverses o ...\",\"breadcrumb\":{\"@id\":\"https:\/\/www.africa-press.net\/tchad\/politique\/reunion-de-travail-du-premier-ministre-avec-le-hcost-pour-la-mise-en-oeuvre-de-laccord-social#breadcrumb\"},\"inLanguage\":\"fr-FR\",\"potentialAction\":[{\"@type\":\"ReadAction\",\"target\":[\"https:\/\/www.africa-press.net\/tchad\/politique\/reunion-de-travail-du-premier-ministre-avec-le-hcost-pour-la-mise-en-oeuvre-de-laccord-social\"]}]},{\"@type\":\"ImageObject\",\"inLanguage\":\"fr-FR\",\"@id\":\"https:\/\/www.africa-press.net\/tchad\/politique\/reunion-de-travail-du-premier-ministre-avec-le-hcost-pour-la-mise-en-oeuvre-de-laccord-social#primaryimage\",\"url\":\"https:\/\/static.africa-press.net\/tchad\/sites\/41\/2023\/11\/sm_1699105052.596487.jpg\",\"contentUrl\":\"https:\/\/static.africa-press.net\/tchad\/sites\/41\/2023\/11\/sm_1699105052.596487.jpg\",\"width\":960,\"height\":689,\"caption\":\"r\u00e9union de travail du Premier ministre avec le HCOST pour la mise en \u0153uvre de l'accord social\"},{\"@type\":\"BreadcrumbList\",\"@id\":\"https:\/\/www.africa-press.net\/tchad\/politique\/reunion-de-travail-du-premier-ministre-avec-le-hcost-pour-la-mise-en-oeuvre-de-laccord-social#breadcrumb\",\"itemListElement\":[{\"@type\":\"ListItem\",\"position\":1,\"name\":\"Accueil\",\"item\":\"https:\/\/www.africa-press.net\/tchad\/\"},{\"@type\":\"ListItem\",\"position\":2,\"name\":\"r\u00e9union de travail du Premier ministre avec le HCOST pour la mise en \u0153uvre de l&#8217;accord social\"}]},{\"@type\":\"WebSite\",\"@id\":\"https:\/\/www.africa-press.net\/tchad\/#website\",\"url\":\"https:\/\/www.africa-press.net\/tchad\/\",\"name\":\"tchad\",\"description\":\"Just another Africa News Agency Sites site\",\"potentialAction\":[{\"@type\":\"SearchAction\",\"target\":{\"@type\":\"EntryPoint\",\"urlTemplate\":\"https:\/\/www.africa-press.net\/tchad\/?s={search_term_string}\"},\"query-input\":{\"@type\":\"PropertyValueSpecification\",\"valueRequired\":true,\"valueName\":\"search_term_string\"}}],\"inLanguage\":\"fr-FR\"},{\"@type\":\"Person\",\"@id\":\"https:\/\/www.africa-press.net\/tchad\/#\/schema\/person\/2b1cf3cd81a31e3cd26889ca66d677f1\",\"name\":\"cfeditorfr\"}]}<\/script>\n<!-- \/ Yoast SEO Premium plugin. -->","yoast_head_json":{"title":"r\u00e9union de travail du Premier ministre avec le HCOST pour la mise en \u0153uvre de l'accord social - tchad","description":"Dans l'optique de renforcer la paix et la stabilite\u0301, le gouvernement tchadien a signe\u0301 un accord social avec diverses o ...","robots":{"index":"index","follow":"follow","max-snippet":"max-snippet:-1","max-image-preview":"max-image-preview:large","max-video-preview":"max-video-preview:-1"},"canonical":"https:\/\/www.africa-press.net\/tchad\/politique\/reunion-de-travail-du-premier-ministre-avec-le-hcost-pour-la-mise-en-oeuvre-de-laccord-social","og_locale":"fr_FR","og_type":"article","og_title":"r\u00e9union de travail du Premier ministre avec le HCOST pour la mise en \u0153uvre de l'accord social","og_description":"Dans l'optique de renforcer la paix et la stabilite\u0301, le gouvernement tchadien a signe\u0301 un accord social avec diverses o ...","og_url":"https:\/\/www.africa-press.net\/tchad\/politique\/reunion-de-travail-du-premier-ministre-avec-le-hcost-pour-la-mise-en-oeuvre-de-laccord-social","og_site_name":"tchad","article_published_time":"2023-11-04T16:27:01+00:00","article_modified_time":"2023-11-04T17:08:13+00:00","og_image":[{"width":960,"height":689,"url":"https:\/\/static.africa-press.net\/tchad\/sites\/41\/2023\/11\/sm_1699105052.596487.jpg","type":"image\/jpeg"}],"author":"cfeditorfr","twitter_card":"summary_large_image","twitter_misc":{"\u00c9crit par":"cfeditorfr","Dur\u00e9e de lecture estim\u00e9e":"1 minute"},"schema":{"@context":"https:\/\/schema.org","@graph":[{"@type":"Article","@id":"https:\/\/www.africa-press.net\/tchad\/politique\/reunion-de-travail-du-premier-ministre-avec-le-hcost-pour-la-mise-en-oeuvre-de-laccord-social#article","isPartOf":{"@id":"https:\/\/www.africa-press.net\/tchad\/politique\/reunion-de-travail-du-premier-ministre-avec-le-hcost-pour-la-mise-en-oeuvre-de-laccord-social"},"author":{"name":"cfeditorfr","@id":"https:\/\/www.africa-press.net\/tchad\/#\/schema\/person\/2b1cf3cd81a31e3cd26889ca66d677f1"},"headline":"r\u00e9union de travail du Premier ministre avec le HCOST pour la mise en \u0153uvre de l&rsquo;accord social","datePublished":"2023-11-04T16:27:01+00:00","dateModified":"2023-11-04T17:08:13+00:00","mainEntityOfPage":{"@id":"https:\/\/www.africa-press.net\/tchad\/politique\/reunion-de-travail-du-premier-ministre-avec-le-hcost-pour-la-mise-en-oeuvre-de-laccord-social"},"wordCount":254,"commentCount":0,"image":{"@id":"https:\/\/www.africa-press.net\/tchad\/politique\/reunion-de-travail-du-premier-ministre-avec-le-hcost-pour-la-mise-en-oeuvre-de-laccord-social#primaryimage"},"thumbnailUrl":"https:\/\/static.africa-press.net\/tchad\/sites\/41\/2023\/11\/sm_1699105052.596487.jpg","keywords":["Africa Press","Africa Press-Tchad","Tchad"],"articleSection":["Politique","Toutes les actualit\u00e9s"],"inLanguage":"fr-FR","potentialAction":[{"@type":"CommentAction","name":"Comment","target":["https:\/\/www.africa-press.net\/tchad\/politique\/reunion-de-travail-du-premier-ministre-avec-le-hcost-pour-la-mise-en-oeuvre-de-laccord-social#respond"]}]},{"@type":"WebPage","@id":"https:\/\/www.africa-press.net\/tchad\/politique\/reunion-de-travail-du-premier-ministre-avec-le-hcost-pour-la-mise-en-oeuvre-de-laccord-social","url":"https:\/\/www.africa-press.net\/tchad\/politique\/reunion-de-travail-du-premier-ministre-avec-le-hcost-pour-la-mise-en-oeuvre-de-laccord-social","name":"r\u00e9union de travail du Premier ministre avec le HCOST pour la mise en \u0153uvre de l'accord social - tchad","isPartOf":{"@id":"https:\/\/www.africa-press.net\/tchad\/#website"},"primaryImageOfPage":{"@id":"https:\/\/www.africa-press.net\/tchad\/politique\/reunion-de-travail-du-premier-ministre-avec-le-hcost-pour-la-mise-en-oeuvre-de-laccord-social#primaryimage"},"image":{"@id":"https:\/\/www.africa-press.net\/tchad\/politique\/reunion-de-travail-du-premier-ministre-avec-le-hcost-pour-la-mise-en-oeuvre-de-laccord-social#primaryimage"},"thumbnailUrl":"https:\/\/static.africa-press.net\/tchad\/sites\/41\/2023\/11\/sm_1699105052.596487.jpg","datePublished":"2023-11-04T16:27:01+00:00","dateModified":"2023-11-04T17:08:13+00:00","author":{"@id":"https:\/\/www.africa-press.net\/tchad\/#\/schema\/person\/2b1cf3cd81a31e3cd26889ca66d677f1"},"description":"Dans l'optique de renforcer la paix et la stabilite\u0301, le gouvernement tchadien a signe\u0301 un accord social avec diverses o ...","breadcrumb":{"@id":"https:\/\/www.africa-press.net\/tchad\/politique\/reunion-de-travail-du-premier-ministre-avec-le-hcost-pour-la-mise-en-oeuvre-de-laccord-social#breadcrumb"},"inLanguage":"fr-FR","potentialAction":[{"@type":"ReadAction","target":["https:\/\/www.africa-press.net\/tchad\/politique\/reunion-de-travail-du-premier-ministre-avec-le-hcost-pour-la-mise-en-oeuvre-de-laccord-social"]}]},{"@type":"ImageObject","inLanguage":"fr-FR","@id":"https:\/\/www.africa-press.net\/tchad\/politique\/reunion-de-travail-du-premier-ministre-avec-le-hcost-pour-la-mise-en-oeuvre-de-laccord-social#primaryimage","url":"https:\/\/static.africa-press.net\/tchad\/sites\/41\/2023\/11\/sm_1699105052.596487.jpg","contentUrl":"https:\/\/static.africa-press.net\/tchad\/sites\/41\/2023\/11\/sm_1699105052.596487.jpg","width":960,"height":689,"caption":"r\u00e9union de travail du Premier ministre avec le HCOST pour la mise en \u0153uvre de l'accord social"},{"@type":"BreadcrumbList","@id":"https:\/\/www.africa-press.net\/tchad\/politique\/reunion-de-travail-du-premier-ministre-avec-le-hcost-pour-la-mise-en-oeuvre-de-laccord-social#breadcrumb","itemListElement":[{"@type":"ListItem","position":1,"name":"Accueil","item":"https:\/\/www.africa-press.net\/tchad\/"},{"@type":"ListItem","position":2,"name":"r\u00e9union de travail du Premier ministre avec le HCOST pour la mise en \u0153uvre de l&#8217;accord social"}]},{"@type":"WebSite","@id":"https:\/\/www.africa-press.net\/tchad\/#website","url":"https:\/\/www.africa-press.net\/tchad\/","name":"tchad","description":"Just another Africa News Agency Sites site","potentialAction":[{"@type":"SearchAction","target":{"@type":"EntryPoint","urlTemplate":"https:\/\/www.africa-press.net\/tchad\/?s={search_term_string}"},"query-input":{"@type":"PropertyValueSpecification","valueRequired":true,"valueName":"search_term_string"}}],"inLanguage":"fr-FR"},{"@type":"Person","@id":"https:\/\/www.africa-press.net\/tchad\/#\/schema\/person\/2b1cf3cd81a31e3cd26889ca66d677f1","name":"cfeditorfr"}]}},"_links":{"self":[{"href":"https:\/\/www.africa-press.net\/tchad\/wp-json\/wp\/v2\/posts\/53468","targetHints":{"allow":["GET"]}}],"collection":[{"href":"https:\/\/www.africa-press.net\/tchad\/wp-json\/wp\/v2\/posts"}],"about":[{"href":"https:\/\/www.africa-press.net\/tchad\/wp-json\/wp\/v2\/types\/post"}],"author":[{"embeddable":true,"href":"https:\/\/www.africa-press.net\/tchad\/wp-json\/wp\/v2\/users\/82"}],"replies":[{"embeddable":true,"href":"https:\/\/www.africa-press.net\/tchad\/wp-json\/wp\/v2\/comments?post=53468"}],"version-history":[{"count":0,"href":"https:\/\/www.africa-press.net\/tchad\/wp-json\/wp\/v2\/posts\/53468\/revisions"}],"wp:featuredmedia":[{"embeddable":true,"href":"https:\/\/www.africa-press.net\/tchad\/wp-json\/wp\/v2\/media\/53466"}],"wp:attachment":[{"href":"https:\/\/www.africa-press.net\/tchad\/wp-json\/wp\/v2\/media?parent=53468"}],"wp:term":[{"taxonomy":"category","embeddable":true,"href":"https:\/\/www.africa-press.net\/tchad\/wp-json\/wp\/v2\/categories?post=53468"},{"taxonomy":"post_tag","embeddable":true,"href":"https:\/\/www.africa-press.net\/tchad\/wp-json\/wp\/v2\/tags?post=53468"}],"curies":[{"name":"wp","href":"https:\/\/api.w.org\/{rel}","templated":true}]}}