{"id":53476,"date":"2023-11-04T16:31:21","date_gmt":"2023-11-04T16:31:21","guid":{"rendered":"https:\/\/www.africa-press.net\/tchad\/politique\/avancee-majeure-vers-la-reconciliation-au-le-president-recoit-lemissaire-de-la-ceeac"},"modified":"2023-11-04T17:10:11","modified_gmt":"2023-11-04T17:10:11","slug":"avancee-majeure-vers-la-reconciliation-au-le-president-recoit-lemissaire-de-la-ceeac","status":"publish","type":"post","link":"https:\/\/www.africa-press.net\/tchad\/politique\/avancee-majeure-vers-la-reconciliation-au-le-president-recoit-lemissaire-de-la-ceeac","title":{"rendered":"Avanc\u00e9e majeure vers la r\u00e9conciliation au  le Pr\u00e9sident re\u00e7oit l&rsquo;\u00e9missaire de la CEEAC"},"content":{"rendered":"<p><span style=\"color: #ff6600\"><strong>Africa-Press &#8211; Tchad. <\/strong><\/span>Le Ministre congolais du Tourisme, Didier Mazenga Mukanzu, envoye\u0301 spe\u0301cial du facilitateur de\u0301signe\u0301 de la CEEAC pour la transition au Tchad, Fe\u0301lix-Antoine Tshisekedi Tshilombo, a rencontre\u0301 le Pre\u0301sident de Transition pour discuter des ne\u0301gociations qui ont abouti a\u0300 la signature de cet accord de re\u0301conciliation.<\/p>\n<p>L&rsquo;accord de re\u0301conciliation, signe\u0301 le 31 octobre 2023, permet aux exile\u0301s lie\u0301s aux e\u0301ve\u0301nements du 20 octobre 2022 de revenir au Tchad, marquant ainsi un pas crucial vers la stabilisation politique et la restauration de la paix dans le pays. Ces ne\u0301gociations ont e\u0301te\u0301 mene\u0301es de manie\u0300re collaborative, avec l&rsquo;engagement de toutes les parties concerne\u0301es.<\/p>\n<p>Le Pre\u0301sident de Transition, Ge\u0301ne\u0301ral Mahamat Idriss Deby Itno, a joue\u0301 un ro\u0302le cle\u0301 dans ces ne\u0301gociations, de\u0301montrant son engagement envers la paix et sa volonte\u0301 de trouver des solutions aux de\u0301fis du pays.<\/p>\n<p>L&rsquo;accord de re\u0301conciliation contient plusieurs mesures essentielles, notamment la garantie de se\u0301curite\u0301 pour les rapatrie\u0301s et des engagements en matie\u0300re de dialogue et de coope\u0301ration pour maintenir la stabilite\u0301 politique.<\/p>\n<p>L&rsquo;e\u0301missaire de la CEEAC a fe\u0301licite\u0301 les parties pour leur engagement en faveur de la paix et de la re\u0301conciliation, soulignant que la CEEAC reste re\u0301solument engage\u0301e a\u0300 soutenir le processus de transition au Tchad.<\/p>\n<p>Le Pre\u0301sident de Transition s&rsquo;est dit satisfait de la signature de cet accord et a salue\u0301 les efforts de\u0301ploye\u0301s par toutes les parties implique\u0301es dans le processus de re\u0301conciliation. Il a souligne\u0301 que la re\u0301unification du pays est une priorite\u0301 absolue pour son gouvernement et a re\u0301affirme\u0301 son engagement en faveur d&rsquo;une transition pacifique et inclusive au Tchad.<\/p>\n<p><strong>Pour plus d&rsquo;informations et d&rsquo;analyses sur la <a href=\"https:\/\/www.africa-press.net\/tchad\">Tchad<\/a>, suivez <a href=\"https:\/\/www.africa-press.net\/\">Africa-Press<\/a><\/strong><\/p>\n","protected":false},"excerpt":{"rendered":"<p>Africa-Press &#8211; Tchad. Le Ministre congolais du Tourisme, Didier Mazenga Mukanzu, envoye\u0301 spe\u0301cial du facilitateur de\u0301signe\u0301 de la CEEAC pour la transition au Tchad, Fe\u0301lix-Antoine Tshisekedi Tshilombo, a rencontre\u0301 le Pre\u0301sident de Transition pour discuter des ne\u0301gociations qui ont abouti a\u0300 la signature de cet accord de re\u0301conciliation. L&rsquo;accord de re\u0301conciliation, signe\u0301 le 31 octobre [&hellip;]<\/p>\n","protected":false},"author":82,"featured_media":53475,"comment_status":"open","ping_status":"closed","sticky":false,"template":"","format":"standard","meta":{"footnotes":""},"categories":[2,20,10],"tags":[37,292,29],"class_list":["post-53476","post","type-post","status-publish","format-standard","has-post-thumbnail","hentry","category-politique","category-top-nouvelles","category-toutes-les-actualites","tag-africa-press","tag-africa-press-tchad","tag-tchad"],"yoast_head":"<!-- This site is optimized with the Yoast SEO Premium plugin v26.1 (Yoast SEO v27.0) - https:\/\/yoast.com\/product\/yoast-seo-premium-wordpress\/ -->\n<title>Avanc\u00e9e majeure vers la r\u00e9conciliation au le Pr\u00e9sident re\u00e7oit l&#039;\u00e9missaire de la CEEAC - tchad<\/title>\n<meta name=\"description\" content=\"Le Ministre congolais du Tourisme, Didier Mazenga Mukanzu, envoye\u0301 spe\u0301cial du facilitateur de\u0301signe\u0301 de la CEEAC pour l ...\" \/>\n<meta name=\"robots\" content=\"index, follow, max-snippet:-1, max-image-preview:large, max-video-preview:-1\" \/>\n<link rel=\"canonical\" href=\"https:\/\/www.africa-press.net\/tchad\/politique\/avancee-majeure-vers-la-reconciliation-au-le-president-recoit-lemissaire-de-la-ceeac\" \/>\n<meta property=\"og:locale\" content=\"fr_FR\" \/>\n<meta property=\"og:type\" content=\"article\" \/>\n<meta property=\"og:title\" content=\"Avanc\u00e9e majeure vers la r\u00e9conciliation au le Pr\u00e9sident re\u00e7oit l&#039;\u00e9missaire de la CEEAC\" \/>\n<meta property=\"og:description\" content=\"Le Ministre congolais du Tourisme, Didier Mazenga Mukanzu, envoye\u0301 spe\u0301cial du facilitateur de\u0301signe\u0301 de la CEEAC pour l ...\" \/>\n<meta property=\"og:url\" content=\"https:\/\/www.africa-press.net\/tchad\/politique\/avancee-majeure-vers-la-reconciliation-au-le-president-recoit-lemissaire-de-la-ceeac\" \/>\n<meta property=\"og:site_name\" content=\"tchad\" \/>\n<meta property=\"article:published_time\" content=\"2023-11-04T16:31:21+00:00\" \/>\n<meta property=\"article:modified_time\" content=\"2023-11-04T17:10:11+00:00\" \/>\n<meta property=\"og:image\" content=\"https:\/\/static.africa-press.net\/tchad\/sites\/41\/2023\/11\/sm_1699105144.149278.jpg\" \/>\n\t<meta property=\"og:image:width\" content=\"1023\" \/>\n\t<meta property=\"og:image:height\" content=\"612\" \/>\n\t<meta property=\"og:image:type\" content=\"image\/jpeg\" \/>\n<meta name=\"author\" content=\"cfeditorfr\" \/>\n<meta name=\"twitter:card\" content=\"summary_large_image\" \/>\n<meta name=\"twitter:label1\" content=\"\u00c9crit par\" \/>\n\t<meta name=\"twitter:data1\" content=\"cfeditorfr\" \/>\n\t<meta name=\"twitter:label2\" content=\"Dur\u00e9e de lecture estim\u00e9e\" \/>\n\t<meta name=\"twitter:data2\" content=\"2 minutes\" \/>\n<script type=\"application\/ld+json\" class=\"yoast-schema-graph\">{\"@context\":\"https:\/\/schema.org\",\"@graph\":[{\"@type\":\"Article\",\"@id\":\"https:\/\/www.africa-press.net\/tchad\/politique\/avancee-majeure-vers-la-reconciliation-au-le-president-recoit-lemissaire-de-la-ceeac#article\",\"isPartOf\":{\"@id\":\"https:\/\/www.africa-press.net\/tchad\/politique\/avancee-majeure-vers-la-reconciliation-au-le-president-recoit-lemissaire-de-la-ceeac\"},\"author\":{\"name\":\"cfeditorfr\",\"@id\":\"https:\/\/www.africa-press.net\/tchad\/#\/schema\/person\/2b1cf3cd81a31e3cd26889ca66d677f1\"},\"headline\":\"Avanc\u00e9e majeure vers la r\u00e9conciliation au le Pr\u00e9sident re\u00e7oit l&rsquo;\u00e9missaire de la CEEAC\",\"datePublished\":\"2023-11-04T16:31:21+00:00\",\"dateModified\":\"2023-11-04T17:10:11+00:00\",\"mainEntityOfPage\":{\"@id\":\"https:\/\/www.africa-press.net\/tchad\/politique\/avancee-majeure-vers-la-reconciliation-au-le-president-recoit-lemissaire-de-la-ceeac\"},\"wordCount\":332,\"commentCount\":0,\"image\":{\"@id\":\"https:\/\/www.africa-press.net\/tchad\/politique\/avancee-majeure-vers-la-reconciliation-au-le-president-recoit-lemissaire-de-la-ceeac#primaryimage\"},\"thumbnailUrl\":\"https:\/\/static.africa-press.net\/tchad\/sites\/41\/2023\/11\/sm_1699105144.149278.jpg\",\"keywords\":[\"Africa Press\",\"Africa Press-Tchad\",\"Tchad\"],\"articleSection\":[\"Politique\",\"Top Nouvelles\",\"Toutes les actualit\u00e9s\"],\"inLanguage\":\"fr-FR\",\"potentialAction\":[{\"@type\":\"CommentAction\",\"name\":\"Comment\",\"target\":[\"https:\/\/www.africa-press.net\/tchad\/politique\/avancee-majeure-vers-la-reconciliation-au-le-president-recoit-lemissaire-de-la-ceeac#respond\"]}]},{\"@type\":\"WebPage\",\"@id\":\"https:\/\/www.africa-press.net\/tchad\/politique\/avancee-majeure-vers-la-reconciliation-au-le-president-recoit-lemissaire-de-la-ceeac\",\"url\":\"https:\/\/www.africa-press.net\/tchad\/politique\/avancee-majeure-vers-la-reconciliation-au-le-president-recoit-lemissaire-de-la-ceeac\",\"name\":\"Avanc\u00e9e majeure vers la r\u00e9conciliation au le Pr\u00e9sident re\u00e7oit l'\u00e9missaire de la CEEAC - tchad\",\"isPartOf\":{\"@id\":\"https:\/\/www.africa-press.net\/tchad\/#website\"},\"primaryImageOfPage\":{\"@id\":\"https:\/\/www.africa-press.net\/tchad\/politique\/avancee-majeure-vers-la-reconciliation-au-le-president-recoit-lemissaire-de-la-ceeac#primaryimage\"},\"image\":{\"@id\":\"https:\/\/www.africa-press.net\/tchad\/politique\/avancee-majeure-vers-la-reconciliation-au-le-president-recoit-lemissaire-de-la-ceeac#primaryimage\"},\"thumbnailUrl\":\"https:\/\/static.africa-press.net\/tchad\/sites\/41\/2023\/11\/sm_1699105144.149278.jpg\",\"datePublished\":\"2023-11-04T16:31:21+00:00\",\"dateModified\":\"2023-11-04T17:10:11+00:00\",\"author\":{\"@id\":\"https:\/\/www.africa-press.net\/tchad\/#\/schema\/person\/2b1cf3cd81a31e3cd26889ca66d677f1\"},\"description\":\"Le Ministre congolais du Tourisme, Didier Mazenga Mukanzu, envoye\u0301 spe\u0301cial du facilitateur de\u0301signe\u0301 de la CEEAC pour l ...\",\"breadcrumb\":{\"@id\":\"https:\/\/www.africa-press.net\/tchad\/politique\/avancee-majeure-vers-la-reconciliation-au-le-president-recoit-lemissaire-de-la-ceeac#breadcrumb\"},\"inLanguage\":\"fr-FR\",\"potentialAction\":[{\"@type\":\"ReadAction\",\"target\":[\"https:\/\/www.africa-press.net\/tchad\/politique\/avancee-majeure-vers-la-reconciliation-au-le-president-recoit-lemissaire-de-la-ceeac\"]}]},{\"@type\":\"ImageObject\",\"inLanguage\":\"fr-FR\",\"@id\":\"https:\/\/www.africa-press.net\/tchad\/politique\/avancee-majeure-vers-la-reconciliation-au-le-president-recoit-lemissaire-de-la-ceeac#primaryimage\",\"url\":\"https:\/\/static.africa-press.net\/tchad\/sites\/41\/2023\/11\/sm_1699105144.149278.jpg\",\"contentUrl\":\"https:\/\/static.africa-press.net\/tchad\/sites\/41\/2023\/11\/sm_1699105144.149278.jpg\",\"width\":1023,\"height\":612,\"caption\":\"Avanc\u00e9e majeure vers la r\u00e9conciliation au le Pr\u00e9sident re\u00e7oit l'\u00e9missaire de la CEEAC\"},{\"@type\":\"BreadcrumbList\",\"@id\":\"https:\/\/www.africa-press.net\/tchad\/politique\/avancee-majeure-vers-la-reconciliation-au-le-president-recoit-lemissaire-de-la-ceeac#breadcrumb\",\"itemListElement\":[{\"@type\":\"ListItem\",\"position\":1,\"name\":\"Accueil\",\"item\":\"https:\/\/www.africa-press.net\/tchad\/\"},{\"@type\":\"ListItem\",\"position\":2,\"name\":\"Avanc\u00e9e majeure vers la r\u00e9conciliation au le Pr\u00e9sident re\u00e7oit l&#8217;\u00e9missaire de la CEEAC\"}]},{\"@type\":\"WebSite\",\"@id\":\"https:\/\/www.africa-press.net\/tchad\/#website\",\"url\":\"https:\/\/www.africa-press.net\/tchad\/\",\"name\":\"tchad\",\"description\":\"Just another Africa News Agency Sites site\",\"potentialAction\":[{\"@type\":\"SearchAction\",\"target\":{\"@type\":\"EntryPoint\",\"urlTemplate\":\"https:\/\/www.africa-press.net\/tchad\/?s={search_term_string}\"},\"query-input\":{\"@type\":\"PropertyValueSpecification\",\"valueRequired\":true,\"valueName\":\"search_term_string\"}}],\"inLanguage\":\"fr-FR\"},{\"@type\":\"Person\",\"@id\":\"https:\/\/www.africa-press.net\/tchad\/#\/schema\/person\/2b1cf3cd81a31e3cd26889ca66d677f1\",\"name\":\"cfeditorfr\"}]}<\/script>\n<!-- \/ Yoast SEO Premium plugin. -->","yoast_head_json":{"title":"Avanc\u00e9e majeure vers la r\u00e9conciliation au le Pr\u00e9sident re\u00e7oit l'\u00e9missaire de la CEEAC - tchad","description":"Le Ministre congolais du Tourisme, Didier Mazenga Mukanzu, envoye\u0301 spe\u0301cial du facilitateur de\u0301signe\u0301 de la CEEAC pour l ...","robots":{"index":"index","follow":"follow","max-snippet":"max-snippet:-1","max-image-preview":"max-image-preview:large","max-video-preview":"max-video-preview:-1"},"canonical":"https:\/\/www.africa-press.net\/tchad\/politique\/avancee-majeure-vers-la-reconciliation-au-le-president-recoit-lemissaire-de-la-ceeac","og_locale":"fr_FR","og_type":"article","og_title":"Avanc\u00e9e majeure vers la r\u00e9conciliation au le Pr\u00e9sident re\u00e7oit l'\u00e9missaire de la CEEAC","og_description":"Le Ministre congolais du Tourisme, Didier Mazenga Mukanzu, envoye\u0301 spe\u0301cial du facilitateur de\u0301signe\u0301 de la CEEAC pour l ...","og_url":"https:\/\/www.africa-press.net\/tchad\/politique\/avancee-majeure-vers-la-reconciliation-au-le-president-recoit-lemissaire-de-la-ceeac","og_site_name":"tchad","article_published_time":"2023-11-04T16:31:21+00:00","article_modified_time":"2023-11-04T17:10:11+00:00","og_image":[{"width":1023,"height":612,"url":"https:\/\/static.africa-press.net\/tchad\/sites\/41\/2023\/11\/sm_1699105144.149278.jpg","type":"image\/jpeg"}],"author":"cfeditorfr","twitter_card":"summary_large_image","twitter_misc":{"\u00c9crit par":"cfeditorfr","Dur\u00e9e de lecture estim\u00e9e":"2 minutes"},"schema":{"@context":"https:\/\/schema.org","@graph":[{"@type":"Article","@id":"https:\/\/www.africa-press.net\/tchad\/politique\/avancee-majeure-vers-la-reconciliation-au-le-president-recoit-lemissaire-de-la-ceeac#article","isPartOf":{"@id":"https:\/\/www.africa-press.net\/tchad\/politique\/avancee-majeure-vers-la-reconciliation-au-le-president-recoit-lemissaire-de-la-ceeac"},"author":{"name":"cfeditorfr","@id":"https:\/\/www.africa-press.net\/tchad\/#\/schema\/person\/2b1cf3cd81a31e3cd26889ca66d677f1"},"headline":"Avanc\u00e9e majeure vers la r\u00e9conciliation au le Pr\u00e9sident re\u00e7oit l&rsquo;\u00e9missaire de la CEEAC","datePublished":"2023-11-04T16:31:21+00:00","dateModified":"2023-11-04T17:10:11+00:00","mainEntityOfPage":{"@id":"https:\/\/www.africa-press.net\/tchad\/politique\/avancee-majeure-vers-la-reconciliation-au-le-president-recoit-lemissaire-de-la-ceeac"},"wordCount":332,"commentCount":0,"image":{"@id":"https:\/\/www.africa-press.net\/tchad\/politique\/avancee-majeure-vers-la-reconciliation-au-le-president-recoit-lemissaire-de-la-ceeac#primaryimage"},"thumbnailUrl":"https:\/\/static.africa-press.net\/tchad\/sites\/41\/2023\/11\/sm_1699105144.149278.jpg","keywords":["Africa Press","Africa Press-Tchad","Tchad"],"articleSection":["Politique","Top Nouvelles","Toutes les actualit\u00e9s"],"inLanguage":"fr-FR","potentialAction":[{"@type":"CommentAction","name":"Comment","target":["https:\/\/www.africa-press.net\/tchad\/politique\/avancee-majeure-vers-la-reconciliation-au-le-president-recoit-lemissaire-de-la-ceeac#respond"]}]},{"@type":"WebPage","@id":"https:\/\/www.africa-press.net\/tchad\/politique\/avancee-majeure-vers-la-reconciliation-au-le-president-recoit-lemissaire-de-la-ceeac","url":"https:\/\/www.africa-press.net\/tchad\/politique\/avancee-majeure-vers-la-reconciliation-au-le-president-recoit-lemissaire-de-la-ceeac","name":"Avanc\u00e9e majeure vers la r\u00e9conciliation au le Pr\u00e9sident re\u00e7oit l'\u00e9missaire de la CEEAC - tchad","isPartOf":{"@id":"https:\/\/www.africa-press.net\/tchad\/#website"},"primaryImageOfPage":{"@id":"https:\/\/www.africa-press.net\/tchad\/politique\/avancee-majeure-vers-la-reconciliation-au-le-president-recoit-lemissaire-de-la-ceeac#primaryimage"},"image":{"@id":"https:\/\/www.africa-press.net\/tchad\/politique\/avancee-majeure-vers-la-reconciliation-au-le-president-recoit-lemissaire-de-la-ceeac#primaryimage"},"thumbnailUrl":"https:\/\/static.africa-press.net\/tchad\/sites\/41\/2023\/11\/sm_1699105144.149278.jpg","datePublished":"2023-11-04T16:31:21+00:00","dateModified":"2023-11-04T17:10:11+00:00","author":{"@id":"https:\/\/www.africa-press.net\/tchad\/#\/schema\/person\/2b1cf3cd81a31e3cd26889ca66d677f1"},"description":"Le Ministre congolais du Tourisme, Didier Mazenga Mukanzu, envoye\u0301 spe\u0301cial du facilitateur de\u0301signe\u0301 de la CEEAC pour l ...","breadcrumb":{"@id":"https:\/\/www.africa-press.net\/tchad\/politique\/avancee-majeure-vers-la-reconciliation-au-le-president-recoit-lemissaire-de-la-ceeac#breadcrumb"},"inLanguage":"fr-FR","potentialAction":[{"@type":"ReadAction","target":["https:\/\/www.africa-press.net\/tchad\/politique\/avancee-majeure-vers-la-reconciliation-au-le-president-recoit-lemissaire-de-la-ceeac"]}]},{"@type":"ImageObject","inLanguage":"fr-FR","@id":"https:\/\/www.africa-press.net\/tchad\/politique\/avancee-majeure-vers-la-reconciliation-au-le-president-recoit-lemissaire-de-la-ceeac#primaryimage","url":"https:\/\/static.africa-press.net\/tchad\/sites\/41\/2023\/11\/sm_1699105144.149278.jpg","contentUrl":"https:\/\/static.africa-press.net\/tchad\/sites\/41\/2023\/11\/sm_1699105144.149278.jpg","width":1023,"height":612,"caption":"Avanc\u00e9e majeure vers la r\u00e9conciliation au le Pr\u00e9sident re\u00e7oit l'\u00e9missaire de la CEEAC"},{"@type":"BreadcrumbList","@id":"https:\/\/www.africa-press.net\/tchad\/politique\/avancee-majeure-vers-la-reconciliation-au-le-president-recoit-lemissaire-de-la-ceeac#breadcrumb","itemListElement":[{"@type":"ListItem","position":1,"name":"Accueil","item":"https:\/\/www.africa-press.net\/tchad\/"},{"@type":"ListItem","position":2,"name":"Avanc\u00e9e majeure vers la r\u00e9conciliation au le Pr\u00e9sident re\u00e7oit l&#8217;\u00e9missaire de la CEEAC"}]},{"@type":"WebSite","@id":"https:\/\/www.africa-press.net\/tchad\/#website","url":"https:\/\/www.africa-press.net\/tchad\/","name":"tchad","description":"Just another Africa News Agency Sites site","potentialAction":[{"@type":"SearchAction","target":{"@type":"EntryPoint","urlTemplate":"https:\/\/www.africa-press.net\/tchad\/?s={search_term_string}"},"query-input":{"@type":"PropertyValueSpecification","valueRequired":true,"valueName":"search_term_string"}}],"inLanguage":"fr-FR"},{"@type":"Person","@id":"https:\/\/www.africa-press.net\/tchad\/#\/schema\/person\/2b1cf3cd81a31e3cd26889ca66d677f1","name":"cfeditorfr"}]}},"_links":{"self":[{"href":"https:\/\/www.africa-press.net\/tchad\/wp-json\/wp\/v2\/posts\/53476","targetHints":{"allow":["GET"]}}],"collection":[{"href":"https:\/\/www.africa-press.net\/tchad\/wp-json\/wp\/v2\/posts"}],"about":[{"href":"https:\/\/www.africa-press.net\/tchad\/wp-json\/wp\/v2\/types\/post"}],"author":[{"embeddable":true,"href":"https:\/\/www.africa-press.net\/tchad\/wp-json\/wp\/v2\/users\/82"}],"replies":[{"embeddable":true,"href":"https:\/\/www.africa-press.net\/tchad\/wp-json\/wp\/v2\/comments?post=53476"}],"version-history":[{"count":0,"href":"https:\/\/www.africa-press.net\/tchad\/wp-json\/wp\/v2\/posts\/53476\/revisions"}],"wp:featuredmedia":[{"embeddable":true,"href":"https:\/\/www.africa-press.net\/tchad\/wp-json\/wp\/v2\/media\/53475"}],"wp:attachment":[{"href":"https:\/\/www.africa-press.net\/tchad\/wp-json\/wp\/v2\/media?parent=53476"}],"wp:term":[{"taxonomy":"category","embeddable":true,"href":"https:\/\/www.africa-press.net\/tchad\/wp-json\/wp\/v2\/categories?post=53476"},{"taxonomy":"post_tag","embeddable":true,"href":"https:\/\/www.africa-press.net\/tchad\/wp-json\/wp\/v2\/tags?post=53476"}],"curies":[{"name":"wp","href":"https:\/\/api.w.org\/{rel}","templated":true}]}}