{"id":53492,"date":"2023-11-05T16:20:38","date_gmt":"2023-11-05T16:20:38","guid":{"rendered":"https:\/\/www.africa-press.net\/tchad\/politique\/oif-la-44eme-conference-ministerielle-sest-ouverte-a-yaounde"},"modified":"2023-11-05T16:35:20","modified_gmt":"2023-11-05T16:35:20","slug":"oif-la-44eme-conference-ministerielle-sest-ouverte-a-yaounde","status":"publish","type":"post","link":"https:\/\/www.africa-press.net\/tchad\/politique\/oif-la-44eme-conference-ministerielle-sest-ouverte-a-yaounde","title":{"rendered":"OIF : la 44\u00e8me Conf\u00e9rence minist\u00e9rielle s\u2019est ouverte \u00e0 Yaound\u00e9"},"content":{"rendered":"<p><span style=\"color: #ff6600\"><strong>Africa-Press &#8211; Tchad. <\/strong><\/span>Le Premier ministre, chef du gouvernement du Cameroun, Joseph Dion Ngute, a pre\u0301side\u0301 au nom de Paul Biya, pre\u0301sident de la Re\u0301publique, la ce\u0301re\u0301monie inaugurale de la 44e\u0300me Confe\u0301rence ministe\u0301rielle de la francophonie (CMF).<\/p>\n<p>C&rsquo;e\u0301tait en pre\u0301sence de Louise Mushikiwabo, secre\u0301taire ge\u0301ne\u0301rale de l&rsquo;Organisation internationale de la francophonie (OIF), du pre\u0301sident de la confe\u0301rence ministe\u0301rielle francophone, le Tunisien Nabil Ammar, de Lejeune Mbella Mbella, ministre des Relations exte\u0301rieures du Cameroun, et de Luc Messi Atangana, maire de la ville de Yaounde\u0301, tous assis sur l&rsquo;estrade ayant servi de tribune.<\/p>\n<p>Et dans la grande salle du Palais des congre\u0300s, l\u2019on notait la pre\u0301sence des de\u0301le\u0301gue\u0301s-repre\u0301sentants des 88 Etats membres et organisations associe\u0301es a\u0300 l&rsquo;OIF, et naturellement des invite\u0301s spe\u0301ciaux du gouvernement camerounais. Et pour une ce\u0301re\u0301monie d&rsquo;ouverture, le pari du respect du temps et de l&rsquo;ordre et des contraintes de solennite\u0301 a e\u0301te\u0301 rigoureusement tenu.<\/p>\n<p>Certes, l&rsquo;ambiance e\u0301tait quelque peu studieuse, par moments, ce qui est normal pour une instance diplomatique de haut niveau, mais suffisamment de\u0301tendue pour tout de\u0301brider, et permettre un suivi normal des interventions des diffe\u0301rentes personnalite\u0301s. Avec en prime, l&rsquo;exe\u0301cution d&rsquo;une exceptionnelle chore\u0301graphie authentiquement camerounaise, a\u0300 travers la tenue arbore\u0301e par les artistes.<\/p>\n<p>Pour cette ce\u0301re\u0301monie des assisses francophones, on aura eu au total quatre interventions : Luc Messi Atangana, maire de la ville de Yaounde\u0301 ; Nabil Ammar, pre\u0301sident de la confe\u0301rence ministe\u0301rielle de la francophonie ; Louise Mushikiwabo, secre\u0301taire ge\u0301ne\u0301rale de la Francophonie et le Premier ministre, chef du gouvernement camerounais Joseph Dion Ngute.<\/p>\n<p>Tous les orateurs ont exprime\u0301 leurs craintes et leurs espoirs de voir une Francophonie forte qui se tient toujours soude\u0301e, unie et debout, face a\u0300 un monde en proie a\u0300 l&rsquo;explosion exponentielle des tourments et des facteurs d&rsquo;incertitude et de turbulence.<\/p>\n<p>Apre\u0300s cette phase protocolaire, sanctionne\u0301e par une photo de toute la grande famille francophone, les ministres francophones sont rentre\u0301s dans un strict huis clos pour discuter ensemble, en toute franchise, sur une proble\u0301matique d&rsquo;une bru\u0302lante actualite\u0301 : \u00ab l&rsquo;Organisation internationale de la francophonie, face aux ruptures re\u0301currentes de la de\u0301mocratie dans l&rsquo;espace francophone \u00bb.<\/p>\n<p>Dans l&rsquo;apre\u0300s-midi de ce samedi, les de\u0301le\u0301gue\u0301s ont suivi quelques expose\u0301s sur la the\u0301matique ge\u0301ne\u0301rale qui sous-tend les assises francophones de Yaounde\u0301 : \u00ab bonne gouvernance : gage de stabilite\u0301 politique, e\u0301conomique et culturelle pour les citoyens francophones \u00bb.<\/p>\n<p>Au cours de ces e\u0301changes intellectuels et politiques, Louise Mushikiwabo, secre\u0301taire ge\u0301ne\u0301rale de l&rsquo;OIF a fait une intervention qui a pre\u0301ce\u0301de\u0301 celle de Lejeune Mbella Mbella, ministre des Relations exte\u0301rieures du Cameroun.<\/p>\n<p>En ce qui concerne le deuxie\u0300me et dernier jour des travaux, les de\u0301le\u0301gue\u0301s vont essentiellement statuer sur des questions de gouvernance administrative, budge\u0301taire et financie\u0300re. Ceci avant une confe\u0301rence de presse qui sanctionnera les assises la 44e\u0300me Confe\u0301rence ministe\u0301rielle de la francophonie de Yaounde\u0301. (Avec le Centre de Communication du Cameroun en France)<\/p>\n<p><strong>Pour plus d&rsquo;informations et d&rsquo;analyses sur la <a href=\"https:\/\/www.africa-press.net\/tchad\">Tchad<\/a>, suivez <a href=\"https:\/\/www.africa-press.net\/\">Africa-Press<\/a><\/strong><\/p>\n","protected":false},"excerpt":{"rendered":"<p>Africa-Press &#8211; Tchad. Le Premier ministre, chef du gouvernement du Cameroun, Joseph Dion Ngute, a pre\u0301side\u0301 au nom de Paul Biya, pre\u0301sident de la Re\u0301publique, la ce\u0301re\u0301monie inaugurale de la 44e\u0300me Confe\u0301rence ministe\u0301rielle de la francophonie (CMF). C&rsquo;e\u0301tait en pre\u0301sence de Louise Mushikiwabo, secre\u0301taire ge\u0301ne\u0301rale de l&rsquo;Organisation internationale de la francophonie (OIF), du pre\u0301sident de [&hellip;]<\/p>\n","protected":false},"author":82,"featured_media":53491,"comment_status":"open","ping_status":"closed","sticky":false,"template":"","format":"standard","meta":{"footnotes":""},"categories":[2,10],"tags":[37,292,29],"class_list":["post-53492","post","type-post","status-publish","format-standard","has-post-thumbnail","hentry","category-politique","category-toutes-les-actualites","tag-africa-press","tag-africa-press-tchad","tag-tchad"],"yoast_head":"<!-- This site is optimized with the Yoast SEO Premium plugin v26.1 (Yoast SEO v27.0) - https:\/\/yoast.com\/product\/yoast-seo-premium-wordpress\/ -->\n<title>OIF : la 44\u00e8me Conf\u00e9rence minist\u00e9rielle s\u2019est ouverte \u00e0 Yaound\u00e9 - tchad<\/title>\n<meta name=\"description\" content=\"Le Premier ministre, chef du gouvernement du Cameroun, Joseph Dion Ngute, a pre\u0301side\u0301 au nom de Paul Biya, pre\u0301sident de ...\" \/>\n<meta name=\"robots\" content=\"index, follow, max-snippet:-1, max-image-preview:large, max-video-preview:-1\" \/>\n<link rel=\"canonical\" href=\"https:\/\/www.africa-press.net\/tchad\/politique\/oif-la-44eme-conference-ministerielle-sest-ouverte-a-yaounde\" \/>\n<meta property=\"og:locale\" content=\"fr_FR\" \/>\n<meta property=\"og:type\" content=\"article\" \/>\n<meta property=\"og:title\" content=\"OIF : la 44\u00e8me Conf\u00e9rence minist\u00e9rielle s\u2019est ouverte \u00e0 Yaound\u00e9\" \/>\n<meta property=\"og:description\" content=\"Le Premier ministre, chef du gouvernement du Cameroun, Joseph Dion Ngute, a pre\u0301side\u0301 au nom de Paul Biya, pre\u0301sident de ...\" \/>\n<meta property=\"og:url\" content=\"https:\/\/www.africa-press.net\/tchad\/politique\/oif-la-44eme-conference-ministerielle-sest-ouverte-a-yaounde\" \/>\n<meta property=\"og:site_name\" content=\"tchad\" \/>\n<meta property=\"article:published_time\" content=\"2023-11-05T16:20:38+00:00\" \/>\n<meta property=\"article:modified_time\" content=\"2023-11-05T16:35:20+00:00\" \/>\n<meta property=\"og:image\" content=\"https:\/\/static.africa-press.net\/tchad\/sites\/41\/2023\/11\/sm_1699189441.77279.jpg\" \/>\n\t<meta property=\"og:image:width\" content=\"857\" \/>\n\t<meta property=\"og:image:height\" content=\"501\" \/>\n\t<meta property=\"og:image:type\" content=\"image\/jpeg\" \/>\n<meta name=\"author\" content=\"cfeditorfr\" \/>\n<meta name=\"twitter:card\" content=\"summary_large_image\" \/>\n<meta name=\"twitter:label1\" content=\"\u00c9crit par\" \/>\n\t<meta name=\"twitter:data1\" content=\"cfeditorfr\" \/>\n\t<meta name=\"twitter:label2\" content=\"Dur\u00e9e de lecture estim\u00e9e\" \/>\n\t<meta name=\"twitter:data2\" content=\"3 minutes\" \/>\n<script type=\"application\/ld+json\" class=\"yoast-schema-graph\">{\"@context\":\"https:\/\/schema.org\",\"@graph\":[{\"@type\":\"Article\",\"@id\":\"https:\/\/www.africa-press.net\/tchad\/politique\/oif-la-44eme-conference-ministerielle-sest-ouverte-a-yaounde#article\",\"isPartOf\":{\"@id\":\"https:\/\/www.africa-press.net\/tchad\/politique\/oif-la-44eme-conference-ministerielle-sest-ouverte-a-yaounde\"},\"author\":{\"name\":\"cfeditorfr\",\"@id\":\"https:\/\/www.africa-press.net\/tchad\/#\/schema\/person\/2b1cf3cd81a31e3cd26889ca66d677f1\"},\"headline\":\"OIF : la 44\u00e8me Conf\u00e9rence minist\u00e9rielle s\u2019est ouverte \u00e0 Yaound\u00e9\",\"datePublished\":\"2023-11-05T16:20:38+00:00\",\"dateModified\":\"2023-11-05T16:35:20+00:00\",\"mainEntityOfPage\":{\"@id\":\"https:\/\/www.africa-press.net\/tchad\/politique\/oif-la-44eme-conference-ministerielle-sest-ouverte-a-yaounde\"},\"wordCount\":579,\"commentCount\":0,\"image\":{\"@id\":\"https:\/\/www.africa-press.net\/tchad\/politique\/oif-la-44eme-conference-ministerielle-sest-ouverte-a-yaounde#primaryimage\"},\"thumbnailUrl\":\"https:\/\/static.africa-press.net\/tchad\/sites\/41\/2023\/11\/sm_1699189441.77279.jpg\",\"keywords\":[\"Africa Press\",\"Africa Press-Tchad\",\"Tchad\"],\"articleSection\":[\"Politique\",\"Toutes les actualit\u00e9s\"],\"inLanguage\":\"fr-FR\",\"potentialAction\":[{\"@type\":\"CommentAction\",\"name\":\"Comment\",\"target\":[\"https:\/\/www.africa-press.net\/tchad\/politique\/oif-la-44eme-conference-ministerielle-sest-ouverte-a-yaounde#respond\"]}]},{\"@type\":\"WebPage\",\"@id\":\"https:\/\/www.africa-press.net\/tchad\/politique\/oif-la-44eme-conference-ministerielle-sest-ouverte-a-yaounde\",\"url\":\"https:\/\/www.africa-press.net\/tchad\/politique\/oif-la-44eme-conference-ministerielle-sest-ouverte-a-yaounde\",\"name\":\"OIF : la 44\u00e8me Conf\u00e9rence minist\u00e9rielle s\u2019est ouverte \u00e0 Yaound\u00e9 - tchad\",\"isPartOf\":{\"@id\":\"https:\/\/www.africa-press.net\/tchad\/#website\"},\"primaryImageOfPage\":{\"@id\":\"https:\/\/www.africa-press.net\/tchad\/politique\/oif-la-44eme-conference-ministerielle-sest-ouverte-a-yaounde#primaryimage\"},\"image\":{\"@id\":\"https:\/\/www.africa-press.net\/tchad\/politique\/oif-la-44eme-conference-ministerielle-sest-ouverte-a-yaounde#primaryimage\"},\"thumbnailUrl\":\"https:\/\/static.africa-press.net\/tchad\/sites\/41\/2023\/11\/sm_1699189441.77279.jpg\",\"datePublished\":\"2023-11-05T16:20:38+00:00\",\"dateModified\":\"2023-11-05T16:35:20+00:00\",\"author\":{\"@id\":\"https:\/\/www.africa-press.net\/tchad\/#\/schema\/person\/2b1cf3cd81a31e3cd26889ca66d677f1\"},\"description\":\"Le Premier ministre, chef du gouvernement du Cameroun, Joseph Dion Ngute, a pre\u0301side\u0301 au nom de Paul Biya, pre\u0301sident de ...\",\"breadcrumb\":{\"@id\":\"https:\/\/www.africa-press.net\/tchad\/politique\/oif-la-44eme-conference-ministerielle-sest-ouverte-a-yaounde#breadcrumb\"},\"inLanguage\":\"fr-FR\",\"potentialAction\":[{\"@type\":\"ReadAction\",\"target\":[\"https:\/\/www.africa-press.net\/tchad\/politique\/oif-la-44eme-conference-ministerielle-sest-ouverte-a-yaounde\"]}]},{\"@type\":\"ImageObject\",\"inLanguage\":\"fr-FR\",\"@id\":\"https:\/\/www.africa-press.net\/tchad\/politique\/oif-la-44eme-conference-ministerielle-sest-ouverte-a-yaounde#primaryimage\",\"url\":\"https:\/\/static.africa-press.net\/tchad\/sites\/41\/2023\/11\/sm_1699189441.77279.jpg\",\"contentUrl\":\"https:\/\/static.africa-press.net\/tchad\/sites\/41\/2023\/11\/sm_1699189441.77279.jpg\",\"width\":857,\"height\":501,\"caption\":\"OIF : la 44\u00e8me Conf\u00e9rence minist\u00e9rielle s\u2019est ouverte \u00e0 Yaound\u00e9\"},{\"@type\":\"BreadcrumbList\",\"@id\":\"https:\/\/www.africa-press.net\/tchad\/politique\/oif-la-44eme-conference-ministerielle-sest-ouverte-a-yaounde#breadcrumb\",\"itemListElement\":[{\"@type\":\"ListItem\",\"position\":1,\"name\":\"Accueil\",\"item\":\"https:\/\/www.africa-press.net\/tchad\/\"},{\"@type\":\"ListItem\",\"position\":2,\"name\":\"OIF : la 44\u00e8me Conf\u00e9rence minist\u00e9rielle s\u2019est ouverte \u00e0 Yaound\u00e9\"}]},{\"@type\":\"WebSite\",\"@id\":\"https:\/\/www.africa-press.net\/tchad\/#website\",\"url\":\"https:\/\/www.africa-press.net\/tchad\/\",\"name\":\"tchad\",\"description\":\"Just another Africa News Agency Sites site\",\"potentialAction\":[{\"@type\":\"SearchAction\",\"target\":{\"@type\":\"EntryPoint\",\"urlTemplate\":\"https:\/\/www.africa-press.net\/tchad\/?s={search_term_string}\"},\"query-input\":{\"@type\":\"PropertyValueSpecification\",\"valueRequired\":true,\"valueName\":\"search_term_string\"}}],\"inLanguage\":\"fr-FR\"},{\"@type\":\"Person\",\"@id\":\"https:\/\/www.africa-press.net\/tchad\/#\/schema\/person\/2b1cf3cd81a31e3cd26889ca66d677f1\",\"name\":\"cfeditorfr\"}]}<\/script>\n<!-- \/ Yoast SEO Premium plugin. -->","yoast_head_json":{"title":"OIF : la 44\u00e8me Conf\u00e9rence minist\u00e9rielle s\u2019est ouverte \u00e0 Yaound\u00e9 - tchad","description":"Le Premier ministre, chef du gouvernement du Cameroun, Joseph Dion Ngute, a pre\u0301side\u0301 au nom de Paul Biya, pre\u0301sident de ...","robots":{"index":"index","follow":"follow","max-snippet":"max-snippet:-1","max-image-preview":"max-image-preview:large","max-video-preview":"max-video-preview:-1"},"canonical":"https:\/\/www.africa-press.net\/tchad\/politique\/oif-la-44eme-conference-ministerielle-sest-ouverte-a-yaounde","og_locale":"fr_FR","og_type":"article","og_title":"OIF : la 44\u00e8me Conf\u00e9rence minist\u00e9rielle s\u2019est ouverte \u00e0 Yaound\u00e9","og_description":"Le Premier ministre, chef du gouvernement du Cameroun, Joseph Dion Ngute, a pre\u0301side\u0301 au nom de Paul Biya, pre\u0301sident de ...","og_url":"https:\/\/www.africa-press.net\/tchad\/politique\/oif-la-44eme-conference-ministerielle-sest-ouverte-a-yaounde","og_site_name":"tchad","article_published_time":"2023-11-05T16:20:38+00:00","article_modified_time":"2023-11-05T16:35:20+00:00","og_image":[{"width":857,"height":501,"url":"https:\/\/static.africa-press.net\/tchad\/sites\/41\/2023\/11\/sm_1699189441.77279.jpg","type":"image\/jpeg"}],"author":"cfeditorfr","twitter_card":"summary_large_image","twitter_misc":{"\u00c9crit par":"cfeditorfr","Dur\u00e9e de lecture estim\u00e9e":"3 minutes"},"schema":{"@context":"https:\/\/schema.org","@graph":[{"@type":"Article","@id":"https:\/\/www.africa-press.net\/tchad\/politique\/oif-la-44eme-conference-ministerielle-sest-ouverte-a-yaounde#article","isPartOf":{"@id":"https:\/\/www.africa-press.net\/tchad\/politique\/oif-la-44eme-conference-ministerielle-sest-ouverte-a-yaounde"},"author":{"name":"cfeditorfr","@id":"https:\/\/www.africa-press.net\/tchad\/#\/schema\/person\/2b1cf3cd81a31e3cd26889ca66d677f1"},"headline":"OIF : la 44\u00e8me Conf\u00e9rence minist\u00e9rielle s\u2019est ouverte \u00e0 Yaound\u00e9","datePublished":"2023-11-05T16:20:38+00:00","dateModified":"2023-11-05T16:35:20+00:00","mainEntityOfPage":{"@id":"https:\/\/www.africa-press.net\/tchad\/politique\/oif-la-44eme-conference-ministerielle-sest-ouverte-a-yaounde"},"wordCount":579,"commentCount":0,"image":{"@id":"https:\/\/www.africa-press.net\/tchad\/politique\/oif-la-44eme-conference-ministerielle-sest-ouverte-a-yaounde#primaryimage"},"thumbnailUrl":"https:\/\/static.africa-press.net\/tchad\/sites\/41\/2023\/11\/sm_1699189441.77279.jpg","keywords":["Africa Press","Africa Press-Tchad","Tchad"],"articleSection":["Politique","Toutes les actualit\u00e9s"],"inLanguage":"fr-FR","potentialAction":[{"@type":"CommentAction","name":"Comment","target":["https:\/\/www.africa-press.net\/tchad\/politique\/oif-la-44eme-conference-ministerielle-sest-ouverte-a-yaounde#respond"]}]},{"@type":"WebPage","@id":"https:\/\/www.africa-press.net\/tchad\/politique\/oif-la-44eme-conference-ministerielle-sest-ouverte-a-yaounde","url":"https:\/\/www.africa-press.net\/tchad\/politique\/oif-la-44eme-conference-ministerielle-sest-ouverte-a-yaounde","name":"OIF : la 44\u00e8me Conf\u00e9rence minist\u00e9rielle s\u2019est ouverte \u00e0 Yaound\u00e9 - tchad","isPartOf":{"@id":"https:\/\/www.africa-press.net\/tchad\/#website"},"primaryImageOfPage":{"@id":"https:\/\/www.africa-press.net\/tchad\/politique\/oif-la-44eme-conference-ministerielle-sest-ouverte-a-yaounde#primaryimage"},"image":{"@id":"https:\/\/www.africa-press.net\/tchad\/politique\/oif-la-44eme-conference-ministerielle-sest-ouverte-a-yaounde#primaryimage"},"thumbnailUrl":"https:\/\/static.africa-press.net\/tchad\/sites\/41\/2023\/11\/sm_1699189441.77279.jpg","datePublished":"2023-11-05T16:20:38+00:00","dateModified":"2023-11-05T16:35:20+00:00","author":{"@id":"https:\/\/www.africa-press.net\/tchad\/#\/schema\/person\/2b1cf3cd81a31e3cd26889ca66d677f1"},"description":"Le Premier ministre, chef du gouvernement du Cameroun, Joseph Dion Ngute, a pre\u0301side\u0301 au nom de Paul Biya, pre\u0301sident de ...","breadcrumb":{"@id":"https:\/\/www.africa-press.net\/tchad\/politique\/oif-la-44eme-conference-ministerielle-sest-ouverte-a-yaounde#breadcrumb"},"inLanguage":"fr-FR","potentialAction":[{"@type":"ReadAction","target":["https:\/\/www.africa-press.net\/tchad\/politique\/oif-la-44eme-conference-ministerielle-sest-ouverte-a-yaounde"]}]},{"@type":"ImageObject","inLanguage":"fr-FR","@id":"https:\/\/www.africa-press.net\/tchad\/politique\/oif-la-44eme-conference-ministerielle-sest-ouverte-a-yaounde#primaryimage","url":"https:\/\/static.africa-press.net\/tchad\/sites\/41\/2023\/11\/sm_1699189441.77279.jpg","contentUrl":"https:\/\/static.africa-press.net\/tchad\/sites\/41\/2023\/11\/sm_1699189441.77279.jpg","width":857,"height":501,"caption":"OIF : la 44\u00e8me Conf\u00e9rence minist\u00e9rielle s\u2019est ouverte \u00e0 Yaound\u00e9"},{"@type":"BreadcrumbList","@id":"https:\/\/www.africa-press.net\/tchad\/politique\/oif-la-44eme-conference-ministerielle-sest-ouverte-a-yaounde#breadcrumb","itemListElement":[{"@type":"ListItem","position":1,"name":"Accueil","item":"https:\/\/www.africa-press.net\/tchad\/"},{"@type":"ListItem","position":2,"name":"OIF : la 44\u00e8me Conf\u00e9rence minist\u00e9rielle s\u2019est ouverte \u00e0 Yaound\u00e9"}]},{"@type":"WebSite","@id":"https:\/\/www.africa-press.net\/tchad\/#website","url":"https:\/\/www.africa-press.net\/tchad\/","name":"tchad","description":"Just another Africa News Agency Sites site","potentialAction":[{"@type":"SearchAction","target":{"@type":"EntryPoint","urlTemplate":"https:\/\/www.africa-press.net\/tchad\/?s={search_term_string}"},"query-input":{"@type":"PropertyValueSpecification","valueRequired":true,"valueName":"search_term_string"}}],"inLanguage":"fr-FR"},{"@type":"Person","@id":"https:\/\/www.africa-press.net\/tchad\/#\/schema\/person\/2b1cf3cd81a31e3cd26889ca66d677f1","name":"cfeditorfr"}]}},"_links":{"self":[{"href":"https:\/\/www.africa-press.net\/tchad\/wp-json\/wp\/v2\/posts\/53492","targetHints":{"allow":["GET"]}}],"collection":[{"href":"https:\/\/www.africa-press.net\/tchad\/wp-json\/wp\/v2\/posts"}],"about":[{"href":"https:\/\/www.africa-press.net\/tchad\/wp-json\/wp\/v2\/types\/post"}],"author":[{"embeddable":true,"href":"https:\/\/www.africa-press.net\/tchad\/wp-json\/wp\/v2\/users\/82"}],"replies":[{"embeddable":true,"href":"https:\/\/www.africa-press.net\/tchad\/wp-json\/wp\/v2\/comments?post=53492"}],"version-history":[{"count":0,"href":"https:\/\/www.africa-press.net\/tchad\/wp-json\/wp\/v2\/posts\/53492\/revisions"}],"wp:featuredmedia":[{"embeddable":true,"href":"https:\/\/www.africa-press.net\/tchad\/wp-json\/wp\/v2\/media\/53491"}],"wp:attachment":[{"href":"https:\/\/www.africa-press.net\/tchad\/wp-json\/wp\/v2\/media?parent=53492"}],"wp:term":[{"taxonomy":"category","embeddable":true,"href":"https:\/\/www.africa-press.net\/tchad\/wp-json\/wp\/v2\/categories?post=53492"},{"taxonomy":"post_tag","embeddable":true,"href":"https:\/\/www.africa-press.net\/tchad\/wp-json\/wp\/v2\/tags?post=53492"}],"curies":[{"name":"wp","href":"https:\/\/api.w.org\/{rel}","templated":true}]}}