{"id":53495,"date":"2023-11-05T15:21:43","date_gmt":"2023-11-05T15:21:43","guid":{"rendered":"https:\/\/www.africa-press.net\/tchad\/politique\/tchad-unfpa-le-chef-de-letat-a-recu-la-directrice-executive-en-visite-de-travail-au-tchad"},"modified":"2023-11-05T16:36:19","modified_gmt":"2023-11-05T16:36:19","slug":"tchad-unfpa-le-chef-de-letat-a-recu-la-directrice-executive-en-visite-de-travail-au-tchad","status":"publish","type":"post","link":"https:\/\/www.africa-press.net\/tchad\/politique\/tchad-unfpa-le-chef-de-letat-a-recu-la-directrice-executive-en-visite-de-travail-au-tchad","title":{"rendered":"TCHAD-UNFPA : Le Chef de l\u2019Etat a re\u00e7u la Directrice Ex\u00e9cutive en visite de travail au Tchad"},"content":{"rendered":"<p><span style=\"color: #ff6600\"><strong>Africa-Press &#8211; Tchad. <\/strong><\/span>Le Pre\u0301sident de Transition, Pre\u0301sident de la Re\u0301publique, Chef de l\u2019Etat, Ge\u0301ne\u0301ral MAHAMAT IDRISS DE\u0301BY ITNO aaccorde\u0301 ce matin, une audience a\u0300 la Directrice Exe\u0301cutive du Fonds des Nations Unies pour la Population (UNFPA), Dr Nathalia Kanem en visite de travail au Tchad.<\/p>\n<p>Les e\u0301changes avec le Chef de l\u2019Etat ont porte\u0301 sur les questions de la sante\u0301 du couple me\u0300re-enfant, la promotion et la protection de la femme et de la petite fille mais aussi la question des refugie\u0301s. Se\u0301duite par les efforts du Gouvernement, Dr Nathalia Kanem a vivement fe\u0301licite\u0301 le Chef de l\u2019Etat, Ge\u0301ne\u0301ral MAHAMAT IDRISS DEBY ITNO pour les progre\u0300s re\u0301alise\u0301s par le Tchad dans plusieurs domaines, notamment sanitaire et promotion du genre, a\u0300 travers la re\u0301duction de la mortalite\u0301 maternelle et infantile, la lutte contre les violences base\u0301es sur le genre, l\u2019e\u0301limination des mutilations ge\u0301nitales fe\u0301minines et le renforcement de l\u2019autonomisation des femmes. Elle a encourage\u0301 le Pre\u0301sident de la Re\u0301publique a\u0300 poursuivre sur cette voie et a\u0300 faire du Tchad un pays mode\u0300le en matie\u0300re de promotion et de protection de la femme et de la petite enfance.<\/p>\n<p>Un autre sujet aborde\u0301 au cours de cette audience a e\u0301te\u0301 la situation humanitaire au Tchad, marque\u0301e par l\u2019afflux massif de re\u0301fugie\u0301s en provenance des pays voisins, notamment le Soudan, la Re\u0301publique Centrafricaine et le Nigeria. Dr Nathalia Kanem a exprime\u0301 sa gratitude au Tchad pour son hospitalite\u0301 et sa ge\u0301ne\u0301rosite\u0301 envers les populations de\u0301place\u0301es.<\/p>\n<p>Elle a assure\u0301 que le syste\u0300me des Nations-Unies, a\u0300 travers l\u2019UNFPA et ses partenaires, fera tout ce qui est en son pouvoir pour aider le pays a\u0300 ge\u0301rer cette crise humanitaire et a\u0300 re\u0301pondre aux besoins spe\u0301cifiques des femmes et des filles affecte\u0301es par les conflits.<\/p>\n<p>Le Chef de l\u2019Etat, Ge\u0301ne\u0301ral MAHAMATIDRISS DE\u0301BY ITNO a remercie\u0301 la Directrice Exe\u0301cutive de l\u2019UNFPA pour sa visite et son soutien constant au Tchad. Il a re\u0301affirme\u0301 son engagement a\u0300 travailler avec l\u2019UNFPA et les autres agences onusiennes pour ame\u0301liorer les conditions de vie des Tchadiens, particulie\u0300rement les femmes et les enfants. Le Pre\u0301sident de Transition a e\u0301galement sollicite\u0301 l\u2019appui de la communaute\u0301 internationale pour faire face aux de\u0301fis se\u0301curitaires et humanitaires auxquels le Tchad est confronte\u0301.<\/p>\n<p><strong>Pour plus d&rsquo;informations et d&rsquo;analyses sur la <a href=\"https:\/\/www.africa-press.net\/tchad\">Tchad<\/a>, suivez <a href=\"https:\/\/www.africa-press.net\/\">Africa-Press<\/a><\/strong><\/p>\n","protected":false},"excerpt":{"rendered":"<p>Africa-Press &#8211; Tchad. Le Pre\u0301sident de Transition, Pre\u0301sident de la Re\u0301publique, Chef de l\u2019Etat, Ge\u0301ne\u0301ral MAHAMAT IDRISS DE\u0301BY ITNO aaccorde\u0301 ce matin, une audience a\u0300 la Directrice Exe\u0301cutive du Fonds des Nations Unies pour la Population (UNFPA), Dr Nathalia Kanem en visite de travail au Tchad. Les e\u0301changes avec le Chef de l\u2019Etat ont porte\u0301 [&hellip;]<\/p>\n","protected":false},"author":82,"featured_media":53494,"comment_status":"open","ping_status":"closed","sticky":false,"template":"","format":"standard","meta":{"footnotes":""},"categories":[2,20,10],"tags":[37,292,29],"class_list":["post-53495","post","type-post","status-publish","format-standard","has-post-thumbnail","hentry","category-politique","category-top-nouvelles","category-toutes-les-actualites","tag-africa-press","tag-africa-press-tchad","tag-tchad"],"yoast_head":"<!-- This site is optimized with the Yoast SEO Premium plugin v26.1 (Yoast SEO v27.0) - https:\/\/yoast.com\/product\/yoast-seo-premium-wordpress\/ -->\n<title>TCHAD-UNFPA : Le Chef de l\u2019Etat a re\u00e7u la Directrice Ex\u00e9cutive en visite de travail au Tchad - tchad<\/title>\n<meta name=\"description\" content=\"Le Pre\u0301sident de Transition, Pre\u0301sident de la Re\u0301publique, Chef de l\u2019Etat, Ge\u0301ne\u0301ral MAHAMAT IDRISS DE\u0301BY ITNO aaccorde\u0301 ...\" \/>\n<meta name=\"robots\" content=\"index, follow, max-snippet:-1, max-image-preview:large, max-video-preview:-1\" \/>\n<link rel=\"canonical\" href=\"https:\/\/www.africa-press.net\/tchad\/politique\/tchad-unfpa-le-chef-de-letat-a-recu-la-directrice-executive-en-visite-de-travail-au-tchad\" \/>\n<meta property=\"og:locale\" content=\"fr_FR\" \/>\n<meta property=\"og:type\" content=\"article\" \/>\n<meta property=\"og:title\" content=\"TCHAD-UNFPA : Le Chef de l\u2019Etat a re\u00e7u la Directrice Ex\u00e9cutive en visite de travail au Tchad\" \/>\n<meta property=\"og:description\" content=\"Le Pre\u0301sident de Transition, Pre\u0301sident de la Re\u0301publique, Chef de l\u2019Etat, Ge\u0301ne\u0301ral MAHAMAT IDRISS DE\u0301BY ITNO aaccorde\u0301 ...\" \/>\n<meta property=\"og:url\" content=\"https:\/\/www.africa-press.net\/tchad\/politique\/tchad-unfpa-le-chef-de-letat-a-recu-la-directrice-executive-en-visite-de-travail-au-tchad\" \/>\n<meta property=\"og:site_name\" content=\"tchad\" \/>\n<meta property=\"article:published_time\" content=\"2023-11-05T15:21:43+00:00\" \/>\n<meta property=\"article:modified_time\" content=\"2023-11-05T16:36:19+00:00\" \/>\n<meta property=\"og:image\" content=\"https:\/\/static.africa-press.net\/tchad\/sites\/41\/2023\/11\/sm_1699189553.553379.jpg\" \/>\n\t<meta property=\"og:image:width\" content=\"1021\" \/>\n\t<meta property=\"og:image:height\" content=\"614\" \/>\n\t<meta property=\"og:image:type\" content=\"image\/jpeg\" \/>\n<meta name=\"author\" content=\"cfeditorfr\" \/>\n<meta name=\"twitter:card\" content=\"summary_large_image\" \/>\n<meta name=\"twitter:label1\" content=\"\u00c9crit par\" \/>\n\t<meta name=\"twitter:data1\" content=\"cfeditorfr\" \/>\n\t<meta name=\"twitter:label2\" content=\"Dur\u00e9e de lecture estim\u00e9e\" \/>\n\t<meta name=\"twitter:data2\" content=\"2 minutes\" \/>\n<script type=\"application\/ld+json\" class=\"yoast-schema-graph\">{\"@context\":\"https:\/\/schema.org\",\"@graph\":[{\"@type\":\"Article\",\"@id\":\"https:\/\/www.africa-press.net\/tchad\/politique\/tchad-unfpa-le-chef-de-letat-a-recu-la-directrice-executive-en-visite-de-travail-au-tchad#article\",\"isPartOf\":{\"@id\":\"https:\/\/www.africa-press.net\/tchad\/politique\/tchad-unfpa-le-chef-de-letat-a-recu-la-directrice-executive-en-visite-de-travail-au-tchad\"},\"author\":{\"name\":\"cfeditorfr\",\"@id\":\"https:\/\/www.africa-press.net\/tchad\/#\/schema\/person\/2b1cf3cd81a31e3cd26889ca66d677f1\"},\"headline\":\"TCHAD-UNFPA : Le Chef de l\u2019Etat a re\u00e7u la Directrice Ex\u00e9cutive en visite de travail au Tchad\",\"datePublished\":\"2023-11-05T15:21:43+00:00\",\"dateModified\":\"2023-11-05T16:36:19+00:00\",\"mainEntityOfPage\":{\"@id\":\"https:\/\/www.africa-press.net\/tchad\/politique\/tchad-unfpa-le-chef-de-letat-a-recu-la-directrice-executive-en-visite-de-travail-au-tchad\"},\"wordCount\":458,\"commentCount\":0,\"image\":{\"@id\":\"https:\/\/www.africa-press.net\/tchad\/politique\/tchad-unfpa-le-chef-de-letat-a-recu-la-directrice-executive-en-visite-de-travail-au-tchad#primaryimage\"},\"thumbnailUrl\":\"https:\/\/static.africa-press.net\/tchad\/sites\/41\/2023\/11\/sm_1699189553.553379.jpg\",\"keywords\":[\"Africa Press\",\"Africa Press-Tchad\",\"Tchad\"],\"articleSection\":[\"Politique\",\"Top Nouvelles\",\"Toutes les actualit\u00e9s\"],\"inLanguage\":\"fr-FR\",\"potentialAction\":[{\"@type\":\"CommentAction\",\"name\":\"Comment\",\"target\":[\"https:\/\/www.africa-press.net\/tchad\/politique\/tchad-unfpa-le-chef-de-letat-a-recu-la-directrice-executive-en-visite-de-travail-au-tchad#respond\"]}]},{\"@type\":\"WebPage\",\"@id\":\"https:\/\/www.africa-press.net\/tchad\/politique\/tchad-unfpa-le-chef-de-letat-a-recu-la-directrice-executive-en-visite-de-travail-au-tchad\",\"url\":\"https:\/\/www.africa-press.net\/tchad\/politique\/tchad-unfpa-le-chef-de-letat-a-recu-la-directrice-executive-en-visite-de-travail-au-tchad\",\"name\":\"TCHAD-UNFPA : Le Chef de l\u2019Etat a re\u00e7u la Directrice Ex\u00e9cutive en visite de travail au Tchad - tchad\",\"isPartOf\":{\"@id\":\"https:\/\/www.africa-press.net\/tchad\/#website\"},\"primaryImageOfPage\":{\"@id\":\"https:\/\/www.africa-press.net\/tchad\/politique\/tchad-unfpa-le-chef-de-letat-a-recu-la-directrice-executive-en-visite-de-travail-au-tchad#primaryimage\"},\"image\":{\"@id\":\"https:\/\/www.africa-press.net\/tchad\/politique\/tchad-unfpa-le-chef-de-letat-a-recu-la-directrice-executive-en-visite-de-travail-au-tchad#primaryimage\"},\"thumbnailUrl\":\"https:\/\/static.africa-press.net\/tchad\/sites\/41\/2023\/11\/sm_1699189553.553379.jpg\",\"datePublished\":\"2023-11-05T15:21:43+00:00\",\"dateModified\":\"2023-11-05T16:36:19+00:00\",\"author\":{\"@id\":\"https:\/\/www.africa-press.net\/tchad\/#\/schema\/person\/2b1cf3cd81a31e3cd26889ca66d677f1\"},\"description\":\"Le Pre\u0301sident de Transition, Pre\u0301sident de la Re\u0301publique, Chef de l\u2019Etat, Ge\u0301ne\u0301ral MAHAMAT IDRISS DE\u0301BY ITNO aaccorde\u0301 ...\",\"breadcrumb\":{\"@id\":\"https:\/\/www.africa-press.net\/tchad\/politique\/tchad-unfpa-le-chef-de-letat-a-recu-la-directrice-executive-en-visite-de-travail-au-tchad#breadcrumb\"},\"inLanguage\":\"fr-FR\",\"potentialAction\":[{\"@type\":\"ReadAction\",\"target\":[\"https:\/\/www.africa-press.net\/tchad\/politique\/tchad-unfpa-le-chef-de-letat-a-recu-la-directrice-executive-en-visite-de-travail-au-tchad\"]}]},{\"@type\":\"ImageObject\",\"inLanguage\":\"fr-FR\",\"@id\":\"https:\/\/www.africa-press.net\/tchad\/politique\/tchad-unfpa-le-chef-de-letat-a-recu-la-directrice-executive-en-visite-de-travail-au-tchad#primaryimage\",\"url\":\"https:\/\/static.africa-press.net\/tchad\/sites\/41\/2023\/11\/sm_1699189553.553379.jpg\",\"contentUrl\":\"https:\/\/static.africa-press.net\/tchad\/sites\/41\/2023\/11\/sm_1699189553.553379.jpg\",\"width\":1021,\"height\":614,\"caption\":\"TCHAD-UNFPA : Le Chef de l\u2019Etat a re\u00e7u la Directrice Ex\u00e9cutive en visite de travail au Tchad\"},{\"@type\":\"BreadcrumbList\",\"@id\":\"https:\/\/www.africa-press.net\/tchad\/politique\/tchad-unfpa-le-chef-de-letat-a-recu-la-directrice-executive-en-visite-de-travail-au-tchad#breadcrumb\",\"itemListElement\":[{\"@type\":\"ListItem\",\"position\":1,\"name\":\"Accueil\",\"item\":\"https:\/\/www.africa-press.net\/tchad\/\"},{\"@type\":\"ListItem\",\"position\":2,\"name\":\"TCHAD-UNFPA : Le Chef de l\u2019Etat a re\u00e7u la Directrice Ex\u00e9cutive en visite de travail au Tchad\"}]},{\"@type\":\"WebSite\",\"@id\":\"https:\/\/www.africa-press.net\/tchad\/#website\",\"url\":\"https:\/\/www.africa-press.net\/tchad\/\",\"name\":\"tchad\",\"description\":\"Just another Africa News Agency Sites site\",\"potentialAction\":[{\"@type\":\"SearchAction\",\"target\":{\"@type\":\"EntryPoint\",\"urlTemplate\":\"https:\/\/www.africa-press.net\/tchad\/?s={search_term_string}\"},\"query-input\":{\"@type\":\"PropertyValueSpecification\",\"valueRequired\":true,\"valueName\":\"search_term_string\"}}],\"inLanguage\":\"fr-FR\"},{\"@type\":\"Person\",\"@id\":\"https:\/\/www.africa-press.net\/tchad\/#\/schema\/person\/2b1cf3cd81a31e3cd26889ca66d677f1\",\"name\":\"cfeditorfr\"}]}<\/script>\n<!-- \/ Yoast SEO Premium plugin. -->","yoast_head_json":{"title":"TCHAD-UNFPA : Le Chef de l\u2019Etat a re\u00e7u la Directrice Ex\u00e9cutive en visite de travail au Tchad - tchad","description":"Le Pre\u0301sident de Transition, Pre\u0301sident de la Re\u0301publique, Chef de l\u2019Etat, Ge\u0301ne\u0301ral MAHAMAT IDRISS DE\u0301BY ITNO aaccorde\u0301 ...","robots":{"index":"index","follow":"follow","max-snippet":"max-snippet:-1","max-image-preview":"max-image-preview:large","max-video-preview":"max-video-preview:-1"},"canonical":"https:\/\/www.africa-press.net\/tchad\/politique\/tchad-unfpa-le-chef-de-letat-a-recu-la-directrice-executive-en-visite-de-travail-au-tchad","og_locale":"fr_FR","og_type":"article","og_title":"TCHAD-UNFPA : Le Chef de l\u2019Etat a re\u00e7u la Directrice Ex\u00e9cutive en visite de travail au Tchad","og_description":"Le Pre\u0301sident de Transition, Pre\u0301sident de la Re\u0301publique, Chef de l\u2019Etat, Ge\u0301ne\u0301ral MAHAMAT IDRISS DE\u0301BY ITNO aaccorde\u0301 ...","og_url":"https:\/\/www.africa-press.net\/tchad\/politique\/tchad-unfpa-le-chef-de-letat-a-recu-la-directrice-executive-en-visite-de-travail-au-tchad","og_site_name":"tchad","article_published_time":"2023-11-05T15:21:43+00:00","article_modified_time":"2023-11-05T16:36:19+00:00","og_image":[{"width":1021,"height":614,"url":"https:\/\/static.africa-press.net\/tchad\/sites\/41\/2023\/11\/sm_1699189553.553379.jpg","type":"image\/jpeg"}],"author":"cfeditorfr","twitter_card":"summary_large_image","twitter_misc":{"\u00c9crit par":"cfeditorfr","Dur\u00e9e de lecture estim\u00e9e":"2 minutes"},"schema":{"@context":"https:\/\/schema.org","@graph":[{"@type":"Article","@id":"https:\/\/www.africa-press.net\/tchad\/politique\/tchad-unfpa-le-chef-de-letat-a-recu-la-directrice-executive-en-visite-de-travail-au-tchad#article","isPartOf":{"@id":"https:\/\/www.africa-press.net\/tchad\/politique\/tchad-unfpa-le-chef-de-letat-a-recu-la-directrice-executive-en-visite-de-travail-au-tchad"},"author":{"name":"cfeditorfr","@id":"https:\/\/www.africa-press.net\/tchad\/#\/schema\/person\/2b1cf3cd81a31e3cd26889ca66d677f1"},"headline":"TCHAD-UNFPA : Le Chef de l\u2019Etat a re\u00e7u la Directrice Ex\u00e9cutive en visite de travail au Tchad","datePublished":"2023-11-05T15:21:43+00:00","dateModified":"2023-11-05T16:36:19+00:00","mainEntityOfPage":{"@id":"https:\/\/www.africa-press.net\/tchad\/politique\/tchad-unfpa-le-chef-de-letat-a-recu-la-directrice-executive-en-visite-de-travail-au-tchad"},"wordCount":458,"commentCount":0,"image":{"@id":"https:\/\/www.africa-press.net\/tchad\/politique\/tchad-unfpa-le-chef-de-letat-a-recu-la-directrice-executive-en-visite-de-travail-au-tchad#primaryimage"},"thumbnailUrl":"https:\/\/static.africa-press.net\/tchad\/sites\/41\/2023\/11\/sm_1699189553.553379.jpg","keywords":["Africa Press","Africa Press-Tchad","Tchad"],"articleSection":["Politique","Top Nouvelles","Toutes les actualit\u00e9s"],"inLanguage":"fr-FR","potentialAction":[{"@type":"CommentAction","name":"Comment","target":["https:\/\/www.africa-press.net\/tchad\/politique\/tchad-unfpa-le-chef-de-letat-a-recu-la-directrice-executive-en-visite-de-travail-au-tchad#respond"]}]},{"@type":"WebPage","@id":"https:\/\/www.africa-press.net\/tchad\/politique\/tchad-unfpa-le-chef-de-letat-a-recu-la-directrice-executive-en-visite-de-travail-au-tchad","url":"https:\/\/www.africa-press.net\/tchad\/politique\/tchad-unfpa-le-chef-de-letat-a-recu-la-directrice-executive-en-visite-de-travail-au-tchad","name":"TCHAD-UNFPA : Le Chef de l\u2019Etat a re\u00e7u la Directrice Ex\u00e9cutive en visite de travail au Tchad - tchad","isPartOf":{"@id":"https:\/\/www.africa-press.net\/tchad\/#website"},"primaryImageOfPage":{"@id":"https:\/\/www.africa-press.net\/tchad\/politique\/tchad-unfpa-le-chef-de-letat-a-recu-la-directrice-executive-en-visite-de-travail-au-tchad#primaryimage"},"image":{"@id":"https:\/\/www.africa-press.net\/tchad\/politique\/tchad-unfpa-le-chef-de-letat-a-recu-la-directrice-executive-en-visite-de-travail-au-tchad#primaryimage"},"thumbnailUrl":"https:\/\/static.africa-press.net\/tchad\/sites\/41\/2023\/11\/sm_1699189553.553379.jpg","datePublished":"2023-11-05T15:21:43+00:00","dateModified":"2023-11-05T16:36:19+00:00","author":{"@id":"https:\/\/www.africa-press.net\/tchad\/#\/schema\/person\/2b1cf3cd81a31e3cd26889ca66d677f1"},"description":"Le Pre\u0301sident de Transition, Pre\u0301sident de la Re\u0301publique, Chef de l\u2019Etat, Ge\u0301ne\u0301ral MAHAMAT IDRISS DE\u0301BY ITNO aaccorde\u0301 ...","breadcrumb":{"@id":"https:\/\/www.africa-press.net\/tchad\/politique\/tchad-unfpa-le-chef-de-letat-a-recu-la-directrice-executive-en-visite-de-travail-au-tchad#breadcrumb"},"inLanguage":"fr-FR","potentialAction":[{"@type":"ReadAction","target":["https:\/\/www.africa-press.net\/tchad\/politique\/tchad-unfpa-le-chef-de-letat-a-recu-la-directrice-executive-en-visite-de-travail-au-tchad"]}]},{"@type":"ImageObject","inLanguage":"fr-FR","@id":"https:\/\/www.africa-press.net\/tchad\/politique\/tchad-unfpa-le-chef-de-letat-a-recu-la-directrice-executive-en-visite-de-travail-au-tchad#primaryimage","url":"https:\/\/static.africa-press.net\/tchad\/sites\/41\/2023\/11\/sm_1699189553.553379.jpg","contentUrl":"https:\/\/static.africa-press.net\/tchad\/sites\/41\/2023\/11\/sm_1699189553.553379.jpg","width":1021,"height":614,"caption":"TCHAD-UNFPA : Le Chef de l\u2019Etat a re\u00e7u la Directrice Ex\u00e9cutive en visite de travail au Tchad"},{"@type":"BreadcrumbList","@id":"https:\/\/www.africa-press.net\/tchad\/politique\/tchad-unfpa-le-chef-de-letat-a-recu-la-directrice-executive-en-visite-de-travail-au-tchad#breadcrumb","itemListElement":[{"@type":"ListItem","position":1,"name":"Accueil","item":"https:\/\/www.africa-press.net\/tchad\/"},{"@type":"ListItem","position":2,"name":"TCHAD-UNFPA : Le Chef de l\u2019Etat a re\u00e7u la Directrice Ex\u00e9cutive en visite de travail au Tchad"}]},{"@type":"WebSite","@id":"https:\/\/www.africa-press.net\/tchad\/#website","url":"https:\/\/www.africa-press.net\/tchad\/","name":"tchad","description":"Just another Africa News Agency Sites site","potentialAction":[{"@type":"SearchAction","target":{"@type":"EntryPoint","urlTemplate":"https:\/\/www.africa-press.net\/tchad\/?s={search_term_string}"},"query-input":{"@type":"PropertyValueSpecification","valueRequired":true,"valueName":"search_term_string"}}],"inLanguage":"fr-FR"},{"@type":"Person","@id":"https:\/\/www.africa-press.net\/tchad\/#\/schema\/person\/2b1cf3cd81a31e3cd26889ca66d677f1","name":"cfeditorfr"}]}},"_links":{"self":[{"href":"https:\/\/www.africa-press.net\/tchad\/wp-json\/wp\/v2\/posts\/53495","targetHints":{"allow":["GET"]}}],"collection":[{"href":"https:\/\/www.africa-press.net\/tchad\/wp-json\/wp\/v2\/posts"}],"about":[{"href":"https:\/\/www.africa-press.net\/tchad\/wp-json\/wp\/v2\/types\/post"}],"author":[{"embeddable":true,"href":"https:\/\/www.africa-press.net\/tchad\/wp-json\/wp\/v2\/users\/82"}],"replies":[{"embeddable":true,"href":"https:\/\/www.africa-press.net\/tchad\/wp-json\/wp\/v2\/comments?post=53495"}],"version-history":[{"count":0,"href":"https:\/\/www.africa-press.net\/tchad\/wp-json\/wp\/v2\/posts\/53495\/revisions"}],"wp:featuredmedia":[{"embeddable":true,"href":"https:\/\/www.africa-press.net\/tchad\/wp-json\/wp\/v2\/media\/53494"}],"wp:attachment":[{"href":"https:\/\/www.africa-press.net\/tchad\/wp-json\/wp\/v2\/media?parent=53495"}],"wp:term":[{"taxonomy":"category","embeddable":true,"href":"https:\/\/www.africa-press.net\/tchad\/wp-json\/wp\/v2\/categories?post=53495"},{"taxonomy":"post_tag","embeddable":true,"href":"https:\/\/www.africa-press.net\/tchad\/wp-json\/wp\/v2\/tags?post=53495"}],"curies":[{"name":"wp","href":"https:\/\/api.w.org\/{rel}","templated":true}]}}