{"id":53500,"date":"2023-11-05T16:23:13","date_gmt":"2023-11-05T16:23:13","guid":{"rendered":"https:\/\/www.africa-press.net\/tchad\/politique\/violences-a-gaza-le-tchad-condamne-et-rappelle-son-charge-daffaires-en-israel-pour-consultations"},"modified":"2023-11-05T16:37:02","modified_gmt":"2023-11-05T16:37:02","slug":"violences-a-gaza-le-tchad-condamne-et-rappelle-son-charge-daffaires-en-israel-pour-consultations","status":"publish","type":"post","link":"https:\/\/www.africa-press.net\/tchad\/politique\/violences-a-gaza-le-tchad-condamne-et-rappelle-son-charge-daffaires-en-israel-pour-consultations","title":{"rendered":"Violences \u00e0 Gaza : le Tchad condamne et rappelle son charg\u00e9 d&rsquo;affaires en Isra\u00ebl pour consultations"},"content":{"rendered":"<p><span style=\"color: #ff6600\"><strong>Africa-Press &#8211; Tchad. <\/strong><\/span>Le Tchad rappelle le Charge\u0301 d&rsquo;Affaires en Israe\u0308l pour consultations, annonce ce 4 novembre 2023, le ministe\u0300re des Affaires e\u0301trange\u0300res.<\/p>\n<p>\u00ab Le Tchad suit avec la plus grande attention et inquie\u0301tude, la situation au Moyen Orient, notamment les vagues de violences meurtrie\u0300res sans pre\u0301ce\u0301dent dans la bande de Gaza. Face a\u0300 cette trage\u0301die, le Tchad condamne la perte des vies humaines de nombreux civils innocents et appelle a\u0300 un cessez-le-feu conduisant a\u0300 une solution durable de la question palestinienne \u00bb, indique le ministe\u0300re a\u0300 travers un communique\u0301.<\/p>\n<p><strong>Pour plus d&rsquo;informations et d&rsquo;analyses sur la <a href=\"https:\/\/www.africa-press.net\/tchad\">Tchad<\/a>, suivez <a href=\"https:\/\/www.africa-press.net\/\">Africa-Press<\/a><\/strong><\/p>\n","protected":false},"excerpt":{"rendered":"<p>Africa-Press &#8211; Tchad. Le Tchad rappelle le Charge\u0301 d&rsquo;Affaires en Israe\u0308l pour consultations, annonce ce 4 novembre 2023, le ministe\u0300re des Affaires e\u0301trange\u0300res. \u00ab Le Tchad suit avec la plus grande attention et inquie\u0301tude, la situation au Moyen Orient, notamment les vagues de violences meurtrie\u0300res sans pre\u0301ce\u0301dent dans la bande de Gaza. Face a\u0300 cette [&hellip;]<\/p>\n","protected":false},"author":82,"featured_media":53499,"comment_status":"open","ping_status":"closed","sticky":false,"template":"","format":"standard","meta":{"footnotes":""},"categories":[2,20,10],"tags":[37,292,29],"class_list":["post-53500","post","type-post","status-publish","format-standard","has-post-thumbnail","hentry","category-politique","category-top-nouvelles","category-toutes-les-actualites","tag-africa-press","tag-africa-press-tchad","tag-tchad"],"yoast_head":"<!-- This site is optimized with the Yoast SEO Premium plugin v26.1 (Yoast SEO v27.0) - https:\/\/yoast.com\/product\/yoast-seo-premium-wordpress\/ -->\n<title>Violences \u00e0 Gaza : le Tchad condamne et rappelle son charg\u00e9 d&#039;affaires en Isra\u00ebl pour consultations - tchad<\/title>\n<meta name=\"description\" content=\"Le Tchad rappelle le Charge\u0301 d&#039;Affaires en Israe\u0308l pour consultations, annonce ce 4 novembre 2023, le ministe\u0300re des Aff ...\" \/>\n<meta name=\"robots\" content=\"index, follow, max-snippet:-1, max-image-preview:large, max-video-preview:-1\" \/>\n<link rel=\"canonical\" href=\"https:\/\/www.africa-press.net\/tchad\/politique\/violences-a-gaza-le-tchad-condamne-et-rappelle-son-charge-daffaires-en-israel-pour-consultations\" \/>\n<meta property=\"og:locale\" content=\"fr_FR\" \/>\n<meta property=\"og:type\" content=\"article\" \/>\n<meta property=\"og:title\" content=\"Violences \u00e0 Gaza : le Tchad condamne et rappelle son charg\u00e9 d&#039;affaires en Isra\u00ebl pour consultations\" \/>\n<meta property=\"og:description\" content=\"Le Tchad rappelle le Charge\u0301 d&#039;Affaires en Israe\u0308l pour consultations, annonce ce 4 novembre 2023, le ministe\u0300re des Aff ...\" \/>\n<meta property=\"og:url\" content=\"https:\/\/www.africa-press.net\/tchad\/politique\/violences-a-gaza-le-tchad-condamne-et-rappelle-son-charge-daffaires-en-israel-pour-consultations\" \/>\n<meta property=\"og:site_name\" content=\"tchad\" \/>\n<meta property=\"article:published_time\" content=\"2023-11-05T16:23:13+00:00\" \/>\n<meta property=\"article:modified_time\" content=\"2023-11-05T16:37:02+00:00\" \/>\n<meta property=\"og:image\" content=\"https:\/\/static.africa-press.net\/tchad\/sites\/41\/2023\/11\/sm_1699189588.315307.jpg\" \/>\n\t<meta property=\"og:image:width\" content=\"1555\" \/>\n\t<meta property=\"og:image:height\" content=\"1158\" \/>\n\t<meta property=\"og:image:type\" content=\"image\/jpeg\" \/>\n<meta name=\"author\" content=\"cfeditorfr\" \/>\n<meta name=\"twitter:card\" content=\"summary_large_image\" \/>\n<meta name=\"twitter:label1\" content=\"\u00c9crit par\" \/>\n\t<meta name=\"twitter:data1\" content=\"cfeditorfr\" \/>\n\t<meta name=\"twitter:label2\" content=\"Dur\u00e9e de lecture estim\u00e9e\" \/>\n\t<meta name=\"twitter:data2\" content=\"1 minute\" \/>\n<script type=\"application\/ld+json\" class=\"yoast-schema-graph\">{\"@context\":\"https:\/\/schema.org\",\"@graph\":[{\"@type\":\"Article\",\"@id\":\"https:\/\/www.africa-press.net\/tchad\/politique\/violences-a-gaza-le-tchad-condamne-et-rappelle-son-charge-daffaires-en-israel-pour-consultations#article\",\"isPartOf\":{\"@id\":\"https:\/\/www.africa-press.net\/tchad\/politique\/violences-a-gaza-le-tchad-condamne-et-rappelle-son-charge-daffaires-en-israel-pour-consultations\"},\"author\":{\"name\":\"cfeditorfr\",\"@id\":\"https:\/\/www.africa-press.net\/tchad\/#\/schema\/person\/2b1cf3cd81a31e3cd26889ca66d677f1\"},\"headline\":\"Violences \u00e0 Gaza : le Tchad condamne et rappelle son charg\u00e9 d&rsquo;affaires en Isra\u00ebl pour consultations\",\"datePublished\":\"2023-11-05T16:23:13+00:00\",\"dateModified\":\"2023-11-05T16:37:02+00:00\",\"mainEntityOfPage\":{\"@id\":\"https:\/\/www.africa-press.net\/tchad\/politique\/violences-a-gaza-le-tchad-condamne-et-rappelle-son-charge-daffaires-en-israel-pour-consultations\"},\"wordCount\":125,\"commentCount\":0,\"image\":{\"@id\":\"https:\/\/www.africa-press.net\/tchad\/politique\/violences-a-gaza-le-tchad-condamne-et-rappelle-son-charge-daffaires-en-israel-pour-consultations#primaryimage\"},\"thumbnailUrl\":\"https:\/\/static.africa-press.net\/tchad\/sites\/41\/2023\/11\/sm_1699189588.315307.jpg\",\"keywords\":[\"Africa Press\",\"Africa Press-Tchad\",\"Tchad\"],\"articleSection\":[\"Politique\",\"Top Nouvelles\",\"Toutes les actualit\u00e9s\"],\"inLanguage\":\"fr-FR\",\"potentialAction\":[{\"@type\":\"CommentAction\",\"name\":\"Comment\",\"target\":[\"https:\/\/www.africa-press.net\/tchad\/politique\/violences-a-gaza-le-tchad-condamne-et-rappelle-son-charge-daffaires-en-israel-pour-consultations#respond\"]}]},{\"@type\":\"WebPage\",\"@id\":\"https:\/\/www.africa-press.net\/tchad\/politique\/violences-a-gaza-le-tchad-condamne-et-rappelle-son-charge-daffaires-en-israel-pour-consultations\",\"url\":\"https:\/\/www.africa-press.net\/tchad\/politique\/violences-a-gaza-le-tchad-condamne-et-rappelle-son-charge-daffaires-en-israel-pour-consultations\",\"name\":\"Violences \u00e0 Gaza : le Tchad condamne et rappelle son charg\u00e9 d'affaires en Isra\u00ebl pour consultations - tchad\",\"isPartOf\":{\"@id\":\"https:\/\/www.africa-press.net\/tchad\/#website\"},\"primaryImageOfPage\":{\"@id\":\"https:\/\/www.africa-press.net\/tchad\/politique\/violences-a-gaza-le-tchad-condamne-et-rappelle-son-charge-daffaires-en-israel-pour-consultations#primaryimage\"},\"image\":{\"@id\":\"https:\/\/www.africa-press.net\/tchad\/politique\/violences-a-gaza-le-tchad-condamne-et-rappelle-son-charge-daffaires-en-israel-pour-consultations#primaryimage\"},\"thumbnailUrl\":\"https:\/\/static.africa-press.net\/tchad\/sites\/41\/2023\/11\/sm_1699189588.315307.jpg\",\"datePublished\":\"2023-11-05T16:23:13+00:00\",\"dateModified\":\"2023-11-05T16:37:02+00:00\",\"author\":{\"@id\":\"https:\/\/www.africa-press.net\/tchad\/#\/schema\/person\/2b1cf3cd81a31e3cd26889ca66d677f1\"},\"description\":\"Le Tchad rappelle le Charge\u0301 d'Affaires en Israe\u0308l pour consultations, annonce ce 4 novembre 2023, le ministe\u0300re des Aff ...\",\"breadcrumb\":{\"@id\":\"https:\/\/www.africa-press.net\/tchad\/politique\/violences-a-gaza-le-tchad-condamne-et-rappelle-son-charge-daffaires-en-israel-pour-consultations#breadcrumb\"},\"inLanguage\":\"fr-FR\",\"potentialAction\":[{\"@type\":\"ReadAction\",\"target\":[\"https:\/\/www.africa-press.net\/tchad\/politique\/violences-a-gaza-le-tchad-condamne-et-rappelle-son-charge-daffaires-en-israel-pour-consultations\"]}]},{\"@type\":\"ImageObject\",\"inLanguage\":\"fr-FR\",\"@id\":\"https:\/\/www.africa-press.net\/tchad\/politique\/violences-a-gaza-le-tchad-condamne-et-rappelle-son-charge-daffaires-en-israel-pour-consultations#primaryimage\",\"url\":\"https:\/\/static.africa-press.net\/tchad\/sites\/41\/2023\/11\/sm_1699189588.315307.jpg\",\"contentUrl\":\"https:\/\/static.africa-press.net\/tchad\/sites\/41\/2023\/11\/sm_1699189588.315307.jpg\",\"width\":1555,\"height\":1158,\"caption\":\"Violences \u00e0 Gaza : le Tchad condamne et rappelle son charg\u00e9 d'affaires en Isra\u00ebl pour consultations\"},{\"@type\":\"BreadcrumbList\",\"@id\":\"https:\/\/www.africa-press.net\/tchad\/politique\/violences-a-gaza-le-tchad-condamne-et-rappelle-son-charge-daffaires-en-israel-pour-consultations#breadcrumb\",\"itemListElement\":[{\"@type\":\"ListItem\",\"position\":1,\"name\":\"Accueil\",\"item\":\"https:\/\/www.africa-press.net\/tchad\/\"},{\"@type\":\"ListItem\",\"position\":2,\"name\":\"Violences \u00e0 Gaza : le Tchad condamne et rappelle son charg\u00e9 d&#8217;affaires en Isra\u00ebl pour consultations\"}]},{\"@type\":\"WebSite\",\"@id\":\"https:\/\/www.africa-press.net\/tchad\/#website\",\"url\":\"https:\/\/www.africa-press.net\/tchad\/\",\"name\":\"tchad\",\"description\":\"Just another Africa News Agency Sites site\",\"potentialAction\":[{\"@type\":\"SearchAction\",\"target\":{\"@type\":\"EntryPoint\",\"urlTemplate\":\"https:\/\/www.africa-press.net\/tchad\/?s={search_term_string}\"},\"query-input\":{\"@type\":\"PropertyValueSpecification\",\"valueRequired\":true,\"valueName\":\"search_term_string\"}}],\"inLanguage\":\"fr-FR\"},{\"@type\":\"Person\",\"@id\":\"https:\/\/www.africa-press.net\/tchad\/#\/schema\/person\/2b1cf3cd81a31e3cd26889ca66d677f1\",\"name\":\"cfeditorfr\"}]}<\/script>\n<!-- \/ Yoast SEO Premium plugin. -->","yoast_head_json":{"title":"Violences \u00e0 Gaza : le Tchad condamne et rappelle son charg\u00e9 d'affaires en Isra\u00ebl pour consultations - tchad","description":"Le Tchad rappelle le Charge\u0301 d'Affaires en Israe\u0308l pour consultations, annonce ce 4 novembre 2023, le ministe\u0300re des Aff ...","robots":{"index":"index","follow":"follow","max-snippet":"max-snippet:-1","max-image-preview":"max-image-preview:large","max-video-preview":"max-video-preview:-1"},"canonical":"https:\/\/www.africa-press.net\/tchad\/politique\/violences-a-gaza-le-tchad-condamne-et-rappelle-son-charge-daffaires-en-israel-pour-consultations","og_locale":"fr_FR","og_type":"article","og_title":"Violences \u00e0 Gaza : le Tchad condamne et rappelle son charg\u00e9 d'affaires en Isra\u00ebl pour consultations","og_description":"Le Tchad rappelle le Charge\u0301 d'Affaires en Israe\u0308l pour consultations, annonce ce 4 novembre 2023, le ministe\u0300re des Aff ...","og_url":"https:\/\/www.africa-press.net\/tchad\/politique\/violences-a-gaza-le-tchad-condamne-et-rappelle-son-charge-daffaires-en-israel-pour-consultations","og_site_name":"tchad","article_published_time":"2023-11-05T16:23:13+00:00","article_modified_time":"2023-11-05T16:37:02+00:00","og_image":[{"width":1555,"height":1158,"url":"https:\/\/static.africa-press.net\/tchad\/sites\/41\/2023\/11\/sm_1699189588.315307.jpg","type":"image\/jpeg"}],"author":"cfeditorfr","twitter_card":"summary_large_image","twitter_misc":{"\u00c9crit par":"cfeditorfr","Dur\u00e9e de lecture estim\u00e9e":"1 minute"},"schema":{"@context":"https:\/\/schema.org","@graph":[{"@type":"Article","@id":"https:\/\/www.africa-press.net\/tchad\/politique\/violences-a-gaza-le-tchad-condamne-et-rappelle-son-charge-daffaires-en-israel-pour-consultations#article","isPartOf":{"@id":"https:\/\/www.africa-press.net\/tchad\/politique\/violences-a-gaza-le-tchad-condamne-et-rappelle-son-charge-daffaires-en-israel-pour-consultations"},"author":{"name":"cfeditorfr","@id":"https:\/\/www.africa-press.net\/tchad\/#\/schema\/person\/2b1cf3cd81a31e3cd26889ca66d677f1"},"headline":"Violences \u00e0 Gaza : le Tchad condamne et rappelle son charg\u00e9 d&rsquo;affaires en Isra\u00ebl pour consultations","datePublished":"2023-11-05T16:23:13+00:00","dateModified":"2023-11-05T16:37:02+00:00","mainEntityOfPage":{"@id":"https:\/\/www.africa-press.net\/tchad\/politique\/violences-a-gaza-le-tchad-condamne-et-rappelle-son-charge-daffaires-en-israel-pour-consultations"},"wordCount":125,"commentCount":0,"image":{"@id":"https:\/\/www.africa-press.net\/tchad\/politique\/violences-a-gaza-le-tchad-condamne-et-rappelle-son-charge-daffaires-en-israel-pour-consultations#primaryimage"},"thumbnailUrl":"https:\/\/static.africa-press.net\/tchad\/sites\/41\/2023\/11\/sm_1699189588.315307.jpg","keywords":["Africa Press","Africa Press-Tchad","Tchad"],"articleSection":["Politique","Top Nouvelles","Toutes les actualit\u00e9s"],"inLanguage":"fr-FR","potentialAction":[{"@type":"CommentAction","name":"Comment","target":["https:\/\/www.africa-press.net\/tchad\/politique\/violences-a-gaza-le-tchad-condamne-et-rappelle-son-charge-daffaires-en-israel-pour-consultations#respond"]}]},{"@type":"WebPage","@id":"https:\/\/www.africa-press.net\/tchad\/politique\/violences-a-gaza-le-tchad-condamne-et-rappelle-son-charge-daffaires-en-israel-pour-consultations","url":"https:\/\/www.africa-press.net\/tchad\/politique\/violences-a-gaza-le-tchad-condamne-et-rappelle-son-charge-daffaires-en-israel-pour-consultations","name":"Violences \u00e0 Gaza : le Tchad condamne et rappelle son charg\u00e9 d'affaires en Isra\u00ebl pour consultations - tchad","isPartOf":{"@id":"https:\/\/www.africa-press.net\/tchad\/#website"},"primaryImageOfPage":{"@id":"https:\/\/www.africa-press.net\/tchad\/politique\/violences-a-gaza-le-tchad-condamne-et-rappelle-son-charge-daffaires-en-israel-pour-consultations#primaryimage"},"image":{"@id":"https:\/\/www.africa-press.net\/tchad\/politique\/violences-a-gaza-le-tchad-condamne-et-rappelle-son-charge-daffaires-en-israel-pour-consultations#primaryimage"},"thumbnailUrl":"https:\/\/static.africa-press.net\/tchad\/sites\/41\/2023\/11\/sm_1699189588.315307.jpg","datePublished":"2023-11-05T16:23:13+00:00","dateModified":"2023-11-05T16:37:02+00:00","author":{"@id":"https:\/\/www.africa-press.net\/tchad\/#\/schema\/person\/2b1cf3cd81a31e3cd26889ca66d677f1"},"description":"Le Tchad rappelle le Charge\u0301 d'Affaires en Israe\u0308l pour consultations, annonce ce 4 novembre 2023, le ministe\u0300re des Aff ...","breadcrumb":{"@id":"https:\/\/www.africa-press.net\/tchad\/politique\/violences-a-gaza-le-tchad-condamne-et-rappelle-son-charge-daffaires-en-israel-pour-consultations#breadcrumb"},"inLanguage":"fr-FR","potentialAction":[{"@type":"ReadAction","target":["https:\/\/www.africa-press.net\/tchad\/politique\/violences-a-gaza-le-tchad-condamne-et-rappelle-son-charge-daffaires-en-israel-pour-consultations"]}]},{"@type":"ImageObject","inLanguage":"fr-FR","@id":"https:\/\/www.africa-press.net\/tchad\/politique\/violences-a-gaza-le-tchad-condamne-et-rappelle-son-charge-daffaires-en-israel-pour-consultations#primaryimage","url":"https:\/\/static.africa-press.net\/tchad\/sites\/41\/2023\/11\/sm_1699189588.315307.jpg","contentUrl":"https:\/\/static.africa-press.net\/tchad\/sites\/41\/2023\/11\/sm_1699189588.315307.jpg","width":1555,"height":1158,"caption":"Violences \u00e0 Gaza : le Tchad condamne et rappelle son charg\u00e9 d'affaires en Isra\u00ebl pour consultations"},{"@type":"BreadcrumbList","@id":"https:\/\/www.africa-press.net\/tchad\/politique\/violences-a-gaza-le-tchad-condamne-et-rappelle-son-charge-daffaires-en-israel-pour-consultations#breadcrumb","itemListElement":[{"@type":"ListItem","position":1,"name":"Accueil","item":"https:\/\/www.africa-press.net\/tchad\/"},{"@type":"ListItem","position":2,"name":"Violences \u00e0 Gaza : le Tchad condamne et rappelle son charg\u00e9 d&#8217;affaires en Isra\u00ebl pour consultations"}]},{"@type":"WebSite","@id":"https:\/\/www.africa-press.net\/tchad\/#website","url":"https:\/\/www.africa-press.net\/tchad\/","name":"tchad","description":"Just another Africa News Agency Sites site","potentialAction":[{"@type":"SearchAction","target":{"@type":"EntryPoint","urlTemplate":"https:\/\/www.africa-press.net\/tchad\/?s={search_term_string}"},"query-input":{"@type":"PropertyValueSpecification","valueRequired":true,"valueName":"search_term_string"}}],"inLanguage":"fr-FR"},{"@type":"Person","@id":"https:\/\/www.africa-press.net\/tchad\/#\/schema\/person\/2b1cf3cd81a31e3cd26889ca66d677f1","name":"cfeditorfr"}]}},"_links":{"self":[{"href":"https:\/\/www.africa-press.net\/tchad\/wp-json\/wp\/v2\/posts\/53500","targetHints":{"allow":["GET"]}}],"collection":[{"href":"https:\/\/www.africa-press.net\/tchad\/wp-json\/wp\/v2\/posts"}],"about":[{"href":"https:\/\/www.africa-press.net\/tchad\/wp-json\/wp\/v2\/types\/post"}],"author":[{"embeddable":true,"href":"https:\/\/www.africa-press.net\/tchad\/wp-json\/wp\/v2\/users\/82"}],"replies":[{"embeddable":true,"href":"https:\/\/www.africa-press.net\/tchad\/wp-json\/wp\/v2\/comments?post=53500"}],"version-history":[{"count":0,"href":"https:\/\/www.africa-press.net\/tchad\/wp-json\/wp\/v2\/posts\/53500\/revisions"}],"wp:featuredmedia":[{"embeddable":true,"href":"https:\/\/www.africa-press.net\/tchad\/wp-json\/wp\/v2\/media\/53499"}],"wp:attachment":[{"href":"https:\/\/www.africa-press.net\/tchad\/wp-json\/wp\/v2\/media?parent=53500"}],"wp:term":[{"taxonomy":"category","embeddable":true,"href":"https:\/\/www.africa-press.net\/tchad\/wp-json\/wp\/v2\/categories?post=53500"},{"taxonomy":"post_tag","embeddable":true,"href":"https:\/\/www.africa-press.net\/tchad\/wp-json\/wp\/v2\/tags?post=53500"}],"curies":[{"name":"wp","href":"https:\/\/api.w.org\/{rel}","templated":true}]}}