{"id":53515,"date":"2023-11-05T16:25:38","date_gmt":"2023-11-05T16:25:38","guid":{"rendered":"https:\/\/www.africa-press.net\/tchad\/politique\/la-ministre-de-la-solidarite-nationale-a-la-rencontre-de-la-jeunesse-de-barh-sara"},"modified":"2023-11-05T16:42:56","modified_gmt":"2023-11-05T16:42:56","slug":"la-ministre-de-la-solidarite-nationale-a-la-rencontre-de-la-jeunesse-de-barh-sara","status":"publish","type":"post","link":"https:\/\/www.africa-press.net\/tchad\/politique\/la-ministre-de-la-solidarite-nationale-a-la-rencontre-de-la-jeunesse-de-barh-sara","title":{"rendered":"la ministre de la solidarit\u00e9 nationale \u00e0 la rencontre de la jeunesse de Barh Sara"},"content":{"rendered":"<p><span style=\"color: #ff6600\"><strong>Africa-Press &#8211; Tchad. <\/strong><\/span>La population du de\u0301partement de Barh Sara s&rsquo;est re\u0301jouie de la visite de la Ministre et de son e\u0301le\u0301vation a\u0300 ce poste. Ils ont organise\u0301 une grande ce\u0301re\u0301monie en son honneur pour marquer cette occasion spe\u0301ciale.<\/p>\n<p>Avant de ce\u0301der la parole a\u0300 la Ministre d&rsquo;E\u0301tat, le repre\u0301sentant de la jeunesse, Ngaba Bety, a saisi l&rsquo;opportunite\u0301 pour plaider en faveur du bitumage de la route Koumra-Moi\u0308ssala, un projet qui contribuerait au de\u0301veloppement du de\u0301partement de Barh Sara.<\/p>\n<p>Il a e\u0301galement souligne\u0301 que les jeunes de cette re\u0301gion en avaient assez de la politique et aspiraient a\u0300 des opportunite\u0301s d&#8217;emploi, une question cruciale qui demeure sans re\u0301ponse pour la jeunesse de ce de\u0301partement.<\/p>\n<p>\u00ab\u00a0En tant que Ministre, nous espe\u0301rons que suite a\u0300 cette rencontre, vous pourrez trouver des solutions aux proble\u0300mes d&#8217;emploi des jeunes de notre re\u0301gion\u00a0\u00bb, a de\u0301clare\u0301 Ngaba Bety.<\/p>\n<p>Tre\u0300s impressionne\u0301e par l&rsquo;accueil chaleureux et les plaidoyers des habitants, la Ministre d&rsquo;E\u0301tat a explique\u0301 que le Pre\u0301sident de Transition, le Ge\u0301ne\u0301ral Mahamat Idriss De\u0301by Itno, n&rsquo;e\u0301tait pas directement responsable de certaines questions souleve\u0301es, en raison de la pe\u0301riode de transition. Cependant, elle a assure\u0301 que la route de Koumra-Moi\u0308ssala e\u0301tait dans les priorite\u0301s de l&rsquo;agenda.<\/p>\n<p>\u00ab\u00a0Je ressens de la compassion quand je vois les heures que l&rsquo;on passe entre Koumra et Moi\u0308ssala\u00a0\u00bb, a-t-elle partage\u0301.<\/p>\n<p>Elle a promis de continuer a\u0300 plaider en faveur des besoins de la population de Barh Sara afin de re\u0301pondre a\u0300 leurs pre\u0301occupations.<\/p>\n<p>Pour conclure, la Ministre d&rsquo;E\u0301tat a re\u0301compense\u0301 la communaute\u0301 de Barh Sara en financ\u0327ant les projets de huit jeunes et en fournissant des moyens de transport, notamment des ve\u0301hicules et des machines a\u0300 coudre, pour soutenir le de\u0301veloppement de la province.<\/p>\n\r\n                <style type=\"text\/css\">\r\n                    \r\n                    #td_uid_1_69f09372a1889  .td-doubleSlider-2 .td-item1 {\r\n                        background: url(https:\/\/static.africa-press.net\/tchad\/sites\/41\/2023\/11\/sm_1699189921.734701-80x60.jpg) 0 0 no-repeat;\r\n                    }\r\n                    #td_uid_1_69f09372a1889  .td-doubleSlider-2 .td-item2 {\r\n                        background: url(https:\/\/static.africa-press.net\/tchad\/sites\/41\/2023\/11\/sm_1699189932.097498-80x60.jpg) 0 0 no-repeat;\r\n                    }\r\n                <\/style>\r\n\r\n                <div id=\"td_uid_1_69f09372a1889\" class=\"td-gallery td-slide-on-2-columns\">\r\n                    <div class=\"post_td_gallery\">\r\n                        <div class=\"td-gallery-slide-top\">\r\n                           <div class=\"td-gallery-title\"><\/div>\r\n\r\n                            <div class=\"td-gallery-controls-wrapper\">\r\n                                <div class=\"td-gallery-slide-count\"><span class=\"td-gallery-slide-item-focus\">1<\/span> de 2<\/div>\r\n                                <div class=\"td-gallery-slide-prev-next-but\">\r\n                                    <i class = \"td-icon-left doubleSliderPrevButton\"><\/i>\r\n                                    <i class = \"td-icon-right doubleSliderNextButton\"><\/i>\r\n                                <\/div>\r\n                            <\/div>\r\n                        <\/div>\r\n\r\n                        <div class = \"td-doubleSlider-1 \">\r\n                            <div class = \"td-slider\">\r\n                                \r\n                    <div class = \"td-slide-item td-item1\">\r\n                        <figure class=\"td-slide-galery-figure td-slide-popup-gallery\">\r\n                            <a class=\"slide-gallery-image-link\" href=\"https:\/\/static.africa-press.net\/tchad\/sites\/41\/2023\/11\/sm_1699189921.734701.jpg\" title=\"sm_1699189921.734701\"  data-caption=\"\"  data-description=\"\">\r\n                                <img decoding=\"async\" src=\"https:\/\/static.africa-press.net\/tchad\/sites\/41\/2023\/11\/sm_1699189921.734701.jpg\" srcset=\"https:\/\/static.africa-press.net\/tchad\/sites\/41\/2023\/11\/sm_1699189921.734701.jpg 870w, https:\/\/static.africa-press.net\/tchad\/sites\/41\/2023\/11\/sm_1699189921.734701-300x200.jpg 300w, https:\/\/static.africa-press.net\/tchad\/sites\/41\/2023\/11\/sm_1699189921.734701-768x512.jpg 768w\" sizes=\"(max-width: 870px) 100vw, 870px\" alt=\"\">\r\n                            <\/a>\r\n                            \r\n                        <\/figure>\r\n                    <\/div>\r\n                    <div class = \"td-slide-item td-item2\">\r\n                        <figure class=\"td-slide-galery-figure td-slide-popup-gallery\">\r\n                            <a class=\"slide-gallery-image-link\" href=\"https:\/\/static.africa-press.net\/tchad\/sites\/41\/2023\/11\/sm_1699189932.097498.jpg\" title=\"sm_1699189932.097498\"  data-caption=\"\"  data-description=\"\">\r\n                                <img decoding=\"async\" src=\"https:\/\/static.africa-press.net\/tchad\/sites\/41\/2023\/11\/sm_1699189932.097498.jpg\" srcset=\"https:\/\/static.africa-press.net\/tchad\/sites\/41\/2023\/11\/sm_1699189932.097498.jpg 870w, https:\/\/static.africa-press.net\/tchad\/sites\/41\/2023\/11\/sm_1699189932.097498-300x200.jpg 300w, https:\/\/static.africa-press.net\/tchad\/sites\/41\/2023\/11\/sm_1699189932.097498-768x512.jpg 768w\" sizes=\"(max-width: 870px) 100vw, 870px\" alt=\"\">\r\n                            <\/a>\r\n                            \r\n                        <\/figure>\r\n                    <\/div>\r\n                            <\/div>\r\n                        <\/div>\r\n\r\n                        <div class = \"td-doubleSlider-2\">\r\n                            <div class = \"td-slider\">\r\n                                \r\n                    <div class = \"td-button td-item1\">\r\n                        <div class = \"td-border\"><\/div>\r\n                    <\/div>\r\n                    <div class = \"td-button td-item2\">\r\n                        <div class = \"td-border\"><\/div>\r\n                    <\/div>\r\n                            <\/div>\r\n                        <\/div>\r\n\r\n                    <\/div>\r\n\r\n                <\/div>\r\n                \n<p><strong>Pour plus d&rsquo;informations et d&rsquo;analyses sur la <a href=\"https:\/\/www.africa-press.net\/tchad\">Tchad<\/a>, suivez <a href=\"https:\/\/www.africa-press.net\/\">Africa-Press<\/a><\/strong><\/p>\n","protected":false},"excerpt":{"rendered":"<p>Africa-Press &#8211; Tchad. La population du de\u0301partement de Barh Sara s&rsquo;est re\u0301jouie de la visite de la Ministre et de son e\u0301le\u0301vation a\u0300 ce poste. Ils ont organise\u0301 une grande ce\u0301re\u0301monie en son honneur pour marquer cette occasion spe\u0301ciale. Avant de ce\u0301der la parole a\u0300 la Ministre d&rsquo;E\u0301tat, le repre\u0301sentant de la jeunesse, Ngaba Bety, [&hellip;]<\/p>\n","protected":false},"author":82,"featured_media":53514,"comment_status":"open","ping_status":"closed","sticky":false,"template":"","format":"standard","meta":{"footnotes":""},"categories":[8,2,10],"tags":[37,292,29],"class_list":["post-53515","post","type-post","status-publish","format-standard","has-post-thumbnail","hentry","category-photo","category-politique","category-toutes-les-actualites","tag-africa-press","tag-africa-press-tchad","tag-tchad"],"yoast_head":"<!-- This site is optimized with the Yoast SEO Premium plugin v26.1 (Yoast SEO v27.0) - https:\/\/yoast.com\/product\/yoast-seo-premium-wordpress\/ -->\n<title>la ministre de la solidarit\u00e9 nationale \u00e0 la rencontre de la jeunesse de Barh Sara - tchad<\/title>\n<meta name=\"description\" content=\"La population du de\u0301partement de Barh Sara s&#039;est re\u0301jouie de la visite de la Ministre et de son e\u0301le\u0301vation a\u0300 ce poste. ...\" \/>\n<meta name=\"robots\" content=\"index, follow, max-snippet:-1, max-image-preview:large, max-video-preview:-1\" \/>\n<link rel=\"canonical\" href=\"https:\/\/www.africa-press.net\/tchad\/politique\/la-ministre-de-la-solidarite-nationale-a-la-rencontre-de-la-jeunesse-de-barh-sara\" \/>\n<meta property=\"og:locale\" content=\"fr_FR\" \/>\n<meta property=\"og:type\" content=\"article\" \/>\n<meta property=\"og:title\" content=\"la ministre de la solidarit\u00e9 nationale \u00e0 la rencontre de la jeunesse de Barh Sara\" \/>\n<meta property=\"og:description\" content=\"La population du de\u0301partement de Barh Sara s&#039;est re\u0301jouie de la visite de la Ministre et de son e\u0301le\u0301vation a\u0300 ce poste. ...\" \/>\n<meta property=\"og:url\" content=\"https:\/\/www.africa-press.net\/tchad\/politique\/la-ministre-de-la-solidarite-nationale-a-la-rencontre-de-la-jeunesse-de-barh-sara\" \/>\n<meta property=\"og:site_name\" content=\"tchad\" \/>\n<meta property=\"article:published_time\" content=\"2023-11-05T16:25:38+00:00\" \/>\n<meta property=\"article:modified_time\" content=\"2023-11-05T16:42:56+00:00\" \/>\n<meta property=\"og:image\" content=\"https:\/\/static.africa-press.net\/tchad\/sites\/41\/2023\/11\/sm_1699189943.712464.jpg\" \/>\n\t<meta property=\"og:image:width\" content=\"1080\" \/>\n\t<meta property=\"og:image:height\" content=\"720\" \/>\n\t<meta property=\"og:image:type\" content=\"image\/jpeg\" \/>\n<meta name=\"author\" content=\"cfeditorfr\" \/>\n<meta name=\"twitter:card\" content=\"summary_large_image\" \/>\n<meta name=\"twitter:label1\" content=\"\u00c9crit par\" \/>\n\t<meta name=\"twitter:data1\" content=\"cfeditorfr\" \/>\n\t<meta name=\"twitter:label2\" content=\"Dur\u00e9e de lecture estim\u00e9e\" \/>\n\t<meta name=\"twitter:data2\" content=\"2 minutes\" \/>\n<script type=\"application\/ld+json\" class=\"yoast-schema-graph\">{\"@context\":\"https:\/\/schema.org\",\"@graph\":[{\"@type\":\"Article\",\"@id\":\"https:\/\/www.africa-press.net\/tchad\/politique\/la-ministre-de-la-solidarite-nationale-a-la-rencontre-de-la-jeunesse-de-barh-sara#article\",\"isPartOf\":{\"@id\":\"https:\/\/www.africa-press.net\/tchad\/politique\/la-ministre-de-la-solidarite-nationale-a-la-rencontre-de-la-jeunesse-de-barh-sara\"},\"author\":{\"name\":\"cfeditorfr\",\"@id\":\"https:\/\/www.africa-press.net\/tchad\/#\/schema\/person\/2b1cf3cd81a31e3cd26889ca66d677f1\"},\"headline\":\"la ministre de la solidarit\u00e9 nationale \u00e0 la rencontre de la jeunesse de Barh Sara\",\"datePublished\":\"2023-11-05T16:25:38+00:00\",\"dateModified\":\"2023-11-05T16:42:56+00:00\",\"mainEntityOfPage\":{\"@id\":\"https:\/\/www.africa-press.net\/tchad\/politique\/la-ministre-de-la-solidarite-nationale-a-la-rencontre-de-la-jeunesse-de-barh-sara\"},\"wordCount\":371,\"commentCount\":0,\"image\":{\"@id\":\"https:\/\/www.africa-press.net\/tchad\/politique\/la-ministre-de-la-solidarite-nationale-a-la-rencontre-de-la-jeunesse-de-barh-sara#primaryimage\"},\"thumbnailUrl\":\"https:\/\/static.africa-press.net\/tchad\/sites\/41\/2023\/11\/sm_1699189943.712464.jpg\",\"keywords\":[\"Africa Press\",\"Africa Press-Tchad\",\"Tchad\"],\"articleSection\":[\"Photo\",\"Politique\",\"Toutes les actualit\u00e9s\"],\"inLanguage\":\"fr-FR\",\"potentialAction\":[{\"@type\":\"CommentAction\",\"name\":\"Comment\",\"target\":[\"https:\/\/www.africa-press.net\/tchad\/politique\/la-ministre-de-la-solidarite-nationale-a-la-rencontre-de-la-jeunesse-de-barh-sara#respond\"]}]},{\"@type\":\"WebPage\",\"@id\":\"https:\/\/www.africa-press.net\/tchad\/politique\/la-ministre-de-la-solidarite-nationale-a-la-rencontre-de-la-jeunesse-de-barh-sara\",\"url\":\"https:\/\/www.africa-press.net\/tchad\/politique\/la-ministre-de-la-solidarite-nationale-a-la-rencontre-de-la-jeunesse-de-barh-sara\",\"name\":\"la ministre de la solidarit\u00e9 nationale \u00e0 la rencontre de la jeunesse de Barh Sara - tchad\",\"isPartOf\":{\"@id\":\"https:\/\/www.africa-press.net\/tchad\/#website\"},\"primaryImageOfPage\":{\"@id\":\"https:\/\/www.africa-press.net\/tchad\/politique\/la-ministre-de-la-solidarite-nationale-a-la-rencontre-de-la-jeunesse-de-barh-sara#primaryimage\"},\"image\":{\"@id\":\"https:\/\/www.africa-press.net\/tchad\/politique\/la-ministre-de-la-solidarite-nationale-a-la-rencontre-de-la-jeunesse-de-barh-sara#primaryimage\"},\"thumbnailUrl\":\"https:\/\/static.africa-press.net\/tchad\/sites\/41\/2023\/11\/sm_1699189943.712464.jpg\",\"datePublished\":\"2023-11-05T16:25:38+00:00\",\"dateModified\":\"2023-11-05T16:42:56+00:00\",\"author\":{\"@id\":\"https:\/\/www.africa-press.net\/tchad\/#\/schema\/person\/2b1cf3cd81a31e3cd26889ca66d677f1\"},\"description\":\"La population du de\u0301partement de Barh Sara s'est re\u0301jouie de la visite de la Ministre et de son e\u0301le\u0301vation a\u0300 ce poste. ...\",\"breadcrumb\":{\"@id\":\"https:\/\/www.africa-press.net\/tchad\/politique\/la-ministre-de-la-solidarite-nationale-a-la-rencontre-de-la-jeunesse-de-barh-sara#breadcrumb\"},\"inLanguage\":\"fr-FR\",\"potentialAction\":[{\"@type\":\"ReadAction\",\"target\":[\"https:\/\/www.africa-press.net\/tchad\/politique\/la-ministre-de-la-solidarite-nationale-a-la-rencontre-de-la-jeunesse-de-barh-sara\"]}]},{\"@type\":\"ImageObject\",\"inLanguage\":\"fr-FR\",\"@id\":\"https:\/\/www.africa-press.net\/tchad\/politique\/la-ministre-de-la-solidarite-nationale-a-la-rencontre-de-la-jeunesse-de-barh-sara#primaryimage\",\"url\":\"https:\/\/static.africa-press.net\/tchad\/sites\/41\/2023\/11\/sm_1699189943.712464.jpg\",\"contentUrl\":\"https:\/\/static.africa-press.net\/tchad\/sites\/41\/2023\/11\/sm_1699189943.712464.jpg\",\"width\":1080,\"height\":720,\"caption\":\"la ministre de la solidarit\u00e9 nationale \u00e0 la rencontre de la jeunesse de Barh Sara\"},{\"@type\":\"BreadcrumbList\",\"@id\":\"https:\/\/www.africa-press.net\/tchad\/politique\/la-ministre-de-la-solidarite-nationale-a-la-rencontre-de-la-jeunesse-de-barh-sara#breadcrumb\",\"itemListElement\":[{\"@type\":\"ListItem\",\"position\":1,\"name\":\"Accueil\",\"item\":\"https:\/\/www.africa-press.net\/tchad\/\"},{\"@type\":\"ListItem\",\"position\":2,\"name\":\"la ministre de la solidarit\u00e9 nationale \u00e0 la rencontre de la jeunesse de Barh Sara\"}]},{\"@type\":\"WebSite\",\"@id\":\"https:\/\/www.africa-press.net\/tchad\/#website\",\"url\":\"https:\/\/www.africa-press.net\/tchad\/\",\"name\":\"tchad\",\"description\":\"Just another Africa News Agency Sites site\",\"potentialAction\":[{\"@type\":\"SearchAction\",\"target\":{\"@type\":\"EntryPoint\",\"urlTemplate\":\"https:\/\/www.africa-press.net\/tchad\/?s={search_term_string}\"},\"query-input\":{\"@type\":\"PropertyValueSpecification\",\"valueRequired\":true,\"valueName\":\"search_term_string\"}}],\"inLanguage\":\"fr-FR\"},{\"@type\":\"Person\",\"@id\":\"https:\/\/www.africa-press.net\/tchad\/#\/schema\/person\/2b1cf3cd81a31e3cd26889ca66d677f1\",\"name\":\"cfeditorfr\"}]}<\/script>\n<!-- \/ Yoast SEO Premium plugin. -->","yoast_head_json":{"title":"la ministre de la solidarit\u00e9 nationale \u00e0 la rencontre de la jeunesse de Barh Sara - tchad","description":"La population du de\u0301partement de Barh Sara s'est re\u0301jouie de la visite de la Ministre et de son e\u0301le\u0301vation a\u0300 ce poste. ...","robots":{"index":"index","follow":"follow","max-snippet":"max-snippet:-1","max-image-preview":"max-image-preview:large","max-video-preview":"max-video-preview:-1"},"canonical":"https:\/\/www.africa-press.net\/tchad\/politique\/la-ministre-de-la-solidarite-nationale-a-la-rencontre-de-la-jeunesse-de-barh-sara","og_locale":"fr_FR","og_type":"article","og_title":"la ministre de la solidarit\u00e9 nationale \u00e0 la rencontre de la jeunesse de Barh Sara","og_description":"La population du de\u0301partement de Barh Sara s'est re\u0301jouie de la visite de la Ministre et de son e\u0301le\u0301vation a\u0300 ce poste. ...","og_url":"https:\/\/www.africa-press.net\/tchad\/politique\/la-ministre-de-la-solidarite-nationale-a-la-rencontre-de-la-jeunesse-de-barh-sara","og_site_name":"tchad","article_published_time":"2023-11-05T16:25:38+00:00","article_modified_time":"2023-11-05T16:42:56+00:00","og_image":[{"width":1080,"height":720,"url":"https:\/\/static.africa-press.net\/tchad\/sites\/41\/2023\/11\/sm_1699189943.712464.jpg","type":"image\/jpeg"}],"author":"cfeditorfr","twitter_card":"summary_large_image","twitter_misc":{"\u00c9crit par":"cfeditorfr","Dur\u00e9e de lecture estim\u00e9e":"2 minutes"},"schema":{"@context":"https:\/\/schema.org","@graph":[{"@type":"Article","@id":"https:\/\/www.africa-press.net\/tchad\/politique\/la-ministre-de-la-solidarite-nationale-a-la-rencontre-de-la-jeunesse-de-barh-sara#article","isPartOf":{"@id":"https:\/\/www.africa-press.net\/tchad\/politique\/la-ministre-de-la-solidarite-nationale-a-la-rencontre-de-la-jeunesse-de-barh-sara"},"author":{"name":"cfeditorfr","@id":"https:\/\/www.africa-press.net\/tchad\/#\/schema\/person\/2b1cf3cd81a31e3cd26889ca66d677f1"},"headline":"la ministre de la solidarit\u00e9 nationale \u00e0 la rencontre de la jeunesse de Barh Sara","datePublished":"2023-11-05T16:25:38+00:00","dateModified":"2023-11-05T16:42:56+00:00","mainEntityOfPage":{"@id":"https:\/\/www.africa-press.net\/tchad\/politique\/la-ministre-de-la-solidarite-nationale-a-la-rencontre-de-la-jeunesse-de-barh-sara"},"wordCount":371,"commentCount":0,"image":{"@id":"https:\/\/www.africa-press.net\/tchad\/politique\/la-ministre-de-la-solidarite-nationale-a-la-rencontre-de-la-jeunesse-de-barh-sara#primaryimage"},"thumbnailUrl":"https:\/\/static.africa-press.net\/tchad\/sites\/41\/2023\/11\/sm_1699189943.712464.jpg","keywords":["Africa Press","Africa Press-Tchad","Tchad"],"articleSection":["Photo","Politique","Toutes les actualit\u00e9s"],"inLanguage":"fr-FR","potentialAction":[{"@type":"CommentAction","name":"Comment","target":["https:\/\/www.africa-press.net\/tchad\/politique\/la-ministre-de-la-solidarite-nationale-a-la-rencontre-de-la-jeunesse-de-barh-sara#respond"]}]},{"@type":"WebPage","@id":"https:\/\/www.africa-press.net\/tchad\/politique\/la-ministre-de-la-solidarite-nationale-a-la-rencontre-de-la-jeunesse-de-barh-sara","url":"https:\/\/www.africa-press.net\/tchad\/politique\/la-ministre-de-la-solidarite-nationale-a-la-rencontre-de-la-jeunesse-de-barh-sara","name":"la ministre de la solidarit\u00e9 nationale \u00e0 la rencontre de la jeunesse de Barh Sara - tchad","isPartOf":{"@id":"https:\/\/www.africa-press.net\/tchad\/#website"},"primaryImageOfPage":{"@id":"https:\/\/www.africa-press.net\/tchad\/politique\/la-ministre-de-la-solidarite-nationale-a-la-rencontre-de-la-jeunesse-de-barh-sara#primaryimage"},"image":{"@id":"https:\/\/www.africa-press.net\/tchad\/politique\/la-ministre-de-la-solidarite-nationale-a-la-rencontre-de-la-jeunesse-de-barh-sara#primaryimage"},"thumbnailUrl":"https:\/\/static.africa-press.net\/tchad\/sites\/41\/2023\/11\/sm_1699189943.712464.jpg","datePublished":"2023-11-05T16:25:38+00:00","dateModified":"2023-11-05T16:42:56+00:00","author":{"@id":"https:\/\/www.africa-press.net\/tchad\/#\/schema\/person\/2b1cf3cd81a31e3cd26889ca66d677f1"},"description":"La population du de\u0301partement de Barh Sara s'est re\u0301jouie de la visite de la Ministre et de son e\u0301le\u0301vation a\u0300 ce poste. ...","breadcrumb":{"@id":"https:\/\/www.africa-press.net\/tchad\/politique\/la-ministre-de-la-solidarite-nationale-a-la-rencontre-de-la-jeunesse-de-barh-sara#breadcrumb"},"inLanguage":"fr-FR","potentialAction":[{"@type":"ReadAction","target":["https:\/\/www.africa-press.net\/tchad\/politique\/la-ministre-de-la-solidarite-nationale-a-la-rencontre-de-la-jeunesse-de-barh-sara"]}]},{"@type":"ImageObject","inLanguage":"fr-FR","@id":"https:\/\/www.africa-press.net\/tchad\/politique\/la-ministre-de-la-solidarite-nationale-a-la-rencontre-de-la-jeunesse-de-barh-sara#primaryimage","url":"https:\/\/static.africa-press.net\/tchad\/sites\/41\/2023\/11\/sm_1699189943.712464.jpg","contentUrl":"https:\/\/static.africa-press.net\/tchad\/sites\/41\/2023\/11\/sm_1699189943.712464.jpg","width":1080,"height":720,"caption":"la ministre de la solidarit\u00e9 nationale \u00e0 la rencontre de la jeunesse de Barh Sara"},{"@type":"BreadcrumbList","@id":"https:\/\/www.africa-press.net\/tchad\/politique\/la-ministre-de-la-solidarite-nationale-a-la-rencontre-de-la-jeunesse-de-barh-sara#breadcrumb","itemListElement":[{"@type":"ListItem","position":1,"name":"Accueil","item":"https:\/\/www.africa-press.net\/tchad\/"},{"@type":"ListItem","position":2,"name":"la ministre de la solidarit\u00e9 nationale \u00e0 la rencontre de la jeunesse de Barh Sara"}]},{"@type":"WebSite","@id":"https:\/\/www.africa-press.net\/tchad\/#website","url":"https:\/\/www.africa-press.net\/tchad\/","name":"tchad","description":"Just another Africa News Agency Sites site","potentialAction":[{"@type":"SearchAction","target":{"@type":"EntryPoint","urlTemplate":"https:\/\/www.africa-press.net\/tchad\/?s={search_term_string}"},"query-input":{"@type":"PropertyValueSpecification","valueRequired":true,"valueName":"search_term_string"}}],"inLanguage":"fr-FR"},{"@type":"Person","@id":"https:\/\/www.africa-press.net\/tchad\/#\/schema\/person\/2b1cf3cd81a31e3cd26889ca66d677f1","name":"cfeditorfr"}]}},"_links":{"self":[{"href":"https:\/\/www.africa-press.net\/tchad\/wp-json\/wp\/v2\/posts\/53515","targetHints":{"allow":["GET"]}}],"collection":[{"href":"https:\/\/www.africa-press.net\/tchad\/wp-json\/wp\/v2\/posts"}],"about":[{"href":"https:\/\/www.africa-press.net\/tchad\/wp-json\/wp\/v2\/types\/post"}],"author":[{"embeddable":true,"href":"https:\/\/www.africa-press.net\/tchad\/wp-json\/wp\/v2\/users\/82"}],"replies":[{"embeddable":true,"href":"https:\/\/www.africa-press.net\/tchad\/wp-json\/wp\/v2\/comments?post=53515"}],"version-history":[{"count":0,"href":"https:\/\/www.africa-press.net\/tchad\/wp-json\/wp\/v2\/posts\/53515\/revisions"}],"wp:featuredmedia":[{"embeddable":true,"href":"https:\/\/www.africa-press.net\/tchad\/wp-json\/wp\/v2\/media\/53514"}],"wp:attachment":[{"href":"https:\/\/www.africa-press.net\/tchad\/wp-json\/wp\/v2\/media?parent=53515"}],"wp:term":[{"taxonomy":"category","embeddable":true,"href":"https:\/\/www.africa-press.net\/tchad\/wp-json\/wp\/v2\/categories?post=53515"},{"taxonomy":"post_tag","embeddable":true,"href":"https:\/\/www.africa-press.net\/tchad\/wp-json\/wp\/v2\/tags?post=53515"}],"curies":[{"name":"wp","href":"https:\/\/api.w.org\/{rel}","templated":true}]}}