{"id":53520,"date":"2023-11-05T16:26:39","date_gmt":"2023-11-05T16:26:39","guid":{"rendered":"https:\/\/www.africa-press.net\/tchad\/politique\/une-nouvelle-generation-de-soignants-et-nutritionnistes-formes-par-long-ados"},"modified":"2023-11-05T16:43:35","modified_gmt":"2023-11-05T16:43:35","slug":"une-nouvelle-generation-de-soignants-et-nutritionnistes-formes-par-long-ados","status":"publish","type":"post","link":"https:\/\/www.africa-press.net\/tchad\/photo\/une-nouvelle-generation-de-soignants-et-nutritionnistes-formes-par-long-ados","title":{"rendered":"une nouvelle g\u00e9n\u00e9ration de soignants et nutritionnistes form\u00e9s par l\u2019ONG ADOS"},"content":{"rendered":"<p><span style=\"color: #ff6600\"><strong>Africa-Press &#8211; Tchad. <\/strong><\/span>Au total, 65 jeunes ont rec\u0327u leurs attestations de formation ce dimanche. Ils ont suivi une formation de 45 jours, au cours de laquelle ils ont acquis les compe\u0301tences ne\u0301cessaires pour dispenser des soins infirmiers de base et prodiguer des conseils en matie\u0300re de nutrition.<\/p>\n<p>Dans son allocution, le formateur Ahmed Djibrine Ahmed a rappele\u0301 aux laure\u0301ats de respecter les re\u0300gles, les normes de distribution, de l&rsquo;administration des me\u0301dicaments et de s&rsquo;engager dans la sensibilisation au pre\u0300s des citoyens dans le domaine de l&rsquo;hygie\u0300ne et de l&rsquo;assainissement.<\/p>\n<p>Le coordonnateur de l&rsquo;ONG ADOS a souligne\u0301 que ces laure\u0301ats ne sont pas seulement forme\u0301s par son organisation mais ils seront aussi accompagne\u0301s dans les de\u0301marches administratives de leur stage de perfectionnement. Apre\u0300s leurs stage de perfectionnement ils seront sollicite\u0301s dans les sites des re\u0301fugie\u0301s conforme\u0301ment au plan d&rsquo;action, a-t-il martele\u0301.<\/p>\n<p>L&rsquo;ADOS propose une varie\u0301te\u0301 de formations aux jeunes, dans les domaines de la sante\u0301, de l&rsquo;e\u0301ducation et de l&rsquo;entrepreneuriat. Ces formations visent a\u0300 permettre aux jeunes de de\u0301velopper leurs compe\u0301tences et de trouver un emploi.<\/p>\n\r\n                <style type=\"text\/css\">\r\n                    \r\n                    #td_uid_1_69f093730a101  .td-doubleSlider-2 .td-item1 {\r\n                        background: url(https:\/\/static.africa-press.net\/tchad\/sites\/41\/2023\/11\/sm_1699189966.695191-80x60.jpg) 0 0 no-repeat;\r\n                    }\r\n                    #td_uid_1_69f093730a101  .td-doubleSlider-2 .td-item2 {\r\n                        background: url(https:\/\/static.africa-press.net\/tchad\/sites\/41\/2023\/11\/sm_1699189976.195712-80x60.jpg) 0 0 no-repeat;\r\n                    }\r\n                <\/style>\r\n\r\n                <div id=\"td_uid_1_69f093730a101\" class=\"td-gallery td-slide-on-2-columns\">\r\n                    <div class=\"post_td_gallery\">\r\n                        <div class=\"td-gallery-slide-top\">\r\n                           <div class=\"td-gallery-title\"><\/div>\r\n\r\n                            <div class=\"td-gallery-controls-wrapper\">\r\n                                <div class=\"td-gallery-slide-count\"><span class=\"td-gallery-slide-item-focus\">1<\/span> de 2<\/div>\r\n                                <div class=\"td-gallery-slide-prev-next-but\">\r\n                                    <i class = \"td-icon-left doubleSliderPrevButton\"><\/i>\r\n                                    <i class = \"td-icon-right doubleSliderNextButton\"><\/i>\r\n                                <\/div>\r\n                            <\/div>\r\n                        <\/div>\r\n\r\n                        <div class = \"td-doubleSlider-1 \">\r\n                            <div class = \"td-slider\">\r\n                                \r\n                    <div class = \"td-slide-item td-item1\">\r\n                        <figure class=\"td-slide-galery-figure td-slide-popup-gallery\">\r\n                            <a class=\"slide-gallery-image-link\" href=\"https:\/\/static.africa-press.net\/tchad\/sites\/41\/2023\/11\/sm_1699189966.695191.jpg\" title=\"sm_1699189966.695191\"  data-caption=\"\"  data-description=\"\">\r\n                                <img decoding=\"async\" src=\"https:\/\/static.africa-press.net\/tchad\/sites\/41\/2023\/11\/sm_1699189966.695191.jpg\" srcset=\"https:\/\/static.africa-press.net\/tchad\/sites\/41\/2023\/11\/sm_1699189966.695191.jpg 868w, https:\/\/static.africa-press.net\/tchad\/sites\/41\/2023\/11\/sm_1699189966.695191-300x135.jpg 300w, https:\/\/static.africa-press.net\/tchad\/sites\/41\/2023\/11\/sm_1699189966.695191-768x346.jpg 768w\" sizes=\"(max-width: 868px) 100vw, 868px\" alt=\"\">\r\n                            <\/a>\r\n                            \r\n                        <\/figure>\r\n                    <\/div>\r\n                    <div class = \"td-slide-item td-item2\">\r\n                        <figure class=\"td-slide-galery-figure td-slide-popup-gallery\">\r\n                            <a class=\"slide-gallery-image-link\" href=\"https:\/\/static.africa-press.net\/tchad\/sites\/41\/2023\/11\/sm_1699189976.195712.jpg\" title=\"sm_1699189976.195712\"  data-caption=\"\"  data-description=\"\">\r\n                                <img decoding=\"async\" src=\"https:\/\/static.africa-press.net\/tchad\/sites\/41\/2023\/11\/sm_1699189976.195712.jpg\" srcset=\"https:\/\/static.africa-press.net\/tchad\/sites\/41\/2023\/11\/sm_1699189976.195712.jpg 868w, https:\/\/static.africa-press.net\/tchad\/sites\/41\/2023\/11\/sm_1699189976.195712-300x135.jpg 300w, https:\/\/static.africa-press.net\/tchad\/sites\/41\/2023\/11\/sm_1699189976.195712-768x346.jpg 768w\" sizes=\"(max-width: 868px) 100vw, 868px\" alt=\"\">\r\n                            <\/a>\r\n                            \r\n                        <\/figure>\r\n                    <\/div>\r\n                            <\/div>\r\n                        <\/div>\r\n\r\n                        <div class = \"td-doubleSlider-2\">\r\n                            <div class = \"td-slider\">\r\n                                \r\n                    <div class = \"td-button td-item1\">\r\n                        <div class = \"td-border\"><\/div>\r\n                    <\/div>\r\n                    <div class = \"td-button td-item2\">\r\n                        <div class = \"td-border\"><\/div>\r\n                    <\/div>\r\n                            <\/div>\r\n                        <\/div>\r\n\r\n                    <\/div>\r\n\r\n                <\/div>\r\n                \n<p><strong>Pour plus d&rsquo;informations et d&rsquo;analyses sur la <a href=\"https:\/\/www.africa-press.net\/tchad\">Tchad<\/a>, suivez <a href=\"https:\/\/www.africa-press.net\/\">Africa-Press<\/a><\/strong><\/p>\n","protected":false},"excerpt":{"rendered":"<p>Africa-Press &#8211; Tchad. Au total, 65 jeunes ont rec\u0327u leurs attestations de formation ce dimanche. Ils ont suivi une formation de 45 jours, au cours de laquelle ils ont acquis les compe\u0301tences ne\u0301cessaires pour dispenser des soins infirmiers de base et prodiguer des conseils en matie\u0300re de nutrition. Dans son allocution, le formateur Ahmed Djibrine [&hellip;]<\/p>\n","protected":false},"author":82,"featured_media":53519,"comment_status":"open","ping_status":"closed","sticky":false,"template":"","format":"standard","meta":{"footnotes":""},"categories":[21,8,10],"tags":[37,292,29],"class_list":["post-53520","post","type-post","status-publish","format-standard","has-post-thumbnail","hentry","category-communaute","category-photo","category-toutes-les-actualites","tag-africa-press","tag-africa-press-tchad","tag-tchad"],"yoast_head":"<!-- This site is optimized with the Yoast SEO Premium plugin v26.1 (Yoast SEO v27.0) - https:\/\/yoast.com\/product\/yoast-seo-premium-wordpress\/ -->\n<title>une nouvelle g\u00e9n\u00e9ration de soignants et nutritionnistes form\u00e9s par l\u2019ONG ADOS - tchad<\/title>\n<meta name=\"description\" content=\"Au total, 65 jeunes ont rec\u0327u leurs attestations de formation ce dimanche. Ils ont suivi une formation de 45 jours, au c ...\" \/>\n<meta name=\"robots\" content=\"index, follow, max-snippet:-1, max-image-preview:large, max-video-preview:-1\" \/>\n<link rel=\"canonical\" href=\"https:\/\/www.africa-press.net\/tchad\/photo\/une-nouvelle-generation-de-soignants-et-nutritionnistes-formes-par-long-ados\" \/>\n<meta property=\"og:locale\" content=\"fr_FR\" \/>\n<meta property=\"og:type\" content=\"article\" \/>\n<meta property=\"og:title\" content=\"une nouvelle g\u00e9n\u00e9ration de soignants et nutritionnistes form\u00e9s par l\u2019ONG ADOS\" \/>\n<meta property=\"og:description\" content=\"Au total, 65 jeunes ont rec\u0327u leurs attestations de formation ce dimanche. Ils ont suivi une formation de 45 jours, au c ...\" \/>\n<meta property=\"og:url\" content=\"https:\/\/www.africa-press.net\/tchad\/photo\/une-nouvelle-generation-de-soignants-et-nutritionnistes-formes-par-long-ados\" \/>\n<meta property=\"og:site_name\" content=\"tchad\" \/>\n<meta property=\"article:published_time\" content=\"2023-11-05T16:26:39+00:00\" \/>\n<meta property=\"article:modified_time\" content=\"2023-11-05T16:43:35+00:00\" \/>\n<meta property=\"og:image\" content=\"https:\/\/static.africa-press.net\/tchad\/sites\/41\/2023\/11\/sm_1699189987.538727.jpg\" \/>\n\t<meta property=\"og:image:width\" content=\"1080\" \/>\n\t<meta property=\"og:image:height\" content=\"486\" \/>\n\t<meta property=\"og:image:type\" content=\"image\/jpeg\" \/>\n<meta name=\"author\" content=\"cfeditorfr\" \/>\n<meta name=\"twitter:card\" content=\"summary_large_image\" \/>\n<meta name=\"twitter:label1\" content=\"\u00c9crit par\" \/>\n\t<meta name=\"twitter:data1\" content=\"cfeditorfr\" \/>\n\t<meta name=\"twitter:label2\" content=\"Dur\u00e9e de lecture estim\u00e9e\" \/>\n\t<meta name=\"twitter:data2\" content=\"1 minute\" \/>\n<script type=\"application\/ld+json\" class=\"yoast-schema-graph\">{\"@context\":\"https:\/\/schema.org\",\"@graph\":[{\"@type\":\"Article\",\"@id\":\"https:\/\/www.africa-press.net\/tchad\/photo\/une-nouvelle-generation-de-soignants-et-nutritionnistes-formes-par-long-ados#article\",\"isPartOf\":{\"@id\":\"https:\/\/www.africa-press.net\/tchad\/photo\/une-nouvelle-generation-de-soignants-et-nutritionnistes-formes-par-long-ados\"},\"author\":{\"name\":\"cfeditorfr\",\"@id\":\"https:\/\/www.africa-press.net\/tchad\/#\/schema\/person\/2b1cf3cd81a31e3cd26889ca66d677f1\"},\"headline\":\"une nouvelle g\u00e9n\u00e9ration de soignants et nutritionnistes form\u00e9s par l\u2019ONG ADOS\",\"datePublished\":\"2023-11-05T16:26:39+00:00\",\"dateModified\":\"2023-11-05T16:43:35+00:00\",\"mainEntityOfPage\":{\"@id\":\"https:\/\/www.africa-press.net\/tchad\/photo\/une-nouvelle-generation-de-soignants-et-nutritionnistes-formes-par-long-ados\"},\"wordCount\":242,\"commentCount\":0,\"image\":{\"@id\":\"https:\/\/www.africa-press.net\/tchad\/photo\/une-nouvelle-generation-de-soignants-et-nutritionnistes-formes-par-long-ados#primaryimage\"},\"thumbnailUrl\":\"https:\/\/static.africa-press.net\/tchad\/sites\/41\/2023\/11\/sm_1699189987.538727.jpg\",\"keywords\":[\"Africa Press\",\"Africa Press-Tchad\",\"Tchad\"],\"articleSection\":[\"Communaut\u00e9\",\"Photo\",\"Toutes les actualit\u00e9s\"],\"inLanguage\":\"fr-FR\",\"potentialAction\":[{\"@type\":\"CommentAction\",\"name\":\"Comment\",\"target\":[\"https:\/\/www.africa-press.net\/tchad\/photo\/une-nouvelle-generation-de-soignants-et-nutritionnistes-formes-par-long-ados#respond\"]}]},{\"@type\":\"WebPage\",\"@id\":\"https:\/\/www.africa-press.net\/tchad\/photo\/une-nouvelle-generation-de-soignants-et-nutritionnistes-formes-par-long-ados\",\"url\":\"https:\/\/www.africa-press.net\/tchad\/photo\/une-nouvelle-generation-de-soignants-et-nutritionnistes-formes-par-long-ados\",\"name\":\"une nouvelle g\u00e9n\u00e9ration de soignants et nutritionnistes form\u00e9s par l\u2019ONG ADOS - tchad\",\"isPartOf\":{\"@id\":\"https:\/\/www.africa-press.net\/tchad\/#website\"},\"primaryImageOfPage\":{\"@id\":\"https:\/\/www.africa-press.net\/tchad\/photo\/une-nouvelle-generation-de-soignants-et-nutritionnistes-formes-par-long-ados#primaryimage\"},\"image\":{\"@id\":\"https:\/\/www.africa-press.net\/tchad\/photo\/une-nouvelle-generation-de-soignants-et-nutritionnistes-formes-par-long-ados#primaryimage\"},\"thumbnailUrl\":\"https:\/\/static.africa-press.net\/tchad\/sites\/41\/2023\/11\/sm_1699189987.538727.jpg\",\"datePublished\":\"2023-11-05T16:26:39+00:00\",\"dateModified\":\"2023-11-05T16:43:35+00:00\",\"author\":{\"@id\":\"https:\/\/www.africa-press.net\/tchad\/#\/schema\/person\/2b1cf3cd81a31e3cd26889ca66d677f1\"},\"description\":\"Au total, 65 jeunes ont rec\u0327u leurs attestations de formation ce dimanche. Ils ont suivi une formation de 45 jours, au c ...\",\"breadcrumb\":{\"@id\":\"https:\/\/www.africa-press.net\/tchad\/photo\/une-nouvelle-generation-de-soignants-et-nutritionnistes-formes-par-long-ados#breadcrumb\"},\"inLanguage\":\"fr-FR\",\"potentialAction\":[{\"@type\":\"ReadAction\",\"target\":[\"https:\/\/www.africa-press.net\/tchad\/photo\/une-nouvelle-generation-de-soignants-et-nutritionnistes-formes-par-long-ados\"]}]},{\"@type\":\"ImageObject\",\"inLanguage\":\"fr-FR\",\"@id\":\"https:\/\/www.africa-press.net\/tchad\/photo\/une-nouvelle-generation-de-soignants-et-nutritionnistes-formes-par-long-ados#primaryimage\",\"url\":\"https:\/\/static.africa-press.net\/tchad\/sites\/41\/2023\/11\/sm_1699189987.538727.jpg\",\"contentUrl\":\"https:\/\/static.africa-press.net\/tchad\/sites\/41\/2023\/11\/sm_1699189987.538727.jpg\",\"width\":1080,\"height\":486,\"caption\":\"une nouvelle g\u00e9n\u00e9ration de soignants et nutritionnistes form\u00e9s par l\u2019ONG ADOS\"},{\"@type\":\"BreadcrumbList\",\"@id\":\"https:\/\/www.africa-press.net\/tchad\/photo\/une-nouvelle-generation-de-soignants-et-nutritionnistes-formes-par-long-ados#breadcrumb\",\"itemListElement\":[{\"@type\":\"ListItem\",\"position\":1,\"name\":\"Accueil\",\"item\":\"https:\/\/www.africa-press.net\/tchad\/\"},{\"@type\":\"ListItem\",\"position\":2,\"name\":\"une nouvelle g\u00e9n\u00e9ration de soignants et nutritionnistes form\u00e9s par l\u2019ONG ADOS\"}]},{\"@type\":\"WebSite\",\"@id\":\"https:\/\/www.africa-press.net\/tchad\/#website\",\"url\":\"https:\/\/www.africa-press.net\/tchad\/\",\"name\":\"tchad\",\"description\":\"Just another Africa News Agency Sites site\",\"potentialAction\":[{\"@type\":\"SearchAction\",\"target\":{\"@type\":\"EntryPoint\",\"urlTemplate\":\"https:\/\/www.africa-press.net\/tchad\/?s={search_term_string}\"},\"query-input\":{\"@type\":\"PropertyValueSpecification\",\"valueRequired\":true,\"valueName\":\"search_term_string\"}}],\"inLanguage\":\"fr-FR\"},{\"@type\":\"Person\",\"@id\":\"https:\/\/www.africa-press.net\/tchad\/#\/schema\/person\/2b1cf3cd81a31e3cd26889ca66d677f1\",\"name\":\"cfeditorfr\"}]}<\/script>\n<!-- \/ Yoast SEO Premium plugin. -->","yoast_head_json":{"title":"une nouvelle g\u00e9n\u00e9ration de soignants et nutritionnistes form\u00e9s par l\u2019ONG ADOS - tchad","description":"Au total, 65 jeunes ont rec\u0327u leurs attestations de formation ce dimanche. Ils ont suivi une formation de 45 jours, au c ...","robots":{"index":"index","follow":"follow","max-snippet":"max-snippet:-1","max-image-preview":"max-image-preview:large","max-video-preview":"max-video-preview:-1"},"canonical":"https:\/\/www.africa-press.net\/tchad\/photo\/une-nouvelle-generation-de-soignants-et-nutritionnistes-formes-par-long-ados","og_locale":"fr_FR","og_type":"article","og_title":"une nouvelle g\u00e9n\u00e9ration de soignants et nutritionnistes form\u00e9s par l\u2019ONG ADOS","og_description":"Au total, 65 jeunes ont rec\u0327u leurs attestations de formation ce dimanche. Ils ont suivi une formation de 45 jours, au c ...","og_url":"https:\/\/www.africa-press.net\/tchad\/photo\/une-nouvelle-generation-de-soignants-et-nutritionnistes-formes-par-long-ados","og_site_name":"tchad","article_published_time":"2023-11-05T16:26:39+00:00","article_modified_time":"2023-11-05T16:43:35+00:00","og_image":[{"width":1080,"height":486,"url":"https:\/\/static.africa-press.net\/tchad\/sites\/41\/2023\/11\/sm_1699189987.538727.jpg","type":"image\/jpeg"}],"author":"cfeditorfr","twitter_card":"summary_large_image","twitter_misc":{"\u00c9crit par":"cfeditorfr","Dur\u00e9e de lecture estim\u00e9e":"1 minute"},"schema":{"@context":"https:\/\/schema.org","@graph":[{"@type":"Article","@id":"https:\/\/www.africa-press.net\/tchad\/photo\/une-nouvelle-generation-de-soignants-et-nutritionnistes-formes-par-long-ados#article","isPartOf":{"@id":"https:\/\/www.africa-press.net\/tchad\/photo\/une-nouvelle-generation-de-soignants-et-nutritionnistes-formes-par-long-ados"},"author":{"name":"cfeditorfr","@id":"https:\/\/www.africa-press.net\/tchad\/#\/schema\/person\/2b1cf3cd81a31e3cd26889ca66d677f1"},"headline":"une nouvelle g\u00e9n\u00e9ration de soignants et nutritionnistes form\u00e9s par l\u2019ONG ADOS","datePublished":"2023-11-05T16:26:39+00:00","dateModified":"2023-11-05T16:43:35+00:00","mainEntityOfPage":{"@id":"https:\/\/www.africa-press.net\/tchad\/photo\/une-nouvelle-generation-de-soignants-et-nutritionnistes-formes-par-long-ados"},"wordCount":242,"commentCount":0,"image":{"@id":"https:\/\/www.africa-press.net\/tchad\/photo\/une-nouvelle-generation-de-soignants-et-nutritionnistes-formes-par-long-ados#primaryimage"},"thumbnailUrl":"https:\/\/static.africa-press.net\/tchad\/sites\/41\/2023\/11\/sm_1699189987.538727.jpg","keywords":["Africa Press","Africa Press-Tchad","Tchad"],"articleSection":["Communaut\u00e9","Photo","Toutes les actualit\u00e9s"],"inLanguage":"fr-FR","potentialAction":[{"@type":"CommentAction","name":"Comment","target":["https:\/\/www.africa-press.net\/tchad\/photo\/une-nouvelle-generation-de-soignants-et-nutritionnistes-formes-par-long-ados#respond"]}]},{"@type":"WebPage","@id":"https:\/\/www.africa-press.net\/tchad\/photo\/une-nouvelle-generation-de-soignants-et-nutritionnistes-formes-par-long-ados","url":"https:\/\/www.africa-press.net\/tchad\/photo\/une-nouvelle-generation-de-soignants-et-nutritionnistes-formes-par-long-ados","name":"une nouvelle g\u00e9n\u00e9ration de soignants et nutritionnistes form\u00e9s par l\u2019ONG ADOS - tchad","isPartOf":{"@id":"https:\/\/www.africa-press.net\/tchad\/#website"},"primaryImageOfPage":{"@id":"https:\/\/www.africa-press.net\/tchad\/photo\/une-nouvelle-generation-de-soignants-et-nutritionnistes-formes-par-long-ados#primaryimage"},"image":{"@id":"https:\/\/www.africa-press.net\/tchad\/photo\/une-nouvelle-generation-de-soignants-et-nutritionnistes-formes-par-long-ados#primaryimage"},"thumbnailUrl":"https:\/\/static.africa-press.net\/tchad\/sites\/41\/2023\/11\/sm_1699189987.538727.jpg","datePublished":"2023-11-05T16:26:39+00:00","dateModified":"2023-11-05T16:43:35+00:00","author":{"@id":"https:\/\/www.africa-press.net\/tchad\/#\/schema\/person\/2b1cf3cd81a31e3cd26889ca66d677f1"},"description":"Au total, 65 jeunes ont rec\u0327u leurs attestations de formation ce dimanche. Ils ont suivi une formation de 45 jours, au c ...","breadcrumb":{"@id":"https:\/\/www.africa-press.net\/tchad\/photo\/une-nouvelle-generation-de-soignants-et-nutritionnistes-formes-par-long-ados#breadcrumb"},"inLanguage":"fr-FR","potentialAction":[{"@type":"ReadAction","target":["https:\/\/www.africa-press.net\/tchad\/photo\/une-nouvelle-generation-de-soignants-et-nutritionnistes-formes-par-long-ados"]}]},{"@type":"ImageObject","inLanguage":"fr-FR","@id":"https:\/\/www.africa-press.net\/tchad\/photo\/une-nouvelle-generation-de-soignants-et-nutritionnistes-formes-par-long-ados#primaryimage","url":"https:\/\/static.africa-press.net\/tchad\/sites\/41\/2023\/11\/sm_1699189987.538727.jpg","contentUrl":"https:\/\/static.africa-press.net\/tchad\/sites\/41\/2023\/11\/sm_1699189987.538727.jpg","width":1080,"height":486,"caption":"une nouvelle g\u00e9n\u00e9ration de soignants et nutritionnistes form\u00e9s par l\u2019ONG ADOS"},{"@type":"BreadcrumbList","@id":"https:\/\/www.africa-press.net\/tchad\/photo\/une-nouvelle-generation-de-soignants-et-nutritionnistes-formes-par-long-ados#breadcrumb","itemListElement":[{"@type":"ListItem","position":1,"name":"Accueil","item":"https:\/\/www.africa-press.net\/tchad\/"},{"@type":"ListItem","position":2,"name":"une nouvelle g\u00e9n\u00e9ration de soignants et nutritionnistes form\u00e9s par l\u2019ONG ADOS"}]},{"@type":"WebSite","@id":"https:\/\/www.africa-press.net\/tchad\/#website","url":"https:\/\/www.africa-press.net\/tchad\/","name":"tchad","description":"Just another Africa News Agency Sites site","potentialAction":[{"@type":"SearchAction","target":{"@type":"EntryPoint","urlTemplate":"https:\/\/www.africa-press.net\/tchad\/?s={search_term_string}"},"query-input":{"@type":"PropertyValueSpecification","valueRequired":true,"valueName":"search_term_string"}}],"inLanguage":"fr-FR"},{"@type":"Person","@id":"https:\/\/www.africa-press.net\/tchad\/#\/schema\/person\/2b1cf3cd81a31e3cd26889ca66d677f1","name":"cfeditorfr"}]}},"_links":{"self":[{"href":"https:\/\/www.africa-press.net\/tchad\/wp-json\/wp\/v2\/posts\/53520","targetHints":{"allow":["GET"]}}],"collection":[{"href":"https:\/\/www.africa-press.net\/tchad\/wp-json\/wp\/v2\/posts"}],"about":[{"href":"https:\/\/www.africa-press.net\/tchad\/wp-json\/wp\/v2\/types\/post"}],"author":[{"embeddable":true,"href":"https:\/\/www.africa-press.net\/tchad\/wp-json\/wp\/v2\/users\/82"}],"replies":[{"embeddable":true,"href":"https:\/\/www.africa-press.net\/tchad\/wp-json\/wp\/v2\/comments?post=53520"}],"version-history":[{"count":0,"href":"https:\/\/www.africa-press.net\/tchad\/wp-json\/wp\/v2\/posts\/53520\/revisions"}],"wp:featuredmedia":[{"embeddable":true,"href":"https:\/\/www.africa-press.net\/tchad\/wp-json\/wp\/v2\/media\/53519"}],"wp:attachment":[{"href":"https:\/\/www.africa-press.net\/tchad\/wp-json\/wp\/v2\/media?parent=53520"}],"wp:term":[{"taxonomy":"category","embeddable":true,"href":"https:\/\/www.africa-press.net\/tchad\/wp-json\/wp\/v2\/categories?post=53520"},{"taxonomy":"post_tag","embeddable":true,"href":"https:\/\/www.africa-press.net\/tchad\/wp-json\/wp\/v2\/tags?post=53520"}],"curies":[{"name":"wp","href":"https:\/\/api.w.org\/{rel}","templated":true}]}}