{"id":53523,"date":"2023-11-05T16:28:02","date_gmt":"2023-11-05T16:28:02","guid":{"rendered":"https:\/\/www.africa-press.net\/tchad\/politique\/long-americaine-wcs-evalue-letat-du-parc-national-de-manda"},"modified":"2023-11-05T16:44:28","modified_gmt":"2023-11-05T16:44:28","slug":"long-americaine-wcs-evalue-letat-du-parc-national-de-manda","status":"publish","type":"post","link":"https:\/\/www.africa-press.net\/tchad\/toutes-les-actualites\/long-americaine-wcs-evalue-letat-du-parc-national-de-manda","title":{"rendered":"L\u2019ONG am\u00e9ricaine WCS \u00e9value l\u2019\u00e9tat du Parc National de Manda"},"content":{"rendered":"<p><span style=\"color: #ff6600\"><strong>Africa-Press &#8211; Tchad. <\/strong><\/span>L\u2019ONG ame\u0301ricaine Wildlife Conservation Society (WCS) qui \u0153uvre dans le domaine de la conservation de la faune et de la flore est a\u0300 Sarh chef lieu de la province du Moyen-Chari. L\u2019objectif global de cette mission a\u0300 Sarh est de faire une e\u0301valuation rapide de l\u2019e\u0301tat actuel du Parc National de Manda aux fins de relancer les activite\u0301s de restauration e\u0301cologique et de conservation de la faune sauvage.<\/p>\n<p>Le secre\u0301taire ge\u0301ne\u0301ral de la province du Moyen-Chari, Ahmat Tidjami Hamat, a salue\u0301 cette initiative de cette ONG qui se soucie du parc national de Manda qui aujourd\u2019hui se voit menacer par des ennemis de la faune. Pour lui, les strate\u0301gies de sauvegarde de la faune et la flore de cette ONG va soulager un tant soit peu le parc national de Manda et beaucoup de population vivant au tour de ce parc vont prendre conscience de la gestion de l\u2019environnement qui aujourd\u2019hui est une pre\u0301occupation majeure du gouvernement.<\/p>\n<p>Le repre\u0301sentant l\u2019ONG WCS au Tchad, Docteur Dolmia Malachie a souligne\u0301 que son ONG intervient dans plus de 60 pays au monde dont 15 en Afrique et a pour principal mission la pre\u0301servation de la faune et de la flore du monde et vise que celles -ci (faune et flore) prospe\u0300re sur des terres et mers et e\u0301tendues d\u2019eau saines pour un de\u0301veloppement durable.<\/p>\n<p>Le chef de l\u2019unite\u0301 de gestion des aires prote\u0301ge\u0301es de la direction de la faune et des aires prote\u0301ge\u0301es du Tchad, Ali Walsouma, a pre\u0301cise\u0301 que cette se\u0301ance de concertation avec les autorite\u0301s traditionnelles et les populations locales est de leur faire prendre conscience sur l\u2019avenir du Parc National de Manda qui une grande richesse pour le pays et doit absolument e\u0302tre prote\u0301ger par tout un chacun. Pour finir, il a notifie\u0301 que la protection de l\u2019environnement n\u2019est pas seulement l\u2019affaire de l\u2019Etat.<\/p>\n<p>Il faut noter que la mission a\u0300 visiter l\u2019ae\u0301roport de Sarh pour des perspectives d\u2019ope\u0301ration a\u0300 l\u2019aide d\u2019un ae\u0301ronef Le\u0301ger. La mission se rendra dans le Parc de Sena-Oura, dans la Province du Mayo-Kebbi Ouest pour le me\u0302me travail.<\/p>\n<p><strong>Pour plus d&rsquo;informations et d&rsquo;analyses sur la <a href=\"https:\/\/www.africa-press.net\/tchad\">Tchad<\/a>, suivez <a href=\"https:\/\/www.africa-press.net\/\">Africa-Press<\/a><\/strong><\/p>\n","protected":false},"excerpt":{"rendered":"<p>Africa-Press &#8211; Tchad. L\u2019ONG ame\u0301ricaine Wildlife Conservation Society (WCS) qui \u0153uvre dans le domaine de la conservation de la faune et de la flore est a\u0300 Sarh chef lieu de la province du Moyen-Chari. L\u2019objectif global de cette mission a\u0300 Sarh est de faire une e\u0301valuation rapide de l\u2019e\u0301tat actuel du Parc National de Manda [&hellip;]<\/p>\n","protected":false},"author":82,"featured_media":53522,"comment_status":"open","ping_status":"closed","sticky":false,"template":"","format":"standard","meta":{"footnotes":""},"categories":[21,10],"tags":[37,292,29],"class_list":["post-53523","post","type-post","status-publish","format-standard","has-post-thumbnail","hentry","category-communaute","category-toutes-les-actualites","tag-africa-press","tag-africa-press-tchad","tag-tchad"],"yoast_head":"<!-- This site is optimized with the Yoast SEO Premium plugin v26.1 (Yoast SEO v27.0) - https:\/\/yoast.com\/product\/yoast-seo-premium-wordpress\/ -->\n<title>L\u2019ONG am\u00e9ricaine WCS \u00e9value l\u2019\u00e9tat du Parc National de Manda - tchad<\/title>\n<meta name=\"description\" content=\"L\u2019ONG ame\u0301ricaine Wildlife Conservation Society (WCS) qui \u0153uvre dans le domaine de la conservation de la faune et de la ...\" \/>\n<meta name=\"robots\" content=\"index, follow, max-snippet:-1, max-image-preview:large, max-video-preview:-1\" \/>\n<link rel=\"canonical\" href=\"https:\/\/www.africa-press.net\/tchad\/toutes-les-actualites\/long-americaine-wcs-evalue-letat-du-parc-national-de-manda\" \/>\n<meta property=\"og:locale\" content=\"fr_FR\" \/>\n<meta property=\"og:type\" content=\"article\" \/>\n<meta property=\"og:title\" content=\"L\u2019ONG am\u00e9ricaine WCS \u00e9value l\u2019\u00e9tat du Parc National de Manda\" \/>\n<meta property=\"og:description\" content=\"L\u2019ONG ame\u0301ricaine Wildlife Conservation Society (WCS) qui \u0153uvre dans le domaine de la conservation de la faune et de la ...\" \/>\n<meta property=\"og:url\" content=\"https:\/\/www.africa-press.net\/tchad\/toutes-les-actualites\/long-americaine-wcs-evalue-letat-du-parc-national-de-manda\" \/>\n<meta property=\"og:site_name\" content=\"tchad\" \/>\n<meta property=\"article:published_time\" content=\"2023-11-05T16:28:02+00:00\" \/>\n<meta property=\"article:modified_time\" content=\"2023-11-05T16:44:28+00:00\" \/>\n<meta property=\"og:image\" content=\"https:\/\/static.africa-press.net\/tchad\/sites\/41\/2023\/11\/sm_1699190025.617583.jpg\" \/>\n\t<meta property=\"og:image:width\" content=\"1080\" \/>\n\t<meta property=\"og:image:height\" content=\"809\" \/>\n\t<meta property=\"og:image:type\" content=\"image\/jpeg\" \/>\n<meta name=\"author\" content=\"cfeditorfr\" \/>\n<meta name=\"twitter:card\" content=\"summary_large_image\" \/>\n<meta name=\"twitter:label1\" content=\"\u00c9crit par\" \/>\n\t<meta name=\"twitter:data1\" content=\"cfeditorfr\" \/>\n\t<meta name=\"twitter:label2\" content=\"Dur\u00e9e de lecture estim\u00e9e\" \/>\n\t<meta name=\"twitter:data2\" content=\"2 minutes\" \/>\n<script type=\"application\/ld+json\" class=\"yoast-schema-graph\">{\"@context\":\"https:\/\/schema.org\",\"@graph\":[{\"@type\":\"Article\",\"@id\":\"https:\/\/www.africa-press.net\/tchad\/toutes-les-actualites\/long-americaine-wcs-evalue-letat-du-parc-national-de-manda#article\",\"isPartOf\":{\"@id\":\"https:\/\/www.africa-press.net\/tchad\/toutes-les-actualites\/long-americaine-wcs-evalue-letat-du-parc-national-de-manda\"},\"author\":{\"name\":\"cfeditorfr\",\"@id\":\"https:\/\/www.africa-press.net\/tchad\/#\/schema\/person\/2b1cf3cd81a31e3cd26889ca66d677f1\"},\"headline\":\"L\u2019ONG am\u00e9ricaine WCS \u00e9value l\u2019\u00e9tat du Parc National de Manda\",\"datePublished\":\"2023-11-05T16:28:02+00:00\",\"dateModified\":\"2023-11-05T16:44:28+00:00\",\"mainEntityOfPage\":{\"@id\":\"https:\/\/www.africa-press.net\/tchad\/toutes-les-actualites\/long-americaine-wcs-evalue-letat-du-parc-national-de-manda\"},\"wordCount\":416,\"commentCount\":0,\"image\":{\"@id\":\"https:\/\/www.africa-press.net\/tchad\/toutes-les-actualites\/long-americaine-wcs-evalue-letat-du-parc-national-de-manda#primaryimage\"},\"thumbnailUrl\":\"https:\/\/static.africa-press.net\/tchad\/sites\/41\/2023\/11\/sm_1699190025.617583.jpg\",\"keywords\":[\"Africa Press\",\"Africa Press-Tchad\",\"Tchad\"],\"articleSection\":[\"Communaut\u00e9\",\"Toutes les actualit\u00e9s\"],\"inLanguage\":\"fr-FR\",\"potentialAction\":[{\"@type\":\"CommentAction\",\"name\":\"Comment\",\"target\":[\"https:\/\/www.africa-press.net\/tchad\/toutes-les-actualites\/long-americaine-wcs-evalue-letat-du-parc-national-de-manda#respond\"]}]},{\"@type\":\"WebPage\",\"@id\":\"https:\/\/www.africa-press.net\/tchad\/toutes-les-actualites\/long-americaine-wcs-evalue-letat-du-parc-national-de-manda\",\"url\":\"https:\/\/www.africa-press.net\/tchad\/toutes-les-actualites\/long-americaine-wcs-evalue-letat-du-parc-national-de-manda\",\"name\":\"L\u2019ONG am\u00e9ricaine WCS \u00e9value l\u2019\u00e9tat du Parc National de Manda - tchad\",\"isPartOf\":{\"@id\":\"https:\/\/www.africa-press.net\/tchad\/#website\"},\"primaryImageOfPage\":{\"@id\":\"https:\/\/www.africa-press.net\/tchad\/toutes-les-actualites\/long-americaine-wcs-evalue-letat-du-parc-national-de-manda#primaryimage\"},\"image\":{\"@id\":\"https:\/\/www.africa-press.net\/tchad\/toutes-les-actualites\/long-americaine-wcs-evalue-letat-du-parc-national-de-manda#primaryimage\"},\"thumbnailUrl\":\"https:\/\/static.africa-press.net\/tchad\/sites\/41\/2023\/11\/sm_1699190025.617583.jpg\",\"datePublished\":\"2023-11-05T16:28:02+00:00\",\"dateModified\":\"2023-11-05T16:44:28+00:00\",\"author\":{\"@id\":\"https:\/\/www.africa-press.net\/tchad\/#\/schema\/person\/2b1cf3cd81a31e3cd26889ca66d677f1\"},\"description\":\"L\u2019ONG ame\u0301ricaine Wildlife Conservation Society (WCS) qui \u0153uvre dans le domaine de la conservation de la faune et de la ...\",\"breadcrumb\":{\"@id\":\"https:\/\/www.africa-press.net\/tchad\/toutes-les-actualites\/long-americaine-wcs-evalue-letat-du-parc-national-de-manda#breadcrumb\"},\"inLanguage\":\"fr-FR\",\"potentialAction\":[{\"@type\":\"ReadAction\",\"target\":[\"https:\/\/www.africa-press.net\/tchad\/toutes-les-actualites\/long-americaine-wcs-evalue-letat-du-parc-national-de-manda\"]}]},{\"@type\":\"ImageObject\",\"inLanguage\":\"fr-FR\",\"@id\":\"https:\/\/www.africa-press.net\/tchad\/toutes-les-actualites\/long-americaine-wcs-evalue-letat-du-parc-national-de-manda#primaryimage\",\"url\":\"https:\/\/static.africa-press.net\/tchad\/sites\/41\/2023\/11\/sm_1699190025.617583.jpg\",\"contentUrl\":\"https:\/\/static.africa-press.net\/tchad\/sites\/41\/2023\/11\/sm_1699190025.617583.jpg\",\"width\":1080,\"height\":809,\"caption\":\"L\u2019ONG am\u00e9ricaine WCS \u00e9value l\u2019\u00e9tat du Parc National de Manda\"},{\"@type\":\"BreadcrumbList\",\"@id\":\"https:\/\/www.africa-press.net\/tchad\/toutes-les-actualites\/long-americaine-wcs-evalue-letat-du-parc-national-de-manda#breadcrumb\",\"itemListElement\":[{\"@type\":\"ListItem\",\"position\":1,\"name\":\"Accueil\",\"item\":\"https:\/\/www.africa-press.net\/tchad\/\"},{\"@type\":\"ListItem\",\"position\":2,\"name\":\"L\u2019ONG am\u00e9ricaine WCS \u00e9value l\u2019\u00e9tat du Parc National de Manda\"}]},{\"@type\":\"WebSite\",\"@id\":\"https:\/\/www.africa-press.net\/tchad\/#website\",\"url\":\"https:\/\/www.africa-press.net\/tchad\/\",\"name\":\"tchad\",\"description\":\"Just another Africa News Agency Sites site\",\"potentialAction\":[{\"@type\":\"SearchAction\",\"target\":{\"@type\":\"EntryPoint\",\"urlTemplate\":\"https:\/\/www.africa-press.net\/tchad\/?s={search_term_string}\"},\"query-input\":{\"@type\":\"PropertyValueSpecification\",\"valueRequired\":true,\"valueName\":\"search_term_string\"}}],\"inLanguage\":\"fr-FR\"},{\"@type\":\"Person\",\"@id\":\"https:\/\/www.africa-press.net\/tchad\/#\/schema\/person\/2b1cf3cd81a31e3cd26889ca66d677f1\",\"name\":\"cfeditorfr\"}]}<\/script>\n<!-- \/ Yoast SEO Premium plugin. -->","yoast_head_json":{"title":"L\u2019ONG am\u00e9ricaine WCS \u00e9value l\u2019\u00e9tat du Parc National de Manda - tchad","description":"L\u2019ONG ame\u0301ricaine Wildlife Conservation Society (WCS) qui \u0153uvre dans le domaine de la conservation de la faune et de la ...","robots":{"index":"index","follow":"follow","max-snippet":"max-snippet:-1","max-image-preview":"max-image-preview:large","max-video-preview":"max-video-preview:-1"},"canonical":"https:\/\/www.africa-press.net\/tchad\/toutes-les-actualites\/long-americaine-wcs-evalue-letat-du-parc-national-de-manda","og_locale":"fr_FR","og_type":"article","og_title":"L\u2019ONG am\u00e9ricaine WCS \u00e9value l\u2019\u00e9tat du Parc National de Manda","og_description":"L\u2019ONG ame\u0301ricaine Wildlife Conservation Society (WCS) qui \u0153uvre dans le domaine de la conservation de la faune et de la ...","og_url":"https:\/\/www.africa-press.net\/tchad\/toutes-les-actualites\/long-americaine-wcs-evalue-letat-du-parc-national-de-manda","og_site_name":"tchad","article_published_time":"2023-11-05T16:28:02+00:00","article_modified_time":"2023-11-05T16:44:28+00:00","og_image":[{"width":1080,"height":809,"url":"https:\/\/static.africa-press.net\/tchad\/sites\/41\/2023\/11\/sm_1699190025.617583.jpg","type":"image\/jpeg"}],"author":"cfeditorfr","twitter_card":"summary_large_image","twitter_misc":{"\u00c9crit par":"cfeditorfr","Dur\u00e9e de lecture estim\u00e9e":"2 minutes"},"schema":{"@context":"https:\/\/schema.org","@graph":[{"@type":"Article","@id":"https:\/\/www.africa-press.net\/tchad\/toutes-les-actualites\/long-americaine-wcs-evalue-letat-du-parc-national-de-manda#article","isPartOf":{"@id":"https:\/\/www.africa-press.net\/tchad\/toutes-les-actualites\/long-americaine-wcs-evalue-letat-du-parc-national-de-manda"},"author":{"name":"cfeditorfr","@id":"https:\/\/www.africa-press.net\/tchad\/#\/schema\/person\/2b1cf3cd81a31e3cd26889ca66d677f1"},"headline":"L\u2019ONG am\u00e9ricaine WCS \u00e9value l\u2019\u00e9tat du Parc National de Manda","datePublished":"2023-11-05T16:28:02+00:00","dateModified":"2023-11-05T16:44:28+00:00","mainEntityOfPage":{"@id":"https:\/\/www.africa-press.net\/tchad\/toutes-les-actualites\/long-americaine-wcs-evalue-letat-du-parc-national-de-manda"},"wordCount":416,"commentCount":0,"image":{"@id":"https:\/\/www.africa-press.net\/tchad\/toutes-les-actualites\/long-americaine-wcs-evalue-letat-du-parc-national-de-manda#primaryimage"},"thumbnailUrl":"https:\/\/static.africa-press.net\/tchad\/sites\/41\/2023\/11\/sm_1699190025.617583.jpg","keywords":["Africa Press","Africa Press-Tchad","Tchad"],"articleSection":["Communaut\u00e9","Toutes les actualit\u00e9s"],"inLanguage":"fr-FR","potentialAction":[{"@type":"CommentAction","name":"Comment","target":["https:\/\/www.africa-press.net\/tchad\/toutes-les-actualites\/long-americaine-wcs-evalue-letat-du-parc-national-de-manda#respond"]}]},{"@type":"WebPage","@id":"https:\/\/www.africa-press.net\/tchad\/toutes-les-actualites\/long-americaine-wcs-evalue-letat-du-parc-national-de-manda","url":"https:\/\/www.africa-press.net\/tchad\/toutes-les-actualites\/long-americaine-wcs-evalue-letat-du-parc-national-de-manda","name":"L\u2019ONG am\u00e9ricaine WCS \u00e9value l\u2019\u00e9tat du Parc National de Manda - tchad","isPartOf":{"@id":"https:\/\/www.africa-press.net\/tchad\/#website"},"primaryImageOfPage":{"@id":"https:\/\/www.africa-press.net\/tchad\/toutes-les-actualites\/long-americaine-wcs-evalue-letat-du-parc-national-de-manda#primaryimage"},"image":{"@id":"https:\/\/www.africa-press.net\/tchad\/toutes-les-actualites\/long-americaine-wcs-evalue-letat-du-parc-national-de-manda#primaryimage"},"thumbnailUrl":"https:\/\/static.africa-press.net\/tchad\/sites\/41\/2023\/11\/sm_1699190025.617583.jpg","datePublished":"2023-11-05T16:28:02+00:00","dateModified":"2023-11-05T16:44:28+00:00","author":{"@id":"https:\/\/www.africa-press.net\/tchad\/#\/schema\/person\/2b1cf3cd81a31e3cd26889ca66d677f1"},"description":"L\u2019ONG ame\u0301ricaine Wildlife Conservation Society (WCS) qui \u0153uvre dans le domaine de la conservation de la faune et de la ...","breadcrumb":{"@id":"https:\/\/www.africa-press.net\/tchad\/toutes-les-actualites\/long-americaine-wcs-evalue-letat-du-parc-national-de-manda#breadcrumb"},"inLanguage":"fr-FR","potentialAction":[{"@type":"ReadAction","target":["https:\/\/www.africa-press.net\/tchad\/toutes-les-actualites\/long-americaine-wcs-evalue-letat-du-parc-national-de-manda"]}]},{"@type":"ImageObject","inLanguage":"fr-FR","@id":"https:\/\/www.africa-press.net\/tchad\/toutes-les-actualites\/long-americaine-wcs-evalue-letat-du-parc-national-de-manda#primaryimage","url":"https:\/\/static.africa-press.net\/tchad\/sites\/41\/2023\/11\/sm_1699190025.617583.jpg","contentUrl":"https:\/\/static.africa-press.net\/tchad\/sites\/41\/2023\/11\/sm_1699190025.617583.jpg","width":1080,"height":809,"caption":"L\u2019ONG am\u00e9ricaine WCS \u00e9value l\u2019\u00e9tat du Parc National de Manda"},{"@type":"BreadcrumbList","@id":"https:\/\/www.africa-press.net\/tchad\/toutes-les-actualites\/long-americaine-wcs-evalue-letat-du-parc-national-de-manda#breadcrumb","itemListElement":[{"@type":"ListItem","position":1,"name":"Accueil","item":"https:\/\/www.africa-press.net\/tchad\/"},{"@type":"ListItem","position":2,"name":"L\u2019ONG am\u00e9ricaine WCS \u00e9value l\u2019\u00e9tat du Parc National de Manda"}]},{"@type":"WebSite","@id":"https:\/\/www.africa-press.net\/tchad\/#website","url":"https:\/\/www.africa-press.net\/tchad\/","name":"tchad","description":"Just another Africa News Agency Sites site","potentialAction":[{"@type":"SearchAction","target":{"@type":"EntryPoint","urlTemplate":"https:\/\/www.africa-press.net\/tchad\/?s={search_term_string}"},"query-input":{"@type":"PropertyValueSpecification","valueRequired":true,"valueName":"search_term_string"}}],"inLanguage":"fr-FR"},{"@type":"Person","@id":"https:\/\/www.africa-press.net\/tchad\/#\/schema\/person\/2b1cf3cd81a31e3cd26889ca66d677f1","name":"cfeditorfr"}]}},"_links":{"self":[{"href":"https:\/\/www.africa-press.net\/tchad\/wp-json\/wp\/v2\/posts\/53523","targetHints":{"allow":["GET"]}}],"collection":[{"href":"https:\/\/www.africa-press.net\/tchad\/wp-json\/wp\/v2\/posts"}],"about":[{"href":"https:\/\/www.africa-press.net\/tchad\/wp-json\/wp\/v2\/types\/post"}],"author":[{"embeddable":true,"href":"https:\/\/www.africa-press.net\/tchad\/wp-json\/wp\/v2\/users\/82"}],"replies":[{"embeddable":true,"href":"https:\/\/www.africa-press.net\/tchad\/wp-json\/wp\/v2\/comments?post=53523"}],"version-history":[{"count":0,"href":"https:\/\/www.africa-press.net\/tchad\/wp-json\/wp\/v2\/posts\/53523\/revisions"}],"wp:featuredmedia":[{"embeddable":true,"href":"https:\/\/www.africa-press.net\/tchad\/wp-json\/wp\/v2\/media\/53522"}],"wp:attachment":[{"href":"https:\/\/www.africa-press.net\/tchad\/wp-json\/wp\/v2\/media?parent=53523"}],"wp:term":[{"taxonomy":"category","embeddable":true,"href":"https:\/\/www.africa-press.net\/tchad\/wp-json\/wp\/v2\/categories?post=53523"},{"taxonomy":"post_tag","embeddable":true,"href":"https:\/\/www.africa-press.net\/tchad\/wp-json\/wp\/v2\/tags?post=53523"}],"curies":[{"name":"wp","href":"https:\/\/api.w.org\/{rel}","templated":true}]}}