{"id":53553,"date":"2023-11-06T16:33:22","date_gmt":"2023-11-06T16:33:22","guid":{"rendered":"https:\/\/www.africa-press.net\/tchad\/politique\/les-cles-de-lavenir-du-guera-discutees-lors-dune-conference-a-mongo"},"modified":"2023-11-06T17:26:58","modified_gmt":"2023-11-06T17:26:58","slug":"les-cles-de-lavenir-du-guera-discutees-lors-dune-conference-a-mongo","status":"publish","type":"post","link":"https:\/\/www.africa-press.net\/tchad\/politique\/les-cles-de-lavenir-du-guera-discutees-lors-dune-conference-a-mongo","title":{"rendered":"les cl\u00e9s de l&rsquo;avenir du Guera discut\u00e9es lors d&rsquo;une conf\u00e9rence \u00e0 Mongo"},"content":{"rendered":"<p><span style=\"color: #ff6600\"><strong>Africa-Press &#8211; Tchad. <\/strong><\/span>Le Maire de la commune de Mongo, Abdelmalik Abderamane, a saisi cette opportunite\u0301 pour prodiguer des conseils pre\u0301cieux aux jeunes pre\u0301sents lors de la confe\u0301rence. Il a souligne\u0301 l&rsquo;importance de l&rsquo;engagement de la jeunesse dans la construction de l&rsquo;avenir de la province.<\/p>\n<p>Le De\u0301le\u0301gue\u0301 de la Jeunesse, des Sports, et du Leadership Entrepreneurial du Guera, Mahamat Saleh Mahmout, a renforce\u0301 le message en mettant en avant le ro\u0302le vital de la jeunesse en tant que levier du de\u0301veloppement et de l&rsquo;avenir du pays. Il a encourage\u0301 les jeunes a\u0300 promouvoir la solidarite\u0301 et l&rsquo;unite\u0301 pour mieux contribuer a\u0300 l&rsquo;e\u0301panouissement de la province.<\/p>\n<p>La se\u0301ance d&rsquo;e\u0301changes, axe\u0301e sur l&rsquo;identification des ve\u0301ritables causes entravant le de\u0301veloppement du Guera, a enrichi les de\u0301bats de la confe\u0301rence. Cet e\u0301ve\u0301nement a permis de sensibiliser la jeunesse sur son ro\u0302le cle\u0301 dans l&rsquo;essor de la province et de discuter des moyens de surmonter les de\u0301fis qui se posent.<\/p>\n<p><strong>Pour plus d&rsquo;informations et d&rsquo;analyses sur la <a href=\"https:\/\/www.africa-press.net\/tchad\">Tchad<\/a>, suivez <a href=\"https:\/\/www.africa-press.net\/\">Africa-Press<\/a><\/strong><\/p>\n","protected":false},"excerpt":{"rendered":"<p>Africa-Press &#8211; Tchad. Le Maire de la commune de Mongo, Abdelmalik Abderamane, a saisi cette opportunite\u0301 pour prodiguer des conseils pre\u0301cieux aux jeunes pre\u0301sents lors de la confe\u0301rence. Il a souligne\u0301 l&rsquo;importance de l&rsquo;engagement de la jeunesse dans la construction de l&rsquo;avenir de la province. Le De\u0301le\u0301gue\u0301 de la Jeunesse, des Sports, et du Leadership [&hellip;]<\/p>\n","protected":false},"author":82,"featured_media":53551,"comment_status":"open","ping_status":"closed","sticky":false,"template":"","format":"standard","meta":{"footnotes":""},"categories":[2,10],"tags":[37,292,29],"class_list":["post-53553","post","type-post","status-publish","format-standard","has-post-thumbnail","hentry","category-politique","category-toutes-les-actualites","tag-africa-press","tag-africa-press-tchad","tag-tchad"],"yoast_head":"<!-- This site is optimized with the Yoast SEO Premium plugin v26.1 (Yoast SEO v27.0) - https:\/\/yoast.com\/product\/yoast-seo-premium-wordpress\/ -->\n<title>les cl\u00e9s de l&#039;avenir du Guera discut\u00e9es lors d&#039;une conf\u00e9rence \u00e0 Mongo - tchad<\/title>\n<meta name=\"description\" content=\"Le Maire de la commune de Mongo, Abdelmalik Abderamane, a saisi cette opportunite\u0301 pour prodiguer des conseils pre\u0301cieux ...\" \/>\n<meta name=\"robots\" content=\"index, follow, max-snippet:-1, max-image-preview:large, max-video-preview:-1\" \/>\n<link rel=\"canonical\" href=\"https:\/\/www.africa-press.net\/tchad\/politique\/les-cles-de-lavenir-du-guera-discutees-lors-dune-conference-a-mongo\" \/>\n<meta property=\"og:locale\" content=\"fr_FR\" \/>\n<meta property=\"og:type\" content=\"article\" \/>\n<meta property=\"og:title\" content=\"les cl\u00e9s de l&#039;avenir du Guera discut\u00e9es lors d&#039;une conf\u00e9rence \u00e0 Mongo\" \/>\n<meta property=\"og:description\" content=\"Le Maire de la commune de Mongo, Abdelmalik Abderamane, a saisi cette opportunite\u0301 pour prodiguer des conseils pre\u0301cieux ...\" \/>\n<meta property=\"og:url\" content=\"https:\/\/www.africa-press.net\/tchad\/politique\/les-cles-de-lavenir-du-guera-discutees-lors-dune-conference-a-mongo\" \/>\n<meta property=\"og:site_name\" content=\"tchad\" \/>\n<meta property=\"article:published_time\" content=\"2023-11-06T16:33:22+00:00\" \/>\n<meta property=\"article:modified_time\" content=\"2023-11-06T17:26:58+00:00\" \/>\n<meta property=\"og:image\" content=\"https:\/\/static.africa-press.net\/tchad\/sites\/41\/2023\/11\/sm_1699278969.602367.jpg\" \/>\n\t<meta property=\"og:image:width\" content=\"1080\" \/>\n\t<meta property=\"og:image:height\" content=\"486\" \/>\n\t<meta property=\"og:image:type\" content=\"image\/jpeg\" \/>\n<meta name=\"author\" content=\"cfeditorfr\" \/>\n<meta name=\"twitter:card\" content=\"summary_large_image\" \/>\n<meta name=\"twitter:label1\" content=\"\u00c9crit par\" \/>\n\t<meta name=\"twitter:data1\" content=\"cfeditorfr\" \/>\n\t<meta name=\"twitter:label2\" content=\"Dur\u00e9e de lecture estim\u00e9e\" \/>\n\t<meta name=\"twitter:data2\" content=\"1 minute\" \/>\n<script type=\"application\/ld+json\" class=\"yoast-schema-graph\">{\"@context\":\"https:\/\/schema.org\",\"@graph\":[{\"@type\":\"Article\",\"@id\":\"https:\/\/www.africa-press.net\/tchad\/politique\/les-cles-de-lavenir-du-guera-discutees-lors-dune-conference-a-mongo#article\",\"isPartOf\":{\"@id\":\"https:\/\/www.africa-press.net\/tchad\/politique\/les-cles-de-lavenir-du-guera-discutees-lors-dune-conference-a-mongo\"},\"author\":{\"name\":\"cfeditorfr\",\"@id\":\"https:\/\/www.africa-press.net\/tchad\/#\/schema\/person\/2b1cf3cd81a31e3cd26889ca66d677f1\"},\"headline\":\"les cl\u00e9s de l&rsquo;avenir du Guera discut\u00e9es lors d&rsquo;une conf\u00e9rence \u00e0 Mongo\",\"datePublished\":\"2023-11-06T16:33:22+00:00\",\"dateModified\":\"2023-11-06T17:26:58+00:00\",\"mainEntityOfPage\":{\"@id\":\"https:\/\/www.africa-press.net\/tchad\/politique\/les-cles-de-lavenir-du-guera-discutees-lors-dune-conference-a-mongo\"},\"wordCount\":211,\"commentCount\":0,\"image\":{\"@id\":\"https:\/\/www.africa-press.net\/tchad\/politique\/les-cles-de-lavenir-du-guera-discutees-lors-dune-conference-a-mongo#primaryimage\"},\"thumbnailUrl\":\"https:\/\/static.africa-press.net\/tchad\/sites\/41\/2023\/11\/sm_1699278969.602367.jpg\",\"keywords\":[\"Africa Press\",\"Africa Press-Tchad\",\"Tchad\"],\"articleSection\":[\"Politique\",\"Toutes les actualit\u00e9s\"],\"inLanguage\":\"fr-FR\",\"potentialAction\":[{\"@type\":\"CommentAction\",\"name\":\"Comment\",\"target\":[\"https:\/\/www.africa-press.net\/tchad\/politique\/les-cles-de-lavenir-du-guera-discutees-lors-dune-conference-a-mongo#respond\"]}]},{\"@type\":\"WebPage\",\"@id\":\"https:\/\/www.africa-press.net\/tchad\/politique\/les-cles-de-lavenir-du-guera-discutees-lors-dune-conference-a-mongo\",\"url\":\"https:\/\/www.africa-press.net\/tchad\/politique\/les-cles-de-lavenir-du-guera-discutees-lors-dune-conference-a-mongo\",\"name\":\"les cl\u00e9s de l'avenir du Guera discut\u00e9es lors d'une conf\u00e9rence \u00e0 Mongo - tchad\",\"isPartOf\":{\"@id\":\"https:\/\/www.africa-press.net\/tchad\/#website\"},\"primaryImageOfPage\":{\"@id\":\"https:\/\/www.africa-press.net\/tchad\/politique\/les-cles-de-lavenir-du-guera-discutees-lors-dune-conference-a-mongo#primaryimage\"},\"image\":{\"@id\":\"https:\/\/www.africa-press.net\/tchad\/politique\/les-cles-de-lavenir-du-guera-discutees-lors-dune-conference-a-mongo#primaryimage\"},\"thumbnailUrl\":\"https:\/\/static.africa-press.net\/tchad\/sites\/41\/2023\/11\/sm_1699278969.602367.jpg\",\"datePublished\":\"2023-11-06T16:33:22+00:00\",\"dateModified\":\"2023-11-06T17:26:58+00:00\",\"author\":{\"@id\":\"https:\/\/www.africa-press.net\/tchad\/#\/schema\/person\/2b1cf3cd81a31e3cd26889ca66d677f1\"},\"description\":\"Le Maire de la commune de Mongo, Abdelmalik Abderamane, a saisi cette opportunite\u0301 pour prodiguer des conseils pre\u0301cieux ...\",\"breadcrumb\":{\"@id\":\"https:\/\/www.africa-press.net\/tchad\/politique\/les-cles-de-lavenir-du-guera-discutees-lors-dune-conference-a-mongo#breadcrumb\"},\"inLanguage\":\"fr-FR\",\"potentialAction\":[{\"@type\":\"ReadAction\",\"target\":[\"https:\/\/www.africa-press.net\/tchad\/politique\/les-cles-de-lavenir-du-guera-discutees-lors-dune-conference-a-mongo\"]}]},{\"@type\":\"ImageObject\",\"inLanguage\":\"fr-FR\",\"@id\":\"https:\/\/www.africa-press.net\/tchad\/politique\/les-cles-de-lavenir-du-guera-discutees-lors-dune-conference-a-mongo#primaryimage\",\"url\":\"https:\/\/static.africa-press.net\/tchad\/sites\/41\/2023\/11\/sm_1699278969.602367.jpg\",\"contentUrl\":\"https:\/\/static.africa-press.net\/tchad\/sites\/41\/2023\/11\/sm_1699278969.602367.jpg\",\"width\":1080,\"height\":486,\"caption\":\"les cl\u00e9s de l'avenir du Guera discut\u00e9es lors d'une conf\u00e9rence \u00e0 Mongo\"},{\"@type\":\"BreadcrumbList\",\"@id\":\"https:\/\/www.africa-press.net\/tchad\/politique\/les-cles-de-lavenir-du-guera-discutees-lors-dune-conference-a-mongo#breadcrumb\",\"itemListElement\":[{\"@type\":\"ListItem\",\"position\":1,\"name\":\"Accueil\",\"item\":\"https:\/\/www.africa-press.net\/tchad\/\"},{\"@type\":\"ListItem\",\"position\":2,\"name\":\"les cl\u00e9s de l&#8217;avenir du Guera discut\u00e9es lors d&#8217;une conf\u00e9rence \u00e0 Mongo\"}]},{\"@type\":\"WebSite\",\"@id\":\"https:\/\/www.africa-press.net\/tchad\/#website\",\"url\":\"https:\/\/www.africa-press.net\/tchad\/\",\"name\":\"tchad\",\"description\":\"Just another Africa News Agency Sites site\",\"potentialAction\":[{\"@type\":\"SearchAction\",\"target\":{\"@type\":\"EntryPoint\",\"urlTemplate\":\"https:\/\/www.africa-press.net\/tchad\/?s={search_term_string}\"},\"query-input\":{\"@type\":\"PropertyValueSpecification\",\"valueRequired\":true,\"valueName\":\"search_term_string\"}}],\"inLanguage\":\"fr-FR\"},{\"@type\":\"Person\",\"@id\":\"https:\/\/www.africa-press.net\/tchad\/#\/schema\/person\/2b1cf3cd81a31e3cd26889ca66d677f1\",\"name\":\"cfeditorfr\"}]}<\/script>\n<!-- \/ Yoast SEO Premium plugin. -->","yoast_head_json":{"title":"les cl\u00e9s de l'avenir du Guera discut\u00e9es lors d'une conf\u00e9rence \u00e0 Mongo - tchad","description":"Le Maire de la commune de Mongo, Abdelmalik Abderamane, a saisi cette opportunite\u0301 pour prodiguer des conseils pre\u0301cieux ...","robots":{"index":"index","follow":"follow","max-snippet":"max-snippet:-1","max-image-preview":"max-image-preview:large","max-video-preview":"max-video-preview:-1"},"canonical":"https:\/\/www.africa-press.net\/tchad\/politique\/les-cles-de-lavenir-du-guera-discutees-lors-dune-conference-a-mongo","og_locale":"fr_FR","og_type":"article","og_title":"les cl\u00e9s de l'avenir du Guera discut\u00e9es lors d'une conf\u00e9rence \u00e0 Mongo","og_description":"Le Maire de la commune de Mongo, Abdelmalik Abderamane, a saisi cette opportunite\u0301 pour prodiguer des conseils pre\u0301cieux ...","og_url":"https:\/\/www.africa-press.net\/tchad\/politique\/les-cles-de-lavenir-du-guera-discutees-lors-dune-conference-a-mongo","og_site_name":"tchad","article_published_time":"2023-11-06T16:33:22+00:00","article_modified_time":"2023-11-06T17:26:58+00:00","og_image":[{"width":1080,"height":486,"url":"https:\/\/static.africa-press.net\/tchad\/sites\/41\/2023\/11\/sm_1699278969.602367.jpg","type":"image\/jpeg"}],"author":"cfeditorfr","twitter_card":"summary_large_image","twitter_misc":{"\u00c9crit par":"cfeditorfr","Dur\u00e9e de lecture estim\u00e9e":"1 minute"},"schema":{"@context":"https:\/\/schema.org","@graph":[{"@type":"Article","@id":"https:\/\/www.africa-press.net\/tchad\/politique\/les-cles-de-lavenir-du-guera-discutees-lors-dune-conference-a-mongo#article","isPartOf":{"@id":"https:\/\/www.africa-press.net\/tchad\/politique\/les-cles-de-lavenir-du-guera-discutees-lors-dune-conference-a-mongo"},"author":{"name":"cfeditorfr","@id":"https:\/\/www.africa-press.net\/tchad\/#\/schema\/person\/2b1cf3cd81a31e3cd26889ca66d677f1"},"headline":"les cl\u00e9s de l&rsquo;avenir du Guera discut\u00e9es lors d&rsquo;une conf\u00e9rence \u00e0 Mongo","datePublished":"2023-11-06T16:33:22+00:00","dateModified":"2023-11-06T17:26:58+00:00","mainEntityOfPage":{"@id":"https:\/\/www.africa-press.net\/tchad\/politique\/les-cles-de-lavenir-du-guera-discutees-lors-dune-conference-a-mongo"},"wordCount":211,"commentCount":0,"image":{"@id":"https:\/\/www.africa-press.net\/tchad\/politique\/les-cles-de-lavenir-du-guera-discutees-lors-dune-conference-a-mongo#primaryimage"},"thumbnailUrl":"https:\/\/static.africa-press.net\/tchad\/sites\/41\/2023\/11\/sm_1699278969.602367.jpg","keywords":["Africa Press","Africa Press-Tchad","Tchad"],"articleSection":["Politique","Toutes les actualit\u00e9s"],"inLanguage":"fr-FR","potentialAction":[{"@type":"CommentAction","name":"Comment","target":["https:\/\/www.africa-press.net\/tchad\/politique\/les-cles-de-lavenir-du-guera-discutees-lors-dune-conference-a-mongo#respond"]}]},{"@type":"WebPage","@id":"https:\/\/www.africa-press.net\/tchad\/politique\/les-cles-de-lavenir-du-guera-discutees-lors-dune-conference-a-mongo","url":"https:\/\/www.africa-press.net\/tchad\/politique\/les-cles-de-lavenir-du-guera-discutees-lors-dune-conference-a-mongo","name":"les cl\u00e9s de l'avenir du Guera discut\u00e9es lors d'une conf\u00e9rence \u00e0 Mongo - tchad","isPartOf":{"@id":"https:\/\/www.africa-press.net\/tchad\/#website"},"primaryImageOfPage":{"@id":"https:\/\/www.africa-press.net\/tchad\/politique\/les-cles-de-lavenir-du-guera-discutees-lors-dune-conference-a-mongo#primaryimage"},"image":{"@id":"https:\/\/www.africa-press.net\/tchad\/politique\/les-cles-de-lavenir-du-guera-discutees-lors-dune-conference-a-mongo#primaryimage"},"thumbnailUrl":"https:\/\/static.africa-press.net\/tchad\/sites\/41\/2023\/11\/sm_1699278969.602367.jpg","datePublished":"2023-11-06T16:33:22+00:00","dateModified":"2023-11-06T17:26:58+00:00","author":{"@id":"https:\/\/www.africa-press.net\/tchad\/#\/schema\/person\/2b1cf3cd81a31e3cd26889ca66d677f1"},"description":"Le Maire de la commune de Mongo, Abdelmalik Abderamane, a saisi cette opportunite\u0301 pour prodiguer des conseils pre\u0301cieux ...","breadcrumb":{"@id":"https:\/\/www.africa-press.net\/tchad\/politique\/les-cles-de-lavenir-du-guera-discutees-lors-dune-conference-a-mongo#breadcrumb"},"inLanguage":"fr-FR","potentialAction":[{"@type":"ReadAction","target":["https:\/\/www.africa-press.net\/tchad\/politique\/les-cles-de-lavenir-du-guera-discutees-lors-dune-conference-a-mongo"]}]},{"@type":"ImageObject","inLanguage":"fr-FR","@id":"https:\/\/www.africa-press.net\/tchad\/politique\/les-cles-de-lavenir-du-guera-discutees-lors-dune-conference-a-mongo#primaryimage","url":"https:\/\/static.africa-press.net\/tchad\/sites\/41\/2023\/11\/sm_1699278969.602367.jpg","contentUrl":"https:\/\/static.africa-press.net\/tchad\/sites\/41\/2023\/11\/sm_1699278969.602367.jpg","width":1080,"height":486,"caption":"les cl\u00e9s de l'avenir du Guera discut\u00e9es lors d'une conf\u00e9rence \u00e0 Mongo"},{"@type":"BreadcrumbList","@id":"https:\/\/www.africa-press.net\/tchad\/politique\/les-cles-de-lavenir-du-guera-discutees-lors-dune-conference-a-mongo#breadcrumb","itemListElement":[{"@type":"ListItem","position":1,"name":"Accueil","item":"https:\/\/www.africa-press.net\/tchad\/"},{"@type":"ListItem","position":2,"name":"les cl\u00e9s de l&#8217;avenir du Guera discut\u00e9es lors d&#8217;une conf\u00e9rence \u00e0 Mongo"}]},{"@type":"WebSite","@id":"https:\/\/www.africa-press.net\/tchad\/#website","url":"https:\/\/www.africa-press.net\/tchad\/","name":"tchad","description":"Just another Africa News Agency Sites site","potentialAction":[{"@type":"SearchAction","target":{"@type":"EntryPoint","urlTemplate":"https:\/\/www.africa-press.net\/tchad\/?s={search_term_string}"},"query-input":{"@type":"PropertyValueSpecification","valueRequired":true,"valueName":"search_term_string"}}],"inLanguage":"fr-FR"},{"@type":"Person","@id":"https:\/\/www.africa-press.net\/tchad\/#\/schema\/person\/2b1cf3cd81a31e3cd26889ca66d677f1","name":"cfeditorfr"}]}},"_links":{"self":[{"href":"https:\/\/www.africa-press.net\/tchad\/wp-json\/wp\/v2\/posts\/53553","targetHints":{"allow":["GET"]}}],"collection":[{"href":"https:\/\/www.africa-press.net\/tchad\/wp-json\/wp\/v2\/posts"}],"about":[{"href":"https:\/\/www.africa-press.net\/tchad\/wp-json\/wp\/v2\/types\/post"}],"author":[{"embeddable":true,"href":"https:\/\/www.africa-press.net\/tchad\/wp-json\/wp\/v2\/users\/82"}],"replies":[{"embeddable":true,"href":"https:\/\/www.africa-press.net\/tchad\/wp-json\/wp\/v2\/comments?post=53553"}],"version-history":[{"count":0,"href":"https:\/\/www.africa-press.net\/tchad\/wp-json\/wp\/v2\/posts\/53553\/revisions"}],"wp:featuredmedia":[{"embeddable":true,"href":"https:\/\/www.africa-press.net\/tchad\/wp-json\/wp\/v2\/media\/53551"}],"wp:attachment":[{"href":"https:\/\/www.africa-press.net\/tchad\/wp-json\/wp\/v2\/media?parent=53553"}],"wp:term":[{"taxonomy":"category","embeddable":true,"href":"https:\/\/www.africa-press.net\/tchad\/wp-json\/wp\/v2\/categories?post=53553"},{"taxonomy":"post_tag","embeddable":true,"href":"https:\/\/www.africa-press.net\/tchad\/wp-json\/wp\/v2\/tags?post=53553"}],"curies":[{"name":"wp","href":"https:\/\/api.w.org\/{rel}","templated":true}]}}