{"id":53556,"date":"2023-11-06T16:34:06","date_gmt":"2023-11-06T16:34:06","guid":{"rendered":"https:\/\/www.africa-press.net\/tchad\/politique\/des-eleves-de-moundou-expriment-leur-frustration-face-a-la-greve-des-enseignants"},"modified":"2023-11-06T17:27:29","modified_gmt":"2023-11-06T17:27:29","slug":"des-eleves-de-moundou-expriment-leur-frustration-face-a-la-greve-des-enseignants","status":"publish","type":"post","link":"https:\/\/www.africa-press.net\/tchad\/culture-et-art\/des-eleves-de-moundou-expriment-leur-frustration-face-a-la-greve-des-enseignants","title":{"rendered":"des \u00e9l\u00e8ves de Moundou expriment leur frustration face \u00e0 la gr\u00e8ve des enseignants"},"content":{"rendered":"<p><span style=\"color: #ff6600\"><strong>Africa-Press &#8211; Tchad. <\/strong><\/span>Depuis quelques semaines, les enseignants de la ville de Moundou sont en gre\u0300ve. Ils boudent la hausse de prix de carburant qui jusque-la\u0300 n&rsquo;est pas revenu a\u0300 la normale. Des mesures ont e\u0301te\u0301 prises pour que le carburant ne soit servi que dans les stations. Il est donc difficile de trouver du carburant avec des vendeurs a\u0300 la sauvette voire me\u0302me rare de voir des vendeurs a\u0300 la sauvette.<\/p>\n<p>Dans les stations, les citoyens sont contraints de faire des queues interminables, ce qui fait que la cole\u0300re augmente chez les enseignants. Ces derniers re\u0301clament e\u0301galement que le gouvernement puisse revoir le cas de certains de leurs colle\u0300gues dont le salaire a e\u0301te\u0301 retire\u0301. Ils voudraient des e\u0301claircissements en ce sens.<\/p>\n<p><strong>Pour plus d&rsquo;informations et d&rsquo;analyses sur la <a href=\"https:\/\/www.africa-press.net\/tchad\">Tchad<\/a>, suivez <a href=\"https:\/\/www.africa-press.net\/\">Africa-Press<\/a><\/strong><\/p>\n","protected":false},"excerpt":{"rendered":"<p>Africa-Press &#8211; Tchad. Depuis quelques semaines, les enseignants de la ville de Moundou sont en gre\u0300ve. Ils boudent la hausse de prix de carburant qui jusque-la\u0300 n&rsquo;est pas revenu a\u0300 la normale. Des mesures ont e\u0301te\u0301 prises pour que le carburant ne soit servi que dans les stations. Il est donc difficile de trouver du [&hellip;]<\/p>\n","protected":false},"author":82,"featured_media":53554,"comment_status":"open","ping_status":"closed","sticky":false,"template":"","format":"standard","meta":{"footnotes":""},"categories":[5,10],"tags":[37,292,29],"class_list":["post-53556","post","type-post","status-publish","format-standard","has-post-thumbnail","hentry","category-culture-et-art","category-toutes-les-actualites","tag-africa-press","tag-africa-press-tchad","tag-tchad"],"yoast_head":"<!-- This site is optimized with the Yoast SEO Premium plugin v26.1 (Yoast SEO v27.0) - https:\/\/yoast.com\/product\/yoast-seo-premium-wordpress\/ -->\n<title>des \u00e9l\u00e8ves de Moundou expriment leur frustration face \u00e0 la gr\u00e8ve des enseignants - tchad<\/title>\n<meta name=\"description\" content=\"Depuis quelques semaines, les enseignants de la ville de Moundou sont en gre\u0300ve. Ils boudent la hausse de prix de carbur ...\" \/>\n<meta name=\"robots\" content=\"index, follow, max-snippet:-1, max-image-preview:large, max-video-preview:-1\" \/>\n<link rel=\"canonical\" href=\"https:\/\/www.africa-press.net\/tchad\/culture-et-art\/des-eleves-de-moundou-expriment-leur-frustration-face-a-la-greve-des-enseignants\" \/>\n<meta property=\"og:locale\" content=\"fr_FR\" \/>\n<meta property=\"og:type\" content=\"article\" \/>\n<meta property=\"og:title\" content=\"des \u00e9l\u00e8ves de Moundou expriment leur frustration face \u00e0 la gr\u00e8ve des enseignants\" \/>\n<meta property=\"og:description\" content=\"Depuis quelques semaines, les enseignants de la ville de Moundou sont en gre\u0300ve. Ils boudent la hausse de prix de carbur ...\" \/>\n<meta property=\"og:url\" content=\"https:\/\/www.africa-press.net\/tchad\/culture-et-art\/des-eleves-de-moundou-expriment-leur-frustration-face-a-la-greve-des-enseignants\" \/>\n<meta property=\"og:site_name\" content=\"tchad\" \/>\n<meta property=\"article:published_time\" content=\"2023-11-06T16:34:06+00:00\" \/>\n<meta property=\"article:modified_time\" content=\"2023-11-06T17:27:29+00:00\" \/>\n<meta property=\"og:image\" content=\"https:\/\/static.africa-press.net\/tchad\/sites\/41\/2023\/11\/sm_1699279003.30947.jpg\" \/>\n\t<meta property=\"og:image:width\" content=\"1280\" \/>\n\t<meta property=\"og:image:height\" content=\"720\" \/>\n\t<meta property=\"og:image:type\" content=\"image\/jpeg\" \/>\n<meta name=\"author\" content=\"cfeditorfr\" \/>\n<meta name=\"twitter:card\" content=\"summary_large_image\" \/>\n<meta name=\"twitter:label1\" content=\"\u00c9crit par\" \/>\n\t<meta name=\"twitter:data1\" content=\"cfeditorfr\" \/>\n\t<meta name=\"twitter:label2\" content=\"Dur\u00e9e de lecture estim\u00e9e\" \/>\n\t<meta name=\"twitter:data2\" content=\"1 minute\" \/>\n<script type=\"application\/ld+json\" class=\"yoast-schema-graph\">{\"@context\":\"https:\/\/schema.org\",\"@graph\":[{\"@type\":\"Article\",\"@id\":\"https:\/\/www.africa-press.net\/tchad\/culture-et-art\/des-eleves-de-moundou-expriment-leur-frustration-face-a-la-greve-des-enseignants#article\",\"isPartOf\":{\"@id\":\"https:\/\/www.africa-press.net\/tchad\/culture-et-art\/des-eleves-de-moundou-expriment-leur-frustration-face-a-la-greve-des-enseignants\"},\"author\":{\"name\":\"cfeditorfr\",\"@id\":\"https:\/\/www.africa-press.net\/tchad\/#\/schema\/person\/2b1cf3cd81a31e3cd26889ca66d677f1\"},\"headline\":\"des \u00e9l\u00e8ves de Moundou expriment leur frustration face \u00e0 la gr\u00e8ve des enseignants\",\"datePublished\":\"2023-11-06T16:34:06+00:00\",\"dateModified\":\"2023-11-06T17:27:29+00:00\",\"mainEntityOfPage\":{\"@id\":\"https:\/\/www.africa-press.net\/tchad\/culture-et-art\/des-eleves-de-moundou-expriment-leur-frustration-face-a-la-greve-des-enseignants\"},\"wordCount\":159,\"commentCount\":0,\"image\":{\"@id\":\"https:\/\/www.africa-press.net\/tchad\/culture-et-art\/des-eleves-de-moundou-expriment-leur-frustration-face-a-la-greve-des-enseignants#primaryimage\"},\"thumbnailUrl\":\"https:\/\/static.africa-press.net\/tchad\/sites\/41\/2023\/11\/sm_1699279003.30947.jpg\",\"keywords\":[\"Africa Press\",\"Africa Press-Tchad\",\"Tchad\"],\"articleSection\":[\"Culture et Art\",\"Toutes les actualit\u00e9s\"],\"inLanguage\":\"fr-FR\",\"potentialAction\":[{\"@type\":\"CommentAction\",\"name\":\"Comment\",\"target\":[\"https:\/\/www.africa-press.net\/tchad\/culture-et-art\/des-eleves-de-moundou-expriment-leur-frustration-face-a-la-greve-des-enseignants#respond\"]}]},{\"@type\":\"WebPage\",\"@id\":\"https:\/\/www.africa-press.net\/tchad\/culture-et-art\/des-eleves-de-moundou-expriment-leur-frustration-face-a-la-greve-des-enseignants\",\"url\":\"https:\/\/www.africa-press.net\/tchad\/culture-et-art\/des-eleves-de-moundou-expriment-leur-frustration-face-a-la-greve-des-enseignants\",\"name\":\"des \u00e9l\u00e8ves de Moundou expriment leur frustration face \u00e0 la gr\u00e8ve des enseignants - tchad\",\"isPartOf\":{\"@id\":\"https:\/\/www.africa-press.net\/tchad\/#website\"},\"primaryImageOfPage\":{\"@id\":\"https:\/\/www.africa-press.net\/tchad\/culture-et-art\/des-eleves-de-moundou-expriment-leur-frustration-face-a-la-greve-des-enseignants#primaryimage\"},\"image\":{\"@id\":\"https:\/\/www.africa-press.net\/tchad\/culture-et-art\/des-eleves-de-moundou-expriment-leur-frustration-face-a-la-greve-des-enseignants#primaryimage\"},\"thumbnailUrl\":\"https:\/\/static.africa-press.net\/tchad\/sites\/41\/2023\/11\/sm_1699279003.30947.jpg\",\"datePublished\":\"2023-11-06T16:34:06+00:00\",\"dateModified\":\"2023-11-06T17:27:29+00:00\",\"author\":{\"@id\":\"https:\/\/www.africa-press.net\/tchad\/#\/schema\/person\/2b1cf3cd81a31e3cd26889ca66d677f1\"},\"description\":\"Depuis quelques semaines, les enseignants de la ville de Moundou sont en gre\u0300ve. Ils boudent la hausse de prix de carbur ...\",\"breadcrumb\":{\"@id\":\"https:\/\/www.africa-press.net\/tchad\/culture-et-art\/des-eleves-de-moundou-expriment-leur-frustration-face-a-la-greve-des-enseignants#breadcrumb\"},\"inLanguage\":\"fr-FR\",\"potentialAction\":[{\"@type\":\"ReadAction\",\"target\":[\"https:\/\/www.africa-press.net\/tchad\/culture-et-art\/des-eleves-de-moundou-expriment-leur-frustration-face-a-la-greve-des-enseignants\"]}]},{\"@type\":\"ImageObject\",\"inLanguage\":\"fr-FR\",\"@id\":\"https:\/\/www.africa-press.net\/tchad\/culture-et-art\/des-eleves-de-moundou-expriment-leur-frustration-face-a-la-greve-des-enseignants#primaryimage\",\"url\":\"https:\/\/static.africa-press.net\/tchad\/sites\/41\/2023\/11\/sm_1699279003.30947.jpg\",\"contentUrl\":\"https:\/\/static.africa-press.net\/tchad\/sites\/41\/2023\/11\/sm_1699279003.30947.jpg\",\"width\":1280,\"height\":720,\"caption\":\"des \u00e9l\u00e8ves de Moundou expriment leur frustration face \u00e0 la gr\u00e8ve des enseignants\"},{\"@type\":\"BreadcrumbList\",\"@id\":\"https:\/\/www.africa-press.net\/tchad\/culture-et-art\/des-eleves-de-moundou-expriment-leur-frustration-face-a-la-greve-des-enseignants#breadcrumb\",\"itemListElement\":[{\"@type\":\"ListItem\",\"position\":1,\"name\":\"Accueil\",\"item\":\"https:\/\/www.africa-press.net\/tchad\/\"},{\"@type\":\"ListItem\",\"position\":2,\"name\":\"des \u00e9l\u00e8ves de Moundou expriment leur frustration face \u00e0 la gr\u00e8ve des enseignants\"}]},{\"@type\":\"WebSite\",\"@id\":\"https:\/\/www.africa-press.net\/tchad\/#website\",\"url\":\"https:\/\/www.africa-press.net\/tchad\/\",\"name\":\"tchad\",\"description\":\"Just another Africa News Agency Sites site\",\"potentialAction\":[{\"@type\":\"SearchAction\",\"target\":{\"@type\":\"EntryPoint\",\"urlTemplate\":\"https:\/\/www.africa-press.net\/tchad\/?s={search_term_string}\"},\"query-input\":{\"@type\":\"PropertyValueSpecification\",\"valueRequired\":true,\"valueName\":\"search_term_string\"}}],\"inLanguage\":\"fr-FR\"},{\"@type\":\"Person\",\"@id\":\"https:\/\/www.africa-press.net\/tchad\/#\/schema\/person\/2b1cf3cd81a31e3cd26889ca66d677f1\",\"name\":\"cfeditorfr\"}]}<\/script>\n<!-- \/ Yoast SEO Premium plugin. -->","yoast_head_json":{"title":"des \u00e9l\u00e8ves de Moundou expriment leur frustration face \u00e0 la gr\u00e8ve des enseignants - tchad","description":"Depuis quelques semaines, les enseignants de la ville de Moundou sont en gre\u0300ve. Ils boudent la hausse de prix de carbur ...","robots":{"index":"index","follow":"follow","max-snippet":"max-snippet:-1","max-image-preview":"max-image-preview:large","max-video-preview":"max-video-preview:-1"},"canonical":"https:\/\/www.africa-press.net\/tchad\/culture-et-art\/des-eleves-de-moundou-expriment-leur-frustration-face-a-la-greve-des-enseignants","og_locale":"fr_FR","og_type":"article","og_title":"des \u00e9l\u00e8ves de Moundou expriment leur frustration face \u00e0 la gr\u00e8ve des enseignants","og_description":"Depuis quelques semaines, les enseignants de la ville de Moundou sont en gre\u0300ve. Ils boudent la hausse de prix de carbur ...","og_url":"https:\/\/www.africa-press.net\/tchad\/culture-et-art\/des-eleves-de-moundou-expriment-leur-frustration-face-a-la-greve-des-enseignants","og_site_name":"tchad","article_published_time":"2023-11-06T16:34:06+00:00","article_modified_time":"2023-11-06T17:27:29+00:00","og_image":[{"width":1280,"height":720,"url":"https:\/\/static.africa-press.net\/tchad\/sites\/41\/2023\/11\/sm_1699279003.30947.jpg","type":"image\/jpeg"}],"author":"cfeditorfr","twitter_card":"summary_large_image","twitter_misc":{"\u00c9crit par":"cfeditorfr","Dur\u00e9e de lecture estim\u00e9e":"1 minute"},"schema":{"@context":"https:\/\/schema.org","@graph":[{"@type":"Article","@id":"https:\/\/www.africa-press.net\/tchad\/culture-et-art\/des-eleves-de-moundou-expriment-leur-frustration-face-a-la-greve-des-enseignants#article","isPartOf":{"@id":"https:\/\/www.africa-press.net\/tchad\/culture-et-art\/des-eleves-de-moundou-expriment-leur-frustration-face-a-la-greve-des-enseignants"},"author":{"name":"cfeditorfr","@id":"https:\/\/www.africa-press.net\/tchad\/#\/schema\/person\/2b1cf3cd81a31e3cd26889ca66d677f1"},"headline":"des \u00e9l\u00e8ves de Moundou expriment leur frustration face \u00e0 la gr\u00e8ve des enseignants","datePublished":"2023-11-06T16:34:06+00:00","dateModified":"2023-11-06T17:27:29+00:00","mainEntityOfPage":{"@id":"https:\/\/www.africa-press.net\/tchad\/culture-et-art\/des-eleves-de-moundou-expriment-leur-frustration-face-a-la-greve-des-enseignants"},"wordCount":159,"commentCount":0,"image":{"@id":"https:\/\/www.africa-press.net\/tchad\/culture-et-art\/des-eleves-de-moundou-expriment-leur-frustration-face-a-la-greve-des-enseignants#primaryimage"},"thumbnailUrl":"https:\/\/static.africa-press.net\/tchad\/sites\/41\/2023\/11\/sm_1699279003.30947.jpg","keywords":["Africa Press","Africa Press-Tchad","Tchad"],"articleSection":["Culture et Art","Toutes les actualit\u00e9s"],"inLanguage":"fr-FR","potentialAction":[{"@type":"CommentAction","name":"Comment","target":["https:\/\/www.africa-press.net\/tchad\/culture-et-art\/des-eleves-de-moundou-expriment-leur-frustration-face-a-la-greve-des-enseignants#respond"]}]},{"@type":"WebPage","@id":"https:\/\/www.africa-press.net\/tchad\/culture-et-art\/des-eleves-de-moundou-expriment-leur-frustration-face-a-la-greve-des-enseignants","url":"https:\/\/www.africa-press.net\/tchad\/culture-et-art\/des-eleves-de-moundou-expriment-leur-frustration-face-a-la-greve-des-enseignants","name":"des \u00e9l\u00e8ves de Moundou expriment leur frustration face \u00e0 la gr\u00e8ve des enseignants - tchad","isPartOf":{"@id":"https:\/\/www.africa-press.net\/tchad\/#website"},"primaryImageOfPage":{"@id":"https:\/\/www.africa-press.net\/tchad\/culture-et-art\/des-eleves-de-moundou-expriment-leur-frustration-face-a-la-greve-des-enseignants#primaryimage"},"image":{"@id":"https:\/\/www.africa-press.net\/tchad\/culture-et-art\/des-eleves-de-moundou-expriment-leur-frustration-face-a-la-greve-des-enseignants#primaryimage"},"thumbnailUrl":"https:\/\/static.africa-press.net\/tchad\/sites\/41\/2023\/11\/sm_1699279003.30947.jpg","datePublished":"2023-11-06T16:34:06+00:00","dateModified":"2023-11-06T17:27:29+00:00","author":{"@id":"https:\/\/www.africa-press.net\/tchad\/#\/schema\/person\/2b1cf3cd81a31e3cd26889ca66d677f1"},"description":"Depuis quelques semaines, les enseignants de la ville de Moundou sont en gre\u0300ve. Ils boudent la hausse de prix de carbur ...","breadcrumb":{"@id":"https:\/\/www.africa-press.net\/tchad\/culture-et-art\/des-eleves-de-moundou-expriment-leur-frustration-face-a-la-greve-des-enseignants#breadcrumb"},"inLanguage":"fr-FR","potentialAction":[{"@type":"ReadAction","target":["https:\/\/www.africa-press.net\/tchad\/culture-et-art\/des-eleves-de-moundou-expriment-leur-frustration-face-a-la-greve-des-enseignants"]}]},{"@type":"ImageObject","inLanguage":"fr-FR","@id":"https:\/\/www.africa-press.net\/tchad\/culture-et-art\/des-eleves-de-moundou-expriment-leur-frustration-face-a-la-greve-des-enseignants#primaryimage","url":"https:\/\/static.africa-press.net\/tchad\/sites\/41\/2023\/11\/sm_1699279003.30947.jpg","contentUrl":"https:\/\/static.africa-press.net\/tchad\/sites\/41\/2023\/11\/sm_1699279003.30947.jpg","width":1280,"height":720,"caption":"des \u00e9l\u00e8ves de Moundou expriment leur frustration face \u00e0 la gr\u00e8ve des enseignants"},{"@type":"BreadcrumbList","@id":"https:\/\/www.africa-press.net\/tchad\/culture-et-art\/des-eleves-de-moundou-expriment-leur-frustration-face-a-la-greve-des-enseignants#breadcrumb","itemListElement":[{"@type":"ListItem","position":1,"name":"Accueil","item":"https:\/\/www.africa-press.net\/tchad\/"},{"@type":"ListItem","position":2,"name":"des \u00e9l\u00e8ves de Moundou expriment leur frustration face \u00e0 la gr\u00e8ve des enseignants"}]},{"@type":"WebSite","@id":"https:\/\/www.africa-press.net\/tchad\/#website","url":"https:\/\/www.africa-press.net\/tchad\/","name":"tchad","description":"Just another Africa News Agency Sites site","potentialAction":[{"@type":"SearchAction","target":{"@type":"EntryPoint","urlTemplate":"https:\/\/www.africa-press.net\/tchad\/?s={search_term_string}"},"query-input":{"@type":"PropertyValueSpecification","valueRequired":true,"valueName":"search_term_string"}}],"inLanguage":"fr-FR"},{"@type":"Person","@id":"https:\/\/www.africa-press.net\/tchad\/#\/schema\/person\/2b1cf3cd81a31e3cd26889ca66d677f1","name":"cfeditorfr"}]}},"_links":{"self":[{"href":"https:\/\/www.africa-press.net\/tchad\/wp-json\/wp\/v2\/posts\/53556","targetHints":{"allow":["GET"]}}],"collection":[{"href":"https:\/\/www.africa-press.net\/tchad\/wp-json\/wp\/v2\/posts"}],"about":[{"href":"https:\/\/www.africa-press.net\/tchad\/wp-json\/wp\/v2\/types\/post"}],"author":[{"embeddable":true,"href":"https:\/\/www.africa-press.net\/tchad\/wp-json\/wp\/v2\/users\/82"}],"replies":[{"embeddable":true,"href":"https:\/\/www.africa-press.net\/tchad\/wp-json\/wp\/v2\/comments?post=53556"}],"version-history":[{"count":0,"href":"https:\/\/www.africa-press.net\/tchad\/wp-json\/wp\/v2\/posts\/53556\/revisions"}],"wp:featuredmedia":[{"embeddable":true,"href":"https:\/\/www.africa-press.net\/tchad\/wp-json\/wp\/v2\/media\/53554"}],"wp:attachment":[{"href":"https:\/\/www.africa-press.net\/tchad\/wp-json\/wp\/v2\/media?parent=53556"}],"wp:term":[{"taxonomy":"category","embeddable":true,"href":"https:\/\/www.africa-press.net\/tchad\/wp-json\/wp\/v2\/categories?post=53556"},{"taxonomy":"post_tag","embeddable":true,"href":"https:\/\/www.africa-press.net\/tchad\/wp-json\/wp\/v2\/tags?post=53556"}],"curies":[{"name":"wp","href":"https:\/\/api.w.org\/{rel}","templated":true}]}}