{"id":53558,"date":"2023-11-06T16:34:24","date_gmt":"2023-11-06T16:34:24","guid":{"rendered":"https:\/\/www.africa-press.net\/tchad\/politique\/le-pdr-salue-la-decision-du-gouvernement-de-rappeler-son-representant-en-israel"},"modified":"2023-11-06T17:27:58","modified_gmt":"2023-11-06T17:27:58","slug":"le-pdr-salue-la-decision-du-gouvernement-de-rappeler-son-representant-en-israel","status":"publish","type":"post","link":"https:\/\/www.africa-press.net\/tchad\/parties\/le-pdr-salue-la-decision-du-gouvernement-de-rappeler-son-representant-en-israel","title":{"rendered":"le PDR salue la d\u00e9cision du gouvernement de rappeler son repr\u00e9sentant en Isra\u00ebl"},"content":{"rendered":"<p><span style=\"color: #ff6600\"><strong>Africa-Press &#8211; Tchad. <\/strong><\/span>Selon lui, le PDR condamne les me\u0301thodes barbares de l&rsquo;E\u0301tat d&rsquo;Israe\u0308l, qui sont fonde\u0301es sur l&rsquo;oppression et l&rsquo;occupation des terres palestiniennes et ne tiennent pas compte des re\u0301solutions des Nations Unies.<\/p>\n<p>Le parti PDR exprime sa ferme condamnation des massacres perpe\u0301tre\u0301s a\u0300 l&rsquo;encontre des enfants, des femmes et des personnes a\u0302ge\u0301es palestiniens dans la bande de Gaza, soumise au blocus israe\u0301lien depuis 2008.<\/p>\n<p>Le pre\u0301sident du PDR, Izadine Ahmat Tidjani, recommande au Gouvernement de la Re\u0301publique du Tchad de rompre ses relations avec Israe\u0308l, un E\u0301tat qui ne respecte ni les droits de l&rsquo;homme ni la dignite\u0301 humaine.<\/p>\n<p><strong>Pour plus d&rsquo;informations et d&rsquo;analyses sur la <a href=\"https:\/\/www.africa-press.net\/tchad\">Tchad<\/a>, suivez <a href=\"https:\/\/www.africa-press.net\/\">Africa-Press<\/a><\/strong><\/p>\n","protected":false},"excerpt":{"rendered":"<p>Africa-Press &#8211; Tchad. Selon lui, le PDR condamne les me\u0301thodes barbares de l&rsquo;E\u0301tat d&rsquo;Israe\u0308l, qui sont fonde\u0301es sur l&rsquo;oppression et l&rsquo;occupation des terres palestiniennes et ne tiennent pas compte des re\u0301solutions des Nations Unies. Le parti PDR exprime sa ferme condamnation des massacres perpe\u0301tre\u0301s a\u0300 l&rsquo;encontre des enfants, des femmes et des personnes a\u0302ge\u0301es palestiniens [&hellip;]<\/p>\n","protected":false},"author":82,"featured_media":53557,"comment_status":"open","ping_status":"closed","sticky":false,"template":"","format":"standard","meta":{"footnotes":""},"categories":[4,10],"tags":[37,292,29],"class_list":["post-53558","post","type-post","status-publish","format-standard","has-post-thumbnail","hentry","category-parties","category-toutes-les-actualites","tag-africa-press","tag-africa-press-tchad","tag-tchad"],"yoast_head":"<!-- This site is optimized with the Yoast SEO Premium plugin v26.1 (Yoast SEO v27.0) - https:\/\/yoast.com\/product\/yoast-seo-premium-wordpress\/ -->\n<title>le PDR salue la d\u00e9cision du gouvernement de rappeler son repr\u00e9sentant en Isra\u00ebl - tchad<\/title>\n<meta name=\"description\" content=\"Selon lui, le PDR condamne les me\u0301thodes barbares de l&#039;E\u0301tat d&#039;Israe\u0308l, qui sont fonde\u0301es sur l&#039;oppression et l&#039;occupati ...\" \/>\n<meta name=\"robots\" content=\"index, follow, max-snippet:-1, max-image-preview:large, max-video-preview:-1\" \/>\n<link rel=\"canonical\" href=\"https:\/\/www.africa-press.net\/tchad\/parties\/le-pdr-salue-la-decision-du-gouvernement-de-rappeler-son-representant-en-israel\" \/>\n<meta property=\"og:locale\" content=\"fr_FR\" \/>\n<meta property=\"og:type\" content=\"article\" \/>\n<meta property=\"og:title\" content=\"le PDR salue la d\u00e9cision du gouvernement de rappeler son repr\u00e9sentant en Isra\u00ebl\" \/>\n<meta property=\"og:description\" content=\"Selon lui, le PDR condamne les me\u0301thodes barbares de l&#039;E\u0301tat d&#039;Israe\u0308l, qui sont fonde\u0301es sur l&#039;oppression et l&#039;occupati ...\" \/>\n<meta property=\"og:url\" content=\"https:\/\/www.africa-press.net\/tchad\/parties\/le-pdr-salue-la-decision-du-gouvernement-de-rappeler-son-representant-en-israel\" \/>\n<meta property=\"og:site_name\" content=\"tchad\" \/>\n<meta property=\"article:published_time\" content=\"2023-11-06T16:34:24+00:00\" \/>\n<meta property=\"article:modified_time\" content=\"2023-11-06T17:27:58+00:00\" \/>\n<meta property=\"og:image\" content=\"https:\/\/static.africa-press.net\/tchad\/sites\/41\/2023\/11\/sm_1699279035.068177.jpg\" \/>\n\t<meta property=\"og:image:width\" content=\"1280\" \/>\n\t<meta property=\"og:image:height\" content=\"720\" \/>\n\t<meta property=\"og:image:type\" content=\"image\/jpeg\" \/>\n<meta name=\"author\" content=\"cfeditorfr\" \/>\n<meta name=\"twitter:card\" content=\"summary_large_image\" \/>\n<meta name=\"twitter:label1\" content=\"\u00c9crit par\" \/>\n\t<meta name=\"twitter:data1\" content=\"cfeditorfr\" \/>\n\t<meta name=\"twitter:label2\" content=\"Dur\u00e9e de lecture estim\u00e9e\" \/>\n\t<meta name=\"twitter:data2\" content=\"1 minute\" \/>\n<script type=\"application\/ld+json\" class=\"yoast-schema-graph\">{\"@context\":\"https:\/\/schema.org\",\"@graph\":[{\"@type\":\"Article\",\"@id\":\"https:\/\/www.africa-press.net\/tchad\/parties\/le-pdr-salue-la-decision-du-gouvernement-de-rappeler-son-representant-en-israel#article\",\"isPartOf\":{\"@id\":\"https:\/\/www.africa-press.net\/tchad\/parties\/le-pdr-salue-la-decision-du-gouvernement-de-rappeler-son-representant-en-israel\"},\"author\":{\"name\":\"cfeditorfr\",\"@id\":\"https:\/\/www.africa-press.net\/tchad\/#\/schema\/person\/2b1cf3cd81a31e3cd26889ca66d677f1\"},\"headline\":\"le PDR salue la d\u00e9cision du gouvernement de rappeler son repr\u00e9sentant en Isra\u00ebl\",\"datePublished\":\"2023-11-06T16:34:24+00:00\",\"dateModified\":\"2023-11-06T17:27:58+00:00\",\"mainEntityOfPage\":{\"@id\":\"https:\/\/www.africa-press.net\/tchad\/parties\/le-pdr-salue-la-decision-du-gouvernement-de-rappeler-son-representant-en-israel\"},\"wordCount\":148,\"commentCount\":0,\"image\":{\"@id\":\"https:\/\/www.africa-press.net\/tchad\/parties\/le-pdr-salue-la-decision-du-gouvernement-de-rappeler-son-representant-en-israel#primaryimage\"},\"thumbnailUrl\":\"https:\/\/static.africa-press.net\/tchad\/sites\/41\/2023\/11\/sm_1699279035.068177.jpg\",\"keywords\":[\"Africa Press\",\"Africa Press-Tchad\",\"Tchad\"],\"articleSection\":[\"Parties\",\"Toutes les actualit\u00e9s\"],\"inLanguage\":\"fr-FR\",\"potentialAction\":[{\"@type\":\"CommentAction\",\"name\":\"Comment\",\"target\":[\"https:\/\/www.africa-press.net\/tchad\/parties\/le-pdr-salue-la-decision-du-gouvernement-de-rappeler-son-representant-en-israel#respond\"]}]},{\"@type\":\"WebPage\",\"@id\":\"https:\/\/www.africa-press.net\/tchad\/parties\/le-pdr-salue-la-decision-du-gouvernement-de-rappeler-son-representant-en-israel\",\"url\":\"https:\/\/www.africa-press.net\/tchad\/parties\/le-pdr-salue-la-decision-du-gouvernement-de-rappeler-son-representant-en-israel\",\"name\":\"le PDR salue la d\u00e9cision du gouvernement de rappeler son repr\u00e9sentant en Isra\u00ebl - tchad\",\"isPartOf\":{\"@id\":\"https:\/\/www.africa-press.net\/tchad\/#website\"},\"primaryImageOfPage\":{\"@id\":\"https:\/\/www.africa-press.net\/tchad\/parties\/le-pdr-salue-la-decision-du-gouvernement-de-rappeler-son-representant-en-israel#primaryimage\"},\"image\":{\"@id\":\"https:\/\/www.africa-press.net\/tchad\/parties\/le-pdr-salue-la-decision-du-gouvernement-de-rappeler-son-representant-en-israel#primaryimage\"},\"thumbnailUrl\":\"https:\/\/static.africa-press.net\/tchad\/sites\/41\/2023\/11\/sm_1699279035.068177.jpg\",\"datePublished\":\"2023-11-06T16:34:24+00:00\",\"dateModified\":\"2023-11-06T17:27:58+00:00\",\"author\":{\"@id\":\"https:\/\/www.africa-press.net\/tchad\/#\/schema\/person\/2b1cf3cd81a31e3cd26889ca66d677f1\"},\"description\":\"Selon lui, le PDR condamne les me\u0301thodes barbares de l'E\u0301tat d'Israe\u0308l, qui sont fonde\u0301es sur l'oppression et l'occupati ...\",\"breadcrumb\":{\"@id\":\"https:\/\/www.africa-press.net\/tchad\/parties\/le-pdr-salue-la-decision-du-gouvernement-de-rappeler-son-representant-en-israel#breadcrumb\"},\"inLanguage\":\"fr-FR\",\"potentialAction\":[{\"@type\":\"ReadAction\",\"target\":[\"https:\/\/www.africa-press.net\/tchad\/parties\/le-pdr-salue-la-decision-du-gouvernement-de-rappeler-son-representant-en-israel\"]}]},{\"@type\":\"ImageObject\",\"inLanguage\":\"fr-FR\",\"@id\":\"https:\/\/www.africa-press.net\/tchad\/parties\/le-pdr-salue-la-decision-du-gouvernement-de-rappeler-son-representant-en-israel#primaryimage\",\"url\":\"https:\/\/static.africa-press.net\/tchad\/sites\/41\/2023\/11\/sm_1699279035.068177.jpg\",\"contentUrl\":\"https:\/\/static.africa-press.net\/tchad\/sites\/41\/2023\/11\/sm_1699279035.068177.jpg\",\"width\":1280,\"height\":720,\"caption\":\"le PDR salue la d\u00e9cision du gouvernement de rappeler son repr\u00e9sentant en Isra\u00ebl\"},{\"@type\":\"BreadcrumbList\",\"@id\":\"https:\/\/www.africa-press.net\/tchad\/parties\/le-pdr-salue-la-decision-du-gouvernement-de-rappeler-son-representant-en-israel#breadcrumb\",\"itemListElement\":[{\"@type\":\"ListItem\",\"position\":1,\"name\":\"Accueil\",\"item\":\"https:\/\/www.africa-press.net\/tchad\/\"},{\"@type\":\"ListItem\",\"position\":2,\"name\":\"le PDR salue la d\u00e9cision du gouvernement de rappeler son repr\u00e9sentant en Isra\u00ebl\"}]},{\"@type\":\"WebSite\",\"@id\":\"https:\/\/www.africa-press.net\/tchad\/#website\",\"url\":\"https:\/\/www.africa-press.net\/tchad\/\",\"name\":\"tchad\",\"description\":\"Just another Africa News Agency Sites site\",\"potentialAction\":[{\"@type\":\"SearchAction\",\"target\":{\"@type\":\"EntryPoint\",\"urlTemplate\":\"https:\/\/www.africa-press.net\/tchad\/?s={search_term_string}\"},\"query-input\":{\"@type\":\"PropertyValueSpecification\",\"valueRequired\":true,\"valueName\":\"search_term_string\"}}],\"inLanguage\":\"fr-FR\"},{\"@type\":\"Person\",\"@id\":\"https:\/\/www.africa-press.net\/tchad\/#\/schema\/person\/2b1cf3cd81a31e3cd26889ca66d677f1\",\"name\":\"cfeditorfr\"}]}<\/script>\n<!-- \/ Yoast SEO Premium plugin. -->","yoast_head_json":{"title":"le PDR salue la d\u00e9cision du gouvernement de rappeler son repr\u00e9sentant en Isra\u00ebl - tchad","description":"Selon lui, le PDR condamne les me\u0301thodes barbares de l'E\u0301tat d'Israe\u0308l, qui sont fonde\u0301es sur l'oppression et l'occupati ...","robots":{"index":"index","follow":"follow","max-snippet":"max-snippet:-1","max-image-preview":"max-image-preview:large","max-video-preview":"max-video-preview:-1"},"canonical":"https:\/\/www.africa-press.net\/tchad\/parties\/le-pdr-salue-la-decision-du-gouvernement-de-rappeler-son-representant-en-israel","og_locale":"fr_FR","og_type":"article","og_title":"le PDR salue la d\u00e9cision du gouvernement de rappeler son repr\u00e9sentant en Isra\u00ebl","og_description":"Selon lui, le PDR condamne les me\u0301thodes barbares de l'E\u0301tat d'Israe\u0308l, qui sont fonde\u0301es sur l'oppression et l'occupati ...","og_url":"https:\/\/www.africa-press.net\/tchad\/parties\/le-pdr-salue-la-decision-du-gouvernement-de-rappeler-son-representant-en-israel","og_site_name":"tchad","article_published_time":"2023-11-06T16:34:24+00:00","article_modified_time":"2023-11-06T17:27:58+00:00","og_image":[{"width":1280,"height":720,"url":"https:\/\/static.africa-press.net\/tchad\/sites\/41\/2023\/11\/sm_1699279035.068177.jpg","type":"image\/jpeg"}],"author":"cfeditorfr","twitter_card":"summary_large_image","twitter_misc":{"\u00c9crit par":"cfeditorfr","Dur\u00e9e de lecture estim\u00e9e":"1 minute"},"schema":{"@context":"https:\/\/schema.org","@graph":[{"@type":"Article","@id":"https:\/\/www.africa-press.net\/tchad\/parties\/le-pdr-salue-la-decision-du-gouvernement-de-rappeler-son-representant-en-israel#article","isPartOf":{"@id":"https:\/\/www.africa-press.net\/tchad\/parties\/le-pdr-salue-la-decision-du-gouvernement-de-rappeler-son-representant-en-israel"},"author":{"name":"cfeditorfr","@id":"https:\/\/www.africa-press.net\/tchad\/#\/schema\/person\/2b1cf3cd81a31e3cd26889ca66d677f1"},"headline":"le PDR salue la d\u00e9cision du gouvernement de rappeler son repr\u00e9sentant en Isra\u00ebl","datePublished":"2023-11-06T16:34:24+00:00","dateModified":"2023-11-06T17:27:58+00:00","mainEntityOfPage":{"@id":"https:\/\/www.africa-press.net\/tchad\/parties\/le-pdr-salue-la-decision-du-gouvernement-de-rappeler-son-representant-en-israel"},"wordCount":148,"commentCount":0,"image":{"@id":"https:\/\/www.africa-press.net\/tchad\/parties\/le-pdr-salue-la-decision-du-gouvernement-de-rappeler-son-representant-en-israel#primaryimage"},"thumbnailUrl":"https:\/\/static.africa-press.net\/tchad\/sites\/41\/2023\/11\/sm_1699279035.068177.jpg","keywords":["Africa Press","Africa Press-Tchad","Tchad"],"articleSection":["Parties","Toutes les actualit\u00e9s"],"inLanguage":"fr-FR","potentialAction":[{"@type":"CommentAction","name":"Comment","target":["https:\/\/www.africa-press.net\/tchad\/parties\/le-pdr-salue-la-decision-du-gouvernement-de-rappeler-son-representant-en-israel#respond"]}]},{"@type":"WebPage","@id":"https:\/\/www.africa-press.net\/tchad\/parties\/le-pdr-salue-la-decision-du-gouvernement-de-rappeler-son-representant-en-israel","url":"https:\/\/www.africa-press.net\/tchad\/parties\/le-pdr-salue-la-decision-du-gouvernement-de-rappeler-son-representant-en-israel","name":"le PDR salue la d\u00e9cision du gouvernement de rappeler son repr\u00e9sentant en Isra\u00ebl - tchad","isPartOf":{"@id":"https:\/\/www.africa-press.net\/tchad\/#website"},"primaryImageOfPage":{"@id":"https:\/\/www.africa-press.net\/tchad\/parties\/le-pdr-salue-la-decision-du-gouvernement-de-rappeler-son-representant-en-israel#primaryimage"},"image":{"@id":"https:\/\/www.africa-press.net\/tchad\/parties\/le-pdr-salue-la-decision-du-gouvernement-de-rappeler-son-representant-en-israel#primaryimage"},"thumbnailUrl":"https:\/\/static.africa-press.net\/tchad\/sites\/41\/2023\/11\/sm_1699279035.068177.jpg","datePublished":"2023-11-06T16:34:24+00:00","dateModified":"2023-11-06T17:27:58+00:00","author":{"@id":"https:\/\/www.africa-press.net\/tchad\/#\/schema\/person\/2b1cf3cd81a31e3cd26889ca66d677f1"},"description":"Selon lui, le PDR condamne les me\u0301thodes barbares de l'E\u0301tat d'Israe\u0308l, qui sont fonde\u0301es sur l'oppression et l'occupati ...","breadcrumb":{"@id":"https:\/\/www.africa-press.net\/tchad\/parties\/le-pdr-salue-la-decision-du-gouvernement-de-rappeler-son-representant-en-israel#breadcrumb"},"inLanguage":"fr-FR","potentialAction":[{"@type":"ReadAction","target":["https:\/\/www.africa-press.net\/tchad\/parties\/le-pdr-salue-la-decision-du-gouvernement-de-rappeler-son-representant-en-israel"]}]},{"@type":"ImageObject","inLanguage":"fr-FR","@id":"https:\/\/www.africa-press.net\/tchad\/parties\/le-pdr-salue-la-decision-du-gouvernement-de-rappeler-son-representant-en-israel#primaryimage","url":"https:\/\/static.africa-press.net\/tchad\/sites\/41\/2023\/11\/sm_1699279035.068177.jpg","contentUrl":"https:\/\/static.africa-press.net\/tchad\/sites\/41\/2023\/11\/sm_1699279035.068177.jpg","width":1280,"height":720,"caption":"le PDR salue la d\u00e9cision du gouvernement de rappeler son repr\u00e9sentant en Isra\u00ebl"},{"@type":"BreadcrumbList","@id":"https:\/\/www.africa-press.net\/tchad\/parties\/le-pdr-salue-la-decision-du-gouvernement-de-rappeler-son-representant-en-israel#breadcrumb","itemListElement":[{"@type":"ListItem","position":1,"name":"Accueil","item":"https:\/\/www.africa-press.net\/tchad\/"},{"@type":"ListItem","position":2,"name":"le PDR salue la d\u00e9cision du gouvernement de rappeler son repr\u00e9sentant en Isra\u00ebl"}]},{"@type":"WebSite","@id":"https:\/\/www.africa-press.net\/tchad\/#website","url":"https:\/\/www.africa-press.net\/tchad\/","name":"tchad","description":"Just another Africa News Agency Sites site","potentialAction":[{"@type":"SearchAction","target":{"@type":"EntryPoint","urlTemplate":"https:\/\/www.africa-press.net\/tchad\/?s={search_term_string}"},"query-input":{"@type":"PropertyValueSpecification","valueRequired":true,"valueName":"search_term_string"}}],"inLanguage":"fr-FR"},{"@type":"Person","@id":"https:\/\/www.africa-press.net\/tchad\/#\/schema\/person\/2b1cf3cd81a31e3cd26889ca66d677f1","name":"cfeditorfr"}]}},"_links":{"self":[{"href":"https:\/\/www.africa-press.net\/tchad\/wp-json\/wp\/v2\/posts\/53558","targetHints":{"allow":["GET"]}}],"collection":[{"href":"https:\/\/www.africa-press.net\/tchad\/wp-json\/wp\/v2\/posts"}],"about":[{"href":"https:\/\/www.africa-press.net\/tchad\/wp-json\/wp\/v2\/types\/post"}],"author":[{"embeddable":true,"href":"https:\/\/www.africa-press.net\/tchad\/wp-json\/wp\/v2\/users\/82"}],"replies":[{"embeddable":true,"href":"https:\/\/www.africa-press.net\/tchad\/wp-json\/wp\/v2\/comments?post=53558"}],"version-history":[{"count":0,"href":"https:\/\/www.africa-press.net\/tchad\/wp-json\/wp\/v2\/posts\/53558\/revisions"}],"wp:featuredmedia":[{"embeddable":true,"href":"https:\/\/www.africa-press.net\/tchad\/wp-json\/wp\/v2\/media\/53557"}],"wp:attachment":[{"href":"https:\/\/www.africa-press.net\/tchad\/wp-json\/wp\/v2\/media?parent=53558"}],"wp:term":[{"taxonomy":"category","embeddable":true,"href":"https:\/\/www.africa-press.net\/tchad\/wp-json\/wp\/v2\/categories?post=53558"},{"taxonomy":"post_tag","embeddable":true,"href":"https:\/\/www.africa-press.net\/tchad\/wp-json\/wp\/v2\/tags?post=53558"}],"curies":[{"name":"wp","href":"https:\/\/api.w.org\/{rel}","templated":true}]}}