{"id":53567,"date":"2023-11-06T16:36:14","date_gmt":"2023-11-06T16:36:14","guid":{"rendered":"https:\/\/www.africa-press.net\/tchad\/politique\/le-gouvernement-felicite-les-presidents-congolais-et-tchadien-pour-leur-sens-eleve-de-panafricanisme"},"modified":"2023-11-06T17:29:38","modified_gmt":"2023-11-06T17:29:38","slug":"le-gouvernement-felicite-les-presidents-congolais-et-tchadien-pour-leur-sens-eleve-de-panafricanisme","status":"publish","type":"post","link":"https:\/\/www.africa-press.net\/tchad\/politique\/le-gouvernement-felicite-les-presidents-congolais-et-tchadien-pour-leur-sens-eleve-de-panafricanisme","title":{"rendered":"Le gouvernement f\u00e9licite les Pr\u00e9sidents Congolais et Tchadien pour \u00ab leur sens \u00e9lev\u00e9 de panafricanisme \u00bb"},"content":{"rendered":"<p><span style=\"color: #ff6600\"><strong>Africa-Press &#8211; Tchad. <\/strong><\/span>Le ministre de la Communication du Tchad, Aziz Mahamat Saleh, a dans un communique\u0301 signe\u0301 le 4 novembre 2023, souligne\u0301 que le gouvernement du Tchad, \u00ab pre\u0301sente sa gratitude et ses vives fe\u0301licitations aux Chefs d&rsquo;Etat de la Re\u0301publique De\u0301mocratique du Congo, SEM Felix-Antoine Tschisekedi Tschilombo, facilitateur de la CEEAC dans le processus de Transition au Tchad et SEM Mahamat Idriss Deby Itno, Pre\u0301sident de la Transition, Chef de l&rsquo;Etat du Tchad pour leur sens e\u0301leve\u0301 de panafricanisme ayant permis la signature le 31 octobre 2023 a\u0300 Kinshasa d\u2019un accord de re\u0301conciliation entre le Gouvernement et le parti les transformateurs \u00bb.<\/p>\n<p>A travers cet accord de re\u0301conciliation, le gouvernement du Tchad dans le respect des re\u0301solutions du dialogue national inclusif tenu a\u0300 Ndjamena, a \u00ab joint l\u2019acte a\u0300 la parole en \u0153uvrant pour une re\u0301conciliation de tous les tchadiens pour ensemble refonder notre pays \u00bb, a souligne\u0301 le porte-parole du gouvernement du Tchad.<\/p>\n<p>D\u2019apre\u0300s M. Saleh, \u00ab le Gouvernement de\u0300s la signature de l\u2019accord, s&rsquo;est re\u0301solument engage\u0301 au respect inte\u0301gral des engagements pris avec le retour effectif et en se\u0301curite\u0301 du pre\u0301sident du parti et ses militants, un plaidoyer ayant abouti a\u0300 la leve\u0301e du mandat d&rsquo;arre\u0302t et un projet de Loi d&rsquo;amnistie en cours d&rsquo;examen \u00bb.<\/p>\n<p>Le gouvernement du Tchad invite les Tchadiens encore en exile a\u0300 retourner au bercail car chaque Tchadien a\u0300 son mot a\u0300 dire sur la construction de la nation.<\/p>\n<p><strong>Pour plus d&rsquo;informations et d&rsquo;analyses sur la <a href=\"https:\/\/www.africa-press.net\/tchad\">Tchad<\/a>, suivez <a href=\"https:\/\/www.africa-press.net\/\">Africa-Press<\/a><\/strong><\/p>\n","protected":false},"excerpt":{"rendered":"<p>Africa-Press &#8211; Tchad. Le ministre de la Communication du Tchad, Aziz Mahamat Saleh, a dans un communique\u0301 signe\u0301 le 4 novembre 2023, souligne\u0301 que le gouvernement du Tchad, \u00ab pre\u0301sente sa gratitude et ses vives fe\u0301licitations aux Chefs d&rsquo;Etat de la Re\u0301publique De\u0301mocratique du Congo, SEM Felix-Antoine Tschisekedi Tschilombo, facilitateur de la CEEAC dans le [&hellip;]<\/p>\n","protected":false},"author":82,"featured_media":53566,"comment_status":"open","ping_status":"closed","sticky":false,"template":"","format":"standard","meta":{"footnotes":""},"categories":[2,10],"tags":[37,292,29],"class_list":["post-53567","post","type-post","status-publish","format-standard","has-post-thumbnail","hentry","category-politique","category-toutes-les-actualites","tag-africa-press","tag-africa-press-tchad","tag-tchad"],"yoast_head":"<!-- This site is optimized with the Yoast SEO Premium plugin v26.1 (Yoast SEO v27.0) - https:\/\/yoast.com\/product\/yoast-seo-premium-wordpress\/ -->\n<title>Le gouvernement f\u00e9licite les Pr\u00e9sidents Congolais et Tchadien pour \u00ab leur sens \u00e9lev\u00e9 de panafricanisme \u00bb - tchad<\/title>\n<meta name=\"description\" content=\"Le ministre de la Communication du Tchad, Aziz Mahamat Saleh, a dans un communique\u0301 signe\u0301 le 4 novembre 2023, souligne\u0301 ...\" \/>\n<meta name=\"robots\" content=\"index, follow, max-snippet:-1, max-image-preview:large, max-video-preview:-1\" \/>\n<link rel=\"canonical\" href=\"https:\/\/www.africa-press.net\/tchad\/politique\/le-gouvernement-felicite-les-presidents-congolais-et-tchadien-pour-leur-sens-eleve-de-panafricanisme\" \/>\n<meta property=\"og:locale\" content=\"fr_FR\" \/>\n<meta property=\"og:type\" content=\"article\" \/>\n<meta property=\"og:title\" content=\"Le gouvernement f\u00e9licite les Pr\u00e9sidents Congolais et Tchadien pour \u00ab leur sens \u00e9lev\u00e9 de panafricanisme \u00bb\" \/>\n<meta property=\"og:description\" content=\"Le ministre de la Communication du Tchad, Aziz Mahamat Saleh, a dans un communique\u0301 signe\u0301 le 4 novembre 2023, souligne\u0301 ...\" \/>\n<meta property=\"og:url\" content=\"https:\/\/www.africa-press.net\/tchad\/politique\/le-gouvernement-felicite-les-presidents-congolais-et-tchadien-pour-leur-sens-eleve-de-panafricanisme\" \/>\n<meta property=\"og:site_name\" content=\"tchad\" \/>\n<meta property=\"article:published_time\" content=\"2023-11-06T16:36:14+00:00\" \/>\n<meta property=\"article:modified_time\" content=\"2023-11-06T17:29:38+00:00\" \/>\n<meta property=\"og:image\" content=\"https:\/\/static.africa-press.net\/tchad\/sites\/41\/2023\/11\/sm_1699279132.641303.jpg\" \/>\n\t<meta property=\"og:image:width\" content=\"870\" \/>\n\t<meta property=\"og:image:height\" content=\"579\" \/>\n\t<meta property=\"og:image:type\" content=\"image\/jpeg\" \/>\n<meta name=\"author\" content=\"cfeditorfr\" \/>\n<meta name=\"twitter:card\" content=\"summary_large_image\" \/>\n<meta name=\"twitter:label1\" content=\"\u00c9crit par\" \/>\n\t<meta name=\"twitter:data1\" content=\"cfeditorfr\" \/>\n\t<meta name=\"twitter:label2\" content=\"Dur\u00e9e de lecture estim\u00e9e\" \/>\n\t<meta name=\"twitter:data2\" content=\"2 minutes\" \/>\n<script type=\"application\/ld+json\" class=\"yoast-schema-graph\">{\"@context\":\"https:\/\/schema.org\",\"@graph\":[{\"@type\":\"Article\",\"@id\":\"https:\/\/www.africa-press.net\/tchad\/politique\/le-gouvernement-felicite-les-presidents-congolais-et-tchadien-pour-leur-sens-eleve-de-panafricanisme#article\",\"isPartOf\":{\"@id\":\"https:\/\/www.africa-press.net\/tchad\/politique\/le-gouvernement-felicite-les-presidents-congolais-et-tchadien-pour-leur-sens-eleve-de-panafricanisme\"},\"author\":{\"name\":\"cfeditorfr\",\"@id\":\"https:\/\/www.africa-press.net\/tchad\/#\/schema\/person\/2b1cf3cd81a31e3cd26889ca66d677f1\"},\"headline\":\"Le gouvernement f\u00e9licite les Pr\u00e9sidents Congolais et Tchadien pour \u00ab leur sens \u00e9lev\u00e9 de panafricanisme \u00bb\",\"datePublished\":\"2023-11-06T16:36:14+00:00\",\"dateModified\":\"2023-11-06T17:29:38+00:00\",\"mainEntityOfPage\":{\"@id\":\"https:\/\/www.africa-press.net\/tchad\/politique\/le-gouvernement-felicite-les-presidents-congolais-et-tchadien-pour-leur-sens-eleve-de-panafricanisme\"},\"wordCount\":284,\"commentCount\":0,\"image\":{\"@id\":\"https:\/\/www.africa-press.net\/tchad\/politique\/le-gouvernement-felicite-les-presidents-congolais-et-tchadien-pour-leur-sens-eleve-de-panafricanisme#primaryimage\"},\"thumbnailUrl\":\"https:\/\/static.africa-press.net\/tchad\/sites\/41\/2023\/11\/sm_1699279132.641303.jpg\",\"keywords\":[\"Africa Press\",\"Africa Press-Tchad\",\"Tchad\"],\"articleSection\":[\"Politique\",\"Toutes les actualit\u00e9s\"],\"inLanguage\":\"fr-FR\",\"potentialAction\":[{\"@type\":\"CommentAction\",\"name\":\"Comment\",\"target\":[\"https:\/\/www.africa-press.net\/tchad\/politique\/le-gouvernement-felicite-les-presidents-congolais-et-tchadien-pour-leur-sens-eleve-de-panafricanisme#respond\"]}]},{\"@type\":\"WebPage\",\"@id\":\"https:\/\/www.africa-press.net\/tchad\/politique\/le-gouvernement-felicite-les-presidents-congolais-et-tchadien-pour-leur-sens-eleve-de-panafricanisme\",\"url\":\"https:\/\/www.africa-press.net\/tchad\/politique\/le-gouvernement-felicite-les-presidents-congolais-et-tchadien-pour-leur-sens-eleve-de-panafricanisme\",\"name\":\"Le gouvernement f\u00e9licite les Pr\u00e9sidents Congolais et Tchadien pour \u00ab leur sens \u00e9lev\u00e9 de panafricanisme \u00bb - tchad\",\"isPartOf\":{\"@id\":\"https:\/\/www.africa-press.net\/tchad\/#website\"},\"primaryImageOfPage\":{\"@id\":\"https:\/\/www.africa-press.net\/tchad\/politique\/le-gouvernement-felicite-les-presidents-congolais-et-tchadien-pour-leur-sens-eleve-de-panafricanisme#primaryimage\"},\"image\":{\"@id\":\"https:\/\/www.africa-press.net\/tchad\/politique\/le-gouvernement-felicite-les-presidents-congolais-et-tchadien-pour-leur-sens-eleve-de-panafricanisme#primaryimage\"},\"thumbnailUrl\":\"https:\/\/static.africa-press.net\/tchad\/sites\/41\/2023\/11\/sm_1699279132.641303.jpg\",\"datePublished\":\"2023-11-06T16:36:14+00:00\",\"dateModified\":\"2023-11-06T17:29:38+00:00\",\"author\":{\"@id\":\"https:\/\/www.africa-press.net\/tchad\/#\/schema\/person\/2b1cf3cd81a31e3cd26889ca66d677f1\"},\"description\":\"Le ministre de la Communication du Tchad, Aziz Mahamat Saleh, a dans un communique\u0301 signe\u0301 le 4 novembre 2023, souligne\u0301 ...\",\"breadcrumb\":{\"@id\":\"https:\/\/www.africa-press.net\/tchad\/politique\/le-gouvernement-felicite-les-presidents-congolais-et-tchadien-pour-leur-sens-eleve-de-panafricanisme#breadcrumb\"},\"inLanguage\":\"fr-FR\",\"potentialAction\":[{\"@type\":\"ReadAction\",\"target\":[\"https:\/\/www.africa-press.net\/tchad\/politique\/le-gouvernement-felicite-les-presidents-congolais-et-tchadien-pour-leur-sens-eleve-de-panafricanisme\"]}]},{\"@type\":\"ImageObject\",\"inLanguage\":\"fr-FR\",\"@id\":\"https:\/\/www.africa-press.net\/tchad\/politique\/le-gouvernement-felicite-les-presidents-congolais-et-tchadien-pour-leur-sens-eleve-de-panafricanisme#primaryimage\",\"url\":\"https:\/\/static.africa-press.net\/tchad\/sites\/41\/2023\/11\/sm_1699279132.641303.jpg\",\"contentUrl\":\"https:\/\/static.africa-press.net\/tchad\/sites\/41\/2023\/11\/sm_1699279132.641303.jpg\",\"width\":870,\"height\":579,\"caption\":\"Le gouvernement f\u00e9licite les Pr\u00e9sidents Congolais et Tchadien pour \u00ab leur sens \u00e9lev\u00e9 de panafricanisme \u00bb\"},{\"@type\":\"BreadcrumbList\",\"@id\":\"https:\/\/www.africa-press.net\/tchad\/politique\/le-gouvernement-felicite-les-presidents-congolais-et-tchadien-pour-leur-sens-eleve-de-panafricanisme#breadcrumb\",\"itemListElement\":[{\"@type\":\"ListItem\",\"position\":1,\"name\":\"Accueil\",\"item\":\"https:\/\/www.africa-press.net\/tchad\/\"},{\"@type\":\"ListItem\",\"position\":2,\"name\":\"Le gouvernement f\u00e9licite les Pr\u00e9sidents Congolais et Tchadien pour \u00ab leur sens \u00e9lev\u00e9 de panafricanisme \u00bb\"}]},{\"@type\":\"WebSite\",\"@id\":\"https:\/\/www.africa-press.net\/tchad\/#website\",\"url\":\"https:\/\/www.africa-press.net\/tchad\/\",\"name\":\"tchad\",\"description\":\"Just another Africa News Agency Sites site\",\"potentialAction\":[{\"@type\":\"SearchAction\",\"target\":{\"@type\":\"EntryPoint\",\"urlTemplate\":\"https:\/\/www.africa-press.net\/tchad\/?s={search_term_string}\"},\"query-input\":{\"@type\":\"PropertyValueSpecification\",\"valueRequired\":true,\"valueName\":\"search_term_string\"}}],\"inLanguage\":\"fr-FR\"},{\"@type\":\"Person\",\"@id\":\"https:\/\/www.africa-press.net\/tchad\/#\/schema\/person\/2b1cf3cd81a31e3cd26889ca66d677f1\",\"name\":\"cfeditorfr\"}]}<\/script>\n<!-- \/ Yoast SEO Premium plugin. -->","yoast_head_json":{"title":"Le gouvernement f\u00e9licite les Pr\u00e9sidents Congolais et Tchadien pour \u00ab leur sens \u00e9lev\u00e9 de panafricanisme \u00bb - tchad","description":"Le ministre de la Communication du Tchad, Aziz Mahamat Saleh, a dans un communique\u0301 signe\u0301 le 4 novembre 2023, souligne\u0301 ...","robots":{"index":"index","follow":"follow","max-snippet":"max-snippet:-1","max-image-preview":"max-image-preview:large","max-video-preview":"max-video-preview:-1"},"canonical":"https:\/\/www.africa-press.net\/tchad\/politique\/le-gouvernement-felicite-les-presidents-congolais-et-tchadien-pour-leur-sens-eleve-de-panafricanisme","og_locale":"fr_FR","og_type":"article","og_title":"Le gouvernement f\u00e9licite les Pr\u00e9sidents Congolais et Tchadien pour \u00ab leur sens \u00e9lev\u00e9 de panafricanisme \u00bb","og_description":"Le ministre de la Communication du Tchad, Aziz Mahamat Saleh, a dans un communique\u0301 signe\u0301 le 4 novembre 2023, souligne\u0301 ...","og_url":"https:\/\/www.africa-press.net\/tchad\/politique\/le-gouvernement-felicite-les-presidents-congolais-et-tchadien-pour-leur-sens-eleve-de-panafricanisme","og_site_name":"tchad","article_published_time":"2023-11-06T16:36:14+00:00","article_modified_time":"2023-11-06T17:29:38+00:00","og_image":[{"width":870,"height":579,"url":"https:\/\/static.africa-press.net\/tchad\/sites\/41\/2023\/11\/sm_1699279132.641303.jpg","type":"image\/jpeg"}],"author":"cfeditorfr","twitter_card":"summary_large_image","twitter_misc":{"\u00c9crit par":"cfeditorfr","Dur\u00e9e de lecture estim\u00e9e":"2 minutes"},"schema":{"@context":"https:\/\/schema.org","@graph":[{"@type":"Article","@id":"https:\/\/www.africa-press.net\/tchad\/politique\/le-gouvernement-felicite-les-presidents-congolais-et-tchadien-pour-leur-sens-eleve-de-panafricanisme#article","isPartOf":{"@id":"https:\/\/www.africa-press.net\/tchad\/politique\/le-gouvernement-felicite-les-presidents-congolais-et-tchadien-pour-leur-sens-eleve-de-panafricanisme"},"author":{"name":"cfeditorfr","@id":"https:\/\/www.africa-press.net\/tchad\/#\/schema\/person\/2b1cf3cd81a31e3cd26889ca66d677f1"},"headline":"Le gouvernement f\u00e9licite les Pr\u00e9sidents Congolais et Tchadien pour \u00ab leur sens \u00e9lev\u00e9 de panafricanisme \u00bb","datePublished":"2023-11-06T16:36:14+00:00","dateModified":"2023-11-06T17:29:38+00:00","mainEntityOfPage":{"@id":"https:\/\/www.africa-press.net\/tchad\/politique\/le-gouvernement-felicite-les-presidents-congolais-et-tchadien-pour-leur-sens-eleve-de-panafricanisme"},"wordCount":284,"commentCount":0,"image":{"@id":"https:\/\/www.africa-press.net\/tchad\/politique\/le-gouvernement-felicite-les-presidents-congolais-et-tchadien-pour-leur-sens-eleve-de-panafricanisme#primaryimage"},"thumbnailUrl":"https:\/\/static.africa-press.net\/tchad\/sites\/41\/2023\/11\/sm_1699279132.641303.jpg","keywords":["Africa Press","Africa Press-Tchad","Tchad"],"articleSection":["Politique","Toutes les actualit\u00e9s"],"inLanguage":"fr-FR","potentialAction":[{"@type":"CommentAction","name":"Comment","target":["https:\/\/www.africa-press.net\/tchad\/politique\/le-gouvernement-felicite-les-presidents-congolais-et-tchadien-pour-leur-sens-eleve-de-panafricanisme#respond"]}]},{"@type":"WebPage","@id":"https:\/\/www.africa-press.net\/tchad\/politique\/le-gouvernement-felicite-les-presidents-congolais-et-tchadien-pour-leur-sens-eleve-de-panafricanisme","url":"https:\/\/www.africa-press.net\/tchad\/politique\/le-gouvernement-felicite-les-presidents-congolais-et-tchadien-pour-leur-sens-eleve-de-panafricanisme","name":"Le gouvernement f\u00e9licite les Pr\u00e9sidents Congolais et Tchadien pour \u00ab leur sens \u00e9lev\u00e9 de panafricanisme \u00bb - tchad","isPartOf":{"@id":"https:\/\/www.africa-press.net\/tchad\/#website"},"primaryImageOfPage":{"@id":"https:\/\/www.africa-press.net\/tchad\/politique\/le-gouvernement-felicite-les-presidents-congolais-et-tchadien-pour-leur-sens-eleve-de-panafricanisme#primaryimage"},"image":{"@id":"https:\/\/www.africa-press.net\/tchad\/politique\/le-gouvernement-felicite-les-presidents-congolais-et-tchadien-pour-leur-sens-eleve-de-panafricanisme#primaryimage"},"thumbnailUrl":"https:\/\/static.africa-press.net\/tchad\/sites\/41\/2023\/11\/sm_1699279132.641303.jpg","datePublished":"2023-11-06T16:36:14+00:00","dateModified":"2023-11-06T17:29:38+00:00","author":{"@id":"https:\/\/www.africa-press.net\/tchad\/#\/schema\/person\/2b1cf3cd81a31e3cd26889ca66d677f1"},"description":"Le ministre de la Communication du Tchad, Aziz Mahamat Saleh, a dans un communique\u0301 signe\u0301 le 4 novembre 2023, souligne\u0301 ...","breadcrumb":{"@id":"https:\/\/www.africa-press.net\/tchad\/politique\/le-gouvernement-felicite-les-presidents-congolais-et-tchadien-pour-leur-sens-eleve-de-panafricanisme#breadcrumb"},"inLanguage":"fr-FR","potentialAction":[{"@type":"ReadAction","target":["https:\/\/www.africa-press.net\/tchad\/politique\/le-gouvernement-felicite-les-presidents-congolais-et-tchadien-pour-leur-sens-eleve-de-panafricanisme"]}]},{"@type":"ImageObject","inLanguage":"fr-FR","@id":"https:\/\/www.africa-press.net\/tchad\/politique\/le-gouvernement-felicite-les-presidents-congolais-et-tchadien-pour-leur-sens-eleve-de-panafricanisme#primaryimage","url":"https:\/\/static.africa-press.net\/tchad\/sites\/41\/2023\/11\/sm_1699279132.641303.jpg","contentUrl":"https:\/\/static.africa-press.net\/tchad\/sites\/41\/2023\/11\/sm_1699279132.641303.jpg","width":870,"height":579,"caption":"Le gouvernement f\u00e9licite les Pr\u00e9sidents Congolais et Tchadien pour \u00ab leur sens \u00e9lev\u00e9 de panafricanisme \u00bb"},{"@type":"BreadcrumbList","@id":"https:\/\/www.africa-press.net\/tchad\/politique\/le-gouvernement-felicite-les-presidents-congolais-et-tchadien-pour-leur-sens-eleve-de-panafricanisme#breadcrumb","itemListElement":[{"@type":"ListItem","position":1,"name":"Accueil","item":"https:\/\/www.africa-press.net\/tchad\/"},{"@type":"ListItem","position":2,"name":"Le gouvernement f\u00e9licite les Pr\u00e9sidents Congolais et Tchadien pour \u00ab leur sens \u00e9lev\u00e9 de panafricanisme \u00bb"}]},{"@type":"WebSite","@id":"https:\/\/www.africa-press.net\/tchad\/#website","url":"https:\/\/www.africa-press.net\/tchad\/","name":"tchad","description":"Just another Africa News Agency Sites site","potentialAction":[{"@type":"SearchAction","target":{"@type":"EntryPoint","urlTemplate":"https:\/\/www.africa-press.net\/tchad\/?s={search_term_string}"},"query-input":{"@type":"PropertyValueSpecification","valueRequired":true,"valueName":"search_term_string"}}],"inLanguage":"fr-FR"},{"@type":"Person","@id":"https:\/\/www.africa-press.net\/tchad\/#\/schema\/person\/2b1cf3cd81a31e3cd26889ca66d677f1","name":"cfeditorfr"}]}},"_links":{"self":[{"href":"https:\/\/www.africa-press.net\/tchad\/wp-json\/wp\/v2\/posts\/53567","targetHints":{"allow":["GET"]}}],"collection":[{"href":"https:\/\/www.africa-press.net\/tchad\/wp-json\/wp\/v2\/posts"}],"about":[{"href":"https:\/\/www.africa-press.net\/tchad\/wp-json\/wp\/v2\/types\/post"}],"author":[{"embeddable":true,"href":"https:\/\/www.africa-press.net\/tchad\/wp-json\/wp\/v2\/users\/82"}],"replies":[{"embeddable":true,"href":"https:\/\/www.africa-press.net\/tchad\/wp-json\/wp\/v2\/comments?post=53567"}],"version-history":[{"count":0,"href":"https:\/\/www.africa-press.net\/tchad\/wp-json\/wp\/v2\/posts\/53567\/revisions"}],"wp:featuredmedia":[{"embeddable":true,"href":"https:\/\/www.africa-press.net\/tchad\/wp-json\/wp\/v2\/media\/53566"}],"wp:attachment":[{"href":"https:\/\/www.africa-press.net\/tchad\/wp-json\/wp\/v2\/media?parent=53567"}],"wp:term":[{"taxonomy":"category","embeddable":true,"href":"https:\/\/www.africa-press.net\/tchad\/wp-json\/wp\/v2\/categories?post=53567"},{"taxonomy":"post_tag","embeddable":true,"href":"https:\/\/www.africa-press.net\/tchad\/wp-json\/wp\/v2\/tags?post=53567"}],"curies":[{"name":"wp","href":"https:\/\/api.w.org\/{rel}","templated":true}]}}