{"id":53620,"date":"2023-11-07T18:22:45","date_gmt":"2023-11-07T18:22:45","guid":{"rendered":"https:\/\/www.africa-press.net\/tchad\/politique\/un-engagement-pour-une-transition-pacifique-avec-le-projet-emi"},"modified":"2023-11-07T18:32:18","modified_gmt":"2023-11-07T18:32:18","slug":"un-engagement-pour-une-transition-pacifique-avec-le-projet-emi","status":"publish","type":"post","link":"https:\/\/www.africa-press.net\/tchad\/politique\/un-engagement-pour-une-transition-pacifique-avec-le-projet-emi","title":{"rendered":"un engagement pour une transition pacifique avec le projet EMI"},"content":{"rendered":"<p><span style=\"color: #ff6600\"><strong>Africa-Press &#8211; Tchad. <\/strong><\/span>Un atelier de formation du projet \u00ab E\u0301ducation aux Me\u0301dias et a\u0300 l&rsquo;Information (EMI) pour des citoyens mieux forme\u0301s et informe\u0301s \u00bb, conside\u0301re\u0301 comme un e\u0301le\u0301ment cle\u0301 pour une transition pacifique au Tchad, se de\u0301roule du 6 au 10 novembre 2023 a\u0300 Mongo.<\/p>\n<p>Cet atelier a re\u0301uni des professionnels des me\u0301dias d&rsquo;Abe\u0301che\u0301, et des pe\u0301dagogues venus des provinces de Kanem, du Lac, du Ouaddai\u0308 et du Guera.<\/p>\n<p>La ce\u0301re\u0301monie d&rsquo;ouverture a e\u0301te\u0301 pre\u0301side\u0301e par le secre\u0301taire ge\u0301ne\u0301ral de la province du Guera, Djerembete\u0301 Dingamyo, en pre\u0301sence de ses proches collaborateurs. Lors de son discours de bienvenue, Naygotimti Bambe a fe\u0301licite\u0301 les participants et a expose\u0301 les objectifs de la formation.<\/p>\n<p>En ouvrant officiellement la ce\u0301re\u0301monie, le secre\u0301taire ge\u0301ne\u0301ral de la province du Guera, Djerembete\u0301 Dingamyo, a souligne\u0301 l&rsquo;importance cruciale de cette formation, en raison de sa the\u0301matique, et a encourage\u0301 les participants a\u0300 faire preuve d&rsquo;assiduite\u0301, pour mettre en pratique les connaissances acquises.<\/p>\n<p><strong>Pour plus d&rsquo;informations et d&rsquo;analyses sur la <a href=\"https:\/\/www.africa-press.net\/tchad\">Tchad<\/a>, suivez <a href=\"https:\/\/www.africa-press.net\/\">Africa-Press<\/a><\/strong><\/p>\n","protected":false},"excerpt":{"rendered":"<p>Africa-Press &#8211; Tchad. Un atelier de formation du projet \u00ab E\u0301ducation aux Me\u0301dias et a\u0300 l&rsquo;Information (EMI) pour des citoyens mieux forme\u0301s et informe\u0301s \u00bb, conside\u0301re\u0301 comme un e\u0301le\u0301ment cle\u0301 pour une transition pacifique au Tchad, se de\u0301roule du 6 au 10 novembre 2023 a\u0300 Mongo. Cet atelier a re\u0301uni des professionnels des me\u0301dias d&rsquo;Abe\u0301che\u0301, [&hellip;]<\/p>\n","protected":false},"author":82,"featured_media":53619,"comment_status":"open","ping_status":"closed","sticky":false,"template":"","format":"standard","meta":{"footnotes":""},"categories":[2,10],"tags":[37,292,29],"class_list":["post-53620","post","type-post","status-publish","format-standard","has-post-thumbnail","hentry","category-politique","category-toutes-les-actualites","tag-africa-press","tag-africa-press-tchad","tag-tchad"],"yoast_head":"<!-- This site is optimized with the Yoast SEO Premium plugin v26.1 (Yoast SEO v27.0) - https:\/\/yoast.com\/product\/yoast-seo-premium-wordpress\/ -->\n<title>un engagement pour une transition pacifique avec le projet EMI - tchad<\/title>\n<meta name=\"description\" content=\"Un atelier de formation du projet \u00ab E\u0301ducation aux Me\u0301dias et a\u0300 l&#039;Information (EMI) pour des citoyens mieux forme\u0301s et ...\" \/>\n<meta name=\"robots\" content=\"index, follow, max-snippet:-1, max-image-preview:large, max-video-preview:-1\" \/>\n<link rel=\"canonical\" href=\"https:\/\/www.africa-press.net\/tchad\/politique\/un-engagement-pour-une-transition-pacifique-avec-le-projet-emi\" \/>\n<meta property=\"og:locale\" content=\"fr_FR\" \/>\n<meta property=\"og:type\" content=\"article\" \/>\n<meta property=\"og:title\" content=\"un engagement pour une transition pacifique avec le projet EMI\" \/>\n<meta property=\"og:description\" content=\"Un atelier de formation du projet \u00ab E\u0301ducation aux Me\u0301dias et a\u0300 l&#039;Information (EMI) pour des citoyens mieux forme\u0301s et ...\" \/>\n<meta property=\"og:url\" content=\"https:\/\/www.africa-press.net\/tchad\/politique\/un-engagement-pour-une-transition-pacifique-avec-le-projet-emi\" \/>\n<meta property=\"og:site_name\" content=\"tchad\" \/>\n<meta property=\"article:published_time\" content=\"2023-11-07T18:22:45+00:00\" \/>\n<meta property=\"article:modified_time\" content=\"2023-11-07T18:32:18+00:00\" \/>\n<meta property=\"og:image\" content=\"https:\/\/static.africa-press.net\/tchad\/sites\/41\/2023\/11\/sm_1699369284.84455.jpg\" \/>\n\t<meta property=\"og:image:width\" content=\"720\" \/>\n\t<meta property=\"og:image:height\" content=\"323\" \/>\n\t<meta property=\"og:image:type\" content=\"image\/jpeg\" \/>\n<meta name=\"author\" content=\"cfeditorfr\" \/>\n<meta name=\"twitter:card\" content=\"summary_large_image\" \/>\n<meta name=\"twitter:label1\" content=\"\u00c9crit par\" \/>\n\t<meta name=\"twitter:data1\" content=\"cfeditorfr\" \/>\n\t<meta name=\"twitter:label2\" content=\"Dur\u00e9e de lecture estim\u00e9e\" \/>\n\t<meta name=\"twitter:data2\" content=\"1 minute\" \/>\n<script type=\"application\/ld+json\" class=\"yoast-schema-graph\">{\"@context\":\"https:\/\/schema.org\",\"@graph\":[{\"@type\":\"Article\",\"@id\":\"https:\/\/www.africa-press.net\/tchad\/politique\/un-engagement-pour-une-transition-pacifique-avec-le-projet-emi#article\",\"isPartOf\":{\"@id\":\"https:\/\/www.africa-press.net\/tchad\/politique\/un-engagement-pour-une-transition-pacifique-avec-le-projet-emi\"},\"author\":{\"name\":\"cfeditorfr\",\"@id\":\"https:\/\/www.africa-press.net\/tchad\/#\/schema\/person\/2b1cf3cd81a31e3cd26889ca66d677f1\"},\"headline\":\"un engagement pour une transition pacifique avec le projet EMI\",\"datePublished\":\"2023-11-07T18:22:45+00:00\",\"dateModified\":\"2023-11-07T18:32:18+00:00\",\"mainEntityOfPage\":{\"@id\":\"https:\/\/www.africa-press.net\/tchad\/politique\/un-engagement-pour-une-transition-pacifique-avec-le-projet-emi\"},\"wordCount\":206,\"commentCount\":0,\"image\":{\"@id\":\"https:\/\/www.africa-press.net\/tchad\/politique\/un-engagement-pour-une-transition-pacifique-avec-le-projet-emi#primaryimage\"},\"thumbnailUrl\":\"https:\/\/static.africa-press.net\/tchad\/sites\/41\/2023\/11\/sm_1699369284.84455.jpg\",\"keywords\":[\"Africa Press\",\"Africa Press-Tchad\",\"Tchad\"],\"articleSection\":[\"Politique\",\"Toutes les actualit\u00e9s\"],\"inLanguage\":\"fr-FR\",\"potentialAction\":[{\"@type\":\"CommentAction\",\"name\":\"Comment\",\"target\":[\"https:\/\/www.africa-press.net\/tchad\/politique\/un-engagement-pour-une-transition-pacifique-avec-le-projet-emi#respond\"]}]},{\"@type\":\"WebPage\",\"@id\":\"https:\/\/www.africa-press.net\/tchad\/politique\/un-engagement-pour-une-transition-pacifique-avec-le-projet-emi\",\"url\":\"https:\/\/www.africa-press.net\/tchad\/politique\/un-engagement-pour-une-transition-pacifique-avec-le-projet-emi\",\"name\":\"un engagement pour une transition pacifique avec le projet EMI - tchad\",\"isPartOf\":{\"@id\":\"https:\/\/www.africa-press.net\/tchad\/#website\"},\"primaryImageOfPage\":{\"@id\":\"https:\/\/www.africa-press.net\/tchad\/politique\/un-engagement-pour-une-transition-pacifique-avec-le-projet-emi#primaryimage\"},\"image\":{\"@id\":\"https:\/\/www.africa-press.net\/tchad\/politique\/un-engagement-pour-une-transition-pacifique-avec-le-projet-emi#primaryimage\"},\"thumbnailUrl\":\"https:\/\/static.africa-press.net\/tchad\/sites\/41\/2023\/11\/sm_1699369284.84455.jpg\",\"datePublished\":\"2023-11-07T18:22:45+00:00\",\"dateModified\":\"2023-11-07T18:32:18+00:00\",\"author\":{\"@id\":\"https:\/\/www.africa-press.net\/tchad\/#\/schema\/person\/2b1cf3cd81a31e3cd26889ca66d677f1\"},\"description\":\"Un atelier de formation du projet \u00ab E\u0301ducation aux Me\u0301dias et a\u0300 l'Information (EMI) pour des citoyens mieux forme\u0301s et ...\",\"breadcrumb\":{\"@id\":\"https:\/\/www.africa-press.net\/tchad\/politique\/un-engagement-pour-une-transition-pacifique-avec-le-projet-emi#breadcrumb\"},\"inLanguage\":\"fr-FR\",\"potentialAction\":[{\"@type\":\"ReadAction\",\"target\":[\"https:\/\/www.africa-press.net\/tchad\/politique\/un-engagement-pour-une-transition-pacifique-avec-le-projet-emi\"]}]},{\"@type\":\"ImageObject\",\"inLanguage\":\"fr-FR\",\"@id\":\"https:\/\/www.africa-press.net\/tchad\/politique\/un-engagement-pour-une-transition-pacifique-avec-le-projet-emi#primaryimage\",\"url\":\"https:\/\/static.africa-press.net\/tchad\/sites\/41\/2023\/11\/sm_1699369284.84455.jpg\",\"contentUrl\":\"https:\/\/static.africa-press.net\/tchad\/sites\/41\/2023\/11\/sm_1699369284.84455.jpg\",\"width\":720,\"height\":323,\"caption\":\"un engagement pour une transition pacifique avec le projet EMI\"},{\"@type\":\"BreadcrumbList\",\"@id\":\"https:\/\/www.africa-press.net\/tchad\/politique\/un-engagement-pour-une-transition-pacifique-avec-le-projet-emi#breadcrumb\",\"itemListElement\":[{\"@type\":\"ListItem\",\"position\":1,\"name\":\"Accueil\",\"item\":\"https:\/\/www.africa-press.net\/tchad\/\"},{\"@type\":\"ListItem\",\"position\":2,\"name\":\"un engagement pour une transition pacifique avec le projet EMI\"}]},{\"@type\":\"WebSite\",\"@id\":\"https:\/\/www.africa-press.net\/tchad\/#website\",\"url\":\"https:\/\/www.africa-press.net\/tchad\/\",\"name\":\"tchad\",\"description\":\"Just another Africa News Agency Sites site\",\"potentialAction\":[{\"@type\":\"SearchAction\",\"target\":{\"@type\":\"EntryPoint\",\"urlTemplate\":\"https:\/\/www.africa-press.net\/tchad\/?s={search_term_string}\"},\"query-input\":{\"@type\":\"PropertyValueSpecification\",\"valueRequired\":true,\"valueName\":\"search_term_string\"}}],\"inLanguage\":\"fr-FR\"},{\"@type\":\"Person\",\"@id\":\"https:\/\/www.africa-press.net\/tchad\/#\/schema\/person\/2b1cf3cd81a31e3cd26889ca66d677f1\",\"name\":\"cfeditorfr\"}]}<\/script>\n<!-- \/ Yoast SEO Premium plugin. -->","yoast_head_json":{"title":"un engagement pour une transition pacifique avec le projet EMI - tchad","description":"Un atelier de formation du projet \u00ab E\u0301ducation aux Me\u0301dias et a\u0300 l'Information (EMI) pour des citoyens mieux forme\u0301s et ...","robots":{"index":"index","follow":"follow","max-snippet":"max-snippet:-1","max-image-preview":"max-image-preview:large","max-video-preview":"max-video-preview:-1"},"canonical":"https:\/\/www.africa-press.net\/tchad\/politique\/un-engagement-pour-une-transition-pacifique-avec-le-projet-emi","og_locale":"fr_FR","og_type":"article","og_title":"un engagement pour une transition pacifique avec le projet EMI","og_description":"Un atelier de formation du projet \u00ab E\u0301ducation aux Me\u0301dias et a\u0300 l'Information (EMI) pour des citoyens mieux forme\u0301s et ...","og_url":"https:\/\/www.africa-press.net\/tchad\/politique\/un-engagement-pour-une-transition-pacifique-avec-le-projet-emi","og_site_name":"tchad","article_published_time":"2023-11-07T18:22:45+00:00","article_modified_time":"2023-11-07T18:32:18+00:00","og_image":[{"width":720,"height":323,"url":"https:\/\/static.africa-press.net\/tchad\/sites\/41\/2023\/11\/sm_1699369284.84455.jpg","type":"image\/jpeg"}],"author":"cfeditorfr","twitter_card":"summary_large_image","twitter_misc":{"\u00c9crit par":"cfeditorfr","Dur\u00e9e de lecture estim\u00e9e":"1 minute"},"schema":{"@context":"https:\/\/schema.org","@graph":[{"@type":"Article","@id":"https:\/\/www.africa-press.net\/tchad\/politique\/un-engagement-pour-une-transition-pacifique-avec-le-projet-emi#article","isPartOf":{"@id":"https:\/\/www.africa-press.net\/tchad\/politique\/un-engagement-pour-une-transition-pacifique-avec-le-projet-emi"},"author":{"name":"cfeditorfr","@id":"https:\/\/www.africa-press.net\/tchad\/#\/schema\/person\/2b1cf3cd81a31e3cd26889ca66d677f1"},"headline":"un engagement pour une transition pacifique avec le projet EMI","datePublished":"2023-11-07T18:22:45+00:00","dateModified":"2023-11-07T18:32:18+00:00","mainEntityOfPage":{"@id":"https:\/\/www.africa-press.net\/tchad\/politique\/un-engagement-pour-une-transition-pacifique-avec-le-projet-emi"},"wordCount":206,"commentCount":0,"image":{"@id":"https:\/\/www.africa-press.net\/tchad\/politique\/un-engagement-pour-une-transition-pacifique-avec-le-projet-emi#primaryimage"},"thumbnailUrl":"https:\/\/static.africa-press.net\/tchad\/sites\/41\/2023\/11\/sm_1699369284.84455.jpg","keywords":["Africa Press","Africa Press-Tchad","Tchad"],"articleSection":["Politique","Toutes les actualit\u00e9s"],"inLanguage":"fr-FR","potentialAction":[{"@type":"CommentAction","name":"Comment","target":["https:\/\/www.africa-press.net\/tchad\/politique\/un-engagement-pour-une-transition-pacifique-avec-le-projet-emi#respond"]}]},{"@type":"WebPage","@id":"https:\/\/www.africa-press.net\/tchad\/politique\/un-engagement-pour-une-transition-pacifique-avec-le-projet-emi","url":"https:\/\/www.africa-press.net\/tchad\/politique\/un-engagement-pour-une-transition-pacifique-avec-le-projet-emi","name":"un engagement pour une transition pacifique avec le projet EMI - tchad","isPartOf":{"@id":"https:\/\/www.africa-press.net\/tchad\/#website"},"primaryImageOfPage":{"@id":"https:\/\/www.africa-press.net\/tchad\/politique\/un-engagement-pour-une-transition-pacifique-avec-le-projet-emi#primaryimage"},"image":{"@id":"https:\/\/www.africa-press.net\/tchad\/politique\/un-engagement-pour-une-transition-pacifique-avec-le-projet-emi#primaryimage"},"thumbnailUrl":"https:\/\/static.africa-press.net\/tchad\/sites\/41\/2023\/11\/sm_1699369284.84455.jpg","datePublished":"2023-11-07T18:22:45+00:00","dateModified":"2023-11-07T18:32:18+00:00","author":{"@id":"https:\/\/www.africa-press.net\/tchad\/#\/schema\/person\/2b1cf3cd81a31e3cd26889ca66d677f1"},"description":"Un atelier de formation du projet \u00ab E\u0301ducation aux Me\u0301dias et a\u0300 l'Information (EMI) pour des citoyens mieux forme\u0301s et ...","breadcrumb":{"@id":"https:\/\/www.africa-press.net\/tchad\/politique\/un-engagement-pour-une-transition-pacifique-avec-le-projet-emi#breadcrumb"},"inLanguage":"fr-FR","potentialAction":[{"@type":"ReadAction","target":["https:\/\/www.africa-press.net\/tchad\/politique\/un-engagement-pour-une-transition-pacifique-avec-le-projet-emi"]}]},{"@type":"ImageObject","inLanguage":"fr-FR","@id":"https:\/\/www.africa-press.net\/tchad\/politique\/un-engagement-pour-une-transition-pacifique-avec-le-projet-emi#primaryimage","url":"https:\/\/static.africa-press.net\/tchad\/sites\/41\/2023\/11\/sm_1699369284.84455.jpg","contentUrl":"https:\/\/static.africa-press.net\/tchad\/sites\/41\/2023\/11\/sm_1699369284.84455.jpg","width":720,"height":323,"caption":"un engagement pour une transition pacifique avec le projet EMI"},{"@type":"BreadcrumbList","@id":"https:\/\/www.africa-press.net\/tchad\/politique\/un-engagement-pour-une-transition-pacifique-avec-le-projet-emi#breadcrumb","itemListElement":[{"@type":"ListItem","position":1,"name":"Accueil","item":"https:\/\/www.africa-press.net\/tchad\/"},{"@type":"ListItem","position":2,"name":"un engagement pour une transition pacifique avec le projet EMI"}]},{"@type":"WebSite","@id":"https:\/\/www.africa-press.net\/tchad\/#website","url":"https:\/\/www.africa-press.net\/tchad\/","name":"tchad","description":"Just another Africa News Agency Sites site","potentialAction":[{"@type":"SearchAction","target":{"@type":"EntryPoint","urlTemplate":"https:\/\/www.africa-press.net\/tchad\/?s={search_term_string}"},"query-input":{"@type":"PropertyValueSpecification","valueRequired":true,"valueName":"search_term_string"}}],"inLanguage":"fr-FR"},{"@type":"Person","@id":"https:\/\/www.africa-press.net\/tchad\/#\/schema\/person\/2b1cf3cd81a31e3cd26889ca66d677f1","name":"cfeditorfr"}]}},"_links":{"self":[{"href":"https:\/\/www.africa-press.net\/tchad\/wp-json\/wp\/v2\/posts\/53620","targetHints":{"allow":["GET"]}}],"collection":[{"href":"https:\/\/www.africa-press.net\/tchad\/wp-json\/wp\/v2\/posts"}],"about":[{"href":"https:\/\/www.africa-press.net\/tchad\/wp-json\/wp\/v2\/types\/post"}],"author":[{"embeddable":true,"href":"https:\/\/www.africa-press.net\/tchad\/wp-json\/wp\/v2\/users\/82"}],"replies":[{"embeddable":true,"href":"https:\/\/www.africa-press.net\/tchad\/wp-json\/wp\/v2\/comments?post=53620"}],"version-history":[{"count":0,"href":"https:\/\/www.africa-press.net\/tchad\/wp-json\/wp\/v2\/posts\/53620\/revisions"}],"wp:featuredmedia":[{"embeddable":true,"href":"https:\/\/www.africa-press.net\/tchad\/wp-json\/wp\/v2\/media\/53619"}],"wp:attachment":[{"href":"https:\/\/www.africa-press.net\/tchad\/wp-json\/wp\/v2\/media?parent=53620"}],"wp:term":[{"taxonomy":"category","embeddable":true,"href":"https:\/\/www.africa-press.net\/tchad\/wp-json\/wp\/v2\/categories?post=53620"},{"taxonomy":"post_tag","embeddable":true,"href":"https:\/\/www.africa-press.net\/tchad\/wp-json\/wp\/v2\/tags?post=53620"}],"curies":[{"name":"wp","href":"https:\/\/api.w.org\/{rel}","templated":true}]}}