{"id":53627,"date":"2023-11-07T18:21:58","date_gmt":"2023-11-07T18:21:58","guid":{"rendered":"https:\/\/www.africa-press.net\/tchad\/politique\/mobilisation-pour-la-vaccination-contre-la-poliomyelite-dans-la-tandjile"},"modified":"2023-11-07T18:35:30","modified_gmt":"2023-11-07T18:35:30","slug":"mobilisation-pour-la-vaccination-contre-la-poliomyelite-dans-la-tandjile","status":"publish","type":"post","link":"https:\/\/www.africa-press.net\/tchad\/toutes-les-actualites\/mobilisation-pour-la-vaccination-contre-la-poliomyelite-dans-la-tandjile","title":{"rendered":"mobilisation pour la vaccination contre la poliomy\u00e9lite dans la Tandjil\u00e9"},"content":{"rendered":"<p><span style=\"color: #ff6600\"><strong>Africa-Press &#8211; Tchad. <\/strong><\/span>La gouverneure de la province de la Tandjile\u0301, Ildjima Abdraman, a pre\u0301side\u0301 ce 7 novembre 2023 a\u0300 Lai\u0308, une re\u0301union de mobilisation sociale et de plaidoyer, pour la campagne de vaccination contre la poliomye\u0301lite.<\/p>\n<p>Cette campagne de vaccination contre la poliomye\u0301lite qu\u2019organise la de\u0301le\u0301gation provinciale de la Sante\u0301 publique et de la Pre\u0301vention de la Tandjile\u0301, avec l\u2019avec l\u2019appui de ses partenaires, vise a\u0300 rappeler les autorite\u0301s administratives, civiles et militaires, ainsi que les chefs traditionnels et leaders religieux, pour une large sensibilisation.<\/p>\n<p>Le de\u0301le\u0301gue\u0301 provincial de la Sante\u0301 publique de la Tandjile\u0301, Dr Adjibera Jean Baptiste renseigne qu\u2019un cas de poliomye\u0301lite virus orphelin a e\u0301te\u0301 notifie\u0301 dans la province voisine, d\u2019ou\u0300 la ne\u0301cessite\u0301 de vacciner tous les enfants a\u0302ge\u0301s de 0 a\u0300 59 mois.<\/p>\n<p>Et le Dr Adjibera Jean Baptiste d\u2019ajouter que pour toute la province, plus de 200 000 enfants sont concerne\u0301s par cette vaccination. Mme le gouverneur de la province de la Tandjile\u0301, Ildjima Abdraman, demande la contribution de tous, pour la re\u0301ussite de cette campagne.<\/p>\n<p>Pour cela, les e\u0301quipes de vaccination passeront de porte a\u0300 porte, mais pour les enfants dont les parents se trouvent avec eux aux champs et marche\u0301s, ainsi que les enfants qui sont dans les e\u0301coles, les terrains de jeux, les ferricks, dans les mosque\u0301es et les e\u0301glises, ou du moins dans tout autre lieu de rassemblement, les agents de vaccination vont se rendre dans ces lieux pour les vacciner.<\/p>\n<p><strong>Pour plus d&rsquo;informations et d&rsquo;analyses sur la <a href=\"https:\/\/www.africa-press.net\/tchad\">Tchad<\/a>, suivez <a href=\"https:\/\/www.africa-press.net\/\">Africa-Press<\/a><\/strong><\/p>\n","protected":false},"excerpt":{"rendered":"<p>Africa-Press &#8211; Tchad. La gouverneure de la province de la Tandjile\u0301, Ildjima Abdraman, a pre\u0301side\u0301 ce 7 novembre 2023 a\u0300 Lai\u0308, une re\u0301union de mobilisation sociale et de plaidoyer, pour la campagne de vaccination contre la poliomye\u0301lite. Cette campagne de vaccination contre la poliomye\u0301lite qu\u2019organise la de\u0301le\u0301gation provinciale de la Sante\u0301 publique et de la [&hellip;]<\/p>\n","protected":false},"author":82,"featured_media":53626,"comment_status":"open","ping_status":"closed","sticky":false,"template":"","format":"standard","meta":{"footnotes":""},"categories":[21,10],"tags":[37,292,29],"class_list":["post-53627","post","type-post","status-publish","format-standard","has-post-thumbnail","hentry","category-communaute","category-toutes-les-actualites","tag-africa-press","tag-africa-press-tchad","tag-tchad"],"yoast_head":"<!-- This site is optimized with the Yoast SEO Premium plugin v26.1 (Yoast SEO v27.0) - https:\/\/yoast.com\/product\/yoast-seo-premium-wordpress\/ -->\n<title>mobilisation pour la vaccination contre la poliomy\u00e9lite dans la Tandjil\u00e9 - tchad<\/title>\n<meta name=\"description\" content=\"La gouverneure de la province de la Tandjile\u0301, Ildjima Abdraman, a pre\u0301side\u0301 ce 7 novembre 2023 a\u0300 Lai\u0308, une re\u0301union de ...\" \/>\n<meta name=\"robots\" content=\"index, follow, max-snippet:-1, max-image-preview:large, max-video-preview:-1\" \/>\n<link rel=\"canonical\" href=\"https:\/\/www.africa-press.net\/tchad\/toutes-les-actualites\/mobilisation-pour-la-vaccination-contre-la-poliomyelite-dans-la-tandjile\" \/>\n<meta property=\"og:locale\" content=\"fr_FR\" \/>\n<meta property=\"og:type\" content=\"article\" \/>\n<meta property=\"og:title\" content=\"mobilisation pour la vaccination contre la poliomy\u00e9lite dans la Tandjil\u00e9\" \/>\n<meta property=\"og:description\" content=\"La gouverneure de la province de la Tandjile\u0301, Ildjima Abdraman, a pre\u0301side\u0301 ce 7 novembre 2023 a\u0300 Lai\u0308, une re\u0301union de ...\" \/>\n<meta property=\"og:url\" content=\"https:\/\/www.africa-press.net\/tchad\/toutes-les-actualites\/mobilisation-pour-la-vaccination-contre-la-poliomyelite-dans-la-tandjile\" \/>\n<meta property=\"og:site_name\" content=\"tchad\" \/>\n<meta property=\"article:published_time\" content=\"2023-11-07T18:21:58+00:00\" \/>\n<meta property=\"article:modified_time\" content=\"2023-11-07T18:35:30+00:00\" \/>\n<meta property=\"og:image\" content=\"https:\/\/static.africa-press.net\/tchad\/sites\/41\/2023\/11\/sm_1699369484.669562.jpg\" \/>\n\t<meta property=\"og:image:width\" content=\"720\" \/>\n\t<meta property=\"og:image:height\" content=\"323\" \/>\n\t<meta property=\"og:image:type\" content=\"image\/jpeg\" \/>\n<meta name=\"author\" content=\"cfeditorfr\" \/>\n<meta name=\"twitter:card\" content=\"summary_large_image\" \/>\n<meta name=\"twitter:label1\" content=\"\u00c9crit par\" \/>\n\t<meta name=\"twitter:data1\" content=\"cfeditorfr\" \/>\n\t<meta name=\"twitter:label2\" content=\"Dur\u00e9e de lecture estim\u00e9e\" \/>\n\t<meta name=\"twitter:data2\" content=\"1 minute\" \/>\n<script type=\"application\/ld+json\" class=\"yoast-schema-graph\">{\"@context\":\"https:\/\/schema.org\",\"@graph\":[{\"@type\":\"Article\",\"@id\":\"https:\/\/www.africa-press.net\/tchad\/toutes-les-actualites\/mobilisation-pour-la-vaccination-contre-la-poliomyelite-dans-la-tandjile#article\",\"isPartOf\":{\"@id\":\"https:\/\/www.africa-press.net\/tchad\/toutes-les-actualites\/mobilisation-pour-la-vaccination-contre-la-poliomyelite-dans-la-tandjile\"},\"author\":{\"name\":\"cfeditorfr\",\"@id\":\"https:\/\/www.africa-press.net\/tchad\/#\/schema\/person\/2b1cf3cd81a31e3cd26889ca66d677f1\"},\"headline\":\"mobilisation pour la vaccination contre la poliomy\u00e9lite dans la Tandjil\u00e9\",\"datePublished\":\"2023-11-07T18:21:58+00:00\",\"dateModified\":\"2023-11-07T18:35:30+00:00\",\"mainEntityOfPage\":{\"@id\":\"https:\/\/www.africa-press.net\/tchad\/toutes-les-actualites\/mobilisation-pour-la-vaccination-contre-la-poliomyelite-dans-la-tandjile\"},\"wordCount\":286,\"commentCount\":0,\"image\":{\"@id\":\"https:\/\/www.africa-press.net\/tchad\/toutes-les-actualites\/mobilisation-pour-la-vaccination-contre-la-poliomyelite-dans-la-tandjile#primaryimage\"},\"thumbnailUrl\":\"https:\/\/static.africa-press.net\/tchad\/sites\/41\/2023\/11\/sm_1699369484.669562.jpg\",\"keywords\":[\"Africa Press\",\"Africa Press-Tchad\",\"Tchad\"],\"articleSection\":[\"Communaut\u00e9\",\"Toutes les actualit\u00e9s\"],\"inLanguage\":\"fr-FR\",\"potentialAction\":[{\"@type\":\"CommentAction\",\"name\":\"Comment\",\"target\":[\"https:\/\/www.africa-press.net\/tchad\/toutes-les-actualites\/mobilisation-pour-la-vaccination-contre-la-poliomyelite-dans-la-tandjile#respond\"]}]},{\"@type\":\"WebPage\",\"@id\":\"https:\/\/www.africa-press.net\/tchad\/toutes-les-actualites\/mobilisation-pour-la-vaccination-contre-la-poliomyelite-dans-la-tandjile\",\"url\":\"https:\/\/www.africa-press.net\/tchad\/toutes-les-actualites\/mobilisation-pour-la-vaccination-contre-la-poliomyelite-dans-la-tandjile\",\"name\":\"mobilisation pour la vaccination contre la poliomy\u00e9lite dans la Tandjil\u00e9 - tchad\",\"isPartOf\":{\"@id\":\"https:\/\/www.africa-press.net\/tchad\/#website\"},\"primaryImageOfPage\":{\"@id\":\"https:\/\/www.africa-press.net\/tchad\/toutes-les-actualites\/mobilisation-pour-la-vaccination-contre-la-poliomyelite-dans-la-tandjile#primaryimage\"},\"image\":{\"@id\":\"https:\/\/www.africa-press.net\/tchad\/toutes-les-actualites\/mobilisation-pour-la-vaccination-contre-la-poliomyelite-dans-la-tandjile#primaryimage\"},\"thumbnailUrl\":\"https:\/\/static.africa-press.net\/tchad\/sites\/41\/2023\/11\/sm_1699369484.669562.jpg\",\"datePublished\":\"2023-11-07T18:21:58+00:00\",\"dateModified\":\"2023-11-07T18:35:30+00:00\",\"author\":{\"@id\":\"https:\/\/www.africa-press.net\/tchad\/#\/schema\/person\/2b1cf3cd81a31e3cd26889ca66d677f1\"},\"description\":\"La gouverneure de la province de la Tandjile\u0301, Ildjima Abdraman, a pre\u0301side\u0301 ce 7 novembre 2023 a\u0300 Lai\u0308, une re\u0301union de ...\",\"breadcrumb\":{\"@id\":\"https:\/\/www.africa-press.net\/tchad\/toutes-les-actualites\/mobilisation-pour-la-vaccination-contre-la-poliomyelite-dans-la-tandjile#breadcrumb\"},\"inLanguage\":\"fr-FR\",\"potentialAction\":[{\"@type\":\"ReadAction\",\"target\":[\"https:\/\/www.africa-press.net\/tchad\/toutes-les-actualites\/mobilisation-pour-la-vaccination-contre-la-poliomyelite-dans-la-tandjile\"]}]},{\"@type\":\"ImageObject\",\"inLanguage\":\"fr-FR\",\"@id\":\"https:\/\/www.africa-press.net\/tchad\/toutes-les-actualites\/mobilisation-pour-la-vaccination-contre-la-poliomyelite-dans-la-tandjile#primaryimage\",\"url\":\"https:\/\/static.africa-press.net\/tchad\/sites\/41\/2023\/11\/sm_1699369484.669562.jpg\",\"contentUrl\":\"https:\/\/static.africa-press.net\/tchad\/sites\/41\/2023\/11\/sm_1699369484.669562.jpg\",\"width\":720,\"height\":323,\"caption\":\"mobilisation pour la vaccination contre la poliomy\u00e9lite dans la Tandjil\u00e9\"},{\"@type\":\"BreadcrumbList\",\"@id\":\"https:\/\/www.africa-press.net\/tchad\/toutes-les-actualites\/mobilisation-pour-la-vaccination-contre-la-poliomyelite-dans-la-tandjile#breadcrumb\",\"itemListElement\":[{\"@type\":\"ListItem\",\"position\":1,\"name\":\"Accueil\",\"item\":\"https:\/\/www.africa-press.net\/tchad\/\"},{\"@type\":\"ListItem\",\"position\":2,\"name\":\"mobilisation pour la vaccination contre la poliomy\u00e9lite dans la Tandjil\u00e9\"}]},{\"@type\":\"WebSite\",\"@id\":\"https:\/\/www.africa-press.net\/tchad\/#website\",\"url\":\"https:\/\/www.africa-press.net\/tchad\/\",\"name\":\"tchad\",\"description\":\"Just another Africa News Agency Sites site\",\"potentialAction\":[{\"@type\":\"SearchAction\",\"target\":{\"@type\":\"EntryPoint\",\"urlTemplate\":\"https:\/\/www.africa-press.net\/tchad\/?s={search_term_string}\"},\"query-input\":{\"@type\":\"PropertyValueSpecification\",\"valueRequired\":true,\"valueName\":\"search_term_string\"}}],\"inLanguage\":\"fr-FR\"},{\"@type\":\"Person\",\"@id\":\"https:\/\/www.africa-press.net\/tchad\/#\/schema\/person\/2b1cf3cd81a31e3cd26889ca66d677f1\",\"name\":\"cfeditorfr\"}]}<\/script>\n<!-- \/ Yoast SEO Premium plugin. -->","yoast_head_json":{"title":"mobilisation pour la vaccination contre la poliomy\u00e9lite dans la Tandjil\u00e9 - tchad","description":"La gouverneure de la province de la Tandjile\u0301, Ildjima Abdraman, a pre\u0301side\u0301 ce 7 novembre 2023 a\u0300 Lai\u0308, une re\u0301union de ...","robots":{"index":"index","follow":"follow","max-snippet":"max-snippet:-1","max-image-preview":"max-image-preview:large","max-video-preview":"max-video-preview:-1"},"canonical":"https:\/\/www.africa-press.net\/tchad\/toutes-les-actualites\/mobilisation-pour-la-vaccination-contre-la-poliomyelite-dans-la-tandjile","og_locale":"fr_FR","og_type":"article","og_title":"mobilisation pour la vaccination contre la poliomy\u00e9lite dans la Tandjil\u00e9","og_description":"La gouverneure de la province de la Tandjile\u0301, Ildjima Abdraman, a pre\u0301side\u0301 ce 7 novembre 2023 a\u0300 Lai\u0308, une re\u0301union de ...","og_url":"https:\/\/www.africa-press.net\/tchad\/toutes-les-actualites\/mobilisation-pour-la-vaccination-contre-la-poliomyelite-dans-la-tandjile","og_site_name":"tchad","article_published_time":"2023-11-07T18:21:58+00:00","article_modified_time":"2023-11-07T18:35:30+00:00","og_image":[{"width":720,"height":323,"url":"https:\/\/static.africa-press.net\/tchad\/sites\/41\/2023\/11\/sm_1699369484.669562.jpg","type":"image\/jpeg"}],"author":"cfeditorfr","twitter_card":"summary_large_image","twitter_misc":{"\u00c9crit par":"cfeditorfr","Dur\u00e9e de lecture estim\u00e9e":"1 minute"},"schema":{"@context":"https:\/\/schema.org","@graph":[{"@type":"Article","@id":"https:\/\/www.africa-press.net\/tchad\/toutes-les-actualites\/mobilisation-pour-la-vaccination-contre-la-poliomyelite-dans-la-tandjile#article","isPartOf":{"@id":"https:\/\/www.africa-press.net\/tchad\/toutes-les-actualites\/mobilisation-pour-la-vaccination-contre-la-poliomyelite-dans-la-tandjile"},"author":{"name":"cfeditorfr","@id":"https:\/\/www.africa-press.net\/tchad\/#\/schema\/person\/2b1cf3cd81a31e3cd26889ca66d677f1"},"headline":"mobilisation pour la vaccination contre la poliomy\u00e9lite dans la Tandjil\u00e9","datePublished":"2023-11-07T18:21:58+00:00","dateModified":"2023-11-07T18:35:30+00:00","mainEntityOfPage":{"@id":"https:\/\/www.africa-press.net\/tchad\/toutes-les-actualites\/mobilisation-pour-la-vaccination-contre-la-poliomyelite-dans-la-tandjile"},"wordCount":286,"commentCount":0,"image":{"@id":"https:\/\/www.africa-press.net\/tchad\/toutes-les-actualites\/mobilisation-pour-la-vaccination-contre-la-poliomyelite-dans-la-tandjile#primaryimage"},"thumbnailUrl":"https:\/\/static.africa-press.net\/tchad\/sites\/41\/2023\/11\/sm_1699369484.669562.jpg","keywords":["Africa Press","Africa Press-Tchad","Tchad"],"articleSection":["Communaut\u00e9","Toutes les actualit\u00e9s"],"inLanguage":"fr-FR","potentialAction":[{"@type":"CommentAction","name":"Comment","target":["https:\/\/www.africa-press.net\/tchad\/toutes-les-actualites\/mobilisation-pour-la-vaccination-contre-la-poliomyelite-dans-la-tandjile#respond"]}]},{"@type":"WebPage","@id":"https:\/\/www.africa-press.net\/tchad\/toutes-les-actualites\/mobilisation-pour-la-vaccination-contre-la-poliomyelite-dans-la-tandjile","url":"https:\/\/www.africa-press.net\/tchad\/toutes-les-actualites\/mobilisation-pour-la-vaccination-contre-la-poliomyelite-dans-la-tandjile","name":"mobilisation pour la vaccination contre la poliomy\u00e9lite dans la Tandjil\u00e9 - tchad","isPartOf":{"@id":"https:\/\/www.africa-press.net\/tchad\/#website"},"primaryImageOfPage":{"@id":"https:\/\/www.africa-press.net\/tchad\/toutes-les-actualites\/mobilisation-pour-la-vaccination-contre-la-poliomyelite-dans-la-tandjile#primaryimage"},"image":{"@id":"https:\/\/www.africa-press.net\/tchad\/toutes-les-actualites\/mobilisation-pour-la-vaccination-contre-la-poliomyelite-dans-la-tandjile#primaryimage"},"thumbnailUrl":"https:\/\/static.africa-press.net\/tchad\/sites\/41\/2023\/11\/sm_1699369484.669562.jpg","datePublished":"2023-11-07T18:21:58+00:00","dateModified":"2023-11-07T18:35:30+00:00","author":{"@id":"https:\/\/www.africa-press.net\/tchad\/#\/schema\/person\/2b1cf3cd81a31e3cd26889ca66d677f1"},"description":"La gouverneure de la province de la Tandjile\u0301, Ildjima Abdraman, a pre\u0301side\u0301 ce 7 novembre 2023 a\u0300 Lai\u0308, une re\u0301union de ...","breadcrumb":{"@id":"https:\/\/www.africa-press.net\/tchad\/toutes-les-actualites\/mobilisation-pour-la-vaccination-contre-la-poliomyelite-dans-la-tandjile#breadcrumb"},"inLanguage":"fr-FR","potentialAction":[{"@type":"ReadAction","target":["https:\/\/www.africa-press.net\/tchad\/toutes-les-actualites\/mobilisation-pour-la-vaccination-contre-la-poliomyelite-dans-la-tandjile"]}]},{"@type":"ImageObject","inLanguage":"fr-FR","@id":"https:\/\/www.africa-press.net\/tchad\/toutes-les-actualites\/mobilisation-pour-la-vaccination-contre-la-poliomyelite-dans-la-tandjile#primaryimage","url":"https:\/\/static.africa-press.net\/tchad\/sites\/41\/2023\/11\/sm_1699369484.669562.jpg","contentUrl":"https:\/\/static.africa-press.net\/tchad\/sites\/41\/2023\/11\/sm_1699369484.669562.jpg","width":720,"height":323,"caption":"mobilisation pour la vaccination contre la poliomy\u00e9lite dans la Tandjil\u00e9"},{"@type":"BreadcrumbList","@id":"https:\/\/www.africa-press.net\/tchad\/toutes-les-actualites\/mobilisation-pour-la-vaccination-contre-la-poliomyelite-dans-la-tandjile#breadcrumb","itemListElement":[{"@type":"ListItem","position":1,"name":"Accueil","item":"https:\/\/www.africa-press.net\/tchad\/"},{"@type":"ListItem","position":2,"name":"mobilisation pour la vaccination contre la poliomy\u00e9lite dans la Tandjil\u00e9"}]},{"@type":"WebSite","@id":"https:\/\/www.africa-press.net\/tchad\/#website","url":"https:\/\/www.africa-press.net\/tchad\/","name":"tchad","description":"Just another Africa News Agency Sites site","potentialAction":[{"@type":"SearchAction","target":{"@type":"EntryPoint","urlTemplate":"https:\/\/www.africa-press.net\/tchad\/?s={search_term_string}"},"query-input":{"@type":"PropertyValueSpecification","valueRequired":true,"valueName":"search_term_string"}}],"inLanguage":"fr-FR"},{"@type":"Person","@id":"https:\/\/www.africa-press.net\/tchad\/#\/schema\/person\/2b1cf3cd81a31e3cd26889ca66d677f1","name":"cfeditorfr"}]}},"_links":{"self":[{"href":"https:\/\/www.africa-press.net\/tchad\/wp-json\/wp\/v2\/posts\/53627","targetHints":{"allow":["GET"]}}],"collection":[{"href":"https:\/\/www.africa-press.net\/tchad\/wp-json\/wp\/v2\/posts"}],"about":[{"href":"https:\/\/www.africa-press.net\/tchad\/wp-json\/wp\/v2\/types\/post"}],"author":[{"embeddable":true,"href":"https:\/\/www.africa-press.net\/tchad\/wp-json\/wp\/v2\/users\/82"}],"replies":[{"embeddable":true,"href":"https:\/\/www.africa-press.net\/tchad\/wp-json\/wp\/v2\/comments?post=53627"}],"version-history":[{"count":0,"href":"https:\/\/www.africa-press.net\/tchad\/wp-json\/wp\/v2\/posts\/53627\/revisions"}],"wp:featuredmedia":[{"embeddable":true,"href":"https:\/\/www.africa-press.net\/tchad\/wp-json\/wp\/v2\/media\/53626"}],"wp:attachment":[{"href":"https:\/\/www.africa-press.net\/tchad\/wp-json\/wp\/v2\/media?parent=53627"}],"wp:term":[{"taxonomy":"category","embeddable":true,"href":"https:\/\/www.africa-press.net\/tchad\/wp-json\/wp\/v2\/categories?post=53627"},{"taxonomy":"post_tag","embeddable":true,"href":"https:\/\/www.africa-press.net\/tchad\/wp-json\/wp\/v2\/tags?post=53627"}],"curies":[{"name":"wp","href":"https:\/\/api.w.org\/{rel}","templated":true}]}}