{"id":53657,"date":"2023-11-08T10:41:34","date_gmt":"2023-11-08T10:41:34","guid":{"rendered":"https:\/\/www.africa-press.net\/tchad\/politique\/le-conseiller-national-oumar-almahdi-bichara-honore-les-medias-lors-dun-diner-de-presse"},"modified":"2023-11-08T11:44:53","modified_gmt":"2023-11-08T11:44:53","slug":"le-conseiller-national-oumar-almahdi-bichara-honore-les-medias-lors-dun-diner-de-presse","status":"publish","type":"post","link":"https:\/\/www.africa-press.net\/tchad\/politique\/le-conseiller-national-oumar-almahdi-bichara-honore-les-medias-lors-dun-diner-de-presse","title":{"rendered":"le conseiller national Oumar Almahdi Bichara honore les m\u00e9dias lors d&rsquo;un d\u00eener de presse"},"content":{"rendered":"<p><span style=\"color: #ff6600\"><strong>Africa-Press &#8211; Tchad. <\/strong><\/span>Dans toutes ses formes, les me\u0301dias sont depuis longtemps conside\u0301re\u0301s comme l&rsquo;une des plateformes les plus importantes pour la sensibilisation, l&rsquo;orientation et l&rsquo;information sur les e\u0301ve\u0301nements e\u0301mergents, a souligne\u0301 le conseiller.<\/p>\n<p>Selon Oumar Almahdi Bichara, les me\u0301dias repre\u0301sentent un pilier essentiel du de\u0301veloppement e\u0301conomique, social, culturel et politique des pays. Ils servent e\u0301galement de reflet mettant en valeur les caracte\u0301ristiques culturelles du pays, en tant qu&rsquo;e\u0301le\u0301ment fondamental de la liberte\u0301 d&rsquo;opinion et d&rsquo;expression. Les me\u0301dias donnent une voix a\u0300 ceux qui en sont de\u0301pourvus, tandis que la presse fournit des informations et des reportages essentiels. Elle n&rsquo;est pas simplement une source d&rsquo;information, mais e\u0301galement un me\u0301canisme de contro\u0302le public qui exerce une influence significative sur la formation de l&rsquo;opinion publique.<\/p>\n<p>Les me\u0301dias jouent un ro\u0302le crucial en servant de lien entre le gouvernement et le peuple, en aidant les citoyens a\u0300 comprendre leurs droits et responsabilite\u0301s. Ils sont au service des citoyens en contribuant au de\u0301veloppement du pays et en sensibilisant la socie\u0301te\u0301.<\/p>\n<p><strong>Pour plus d&rsquo;informations et d&rsquo;analyses sur la <a href=\"https:\/\/www.africa-press.net\/tchad\">Tchad<\/a>, suivez <a href=\"https:\/\/www.africa-press.net\/\">Africa-Press<\/a><\/strong><\/p>\n","protected":false},"excerpt":{"rendered":"<p>Africa-Press &#8211; Tchad. Dans toutes ses formes, les me\u0301dias sont depuis longtemps conside\u0301re\u0301s comme l&rsquo;une des plateformes les plus importantes pour la sensibilisation, l&rsquo;orientation et l&rsquo;information sur les e\u0301ve\u0301nements e\u0301mergents, a souligne\u0301 le conseiller. Selon Oumar Almahdi Bichara, les me\u0301dias repre\u0301sentent un pilier essentiel du de\u0301veloppement e\u0301conomique, social, culturel et politique des pays. Ils servent [&hellip;]<\/p>\n","protected":false},"author":82,"featured_media":53656,"comment_status":"open","ping_status":"closed","sticky":false,"template":"","format":"standard","meta":{"footnotes":""},"categories":[2,10],"tags":[37,292,29],"class_list":["post-53657","post","type-post","status-publish","format-standard","has-post-thumbnail","hentry","category-politique","category-toutes-les-actualites","tag-africa-press","tag-africa-press-tchad","tag-tchad"],"yoast_head":"<!-- This site is optimized with the Yoast SEO Premium plugin v26.1 (Yoast SEO v27.0) - https:\/\/yoast.com\/product\/yoast-seo-premium-wordpress\/ -->\n<title>le conseiller national Oumar Almahdi Bichara honore les m\u00e9dias lors d&#039;un d\u00eener de presse - tchad<\/title>\n<meta name=\"description\" content=\"Dans toutes ses formes, les me\u0301dias sont depuis longtemps conside\u0301re\u0301s comme l&#039;une des plateformes les plus importantes ...\" \/>\n<meta name=\"robots\" content=\"index, follow, max-snippet:-1, max-image-preview:large, max-video-preview:-1\" \/>\n<link rel=\"canonical\" href=\"https:\/\/www.africa-press.net\/tchad\/politique\/le-conseiller-national-oumar-almahdi-bichara-honore-les-medias-lors-dun-diner-de-presse\" \/>\n<meta property=\"og:locale\" content=\"fr_FR\" \/>\n<meta property=\"og:type\" content=\"article\" \/>\n<meta property=\"og:title\" content=\"le conseiller national Oumar Almahdi Bichara honore les m\u00e9dias lors d&#039;un d\u00eener de presse\" \/>\n<meta property=\"og:description\" content=\"Dans toutes ses formes, les me\u0301dias sont depuis longtemps conside\u0301re\u0301s comme l&#039;une des plateformes les plus importantes ...\" \/>\n<meta property=\"og:url\" content=\"https:\/\/www.africa-press.net\/tchad\/politique\/le-conseiller-national-oumar-almahdi-bichara-honore-les-medias-lors-dun-diner-de-presse\" \/>\n<meta property=\"og:site_name\" content=\"tchad\" \/>\n<meta property=\"article:published_time\" content=\"2023-11-08T10:41:34+00:00\" \/>\n<meta property=\"article:modified_time\" content=\"2023-11-08T11:44:53+00:00\" \/>\n<meta property=\"og:image\" content=\"https:\/\/static.africa-press.net\/tchad\/sites\/41\/2023\/11\/sm_1699431158.835179.jpg\" \/>\n\t<meta property=\"og:image:width\" content=\"1280\" \/>\n\t<meta property=\"og:image:height\" content=\"720\" \/>\n\t<meta property=\"og:image:type\" content=\"image\/jpeg\" \/>\n<meta name=\"author\" content=\"cfeditorfr\" \/>\n<meta name=\"twitter:card\" content=\"summary_large_image\" \/>\n<meta name=\"twitter:label1\" content=\"\u00c9crit par\" \/>\n\t<meta name=\"twitter:data1\" content=\"cfeditorfr\" \/>\n\t<meta name=\"twitter:label2\" content=\"Dur\u00e9e de lecture estim\u00e9e\" \/>\n\t<meta name=\"twitter:data2\" content=\"1 minute\" \/>\n<script type=\"application\/ld+json\" class=\"yoast-schema-graph\">{\"@context\":\"https:\/\/schema.org\",\"@graph\":[{\"@type\":\"Article\",\"@id\":\"https:\/\/www.africa-press.net\/tchad\/politique\/le-conseiller-national-oumar-almahdi-bichara-honore-les-medias-lors-dun-diner-de-presse#article\",\"isPartOf\":{\"@id\":\"https:\/\/www.africa-press.net\/tchad\/politique\/le-conseiller-national-oumar-almahdi-bichara-honore-les-medias-lors-dun-diner-de-presse\"},\"author\":{\"name\":\"cfeditorfr\",\"@id\":\"https:\/\/www.africa-press.net\/tchad\/#\/schema\/person\/2b1cf3cd81a31e3cd26889ca66d677f1\"},\"headline\":\"le conseiller national Oumar Almahdi Bichara honore les m\u00e9dias lors d&rsquo;un d\u00eener de presse\",\"datePublished\":\"2023-11-08T10:41:34+00:00\",\"dateModified\":\"2023-11-08T11:44:53+00:00\",\"mainEntityOfPage\":{\"@id\":\"https:\/\/www.africa-press.net\/tchad\/politique\/le-conseiller-national-oumar-almahdi-bichara-honore-les-medias-lors-dun-diner-de-presse\"},\"wordCount\":228,\"commentCount\":0,\"image\":{\"@id\":\"https:\/\/www.africa-press.net\/tchad\/politique\/le-conseiller-national-oumar-almahdi-bichara-honore-les-medias-lors-dun-diner-de-presse#primaryimage\"},\"thumbnailUrl\":\"https:\/\/static.africa-press.net\/tchad\/sites\/41\/2023\/11\/sm_1699431158.835179.jpg\",\"keywords\":[\"Africa Press\",\"Africa Press-Tchad\",\"Tchad\"],\"articleSection\":[\"Politique\",\"Toutes les actualit\u00e9s\"],\"inLanguage\":\"fr-FR\",\"potentialAction\":[{\"@type\":\"CommentAction\",\"name\":\"Comment\",\"target\":[\"https:\/\/www.africa-press.net\/tchad\/politique\/le-conseiller-national-oumar-almahdi-bichara-honore-les-medias-lors-dun-diner-de-presse#respond\"]}]},{\"@type\":\"WebPage\",\"@id\":\"https:\/\/www.africa-press.net\/tchad\/politique\/le-conseiller-national-oumar-almahdi-bichara-honore-les-medias-lors-dun-diner-de-presse\",\"url\":\"https:\/\/www.africa-press.net\/tchad\/politique\/le-conseiller-national-oumar-almahdi-bichara-honore-les-medias-lors-dun-diner-de-presse\",\"name\":\"le conseiller national Oumar Almahdi Bichara honore les m\u00e9dias lors d'un d\u00eener de presse - tchad\",\"isPartOf\":{\"@id\":\"https:\/\/www.africa-press.net\/tchad\/#website\"},\"primaryImageOfPage\":{\"@id\":\"https:\/\/www.africa-press.net\/tchad\/politique\/le-conseiller-national-oumar-almahdi-bichara-honore-les-medias-lors-dun-diner-de-presse#primaryimage\"},\"image\":{\"@id\":\"https:\/\/www.africa-press.net\/tchad\/politique\/le-conseiller-national-oumar-almahdi-bichara-honore-les-medias-lors-dun-diner-de-presse#primaryimage\"},\"thumbnailUrl\":\"https:\/\/static.africa-press.net\/tchad\/sites\/41\/2023\/11\/sm_1699431158.835179.jpg\",\"datePublished\":\"2023-11-08T10:41:34+00:00\",\"dateModified\":\"2023-11-08T11:44:53+00:00\",\"author\":{\"@id\":\"https:\/\/www.africa-press.net\/tchad\/#\/schema\/person\/2b1cf3cd81a31e3cd26889ca66d677f1\"},\"description\":\"Dans toutes ses formes, les me\u0301dias sont depuis longtemps conside\u0301re\u0301s comme l'une des plateformes les plus importantes ...\",\"breadcrumb\":{\"@id\":\"https:\/\/www.africa-press.net\/tchad\/politique\/le-conseiller-national-oumar-almahdi-bichara-honore-les-medias-lors-dun-diner-de-presse#breadcrumb\"},\"inLanguage\":\"fr-FR\",\"potentialAction\":[{\"@type\":\"ReadAction\",\"target\":[\"https:\/\/www.africa-press.net\/tchad\/politique\/le-conseiller-national-oumar-almahdi-bichara-honore-les-medias-lors-dun-diner-de-presse\"]}]},{\"@type\":\"ImageObject\",\"inLanguage\":\"fr-FR\",\"@id\":\"https:\/\/www.africa-press.net\/tchad\/politique\/le-conseiller-national-oumar-almahdi-bichara-honore-les-medias-lors-dun-diner-de-presse#primaryimage\",\"url\":\"https:\/\/static.africa-press.net\/tchad\/sites\/41\/2023\/11\/sm_1699431158.835179.jpg\",\"contentUrl\":\"https:\/\/static.africa-press.net\/tchad\/sites\/41\/2023\/11\/sm_1699431158.835179.jpg\",\"width\":1280,\"height\":720,\"caption\":\"le conseiller national Oumar Almahdi Bichara honore les m\u00e9dias lors d'un d\u00eener de presse\"},{\"@type\":\"BreadcrumbList\",\"@id\":\"https:\/\/www.africa-press.net\/tchad\/politique\/le-conseiller-national-oumar-almahdi-bichara-honore-les-medias-lors-dun-diner-de-presse#breadcrumb\",\"itemListElement\":[{\"@type\":\"ListItem\",\"position\":1,\"name\":\"Accueil\",\"item\":\"https:\/\/www.africa-press.net\/tchad\/\"},{\"@type\":\"ListItem\",\"position\":2,\"name\":\"le conseiller national Oumar Almahdi Bichara honore les m\u00e9dias lors d&#8217;un d\u00eener de presse\"}]},{\"@type\":\"WebSite\",\"@id\":\"https:\/\/www.africa-press.net\/tchad\/#website\",\"url\":\"https:\/\/www.africa-press.net\/tchad\/\",\"name\":\"tchad\",\"description\":\"Just another Africa News Agency Sites site\",\"potentialAction\":[{\"@type\":\"SearchAction\",\"target\":{\"@type\":\"EntryPoint\",\"urlTemplate\":\"https:\/\/www.africa-press.net\/tchad\/?s={search_term_string}\"},\"query-input\":{\"@type\":\"PropertyValueSpecification\",\"valueRequired\":true,\"valueName\":\"search_term_string\"}}],\"inLanguage\":\"fr-FR\"},{\"@type\":\"Person\",\"@id\":\"https:\/\/www.africa-press.net\/tchad\/#\/schema\/person\/2b1cf3cd81a31e3cd26889ca66d677f1\",\"name\":\"cfeditorfr\"}]}<\/script>\n<!-- \/ Yoast SEO Premium plugin. -->","yoast_head_json":{"title":"le conseiller national Oumar Almahdi Bichara honore les m\u00e9dias lors d'un d\u00eener de presse - tchad","description":"Dans toutes ses formes, les me\u0301dias sont depuis longtemps conside\u0301re\u0301s comme l'une des plateformes les plus importantes ...","robots":{"index":"index","follow":"follow","max-snippet":"max-snippet:-1","max-image-preview":"max-image-preview:large","max-video-preview":"max-video-preview:-1"},"canonical":"https:\/\/www.africa-press.net\/tchad\/politique\/le-conseiller-national-oumar-almahdi-bichara-honore-les-medias-lors-dun-diner-de-presse","og_locale":"fr_FR","og_type":"article","og_title":"le conseiller national Oumar Almahdi Bichara honore les m\u00e9dias lors d'un d\u00eener de presse","og_description":"Dans toutes ses formes, les me\u0301dias sont depuis longtemps conside\u0301re\u0301s comme l'une des plateformes les plus importantes ...","og_url":"https:\/\/www.africa-press.net\/tchad\/politique\/le-conseiller-national-oumar-almahdi-bichara-honore-les-medias-lors-dun-diner-de-presse","og_site_name":"tchad","article_published_time":"2023-11-08T10:41:34+00:00","article_modified_time":"2023-11-08T11:44:53+00:00","og_image":[{"width":1280,"height":720,"url":"https:\/\/static.africa-press.net\/tchad\/sites\/41\/2023\/11\/sm_1699431158.835179.jpg","type":"image\/jpeg"}],"author":"cfeditorfr","twitter_card":"summary_large_image","twitter_misc":{"\u00c9crit par":"cfeditorfr","Dur\u00e9e de lecture estim\u00e9e":"1 minute"},"schema":{"@context":"https:\/\/schema.org","@graph":[{"@type":"Article","@id":"https:\/\/www.africa-press.net\/tchad\/politique\/le-conseiller-national-oumar-almahdi-bichara-honore-les-medias-lors-dun-diner-de-presse#article","isPartOf":{"@id":"https:\/\/www.africa-press.net\/tchad\/politique\/le-conseiller-national-oumar-almahdi-bichara-honore-les-medias-lors-dun-diner-de-presse"},"author":{"name":"cfeditorfr","@id":"https:\/\/www.africa-press.net\/tchad\/#\/schema\/person\/2b1cf3cd81a31e3cd26889ca66d677f1"},"headline":"le conseiller national Oumar Almahdi Bichara honore les m\u00e9dias lors d&rsquo;un d\u00eener de presse","datePublished":"2023-11-08T10:41:34+00:00","dateModified":"2023-11-08T11:44:53+00:00","mainEntityOfPage":{"@id":"https:\/\/www.africa-press.net\/tchad\/politique\/le-conseiller-national-oumar-almahdi-bichara-honore-les-medias-lors-dun-diner-de-presse"},"wordCount":228,"commentCount":0,"image":{"@id":"https:\/\/www.africa-press.net\/tchad\/politique\/le-conseiller-national-oumar-almahdi-bichara-honore-les-medias-lors-dun-diner-de-presse#primaryimage"},"thumbnailUrl":"https:\/\/static.africa-press.net\/tchad\/sites\/41\/2023\/11\/sm_1699431158.835179.jpg","keywords":["Africa Press","Africa Press-Tchad","Tchad"],"articleSection":["Politique","Toutes les actualit\u00e9s"],"inLanguage":"fr-FR","potentialAction":[{"@type":"CommentAction","name":"Comment","target":["https:\/\/www.africa-press.net\/tchad\/politique\/le-conseiller-national-oumar-almahdi-bichara-honore-les-medias-lors-dun-diner-de-presse#respond"]}]},{"@type":"WebPage","@id":"https:\/\/www.africa-press.net\/tchad\/politique\/le-conseiller-national-oumar-almahdi-bichara-honore-les-medias-lors-dun-diner-de-presse","url":"https:\/\/www.africa-press.net\/tchad\/politique\/le-conseiller-national-oumar-almahdi-bichara-honore-les-medias-lors-dun-diner-de-presse","name":"le conseiller national Oumar Almahdi Bichara honore les m\u00e9dias lors d'un d\u00eener de presse - tchad","isPartOf":{"@id":"https:\/\/www.africa-press.net\/tchad\/#website"},"primaryImageOfPage":{"@id":"https:\/\/www.africa-press.net\/tchad\/politique\/le-conseiller-national-oumar-almahdi-bichara-honore-les-medias-lors-dun-diner-de-presse#primaryimage"},"image":{"@id":"https:\/\/www.africa-press.net\/tchad\/politique\/le-conseiller-national-oumar-almahdi-bichara-honore-les-medias-lors-dun-diner-de-presse#primaryimage"},"thumbnailUrl":"https:\/\/static.africa-press.net\/tchad\/sites\/41\/2023\/11\/sm_1699431158.835179.jpg","datePublished":"2023-11-08T10:41:34+00:00","dateModified":"2023-11-08T11:44:53+00:00","author":{"@id":"https:\/\/www.africa-press.net\/tchad\/#\/schema\/person\/2b1cf3cd81a31e3cd26889ca66d677f1"},"description":"Dans toutes ses formes, les me\u0301dias sont depuis longtemps conside\u0301re\u0301s comme l'une des plateformes les plus importantes ...","breadcrumb":{"@id":"https:\/\/www.africa-press.net\/tchad\/politique\/le-conseiller-national-oumar-almahdi-bichara-honore-les-medias-lors-dun-diner-de-presse#breadcrumb"},"inLanguage":"fr-FR","potentialAction":[{"@type":"ReadAction","target":["https:\/\/www.africa-press.net\/tchad\/politique\/le-conseiller-national-oumar-almahdi-bichara-honore-les-medias-lors-dun-diner-de-presse"]}]},{"@type":"ImageObject","inLanguage":"fr-FR","@id":"https:\/\/www.africa-press.net\/tchad\/politique\/le-conseiller-national-oumar-almahdi-bichara-honore-les-medias-lors-dun-diner-de-presse#primaryimage","url":"https:\/\/static.africa-press.net\/tchad\/sites\/41\/2023\/11\/sm_1699431158.835179.jpg","contentUrl":"https:\/\/static.africa-press.net\/tchad\/sites\/41\/2023\/11\/sm_1699431158.835179.jpg","width":1280,"height":720,"caption":"le conseiller national Oumar Almahdi Bichara honore les m\u00e9dias lors d'un d\u00eener de presse"},{"@type":"BreadcrumbList","@id":"https:\/\/www.africa-press.net\/tchad\/politique\/le-conseiller-national-oumar-almahdi-bichara-honore-les-medias-lors-dun-diner-de-presse#breadcrumb","itemListElement":[{"@type":"ListItem","position":1,"name":"Accueil","item":"https:\/\/www.africa-press.net\/tchad\/"},{"@type":"ListItem","position":2,"name":"le conseiller national Oumar Almahdi Bichara honore les m\u00e9dias lors d&#8217;un d\u00eener de presse"}]},{"@type":"WebSite","@id":"https:\/\/www.africa-press.net\/tchad\/#website","url":"https:\/\/www.africa-press.net\/tchad\/","name":"tchad","description":"Just another Africa News Agency Sites site","potentialAction":[{"@type":"SearchAction","target":{"@type":"EntryPoint","urlTemplate":"https:\/\/www.africa-press.net\/tchad\/?s={search_term_string}"},"query-input":{"@type":"PropertyValueSpecification","valueRequired":true,"valueName":"search_term_string"}}],"inLanguage":"fr-FR"},{"@type":"Person","@id":"https:\/\/www.africa-press.net\/tchad\/#\/schema\/person\/2b1cf3cd81a31e3cd26889ca66d677f1","name":"cfeditorfr"}]}},"_links":{"self":[{"href":"https:\/\/www.africa-press.net\/tchad\/wp-json\/wp\/v2\/posts\/53657","targetHints":{"allow":["GET"]}}],"collection":[{"href":"https:\/\/www.africa-press.net\/tchad\/wp-json\/wp\/v2\/posts"}],"about":[{"href":"https:\/\/www.africa-press.net\/tchad\/wp-json\/wp\/v2\/types\/post"}],"author":[{"embeddable":true,"href":"https:\/\/www.africa-press.net\/tchad\/wp-json\/wp\/v2\/users\/82"}],"replies":[{"embeddable":true,"href":"https:\/\/www.africa-press.net\/tchad\/wp-json\/wp\/v2\/comments?post=53657"}],"version-history":[{"count":0,"href":"https:\/\/www.africa-press.net\/tchad\/wp-json\/wp\/v2\/posts\/53657\/revisions"}],"wp:featuredmedia":[{"embeddable":true,"href":"https:\/\/www.africa-press.net\/tchad\/wp-json\/wp\/v2\/media\/53656"}],"wp:attachment":[{"href":"https:\/\/www.africa-press.net\/tchad\/wp-json\/wp\/v2\/media?parent=53657"}],"wp:term":[{"taxonomy":"category","embeddable":true,"href":"https:\/\/www.africa-press.net\/tchad\/wp-json\/wp\/v2\/categories?post=53657"},{"taxonomy":"post_tag","embeddable":true,"href":"https:\/\/www.africa-press.net\/tchad\/wp-json\/wp\/v2\/tags?post=53657"}],"curies":[{"name":"wp","href":"https:\/\/api.w.org\/{rel}","templated":true}]}}