{"id":53710,"date":"2023-11-09T15:11:33","date_gmt":"2023-11-09T15:11:33","guid":{"rendered":"https:\/\/www.africa-press.net\/tchad\/politique\/lambassadeur-de-france-rencontre-le-ministre-de-laviation-civile"},"modified":"2023-11-09T15:59:47","modified_gmt":"2023-11-09T15:59:47","slug":"lambassadeur-de-france-rencontre-le-ministre-de-laviation-civile","status":"publish","type":"post","link":"https:\/\/www.africa-press.net\/tchad\/politique\/lambassadeur-de-france-rencontre-le-ministre-de-laviation-civile","title":{"rendered":"l&rsquo;ambassadeur de France rencontre le ministre de l&rsquo;Aviation civile"},"content":{"rendered":"<p><span style=\"color: #ff6600\"><strong>Africa-Press &#8211; Tchad. <\/strong><\/span>Au cours de leur entretien, les deux dignitaires ont discute\u0301 des inte\u0301re\u0302ts communs visant a\u0300 e\u0301tablir des partenariats, notamment dans le domaine de la formation des cadres et de la coope\u0301ration mutuelle.<\/p>\n<p>Le diplomate franc\u0327ais a e\u0301galement souligne\u0301 que ces e\u0301changes se concentrent sur des domaines techniques pointus et ne\u0301cessitent une implication constante dans des projets d&rsquo;envergure de\u0301ja\u0300 en cours en France. Il a e\u0301voque\u0301 la perspective de futures collaborations fructueuses entre les deux pays, explorant des opportunite\u0301s passionnantes pour le ministe\u0300re de l&rsquo;aviation civile.<\/p>\n<p>Cette rencontre te\u0301moigne de l&rsquo;engagement des deux nations a\u0300 renforcer leurs relations et a\u0300 travailler ensemble sur des projets d&rsquo;importance mutuelle.<\/p>\n<p><strong>Pour plus d&rsquo;informations et d&rsquo;analyses sur la <a href=\"https:\/\/www.africa-press.net\/tchad\">Tchad<\/a>, suivez <a href=\"https:\/\/www.africa-press.net\/\">Africa-Press<\/a><\/strong><\/p>\n","protected":false},"excerpt":{"rendered":"<p>Africa-Press &#8211; Tchad. Au cours de leur entretien, les deux dignitaires ont discute\u0301 des inte\u0301re\u0302ts communs visant a\u0300 e\u0301tablir des partenariats, notamment dans le domaine de la formation des cadres et de la coope\u0301ration mutuelle. Le diplomate franc\u0327ais a e\u0301galement souligne\u0301 que ces e\u0301changes se concentrent sur des domaines techniques pointus et ne\u0301cessitent une implication [&hellip;]<\/p>\n","protected":false},"author":82,"featured_media":53708,"comment_status":"open","ping_status":"closed","sticky":false,"template":"","format":"standard","meta":{"footnotes":""},"categories":[2,10],"tags":[37,292,29],"class_list":["post-53710","post","type-post","status-publish","format-standard","has-post-thumbnail","hentry","category-politique","category-toutes-les-actualites","tag-africa-press","tag-africa-press-tchad","tag-tchad"],"yoast_head":"<!-- This site is optimized with the Yoast SEO Premium plugin v26.1 (Yoast SEO v27.0) - https:\/\/yoast.com\/product\/yoast-seo-premium-wordpress\/ -->\n<title>l&#039;ambassadeur de France rencontre le ministre de l&#039;Aviation civile - tchad<\/title>\n<meta name=\"description\" content=\"Au cours de leur entretien, les deux dignitaires ont discute\u0301 des inte\u0301re\u0302ts communs visant a\u0300 e\u0301tablir des partenariats ...\" \/>\n<meta name=\"robots\" content=\"index, follow, max-snippet:-1, max-image-preview:large, max-video-preview:-1\" \/>\n<link rel=\"canonical\" href=\"https:\/\/www.africa-press.net\/tchad\/politique\/lambassadeur-de-france-rencontre-le-ministre-de-laviation-civile\" \/>\n<meta property=\"og:locale\" content=\"fr_FR\" \/>\n<meta property=\"og:type\" content=\"article\" \/>\n<meta property=\"og:title\" content=\"l&#039;ambassadeur de France rencontre le ministre de l&#039;Aviation civile\" \/>\n<meta property=\"og:description\" content=\"Au cours de leur entretien, les deux dignitaires ont discute\u0301 des inte\u0301re\u0302ts communs visant a\u0300 e\u0301tablir des partenariats ...\" \/>\n<meta property=\"og:url\" content=\"https:\/\/www.africa-press.net\/tchad\/politique\/lambassadeur-de-france-rencontre-le-ministre-de-laviation-civile\" \/>\n<meta property=\"og:site_name\" content=\"tchad\" \/>\n<meta property=\"article:published_time\" content=\"2023-11-09T15:11:33+00:00\" \/>\n<meta property=\"article:modified_time\" content=\"2023-11-09T15:59:47+00:00\" \/>\n<meta property=\"og:image\" content=\"https:\/\/static.africa-press.net\/tchad\/sites\/41\/2023\/11\/sm_1699532941.740489.jpg\" \/>\n\t<meta property=\"og:image:width\" content=\"1280\" \/>\n\t<meta property=\"og:image:height\" content=\"720\" \/>\n\t<meta property=\"og:image:type\" content=\"image\/jpeg\" \/>\n<meta name=\"author\" content=\"cfeditorfr\" \/>\n<meta name=\"twitter:card\" content=\"summary_large_image\" \/>\n<meta name=\"twitter:label1\" content=\"\u00c9crit par\" \/>\n\t<meta name=\"twitter:data1\" content=\"cfeditorfr\" \/>\n\t<meta name=\"twitter:label2\" content=\"Dur\u00e9e de lecture estim\u00e9e\" \/>\n\t<meta name=\"twitter:data2\" content=\"1 minute\" \/>\n<script type=\"application\/ld+json\" class=\"yoast-schema-graph\">{\"@context\":\"https:\/\/schema.org\",\"@graph\":[{\"@type\":\"Article\",\"@id\":\"https:\/\/www.africa-press.net\/tchad\/politique\/lambassadeur-de-france-rencontre-le-ministre-de-laviation-civile#article\",\"isPartOf\":{\"@id\":\"https:\/\/www.africa-press.net\/tchad\/politique\/lambassadeur-de-france-rencontre-le-ministre-de-laviation-civile\"},\"author\":{\"name\":\"cfeditorfr\",\"@id\":\"https:\/\/www.africa-press.net\/tchad\/#\/schema\/person\/2b1cf3cd81a31e3cd26889ca66d677f1\"},\"headline\":\"l&rsquo;ambassadeur de France rencontre le ministre de l&rsquo;Aviation civile\",\"datePublished\":\"2023-11-09T15:11:33+00:00\",\"dateModified\":\"2023-11-09T15:59:47+00:00\",\"mainEntityOfPage\":{\"@id\":\"https:\/\/www.africa-press.net\/tchad\/politique\/lambassadeur-de-france-rencontre-le-ministre-de-laviation-civile\"},\"wordCount\":149,\"commentCount\":0,\"image\":{\"@id\":\"https:\/\/www.africa-press.net\/tchad\/politique\/lambassadeur-de-france-rencontre-le-ministre-de-laviation-civile#primaryimage\"},\"thumbnailUrl\":\"https:\/\/static.africa-press.net\/tchad\/sites\/41\/2023\/11\/sm_1699532941.740489.jpg\",\"keywords\":[\"Africa Press\",\"Africa Press-Tchad\",\"Tchad\"],\"articleSection\":[\"Politique\",\"Toutes les actualit\u00e9s\"],\"inLanguage\":\"fr-FR\",\"potentialAction\":[{\"@type\":\"CommentAction\",\"name\":\"Comment\",\"target\":[\"https:\/\/www.africa-press.net\/tchad\/politique\/lambassadeur-de-france-rencontre-le-ministre-de-laviation-civile#respond\"]}]},{\"@type\":\"WebPage\",\"@id\":\"https:\/\/www.africa-press.net\/tchad\/politique\/lambassadeur-de-france-rencontre-le-ministre-de-laviation-civile\",\"url\":\"https:\/\/www.africa-press.net\/tchad\/politique\/lambassadeur-de-france-rencontre-le-ministre-de-laviation-civile\",\"name\":\"l'ambassadeur de France rencontre le ministre de l'Aviation civile - tchad\",\"isPartOf\":{\"@id\":\"https:\/\/www.africa-press.net\/tchad\/#website\"},\"primaryImageOfPage\":{\"@id\":\"https:\/\/www.africa-press.net\/tchad\/politique\/lambassadeur-de-france-rencontre-le-ministre-de-laviation-civile#primaryimage\"},\"image\":{\"@id\":\"https:\/\/www.africa-press.net\/tchad\/politique\/lambassadeur-de-france-rencontre-le-ministre-de-laviation-civile#primaryimage\"},\"thumbnailUrl\":\"https:\/\/static.africa-press.net\/tchad\/sites\/41\/2023\/11\/sm_1699532941.740489.jpg\",\"datePublished\":\"2023-11-09T15:11:33+00:00\",\"dateModified\":\"2023-11-09T15:59:47+00:00\",\"author\":{\"@id\":\"https:\/\/www.africa-press.net\/tchad\/#\/schema\/person\/2b1cf3cd81a31e3cd26889ca66d677f1\"},\"description\":\"Au cours de leur entretien, les deux dignitaires ont discute\u0301 des inte\u0301re\u0302ts communs visant a\u0300 e\u0301tablir des partenariats ...\",\"breadcrumb\":{\"@id\":\"https:\/\/www.africa-press.net\/tchad\/politique\/lambassadeur-de-france-rencontre-le-ministre-de-laviation-civile#breadcrumb\"},\"inLanguage\":\"fr-FR\",\"potentialAction\":[{\"@type\":\"ReadAction\",\"target\":[\"https:\/\/www.africa-press.net\/tchad\/politique\/lambassadeur-de-france-rencontre-le-ministre-de-laviation-civile\"]}]},{\"@type\":\"ImageObject\",\"inLanguage\":\"fr-FR\",\"@id\":\"https:\/\/www.africa-press.net\/tchad\/politique\/lambassadeur-de-france-rencontre-le-ministre-de-laviation-civile#primaryimage\",\"url\":\"https:\/\/static.africa-press.net\/tchad\/sites\/41\/2023\/11\/sm_1699532941.740489.jpg\",\"contentUrl\":\"https:\/\/static.africa-press.net\/tchad\/sites\/41\/2023\/11\/sm_1699532941.740489.jpg\",\"width\":1280,\"height\":720,\"caption\":\"l'ambassadeur de France rencontre le ministre de l'Aviation civile\"},{\"@type\":\"BreadcrumbList\",\"@id\":\"https:\/\/www.africa-press.net\/tchad\/politique\/lambassadeur-de-france-rencontre-le-ministre-de-laviation-civile#breadcrumb\",\"itemListElement\":[{\"@type\":\"ListItem\",\"position\":1,\"name\":\"Accueil\",\"item\":\"https:\/\/www.africa-press.net\/tchad\/\"},{\"@type\":\"ListItem\",\"position\":2,\"name\":\"l&#8217;ambassadeur de France rencontre le ministre de l&#8217;Aviation civile\"}]},{\"@type\":\"WebSite\",\"@id\":\"https:\/\/www.africa-press.net\/tchad\/#website\",\"url\":\"https:\/\/www.africa-press.net\/tchad\/\",\"name\":\"tchad\",\"description\":\"Just another Africa News Agency Sites site\",\"potentialAction\":[{\"@type\":\"SearchAction\",\"target\":{\"@type\":\"EntryPoint\",\"urlTemplate\":\"https:\/\/www.africa-press.net\/tchad\/?s={search_term_string}\"},\"query-input\":{\"@type\":\"PropertyValueSpecification\",\"valueRequired\":true,\"valueName\":\"search_term_string\"}}],\"inLanguage\":\"fr-FR\"},{\"@type\":\"Person\",\"@id\":\"https:\/\/www.africa-press.net\/tchad\/#\/schema\/person\/2b1cf3cd81a31e3cd26889ca66d677f1\",\"name\":\"cfeditorfr\"}]}<\/script>\n<!-- \/ Yoast SEO Premium plugin. -->","yoast_head_json":{"title":"l'ambassadeur de France rencontre le ministre de l'Aviation civile - tchad","description":"Au cours de leur entretien, les deux dignitaires ont discute\u0301 des inte\u0301re\u0302ts communs visant a\u0300 e\u0301tablir des partenariats ...","robots":{"index":"index","follow":"follow","max-snippet":"max-snippet:-1","max-image-preview":"max-image-preview:large","max-video-preview":"max-video-preview:-1"},"canonical":"https:\/\/www.africa-press.net\/tchad\/politique\/lambassadeur-de-france-rencontre-le-ministre-de-laviation-civile","og_locale":"fr_FR","og_type":"article","og_title":"l'ambassadeur de France rencontre le ministre de l'Aviation civile","og_description":"Au cours de leur entretien, les deux dignitaires ont discute\u0301 des inte\u0301re\u0302ts communs visant a\u0300 e\u0301tablir des partenariats ...","og_url":"https:\/\/www.africa-press.net\/tchad\/politique\/lambassadeur-de-france-rencontre-le-ministre-de-laviation-civile","og_site_name":"tchad","article_published_time":"2023-11-09T15:11:33+00:00","article_modified_time":"2023-11-09T15:59:47+00:00","og_image":[{"width":1280,"height":720,"url":"https:\/\/static.africa-press.net\/tchad\/sites\/41\/2023\/11\/sm_1699532941.740489.jpg","type":"image\/jpeg"}],"author":"cfeditorfr","twitter_card":"summary_large_image","twitter_misc":{"\u00c9crit par":"cfeditorfr","Dur\u00e9e de lecture estim\u00e9e":"1 minute"},"schema":{"@context":"https:\/\/schema.org","@graph":[{"@type":"Article","@id":"https:\/\/www.africa-press.net\/tchad\/politique\/lambassadeur-de-france-rencontre-le-ministre-de-laviation-civile#article","isPartOf":{"@id":"https:\/\/www.africa-press.net\/tchad\/politique\/lambassadeur-de-france-rencontre-le-ministre-de-laviation-civile"},"author":{"name":"cfeditorfr","@id":"https:\/\/www.africa-press.net\/tchad\/#\/schema\/person\/2b1cf3cd81a31e3cd26889ca66d677f1"},"headline":"l&rsquo;ambassadeur de France rencontre le ministre de l&rsquo;Aviation civile","datePublished":"2023-11-09T15:11:33+00:00","dateModified":"2023-11-09T15:59:47+00:00","mainEntityOfPage":{"@id":"https:\/\/www.africa-press.net\/tchad\/politique\/lambassadeur-de-france-rencontre-le-ministre-de-laviation-civile"},"wordCount":149,"commentCount":0,"image":{"@id":"https:\/\/www.africa-press.net\/tchad\/politique\/lambassadeur-de-france-rencontre-le-ministre-de-laviation-civile#primaryimage"},"thumbnailUrl":"https:\/\/static.africa-press.net\/tchad\/sites\/41\/2023\/11\/sm_1699532941.740489.jpg","keywords":["Africa Press","Africa Press-Tchad","Tchad"],"articleSection":["Politique","Toutes les actualit\u00e9s"],"inLanguage":"fr-FR","potentialAction":[{"@type":"CommentAction","name":"Comment","target":["https:\/\/www.africa-press.net\/tchad\/politique\/lambassadeur-de-france-rencontre-le-ministre-de-laviation-civile#respond"]}]},{"@type":"WebPage","@id":"https:\/\/www.africa-press.net\/tchad\/politique\/lambassadeur-de-france-rencontre-le-ministre-de-laviation-civile","url":"https:\/\/www.africa-press.net\/tchad\/politique\/lambassadeur-de-france-rencontre-le-ministre-de-laviation-civile","name":"l'ambassadeur de France rencontre le ministre de l'Aviation civile - tchad","isPartOf":{"@id":"https:\/\/www.africa-press.net\/tchad\/#website"},"primaryImageOfPage":{"@id":"https:\/\/www.africa-press.net\/tchad\/politique\/lambassadeur-de-france-rencontre-le-ministre-de-laviation-civile#primaryimage"},"image":{"@id":"https:\/\/www.africa-press.net\/tchad\/politique\/lambassadeur-de-france-rencontre-le-ministre-de-laviation-civile#primaryimage"},"thumbnailUrl":"https:\/\/static.africa-press.net\/tchad\/sites\/41\/2023\/11\/sm_1699532941.740489.jpg","datePublished":"2023-11-09T15:11:33+00:00","dateModified":"2023-11-09T15:59:47+00:00","author":{"@id":"https:\/\/www.africa-press.net\/tchad\/#\/schema\/person\/2b1cf3cd81a31e3cd26889ca66d677f1"},"description":"Au cours de leur entretien, les deux dignitaires ont discute\u0301 des inte\u0301re\u0302ts communs visant a\u0300 e\u0301tablir des partenariats ...","breadcrumb":{"@id":"https:\/\/www.africa-press.net\/tchad\/politique\/lambassadeur-de-france-rencontre-le-ministre-de-laviation-civile#breadcrumb"},"inLanguage":"fr-FR","potentialAction":[{"@type":"ReadAction","target":["https:\/\/www.africa-press.net\/tchad\/politique\/lambassadeur-de-france-rencontre-le-ministre-de-laviation-civile"]}]},{"@type":"ImageObject","inLanguage":"fr-FR","@id":"https:\/\/www.africa-press.net\/tchad\/politique\/lambassadeur-de-france-rencontre-le-ministre-de-laviation-civile#primaryimage","url":"https:\/\/static.africa-press.net\/tchad\/sites\/41\/2023\/11\/sm_1699532941.740489.jpg","contentUrl":"https:\/\/static.africa-press.net\/tchad\/sites\/41\/2023\/11\/sm_1699532941.740489.jpg","width":1280,"height":720,"caption":"l'ambassadeur de France rencontre le ministre de l'Aviation civile"},{"@type":"BreadcrumbList","@id":"https:\/\/www.africa-press.net\/tchad\/politique\/lambassadeur-de-france-rencontre-le-ministre-de-laviation-civile#breadcrumb","itemListElement":[{"@type":"ListItem","position":1,"name":"Accueil","item":"https:\/\/www.africa-press.net\/tchad\/"},{"@type":"ListItem","position":2,"name":"l&#8217;ambassadeur de France rencontre le ministre de l&#8217;Aviation civile"}]},{"@type":"WebSite","@id":"https:\/\/www.africa-press.net\/tchad\/#website","url":"https:\/\/www.africa-press.net\/tchad\/","name":"tchad","description":"Just another Africa News Agency Sites site","potentialAction":[{"@type":"SearchAction","target":{"@type":"EntryPoint","urlTemplate":"https:\/\/www.africa-press.net\/tchad\/?s={search_term_string}"},"query-input":{"@type":"PropertyValueSpecification","valueRequired":true,"valueName":"search_term_string"}}],"inLanguage":"fr-FR"},{"@type":"Person","@id":"https:\/\/www.africa-press.net\/tchad\/#\/schema\/person\/2b1cf3cd81a31e3cd26889ca66d677f1","name":"cfeditorfr"}]}},"_links":{"self":[{"href":"https:\/\/www.africa-press.net\/tchad\/wp-json\/wp\/v2\/posts\/53710","targetHints":{"allow":["GET"]}}],"collection":[{"href":"https:\/\/www.africa-press.net\/tchad\/wp-json\/wp\/v2\/posts"}],"about":[{"href":"https:\/\/www.africa-press.net\/tchad\/wp-json\/wp\/v2\/types\/post"}],"author":[{"embeddable":true,"href":"https:\/\/www.africa-press.net\/tchad\/wp-json\/wp\/v2\/users\/82"}],"replies":[{"embeddable":true,"href":"https:\/\/www.africa-press.net\/tchad\/wp-json\/wp\/v2\/comments?post=53710"}],"version-history":[{"count":0,"href":"https:\/\/www.africa-press.net\/tchad\/wp-json\/wp\/v2\/posts\/53710\/revisions"}],"wp:featuredmedia":[{"embeddable":true,"href":"https:\/\/www.africa-press.net\/tchad\/wp-json\/wp\/v2\/media\/53708"}],"wp:attachment":[{"href":"https:\/\/www.africa-press.net\/tchad\/wp-json\/wp\/v2\/media?parent=53710"}],"wp:term":[{"taxonomy":"category","embeddable":true,"href":"https:\/\/www.africa-press.net\/tchad\/wp-json\/wp\/v2\/categories?post=53710"},{"taxonomy":"post_tag","embeddable":true,"href":"https:\/\/www.africa-press.net\/tchad\/wp-json\/wp\/v2\/tags?post=53710"}],"curies":[{"name":"wp","href":"https:\/\/api.w.org\/{rel}","templated":true}]}}