{"id":53716,"date":"2023-11-09T15:12:14","date_gmt":"2023-11-09T15:12:14","guid":{"rendered":"https:\/\/www.africa-press.net\/tchad\/politique\/compte-rendu-du-conseil-extraordinaire-des-ministres-du-8-novembre-2023"},"modified":"2023-11-09T16:01:03","modified_gmt":"2023-11-09T16:01:03","slug":"compte-rendu-du-conseil-extraordinaire-des-ministres-du-8-novembre-2023","status":"publish","type":"post","link":"https:\/\/www.africa-press.net\/tchad\/politique\/compte-rendu-du-conseil-extraordinaire-des-ministres-du-8-novembre-2023","title":{"rendered":"compte rendu du conseil extraordinaire des ministres du 8 novembre 2023"},"content":{"rendered":"<p><span style=\"color: #ff6600\"><strong>Africa-Press &#8211; Tchad. <\/strong><\/span>Deux projets de textes ont e\u0301te\u0301 examine\u0301s. Le premier est un projet de Loi portant amnistie ge\u0301ne\u0301rale pour les faits commis pendant les e\u0301ve\u0301nements du 20 octobre 2022, et le second est un projet de Loi de Finances pour l&rsquo;exercice 2024.<\/p>\n<p>Au titre du ministe\u0300re de la justice et des droits humains, un projet de Loi portant amnistie ge\u0301ne\u0301rale pour les faits commis pendant les e\u0301ve\u0301nements du 20 octobre 2022 a e\u0301te\u0301 pre\u0301sente\u0301 par Madame la Ministre secre\u0301taire d&rsquo;E\u0301tat en charge de la justice.<\/p>\n<p>Ce projet de Loi est la re\u0301sultante de la volonte\u0301 affiche\u0301e du Gouvernement pour la paix et la re\u0301conciliation, ainsi que le respect inte\u0301gral de l&rsquo;accord de re\u0301conciliation signe\u0301 le 31 octobre 2023 entre le Gouvernement et le parti les transformateurs sous l&rsquo;e\u0301gide du Chef de l&rsquo;E\u0301tat Congolais Fe\u0301lix Antoine Tshisekedi Tshilombo, en sa qualite\u0301 de facilitateur de\u0301signe\u0301 par la CEEAC pour la transition tchadienne.<\/p>\n<p>Le Gouvernement s&rsquo;est engage\u0301 dans cet accord a\u0300 initier un projet de Loi portant amnistie ge\u0301ne\u0301rale pour les faits commis lors des e\u0301ve\u0301nements du 20 octobre 2022. Une semaine apre\u0300s la signature de l&rsquo;accord, ce projet de texte est soumis au Conseil.<\/p>\n<p>Ce projet de Loi vise a\u0300 accorder une amnistie ge\u0301ne\u0301rale pour les faits commis pendant les e\u0301ve\u0301nements du 20 octobre 2022, couvrant les infractions pour lesquelles des peines ont e\u0301te\u0301 prononce\u0301es ou pas.<\/p>\n<p>Apre\u0300s examen du projet de Loi, le conseil l&rsquo;a adopte\u0301 et a recommande\u0301 son examen en proce\u0301dure d&rsquo;urgence par le Conseil National de Transition.<\/p>\n<p>En second point, le conseil a examine\u0301 le projet de Loi de Finances pour l&rsquo;exercice 2024 pre\u0301sente\u0301 par le Ministre des Finances et du Budget.<\/p>\n<p>Malgre\u0301 le contexte de transition ainsi que les de\u0301fis se\u0301curitaires, e\u0301conomiques, humanitaires et sociaux, le projet de Loi de finances pour l&rsquo;exercice 2024 est atypique a\u0300 plus d&rsquo;un titre :<\/p>\n<p>D&rsquo;abord, il pre\u0301voit l&rsquo;interdiction des de\u0301penses avant ordonnancement (DAO).<\/p>\n<p>Ensuite, il pre\u0301voit un niveau de recettes pre\u0301visionnelles jamais e\u0301gale\u0301, de plus de 2004 Milliards contre 1884 Milliards en 2023, contre des de\u0301penses de l&rsquo;ordre de 1935 Milliards.<\/p>\n<p>Ce budget permet aussi de prendre en compte les engagements issus du dialogue national inclusif et souverain, consacrant le retour a\u0300 l&rsquo;ordre constitutionnel en 2024.<\/p>\n<p>Une innovation majeure du budget 2024 alloue directement des ressources aux provinces et aux communes a\u0300 hauteur de 10% de la TVA, permettant une autonomie de nos provinces.<\/p>\n<p>Ce projet de budget encourage un environnement favorable a\u0300 l&rsquo;investissement avec une re\u0301duction du taux de l&rsquo;IS de 35 a\u0300 30% (sauf pour les mines et le pe\u0301trole), il pre\u0301voit des alle\u0300gements et abattements d&rsquo;impo\u0302ts pour les petites entreprises ainsi qu&rsquo;une exone\u0301ration pour l&rsquo;importation des casques pour les engins a\u0300 deux roues.<\/p>\n<p>Le projet de budget accentue la mobilisation des ressources avec des me\u0301canismes de retenue a\u0300 la source de divers impo\u0302ts fiscaux, douaniers et domaniaux, le recours a\u0300 l&rsquo;E-tax ainsi qu&rsquo;une lutte contre l&rsquo;e\u0301vasion fiscale, la fraude et la contrebande.<\/p>\n<p>Toutes ces initiatives permettent a\u0300 l&rsquo;E\u0301tat d&rsquo;assumer la totalite\u0301 de ses obligations vis-a\u0300-vis des partenaires sociaux, de ses partenaires internationaux ainsi qu&rsquo;en matie\u0300re de fonctionnement et d&rsquo;investissement.<\/p>\n<p>Les de\u0301penses additionnelles sont focalise\u0301es sur les secteurs prioritaires, notamment une hausse de plus de 55% du budget du ministe\u0300re de la sante\u0301, un accroissement de plus de 18% des budgets du ministe\u0300re de l&rsquo;e\u0301ducation et de l&rsquo;hydraulique, et une augmentation du budget de l&rsquo;environnement de 220% pour lutter efficacement contre le changement climatique.<\/p>\n<p>Le secteur e\u0301nerge\u0301tique reste l&rsquo;une des priorite\u0301s du Gouvernement avec des budgets conse\u0301quents pour l&rsquo;e\u0301lectrification des villes.<\/p>\n<p>En matie\u0300re d&rsquo;investissements, le budget 2024 pre\u0301voit l&rsquo;ame\u0301nagement de centaines de routes et de pistes rurales, notamment le bitumage et la construction de nombreuses voies.<\/p>\n<p>Apre\u0300s de longs de\u0301bats, les arbitrages ont e\u0301te\u0301 faits par le Chef de l&rsquo;E\u0301tat, Pre\u0301sident du Conseil des Ministres, afin de renforcer les secteurs d&rsquo;allocations prioritaires en termes budge\u0301taires. Le Chef de l&rsquo;E\u0301tat a plaide\u0301 pour une meilleure prise en compte de l&rsquo;autonomisation de la femme, la mise en place de l&rsquo;e\u0301cole de journalisme, du fonds spe\u0301cial pour la re\u0301alisation des e\u0301tudes a\u0300 renforcer pour e\u0301tablir une banque de donne\u0301es des e\u0301tudes sectorielles. Dans le domaine sanitaire, le Chef de l&rsquo;E\u0301tat a insiste\u0301 pour que ce budget re\u0301solve les difficulte\u0301s de la Centrale pharmaceutique d&rsquo;achat et qu&rsquo;il permette le de\u0301marrage strate\u0301gie de couverture sante\u0301 universelle.<\/p>\n<p>Suite a\u0300 l&rsquo;adoption de ce projet de Loi de Finances, le Pre\u0301sident du Conseil a instruit pour sa transmission au Conseil National de Transition.<\/p>\n<p>Avant de lever la se\u0301ance, le Chef de l&rsquo;E\u0301tat a re\u0301ite\u0301re\u0301 au Gouvernement l&rsquo;impe\u0301rieuse cohe\u0301sion de son action afin de re\u0301ussir cette seconde phase de transition qui doit e\u0302tre apaise\u0301e, consensuelle et inclusive.<\/p>\n<p><strong>Pour plus d&rsquo;informations et d&rsquo;analyses sur la <a href=\"https:\/\/www.africa-press.net\/tchad\">Tchad<\/a>, suivez <a href=\"https:\/\/www.africa-press.net\/\">Africa-Press<\/a><\/strong><\/p>\n","protected":false},"excerpt":{"rendered":"<p>Africa-Press &#8211; Tchad. Deux projets de textes ont e\u0301te\u0301 examine\u0301s. Le premier est un projet de Loi portant amnistie ge\u0301ne\u0301rale pour les faits commis pendant les e\u0301ve\u0301nements du 20 octobre 2022, et le second est un projet de Loi de Finances pour l&rsquo;exercice 2024. Au titre du ministe\u0300re de la justice et des droits humains, [&hellip;]<\/p>\n","protected":false},"author":82,"featured_media":53714,"comment_status":"open","ping_status":"closed","sticky":false,"template":"","format":"standard","meta":{"footnotes":""},"categories":[2,10],"tags":[37,292,29],"class_list":["post-53716","post","type-post","status-publish","format-standard","has-post-thumbnail","hentry","category-politique","category-toutes-les-actualites","tag-africa-press","tag-africa-press-tchad","tag-tchad"],"yoast_head":"<!-- This site is optimized with the Yoast SEO Premium plugin v26.1 (Yoast SEO v27.0) - https:\/\/yoast.com\/product\/yoast-seo-premium-wordpress\/ -->\n<title>compte rendu du conseil extraordinaire des ministres du 8 novembre 2023 - tchad<\/title>\n<meta name=\"description\" content=\"Deux projets de textes ont e\u0301te\u0301 examine\u0301s. Le premier est un projet de Loi portant amnistie ge\u0301ne\u0301rale pour les faits c ...\" \/>\n<meta name=\"robots\" content=\"index, follow, max-snippet:-1, max-image-preview:large, max-video-preview:-1\" \/>\n<link rel=\"canonical\" href=\"https:\/\/www.africa-press.net\/tchad\/politique\/compte-rendu-du-conseil-extraordinaire-des-ministres-du-8-novembre-2023\" \/>\n<meta property=\"og:locale\" content=\"fr_FR\" \/>\n<meta property=\"og:type\" content=\"article\" \/>\n<meta property=\"og:title\" content=\"compte rendu du conseil extraordinaire des ministres du 8 novembre 2023\" \/>\n<meta property=\"og:description\" content=\"Deux projets de textes ont e\u0301te\u0301 examine\u0301s. Le premier est un projet de Loi portant amnistie ge\u0301ne\u0301rale pour les faits c ...\" \/>\n<meta property=\"og:url\" content=\"https:\/\/www.africa-press.net\/tchad\/politique\/compte-rendu-du-conseil-extraordinaire-des-ministres-du-8-novembre-2023\" \/>\n<meta property=\"og:site_name\" content=\"tchad\" \/>\n<meta property=\"article:published_time\" content=\"2023-11-09T15:12:14+00:00\" \/>\n<meta property=\"article:modified_time\" content=\"2023-11-09T16:01:03+00:00\" \/>\n<meta property=\"og:image\" content=\"https:\/\/static.africa-press.net\/tchad\/sites\/41\/2023\/11\/sm_1699533011.995697.jpg\" \/>\n\t<meta property=\"og:image:width\" content=\"1600\" \/>\n\t<meta property=\"og:image:height\" content=\"1066\" \/>\n\t<meta property=\"og:image:type\" content=\"image\/jpeg\" \/>\n<meta name=\"author\" content=\"cfeditorfr\" \/>\n<meta name=\"twitter:card\" content=\"summary_large_image\" \/>\n<meta name=\"twitter:label1\" content=\"\u00c9crit par\" \/>\n\t<meta name=\"twitter:data1\" content=\"cfeditorfr\" \/>\n\t<meta name=\"twitter:label2\" content=\"Dur\u00e9e de lecture estim\u00e9e\" \/>\n\t<meta name=\"twitter:data2\" content=\"4 minutes\" \/>\n<script type=\"application\/ld+json\" class=\"yoast-schema-graph\">{\"@context\":\"https:\/\/schema.org\",\"@graph\":[{\"@type\":\"Article\",\"@id\":\"https:\/\/www.africa-press.net\/tchad\/politique\/compte-rendu-du-conseil-extraordinaire-des-ministres-du-8-novembre-2023#article\",\"isPartOf\":{\"@id\":\"https:\/\/www.africa-press.net\/tchad\/politique\/compte-rendu-du-conseil-extraordinaire-des-ministres-du-8-novembre-2023\"},\"author\":{\"name\":\"cfeditorfr\",\"@id\":\"https:\/\/www.africa-press.net\/tchad\/#\/schema\/person\/2b1cf3cd81a31e3cd26889ca66d677f1\"},\"headline\":\"compte rendu du conseil extraordinaire des ministres du 8 novembre 2023\",\"datePublished\":\"2023-11-09T15:12:14+00:00\",\"dateModified\":\"2023-11-09T16:01:03+00:00\",\"mainEntityOfPage\":{\"@id\":\"https:\/\/www.africa-press.net\/tchad\/politique\/compte-rendu-du-conseil-extraordinaire-des-ministres-du-8-novembre-2023\"},\"wordCount\":913,\"commentCount\":0,\"image\":{\"@id\":\"https:\/\/www.africa-press.net\/tchad\/politique\/compte-rendu-du-conseil-extraordinaire-des-ministres-du-8-novembre-2023#primaryimage\"},\"thumbnailUrl\":\"https:\/\/static.africa-press.net\/tchad\/sites\/41\/2023\/11\/sm_1699533011.995697.jpg\",\"keywords\":[\"Africa Press\",\"Africa Press-Tchad\",\"Tchad\"],\"articleSection\":[\"Politique\",\"Toutes les actualit\u00e9s\"],\"inLanguage\":\"fr-FR\",\"potentialAction\":[{\"@type\":\"CommentAction\",\"name\":\"Comment\",\"target\":[\"https:\/\/www.africa-press.net\/tchad\/politique\/compte-rendu-du-conseil-extraordinaire-des-ministres-du-8-novembre-2023#respond\"]}]},{\"@type\":\"WebPage\",\"@id\":\"https:\/\/www.africa-press.net\/tchad\/politique\/compte-rendu-du-conseil-extraordinaire-des-ministres-du-8-novembre-2023\",\"url\":\"https:\/\/www.africa-press.net\/tchad\/politique\/compte-rendu-du-conseil-extraordinaire-des-ministres-du-8-novembre-2023\",\"name\":\"compte rendu du conseil extraordinaire des ministres du 8 novembre 2023 - tchad\",\"isPartOf\":{\"@id\":\"https:\/\/www.africa-press.net\/tchad\/#website\"},\"primaryImageOfPage\":{\"@id\":\"https:\/\/www.africa-press.net\/tchad\/politique\/compte-rendu-du-conseil-extraordinaire-des-ministres-du-8-novembre-2023#primaryimage\"},\"image\":{\"@id\":\"https:\/\/www.africa-press.net\/tchad\/politique\/compte-rendu-du-conseil-extraordinaire-des-ministres-du-8-novembre-2023#primaryimage\"},\"thumbnailUrl\":\"https:\/\/static.africa-press.net\/tchad\/sites\/41\/2023\/11\/sm_1699533011.995697.jpg\",\"datePublished\":\"2023-11-09T15:12:14+00:00\",\"dateModified\":\"2023-11-09T16:01:03+00:00\",\"author\":{\"@id\":\"https:\/\/www.africa-press.net\/tchad\/#\/schema\/person\/2b1cf3cd81a31e3cd26889ca66d677f1\"},\"description\":\"Deux projets de textes ont e\u0301te\u0301 examine\u0301s. Le premier est un projet de Loi portant amnistie ge\u0301ne\u0301rale pour les faits c ...\",\"breadcrumb\":{\"@id\":\"https:\/\/www.africa-press.net\/tchad\/politique\/compte-rendu-du-conseil-extraordinaire-des-ministres-du-8-novembre-2023#breadcrumb\"},\"inLanguage\":\"fr-FR\",\"potentialAction\":[{\"@type\":\"ReadAction\",\"target\":[\"https:\/\/www.africa-press.net\/tchad\/politique\/compte-rendu-du-conseil-extraordinaire-des-ministres-du-8-novembre-2023\"]}]},{\"@type\":\"ImageObject\",\"inLanguage\":\"fr-FR\",\"@id\":\"https:\/\/www.africa-press.net\/tchad\/politique\/compte-rendu-du-conseil-extraordinaire-des-ministres-du-8-novembre-2023#primaryimage\",\"url\":\"https:\/\/static.africa-press.net\/tchad\/sites\/41\/2023\/11\/sm_1699533011.995697.jpg\",\"contentUrl\":\"https:\/\/static.africa-press.net\/tchad\/sites\/41\/2023\/11\/sm_1699533011.995697.jpg\",\"width\":1600,\"height\":1066,\"caption\":\"compte rendu du conseil extraordinaire des ministres du 8 novembre 2023\"},{\"@type\":\"BreadcrumbList\",\"@id\":\"https:\/\/www.africa-press.net\/tchad\/politique\/compte-rendu-du-conseil-extraordinaire-des-ministres-du-8-novembre-2023#breadcrumb\",\"itemListElement\":[{\"@type\":\"ListItem\",\"position\":1,\"name\":\"Accueil\",\"item\":\"https:\/\/www.africa-press.net\/tchad\/\"},{\"@type\":\"ListItem\",\"position\":2,\"name\":\"compte rendu du conseil extraordinaire des ministres du 8 novembre 2023\"}]},{\"@type\":\"WebSite\",\"@id\":\"https:\/\/www.africa-press.net\/tchad\/#website\",\"url\":\"https:\/\/www.africa-press.net\/tchad\/\",\"name\":\"tchad\",\"description\":\"Just another Africa News Agency Sites site\",\"potentialAction\":[{\"@type\":\"SearchAction\",\"target\":{\"@type\":\"EntryPoint\",\"urlTemplate\":\"https:\/\/www.africa-press.net\/tchad\/?s={search_term_string}\"},\"query-input\":{\"@type\":\"PropertyValueSpecification\",\"valueRequired\":true,\"valueName\":\"search_term_string\"}}],\"inLanguage\":\"fr-FR\"},{\"@type\":\"Person\",\"@id\":\"https:\/\/www.africa-press.net\/tchad\/#\/schema\/person\/2b1cf3cd81a31e3cd26889ca66d677f1\",\"name\":\"cfeditorfr\"}]}<\/script>\n<!-- \/ Yoast SEO Premium plugin. -->","yoast_head_json":{"title":"compte rendu du conseil extraordinaire des ministres du 8 novembre 2023 - tchad","description":"Deux projets de textes ont e\u0301te\u0301 examine\u0301s. Le premier est un projet de Loi portant amnistie ge\u0301ne\u0301rale pour les faits c ...","robots":{"index":"index","follow":"follow","max-snippet":"max-snippet:-1","max-image-preview":"max-image-preview:large","max-video-preview":"max-video-preview:-1"},"canonical":"https:\/\/www.africa-press.net\/tchad\/politique\/compte-rendu-du-conseil-extraordinaire-des-ministres-du-8-novembre-2023","og_locale":"fr_FR","og_type":"article","og_title":"compte rendu du conseil extraordinaire des ministres du 8 novembre 2023","og_description":"Deux projets de textes ont e\u0301te\u0301 examine\u0301s. Le premier est un projet de Loi portant amnistie ge\u0301ne\u0301rale pour les faits c ...","og_url":"https:\/\/www.africa-press.net\/tchad\/politique\/compte-rendu-du-conseil-extraordinaire-des-ministres-du-8-novembre-2023","og_site_name":"tchad","article_published_time":"2023-11-09T15:12:14+00:00","article_modified_time":"2023-11-09T16:01:03+00:00","og_image":[{"width":1600,"height":1066,"url":"https:\/\/static.africa-press.net\/tchad\/sites\/41\/2023\/11\/sm_1699533011.995697.jpg","type":"image\/jpeg"}],"author":"cfeditorfr","twitter_card":"summary_large_image","twitter_misc":{"\u00c9crit par":"cfeditorfr","Dur\u00e9e de lecture estim\u00e9e":"4 minutes"},"schema":{"@context":"https:\/\/schema.org","@graph":[{"@type":"Article","@id":"https:\/\/www.africa-press.net\/tchad\/politique\/compte-rendu-du-conseil-extraordinaire-des-ministres-du-8-novembre-2023#article","isPartOf":{"@id":"https:\/\/www.africa-press.net\/tchad\/politique\/compte-rendu-du-conseil-extraordinaire-des-ministres-du-8-novembre-2023"},"author":{"name":"cfeditorfr","@id":"https:\/\/www.africa-press.net\/tchad\/#\/schema\/person\/2b1cf3cd81a31e3cd26889ca66d677f1"},"headline":"compte rendu du conseil extraordinaire des ministres du 8 novembre 2023","datePublished":"2023-11-09T15:12:14+00:00","dateModified":"2023-11-09T16:01:03+00:00","mainEntityOfPage":{"@id":"https:\/\/www.africa-press.net\/tchad\/politique\/compte-rendu-du-conseil-extraordinaire-des-ministres-du-8-novembre-2023"},"wordCount":913,"commentCount":0,"image":{"@id":"https:\/\/www.africa-press.net\/tchad\/politique\/compte-rendu-du-conseil-extraordinaire-des-ministres-du-8-novembre-2023#primaryimage"},"thumbnailUrl":"https:\/\/static.africa-press.net\/tchad\/sites\/41\/2023\/11\/sm_1699533011.995697.jpg","keywords":["Africa Press","Africa Press-Tchad","Tchad"],"articleSection":["Politique","Toutes les actualit\u00e9s"],"inLanguage":"fr-FR","potentialAction":[{"@type":"CommentAction","name":"Comment","target":["https:\/\/www.africa-press.net\/tchad\/politique\/compte-rendu-du-conseil-extraordinaire-des-ministres-du-8-novembre-2023#respond"]}]},{"@type":"WebPage","@id":"https:\/\/www.africa-press.net\/tchad\/politique\/compte-rendu-du-conseil-extraordinaire-des-ministres-du-8-novembre-2023","url":"https:\/\/www.africa-press.net\/tchad\/politique\/compte-rendu-du-conseil-extraordinaire-des-ministres-du-8-novembre-2023","name":"compte rendu du conseil extraordinaire des ministres du 8 novembre 2023 - tchad","isPartOf":{"@id":"https:\/\/www.africa-press.net\/tchad\/#website"},"primaryImageOfPage":{"@id":"https:\/\/www.africa-press.net\/tchad\/politique\/compte-rendu-du-conseil-extraordinaire-des-ministres-du-8-novembre-2023#primaryimage"},"image":{"@id":"https:\/\/www.africa-press.net\/tchad\/politique\/compte-rendu-du-conseil-extraordinaire-des-ministres-du-8-novembre-2023#primaryimage"},"thumbnailUrl":"https:\/\/static.africa-press.net\/tchad\/sites\/41\/2023\/11\/sm_1699533011.995697.jpg","datePublished":"2023-11-09T15:12:14+00:00","dateModified":"2023-11-09T16:01:03+00:00","author":{"@id":"https:\/\/www.africa-press.net\/tchad\/#\/schema\/person\/2b1cf3cd81a31e3cd26889ca66d677f1"},"description":"Deux projets de textes ont e\u0301te\u0301 examine\u0301s. Le premier est un projet de Loi portant amnistie ge\u0301ne\u0301rale pour les faits c ...","breadcrumb":{"@id":"https:\/\/www.africa-press.net\/tchad\/politique\/compte-rendu-du-conseil-extraordinaire-des-ministres-du-8-novembre-2023#breadcrumb"},"inLanguage":"fr-FR","potentialAction":[{"@type":"ReadAction","target":["https:\/\/www.africa-press.net\/tchad\/politique\/compte-rendu-du-conseil-extraordinaire-des-ministres-du-8-novembre-2023"]}]},{"@type":"ImageObject","inLanguage":"fr-FR","@id":"https:\/\/www.africa-press.net\/tchad\/politique\/compte-rendu-du-conseil-extraordinaire-des-ministres-du-8-novembre-2023#primaryimage","url":"https:\/\/static.africa-press.net\/tchad\/sites\/41\/2023\/11\/sm_1699533011.995697.jpg","contentUrl":"https:\/\/static.africa-press.net\/tchad\/sites\/41\/2023\/11\/sm_1699533011.995697.jpg","width":1600,"height":1066,"caption":"compte rendu du conseil extraordinaire des ministres du 8 novembre 2023"},{"@type":"BreadcrumbList","@id":"https:\/\/www.africa-press.net\/tchad\/politique\/compte-rendu-du-conseil-extraordinaire-des-ministres-du-8-novembre-2023#breadcrumb","itemListElement":[{"@type":"ListItem","position":1,"name":"Accueil","item":"https:\/\/www.africa-press.net\/tchad\/"},{"@type":"ListItem","position":2,"name":"compte rendu du conseil extraordinaire des ministres du 8 novembre 2023"}]},{"@type":"WebSite","@id":"https:\/\/www.africa-press.net\/tchad\/#website","url":"https:\/\/www.africa-press.net\/tchad\/","name":"tchad","description":"Just another Africa News Agency Sites site","potentialAction":[{"@type":"SearchAction","target":{"@type":"EntryPoint","urlTemplate":"https:\/\/www.africa-press.net\/tchad\/?s={search_term_string}"},"query-input":{"@type":"PropertyValueSpecification","valueRequired":true,"valueName":"search_term_string"}}],"inLanguage":"fr-FR"},{"@type":"Person","@id":"https:\/\/www.africa-press.net\/tchad\/#\/schema\/person\/2b1cf3cd81a31e3cd26889ca66d677f1","name":"cfeditorfr"}]}},"_links":{"self":[{"href":"https:\/\/www.africa-press.net\/tchad\/wp-json\/wp\/v2\/posts\/53716","targetHints":{"allow":["GET"]}}],"collection":[{"href":"https:\/\/www.africa-press.net\/tchad\/wp-json\/wp\/v2\/posts"}],"about":[{"href":"https:\/\/www.africa-press.net\/tchad\/wp-json\/wp\/v2\/types\/post"}],"author":[{"embeddable":true,"href":"https:\/\/www.africa-press.net\/tchad\/wp-json\/wp\/v2\/users\/82"}],"replies":[{"embeddable":true,"href":"https:\/\/www.africa-press.net\/tchad\/wp-json\/wp\/v2\/comments?post=53716"}],"version-history":[{"count":0,"href":"https:\/\/www.africa-press.net\/tchad\/wp-json\/wp\/v2\/posts\/53716\/revisions"}],"wp:featuredmedia":[{"embeddable":true,"href":"https:\/\/www.africa-press.net\/tchad\/wp-json\/wp\/v2\/media\/53714"}],"wp:attachment":[{"href":"https:\/\/www.africa-press.net\/tchad\/wp-json\/wp\/v2\/media?parent=53716"}],"wp:term":[{"taxonomy":"category","embeddable":true,"href":"https:\/\/www.africa-press.net\/tchad\/wp-json\/wp\/v2\/categories?post=53716"},{"taxonomy":"post_tag","embeddable":true,"href":"https:\/\/www.africa-press.net\/tchad\/wp-json\/wp\/v2\/tags?post=53716"}],"curies":[{"name":"wp","href":"https:\/\/api.w.org\/{rel}","templated":true}]}}