{"id":53722,"date":"2023-11-09T15:12:57","date_gmt":"2023-11-09T15:12:57","guid":{"rendered":"https:\/\/www.africa-press.net\/tchad\/politique\/plaidoyer-pour-la-campagne-de-vaccination-contre-la-poliomyelite-au-kanem"},"modified":"2023-11-09T16:02:09","modified_gmt":"2023-11-09T16:02:09","slug":"plaidoyer-pour-la-campagne-de-vaccination-contre-la-poliomyelite-au-kanem","status":"publish","type":"post","link":"https:\/\/www.africa-press.net\/tchad\/toutes-les-actualites\/plaidoyer-pour-la-campagne-de-vaccination-contre-la-poliomyelite-au-kanem","title":{"rendered":"plaidoyer pour la campagne de vaccination contre la poliomy\u00e9lite au Kanem"},"content":{"rendered":"<p><span style=\"color: #ff6600\"><strong>Africa-Press &#8211; Tchad. <\/strong><\/span>Dans le cadre de la prochaine campagne de vaccination contre la poliomye\u0301lite qui se de\u0301roulera du 10 au 12 novembre dans la province du Kanem, une re\u0301union de plaidoyer a e\u0301te\u0301 tenue le mercredi 8 novembre 2023 a\u0300 Mao.<\/p>\n<p>Cette re\u0301union a e\u0301te\u0301 organise\u0301e par la De\u0301le\u0301gation Provinciale de la Sante\u0301 Publique et de la Pre\u0301vention du Kanem et pre\u0301side\u0301e par Moustapha Mahamat Nour, Conseiller E\u0301conomique du Gouvernorat, en repre\u0301sentation du gouverneur.<\/p>\n<p>Plusieurs acteurs e\u0301taient pre\u0301sents a\u0300 cette re\u0301union, y compris des autorite\u0301s administratives, des repre\u0301sentants d&rsquo;ONG et des responsables d&rsquo;organisations locales.<\/p>\n<p>La campagne de vaccination vise a\u0300 immuniser les enfants a\u0302ge\u0301s de 6 a\u0300 59 mois dans l&rsquo;ensemble de la province du Kanem, dans le but de lutter contre la poliomye\u0301lite.<\/p>\n<p><strong>Pour plus d&rsquo;informations et d&rsquo;analyses sur la <a href=\"https:\/\/www.africa-press.net\/tchad\">Tchad<\/a>, suivez <a href=\"https:\/\/www.africa-press.net\/\">Africa-Press<\/a><\/strong><\/p>\n","protected":false},"excerpt":{"rendered":"<p>Africa-Press &#8211; Tchad. Dans le cadre de la prochaine campagne de vaccination contre la poliomye\u0301lite qui se de\u0301roulera du 10 au 12 novembre dans la province du Kanem, une re\u0301union de plaidoyer a e\u0301te\u0301 tenue le mercredi 8 novembre 2023 a\u0300 Mao. Cette re\u0301union a e\u0301te\u0301 organise\u0301e par la De\u0301le\u0301gation Provinciale de la Sante\u0301 Publique [&hellip;]<\/p>\n","protected":false},"author":82,"featured_media":53720,"comment_status":"open","ping_status":"closed","sticky":false,"template":"","format":"standard","meta":{"footnotes":""},"categories":[21,10],"tags":[37,292,29],"class_list":["post-53722","post","type-post","status-publish","format-standard","has-post-thumbnail","hentry","category-communaute","category-toutes-les-actualites","tag-africa-press","tag-africa-press-tchad","tag-tchad"],"yoast_head":"<!-- This site is optimized with the Yoast SEO Premium plugin v26.1 (Yoast SEO v27.0) - https:\/\/yoast.com\/product\/yoast-seo-premium-wordpress\/ -->\n<title>plaidoyer pour la campagne de vaccination contre la poliomy\u00e9lite au Kanem - tchad<\/title>\n<meta name=\"description\" content=\"Dans le cadre de la prochaine campagne de vaccination contre la poliomye\u0301lite qui se de\u0301roulera du 10 au 12 novembre dan ...\" \/>\n<meta name=\"robots\" content=\"index, follow, max-snippet:-1, max-image-preview:large, max-video-preview:-1\" \/>\n<link rel=\"canonical\" href=\"https:\/\/www.africa-press.net\/tchad\/toutes-les-actualites\/plaidoyer-pour-la-campagne-de-vaccination-contre-la-poliomyelite-au-kanem\" \/>\n<meta property=\"og:locale\" content=\"fr_FR\" \/>\n<meta property=\"og:type\" content=\"article\" \/>\n<meta property=\"og:title\" content=\"plaidoyer pour la campagne de vaccination contre la poliomy\u00e9lite au Kanem\" \/>\n<meta property=\"og:description\" content=\"Dans le cadre de la prochaine campagne de vaccination contre la poliomye\u0301lite qui se de\u0301roulera du 10 au 12 novembre dan ...\" \/>\n<meta property=\"og:url\" content=\"https:\/\/www.africa-press.net\/tchad\/toutes-les-actualites\/plaidoyer-pour-la-campagne-de-vaccination-contre-la-poliomyelite-au-kanem\" \/>\n<meta property=\"og:site_name\" content=\"tchad\" \/>\n<meta property=\"article:published_time\" content=\"2023-11-09T15:12:57+00:00\" \/>\n<meta property=\"article:modified_time\" content=\"2023-11-09T16:02:09+00:00\" \/>\n<meta property=\"og:image\" content=\"https:\/\/static.africa-press.net\/tchad\/sites\/41\/2023\/11\/sm_1699533081.088833.jpg\" \/>\n\t<meta property=\"og:image:width\" content=\"1020\" \/>\n\t<meta property=\"og:image:height\" content=\"765\" \/>\n\t<meta property=\"og:image:type\" content=\"image\/jpeg\" \/>\n<meta name=\"author\" content=\"cfeditorfr\" \/>\n<meta name=\"twitter:card\" content=\"summary_large_image\" \/>\n<meta name=\"twitter:label1\" content=\"\u00c9crit par\" \/>\n\t<meta name=\"twitter:data1\" content=\"cfeditorfr\" \/>\n\t<meta name=\"twitter:label2\" content=\"Dur\u00e9e de lecture estim\u00e9e\" \/>\n\t<meta name=\"twitter:data2\" content=\"1 minute\" \/>\n<script type=\"application\/ld+json\" class=\"yoast-schema-graph\">{\"@context\":\"https:\/\/schema.org\",\"@graph\":[{\"@type\":\"Article\",\"@id\":\"https:\/\/www.africa-press.net\/tchad\/toutes-les-actualites\/plaidoyer-pour-la-campagne-de-vaccination-contre-la-poliomyelite-au-kanem#article\",\"isPartOf\":{\"@id\":\"https:\/\/www.africa-press.net\/tchad\/toutes-les-actualites\/plaidoyer-pour-la-campagne-de-vaccination-contre-la-poliomyelite-au-kanem\"},\"author\":{\"name\":\"cfeditorfr\",\"@id\":\"https:\/\/www.africa-press.net\/tchad\/#\/schema\/person\/2b1cf3cd81a31e3cd26889ca66d677f1\"},\"headline\":\"plaidoyer pour la campagne de vaccination contre la poliomy\u00e9lite au Kanem\",\"datePublished\":\"2023-11-09T15:12:57+00:00\",\"dateModified\":\"2023-11-09T16:02:09+00:00\",\"mainEntityOfPage\":{\"@id\":\"https:\/\/www.africa-press.net\/tchad\/toutes-les-actualites\/plaidoyer-pour-la-campagne-de-vaccination-contre-la-poliomyelite-au-kanem\"},\"wordCount\":168,\"commentCount\":0,\"image\":{\"@id\":\"https:\/\/www.africa-press.net\/tchad\/toutes-les-actualites\/plaidoyer-pour-la-campagne-de-vaccination-contre-la-poliomyelite-au-kanem#primaryimage\"},\"thumbnailUrl\":\"https:\/\/static.africa-press.net\/tchad\/sites\/41\/2023\/11\/sm_1699533081.088833.jpg\",\"keywords\":[\"Africa Press\",\"Africa Press-Tchad\",\"Tchad\"],\"articleSection\":[\"Communaut\u00e9\",\"Toutes les actualit\u00e9s\"],\"inLanguage\":\"fr-FR\",\"potentialAction\":[{\"@type\":\"CommentAction\",\"name\":\"Comment\",\"target\":[\"https:\/\/www.africa-press.net\/tchad\/toutes-les-actualites\/plaidoyer-pour-la-campagne-de-vaccination-contre-la-poliomyelite-au-kanem#respond\"]}]},{\"@type\":\"WebPage\",\"@id\":\"https:\/\/www.africa-press.net\/tchad\/toutes-les-actualites\/plaidoyer-pour-la-campagne-de-vaccination-contre-la-poliomyelite-au-kanem\",\"url\":\"https:\/\/www.africa-press.net\/tchad\/toutes-les-actualites\/plaidoyer-pour-la-campagne-de-vaccination-contre-la-poliomyelite-au-kanem\",\"name\":\"plaidoyer pour la campagne de vaccination contre la poliomy\u00e9lite au Kanem - tchad\",\"isPartOf\":{\"@id\":\"https:\/\/www.africa-press.net\/tchad\/#website\"},\"primaryImageOfPage\":{\"@id\":\"https:\/\/www.africa-press.net\/tchad\/toutes-les-actualites\/plaidoyer-pour-la-campagne-de-vaccination-contre-la-poliomyelite-au-kanem#primaryimage\"},\"image\":{\"@id\":\"https:\/\/www.africa-press.net\/tchad\/toutes-les-actualites\/plaidoyer-pour-la-campagne-de-vaccination-contre-la-poliomyelite-au-kanem#primaryimage\"},\"thumbnailUrl\":\"https:\/\/static.africa-press.net\/tchad\/sites\/41\/2023\/11\/sm_1699533081.088833.jpg\",\"datePublished\":\"2023-11-09T15:12:57+00:00\",\"dateModified\":\"2023-11-09T16:02:09+00:00\",\"author\":{\"@id\":\"https:\/\/www.africa-press.net\/tchad\/#\/schema\/person\/2b1cf3cd81a31e3cd26889ca66d677f1\"},\"description\":\"Dans le cadre de la prochaine campagne de vaccination contre la poliomye\u0301lite qui se de\u0301roulera du 10 au 12 novembre dan ...\",\"breadcrumb\":{\"@id\":\"https:\/\/www.africa-press.net\/tchad\/toutes-les-actualites\/plaidoyer-pour-la-campagne-de-vaccination-contre-la-poliomyelite-au-kanem#breadcrumb\"},\"inLanguage\":\"fr-FR\",\"potentialAction\":[{\"@type\":\"ReadAction\",\"target\":[\"https:\/\/www.africa-press.net\/tchad\/toutes-les-actualites\/plaidoyer-pour-la-campagne-de-vaccination-contre-la-poliomyelite-au-kanem\"]}]},{\"@type\":\"ImageObject\",\"inLanguage\":\"fr-FR\",\"@id\":\"https:\/\/www.africa-press.net\/tchad\/toutes-les-actualites\/plaidoyer-pour-la-campagne-de-vaccination-contre-la-poliomyelite-au-kanem#primaryimage\",\"url\":\"https:\/\/static.africa-press.net\/tchad\/sites\/41\/2023\/11\/sm_1699533081.088833.jpg\",\"contentUrl\":\"https:\/\/static.africa-press.net\/tchad\/sites\/41\/2023\/11\/sm_1699533081.088833.jpg\",\"width\":1020,\"height\":765,\"caption\":\"plaidoyer pour la campagne de vaccination contre la poliomy\u00e9lite au Kanem\"},{\"@type\":\"BreadcrumbList\",\"@id\":\"https:\/\/www.africa-press.net\/tchad\/toutes-les-actualites\/plaidoyer-pour-la-campagne-de-vaccination-contre-la-poliomyelite-au-kanem#breadcrumb\",\"itemListElement\":[{\"@type\":\"ListItem\",\"position\":1,\"name\":\"Accueil\",\"item\":\"https:\/\/www.africa-press.net\/tchad\/\"},{\"@type\":\"ListItem\",\"position\":2,\"name\":\"plaidoyer pour la campagne de vaccination contre la poliomy\u00e9lite au Kanem\"}]},{\"@type\":\"WebSite\",\"@id\":\"https:\/\/www.africa-press.net\/tchad\/#website\",\"url\":\"https:\/\/www.africa-press.net\/tchad\/\",\"name\":\"tchad\",\"description\":\"Just another Africa News Agency Sites site\",\"potentialAction\":[{\"@type\":\"SearchAction\",\"target\":{\"@type\":\"EntryPoint\",\"urlTemplate\":\"https:\/\/www.africa-press.net\/tchad\/?s={search_term_string}\"},\"query-input\":{\"@type\":\"PropertyValueSpecification\",\"valueRequired\":true,\"valueName\":\"search_term_string\"}}],\"inLanguage\":\"fr-FR\"},{\"@type\":\"Person\",\"@id\":\"https:\/\/www.africa-press.net\/tchad\/#\/schema\/person\/2b1cf3cd81a31e3cd26889ca66d677f1\",\"name\":\"cfeditorfr\"}]}<\/script>\n<!-- \/ Yoast SEO Premium plugin. -->","yoast_head_json":{"title":"plaidoyer pour la campagne de vaccination contre la poliomy\u00e9lite au Kanem - tchad","description":"Dans le cadre de la prochaine campagne de vaccination contre la poliomye\u0301lite qui se de\u0301roulera du 10 au 12 novembre dan ...","robots":{"index":"index","follow":"follow","max-snippet":"max-snippet:-1","max-image-preview":"max-image-preview:large","max-video-preview":"max-video-preview:-1"},"canonical":"https:\/\/www.africa-press.net\/tchad\/toutes-les-actualites\/plaidoyer-pour-la-campagne-de-vaccination-contre-la-poliomyelite-au-kanem","og_locale":"fr_FR","og_type":"article","og_title":"plaidoyer pour la campagne de vaccination contre la poliomy\u00e9lite au Kanem","og_description":"Dans le cadre de la prochaine campagne de vaccination contre la poliomye\u0301lite qui se de\u0301roulera du 10 au 12 novembre dan ...","og_url":"https:\/\/www.africa-press.net\/tchad\/toutes-les-actualites\/plaidoyer-pour-la-campagne-de-vaccination-contre-la-poliomyelite-au-kanem","og_site_name":"tchad","article_published_time":"2023-11-09T15:12:57+00:00","article_modified_time":"2023-11-09T16:02:09+00:00","og_image":[{"width":1020,"height":765,"url":"https:\/\/static.africa-press.net\/tchad\/sites\/41\/2023\/11\/sm_1699533081.088833.jpg","type":"image\/jpeg"}],"author":"cfeditorfr","twitter_card":"summary_large_image","twitter_misc":{"\u00c9crit par":"cfeditorfr","Dur\u00e9e de lecture estim\u00e9e":"1 minute"},"schema":{"@context":"https:\/\/schema.org","@graph":[{"@type":"Article","@id":"https:\/\/www.africa-press.net\/tchad\/toutes-les-actualites\/plaidoyer-pour-la-campagne-de-vaccination-contre-la-poliomyelite-au-kanem#article","isPartOf":{"@id":"https:\/\/www.africa-press.net\/tchad\/toutes-les-actualites\/plaidoyer-pour-la-campagne-de-vaccination-contre-la-poliomyelite-au-kanem"},"author":{"name":"cfeditorfr","@id":"https:\/\/www.africa-press.net\/tchad\/#\/schema\/person\/2b1cf3cd81a31e3cd26889ca66d677f1"},"headline":"plaidoyer pour la campagne de vaccination contre la poliomy\u00e9lite au Kanem","datePublished":"2023-11-09T15:12:57+00:00","dateModified":"2023-11-09T16:02:09+00:00","mainEntityOfPage":{"@id":"https:\/\/www.africa-press.net\/tchad\/toutes-les-actualites\/plaidoyer-pour-la-campagne-de-vaccination-contre-la-poliomyelite-au-kanem"},"wordCount":168,"commentCount":0,"image":{"@id":"https:\/\/www.africa-press.net\/tchad\/toutes-les-actualites\/plaidoyer-pour-la-campagne-de-vaccination-contre-la-poliomyelite-au-kanem#primaryimage"},"thumbnailUrl":"https:\/\/static.africa-press.net\/tchad\/sites\/41\/2023\/11\/sm_1699533081.088833.jpg","keywords":["Africa Press","Africa Press-Tchad","Tchad"],"articleSection":["Communaut\u00e9","Toutes les actualit\u00e9s"],"inLanguage":"fr-FR","potentialAction":[{"@type":"CommentAction","name":"Comment","target":["https:\/\/www.africa-press.net\/tchad\/toutes-les-actualites\/plaidoyer-pour-la-campagne-de-vaccination-contre-la-poliomyelite-au-kanem#respond"]}]},{"@type":"WebPage","@id":"https:\/\/www.africa-press.net\/tchad\/toutes-les-actualites\/plaidoyer-pour-la-campagne-de-vaccination-contre-la-poliomyelite-au-kanem","url":"https:\/\/www.africa-press.net\/tchad\/toutes-les-actualites\/plaidoyer-pour-la-campagne-de-vaccination-contre-la-poliomyelite-au-kanem","name":"plaidoyer pour la campagne de vaccination contre la poliomy\u00e9lite au Kanem - tchad","isPartOf":{"@id":"https:\/\/www.africa-press.net\/tchad\/#website"},"primaryImageOfPage":{"@id":"https:\/\/www.africa-press.net\/tchad\/toutes-les-actualites\/plaidoyer-pour-la-campagne-de-vaccination-contre-la-poliomyelite-au-kanem#primaryimage"},"image":{"@id":"https:\/\/www.africa-press.net\/tchad\/toutes-les-actualites\/plaidoyer-pour-la-campagne-de-vaccination-contre-la-poliomyelite-au-kanem#primaryimage"},"thumbnailUrl":"https:\/\/static.africa-press.net\/tchad\/sites\/41\/2023\/11\/sm_1699533081.088833.jpg","datePublished":"2023-11-09T15:12:57+00:00","dateModified":"2023-11-09T16:02:09+00:00","author":{"@id":"https:\/\/www.africa-press.net\/tchad\/#\/schema\/person\/2b1cf3cd81a31e3cd26889ca66d677f1"},"description":"Dans le cadre de la prochaine campagne de vaccination contre la poliomye\u0301lite qui se de\u0301roulera du 10 au 12 novembre dan ...","breadcrumb":{"@id":"https:\/\/www.africa-press.net\/tchad\/toutes-les-actualites\/plaidoyer-pour-la-campagne-de-vaccination-contre-la-poliomyelite-au-kanem#breadcrumb"},"inLanguage":"fr-FR","potentialAction":[{"@type":"ReadAction","target":["https:\/\/www.africa-press.net\/tchad\/toutes-les-actualites\/plaidoyer-pour-la-campagne-de-vaccination-contre-la-poliomyelite-au-kanem"]}]},{"@type":"ImageObject","inLanguage":"fr-FR","@id":"https:\/\/www.africa-press.net\/tchad\/toutes-les-actualites\/plaidoyer-pour-la-campagne-de-vaccination-contre-la-poliomyelite-au-kanem#primaryimage","url":"https:\/\/static.africa-press.net\/tchad\/sites\/41\/2023\/11\/sm_1699533081.088833.jpg","contentUrl":"https:\/\/static.africa-press.net\/tchad\/sites\/41\/2023\/11\/sm_1699533081.088833.jpg","width":1020,"height":765,"caption":"plaidoyer pour la campagne de vaccination contre la poliomy\u00e9lite au Kanem"},{"@type":"BreadcrumbList","@id":"https:\/\/www.africa-press.net\/tchad\/toutes-les-actualites\/plaidoyer-pour-la-campagne-de-vaccination-contre-la-poliomyelite-au-kanem#breadcrumb","itemListElement":[{"@type":"ListItem","position":1,"name":"Accueil","item":"https:\/\/www.africa-press.net\/tchad\/"},{"@type":"ListItem","position":2,"name":"plaidoyer pour la campagne de vaccination contre la poliomy\u00e9lite au Kanem"}]},{"@type":"WebSite","@id":"https:\/\/www.africa-press.net\/tchad\/#website","url":"https:\/\/www.africa-press.net\/tchad\/","name":"tchad","description":"Just another Africa News Agency Sites site","potentialAction":[{"@type":"SearchAction","target":{"@type":"EntryPoint","urlTemplate":"https:\/\/www.africa-press.net\/tchad\/?s={search_term_string}"},"query-input":{"@type":"PropertyValueSpecification","valueRequired":true,"valueName":"search_term_string"}}],"inLanguage":"fr-FR"},{"@type":"Person","@id":"https:\/\/www.africa-press.net\/tchad\/#\/schema\/person\/2b1cf3cd81a31e3cd26889ca66d677f1","name":"cfeditorfr"}]}},"_links":{"self":[{"href":"https:\/\/www.africa-press.net\/tchad\/wp-json\/wp\/v2\/posts\/53722","targetHints":{"allow":["GET"]}}],"collection":[{"href":"https:\/\/www.africa-press.net\/tchad\/wp-json\/wp\/v2\/posts"}],"about":[{"href":"https:\/\/www.africa-press.net\/tchad\/wp-json\/wp\/v2\/types\/post"}],"author":[{"embeddable":true,"href":"https:\/\/www.africa-press.net\/tchad\/wp-json\/wp\/v2\/users\/82"}],"replies":[{"embeddable":true,"href":"https:\/\/www.africa-press.net\/tchad\/wp-json\/wp\/v2\/comments?post=53722"}],"version-history":[{"count":0,"href":"https:\/\/www.africa-press.net\/tchad\/wp-json\/wp\/v2\/posts\/53722\/revisions"}],"wp:featuredmedia":[{"embeddable":true,"href":"https:\/\/www.africa-press.net\/tchad\/wp-json\/wp\/v2\/media\/53720"}],"wp:attachment":[{"href":"https:\/\/www.africa-press.net\/tchad\/wp-json\/wp\/v2\/media?parent=53722"}],"wp:term":[{"taxonomy":"category","embeddable":true,"href":"https:\/\/www.africa-press.net\/tchad\/wp-json\/wp\/v2\/categories?post=53722"},{"taxonomy":"post_tag","embeddable":true,"href":"https:\/\/www.africa-press.net\/tchad\/wp-json\/wp\/v2\/tags?post=53722"}],"curies":[{"name":"wp","href":"https:\/\/api.w.org\/{rel}","templated":true}]}}