{"id":53725,"date":"2023-11-09T15:13:09","date_gmt":"2023-11-09T15:13:09","guid":{"rendered":"https:\/\/www.africa-press.net\/tchad\/politique\/le-rjhdt-appelle-a-la-mobilisation-face-a-la-crise-humanitaire"},"modified":"2023-11-09T16:02:44","modified_gmt":"2023-11-09T16:02:44","slug":"le-rjhdt-appelle-a-la-mobilisation-face-a-la-crise-humanitaire","status":"publish","type":"post","link":"https:\/\/www.africa-press.net\/tchad\/politique\/le-rjhdt-appelle-a-la-mobilisation-face-a-la-crise-humanitaire","title":{"rendered":"le RJHDT appelle \u00e0 la mobilisation face \u00e0 la crise humanitaire"},"content":{"rendered":"<p><span style=\"color: #ff6600\"><strong>Africa-Press &#8211; Tchad. <\/strong><\/span>Lors d&rsquo;une confe\u0301rence de presse tenue le mercredi 8 novembre 2023 a\u0300 la Maison des Me\u0301dias du Tchad (MMT), le Re\u0301seau des Journalistes pour l&rsquo;Humanitaire et le De\u0301veloppement Durable au Tchad (RJHDT) exhorte les me\u0301dias a\u0300 se mobiliser en faveur de la crise humanitaire a\u0300 l&rsquo;Est du Tchad.<\/p>\n<p>Le pre\u0301sident du RJHDT, Djibrine Nour Alwali, explique qu&rsquo;il s&rsquo;agit d&rsquo;un ensemble d&rsquo;activite\u0301s englobant l&rsquo;information, la communication, le plaidoyer, le travail sur le terrain et le renforcement des capacite\u0301s, dans le but de mettre en valeur le travail effectue\u0301 par les humanitaires sur place, de manie\u0300re disperse\u0301e et de cre\u0301er une dynamique au sein de la profession.<\/p>\n<p>E\u0301voquant la situation humanitaire, Djibrine Nour Alwali souligne que l&rsquo;afflux de re\u0301fugie\u0301s soudanais, et de Tchadiens revenant du Darfour, est sans pre\u0301ce\u0301dent et se produit par plus de 32 points d&rsquo;entre\u0301e frontaliers.<\/p>\n<p>Gra\u0302ce aux efforts du gouvernement tchadien, via la CNARR (Commission Nationale d&rsquo;Accueil, de Re\u0301insertion des Re\u0301fugie\u0301s et des Rapatrie\u0301s), de l&rsquo;UNHCR (Haut-Commissariat des Nations Unies pour les Re\u0301fugie\u0301s) et de l&rsquo;OIM (Organisation Internationale pour les Migrations), on de\u0301nombre plus de 423 657 nouveaux re\u0301fugie\u0301s au 31 octobre 2023.<\/p>\n<p>Le nombre total de re\u0301fugie\u0301s et de demandeurs d&rsquo;asile au Tchad a ainsi augmente\u0301 de 75 % par rapport au de\u0301but de l&rsquo;anne\u0301e, atteignant un total de 1 055 122 re\u0301fugie\u0301s, pre\u0301cise le pre\u0301sident du re\u0301seau.<\/p>\n<p>Le re\u0301seau lance un appel en interpellant les acteurs humanitaires a\u0300 accorder une plus grande attention a\u0300 la question de l&rsquo;information et a\u0300 accompagner le Re\u0301seau dans la mise en \u0153uvre de ses actions, toutes unies sous la bannie\u0300re de la promotion du secteur de l&rsquo;information, en vue d&rsquo;une re\u0301partition plus e\u0301quitable de l&rsquo;aide internationale en faveur du Tchad.<\/p>\n<p>Le re\u0301seau appelle e\u0301galement les diffe\u0301rents organes de presse a\u0300 e\u0302tre plus re\u0301ceptifs aux actions pre\u0301vues et a\u0300 s&rsquo;impliquer dans cette cause.<\/p>\n<p><strong>Pour plus d&rsquo;informations et d&rsquo;analyses sur la <a href=\"https:\/\/www.africa-press.net\/tchad\">Tchad<\/a>, suivez <a href=\"https:\/\/www.africa-press.net\/\">Africa-Press<\/a><\/strong><\/p>\n","protected":false},"excerpt":{"rendered":"<p>Africa-Press &#8211; Tchad. Lors d&rsquo;une confe\u0301rence de presse tenue le mercredi 8 novembre 2023 a\u0300 la Maison des Me\u0301dias du Tchad (MMT), le Re\u0301seau des Journalistes pour l&rsquo;Humanitaire et le De\u0301veloppement Durable au Tchad (RJHDT) exhorte les me\u0301dias a\u0300 se mobiliser en faveur de la crise humanitaire a\u0300 l&rsquo;Est du Tchad. Le pre\u0301sident du RJHDT, [&hellip;]<\/p>\n","protected":false},"author":82,"featured_media":53723,"comment_status":"open","ping_status":"closed","sticky":false,"template":"","format":"standard","meta":{"footnotes":""},"categories":[2,10],"tags":[37,292,29],"class_list":["post-53725","post","type-post","status-publish","format-standard","has-post-thumbnail","hentry","category-politique","category-toutes-les-actualites","tag-africa-press","tag-africa-press-tchad","tag-tchad"],"yoast_head":"<!-- This site is optimized with the Yoast SEO Premium plugin v26.1 (Yoast SEO v27.0) - https:\/\/yoast.com\/product\/yoast-seo-premium-wordpress\/ -->\n<title>le RJHDT appelle \u00e0 la mobilisation face \u00e0 la crise humanitaire - tchad<\/title>\n<meta name=\"description\" content=\"Lors d&#039;une confe\u0301rence de presse tenue le mercredi 8 novembre 2023 a\u0300 la Maison des Me\u0301dias du Tchad (MMT), le Re\u0301seau d ...\" \/>\n<meta name=\"robots\" content=\"index, follow, max-snippet:-1, max-image-preview:large, max-video-preview:-1\" \/>\n<link rel=\"canonical\" href=\"https:\/\/www.africa-press.net\/tchad\/politique\/le-rjhdt-appelle-a-la-mobilisation-face-a-la-crise-humanitaire\" \/>\n<meta property=\"og:locale\" content=\"fr_FR\" \/>\n<meta property=\"og:type\" content=\"article\" \/>\n<meta property=\"og:title\" content=\"le RJHDT appelle \u00e0 la mobilisation face \u00e0 la crise humanitaire\" \/>\n<meta property=\"og:description\" content=\"Lors d&#039;une confe\u0301rence de presse tenue le mercredi 8 novembre 2023 a\u0300 la Maison des Me\u0301dias du Tchad (MMT), le Re\u0301seau d ...\" \/>\n<meta property=\"og:url\" content=\"https:\/\/www.africa-press.net\/tchad\/politique\/le-rjhdt-appelle-a-la-mobilisation-face-a-la-crise-humanitaire\" \/>\n<meta property=\"og:site_name\" content=\"tchad\" \/>\n<meta property=\"article:published_time\" content=\"2023-11-09T15:13:09+00:00\" \/>\n<meta property=\"article:modified_time\" content=\"2023-11-09T16:02:44+00:00\" \/>\n<meta property=\"og:image\" content=\"https:\/\/static.africa-press.net\/tchad\/sites\/41\/2023\/11\/sm_1699533115.931492.jpg\" \/>\n\t<meta property=\"og:image:width\" content=\"1018\" \/>\n\t<meta property=\"og:image:height\" content=\"501\" \/>\n\t<meta property=\"og:image:type\" content=\"image\/jpeg\" \/>\n<meta name=\"author\" content=\"cfeditorfr\" \/>\n<meta name=\"twitter:card\" content=\"summary_large_image\" \/>\n<meta name=\"twitter:label1\" content=\"\u00c9crit par\" \/>\n\t<meta name=\"twitter:data1\" content=\"cfeditorfr\" \/>\n\t<meta name=\"twitter:label2\" content=\"Dur\u00e9e de lecture estim\u00e9e\" \/>\n\t<meta name=\"twitter:data2\" content=\"2 minutes\" \/>\n<script type=\"application\/ld+json\" class=\"yoast-schema-graph\">{\"@context\":\"https:\/\/schema.org\",\"@graph\":[{\"@type\":\"Article\",\"@id\":\"https:\/\/www.africa-press.net\/tchad\/politique\/le-rjhdt-appelle-a-la-mobilisation-face-a-la-crise-humanitaire#article\",\"isPartOf\":{\"@id\":\"https:\/\/www.africa-press.net\/tchad\/politique\/le-rjhdt-appelle-a-la-mobilisation-face-a-la-crise-humanitaire\"},\"author\":{\"name\":\"cfeditorfr\",\"@id\":\"https:\/\/www.africa-press.net\/tchad\/#\/schema\/person\/2b1cf3cd81a31e3cd26889ca66d677f1\"},\"headline\":\"le RJHDT appelle \u00e0 la mobilisation face \u00e0 la crise humanitaire\",\"datePublished\":\"2023-11-09T15:13:09+00:00\",\"dateModified\":\"2023-11-09T16:02:44+00:00\",\"mainEntityOfPage\":{\"@id\":\"https:\/\/www.africa-press.net\/tchad\/politique\/le-rjhdt-appelle-a-la-mobilisation-face-a-la-crise-humanitaire\"},\"wordCount\":381,\"commentCount\":0,\"image\":{\"@id\":\"https:\/\/www.africa-press.net\/tchad\/politique\/le-rjhdt-appelle-a-la-mobilisation-face-a-la-crise-humanitaire#primaryimage\"},\"thumbnailUrl\":\"https:\/\/static.africa-press.net\/tchad\/sites\/41\/2023\/11\/sm_1699533115.931492.jpg\",\"keywords\":[\"Africa Press\",\"Africa Press-Tchad\",\"Tchad\"],\"articleSection\":[\"Politique\",\"Toutes les actualit\u00e9s\"],\"inLanguage\":\"fr-FR\",\"potentialAction\":[{\"@type\":\"CommentAction\",\"name\":\"Comment\",\"target\":[\"https:\/\/www.africa-press.net\/tchad\/politique\/le-rjhdt-appelle-a-la-mobilisation-face-a-la-crise-humanitaire#respond\"]}]},{\"@type\":\"WebPage\",\"@id\":\"https:\/\/www.africa-press.net\/tchad\/politique\/le-rjhdt-appelle-a-la-mobilisation-face-a-la-crise-humanitaire\",\"url\":\"https:\/\/www.africa-press.net\/tchad\/politique\/le-rjhdt-appelle-a-la-mobilisation-face-a-la-crise-humanitaire\",\"name\":\"le RJHDT appelle \u00e0 la mobilisation face \u00e0 la crise humanitaire - tchad\",\"isPartOf\":{\"@id\":\"https:\/\/www.africa-press.net\/tchad\/#website\"},\"primaryImageOfPage\":{\"@id\":\"https:\/\/www.africa-press.net\/tchad\/politique\/le-rjhdt-appelle-a-la-mobilisation-face-a-la-crise-humanitaire#primaryimage\"},\"image\":{\"@id\":\"https:\/\/www.africa-press.net\/tchad\/politique\/le-rjhdt-appelle-a-la-mobilisation-face-a-la-crise-humanitaire#primaryimage\"},\"thumbnailUrl\":\"https:\/\/static.africa-press.net\/tchad\/sites\/41\/2023\/11\/sm_1699533115.931492.jpg\",\"datePublished\":\"2023-11-09T15:13:09+00:00\",\"dateModified\":\"2023-11-09T16:02:44+00:00\",\"author\":{\"@id\":\"https:\/\/www.africa-press.net\/tchad\/#\/schema\/person\/2b1cf3cd81a31e3cd26889ca66d677f1\"},\"description\":\"Lors d'une confe\u0301rence de presse tenue le mercredi 8 novembre 2023 a\u0300 la Maison des Me\u0301dias du Tchad (MMT), le Re\u0301seau d ...\",\"breadcrumb\":{\"@id\":\"https:\/\/www.africa-press.net\/tchad\/politique\/le-rjhdt-appelle-a-la-mobilisation-face-a-la-crise-humanitaire#breadcrumb\"},\"inLanguage\":\"fr-FR\",\"potentialAction\":[{\"@type\":\"ReadAction\",\"target\":[\"https:\/\/www.africa-press.net\/tchad\/politique\/le-rjhdt-appelle-a-la-mobilisation-face-a-la-crise-humanitaire\"]}]},{\"@type\":\"ImageObject\",\"inLanguage\":\"fr-FR\",\"@id\":\"https:\/\/www.africa-press.net\/tchad\/politique\/le-rjhdt-appelle-a-la-mobilisation-face-a-la-crise-humanitaire#primaryimage\",\"url\":\"https:\/\/static.africa-press.net\/tchad\/sites\/41\/2023\/11\/sm_1699533115.931492.jpg\",\"contentUrl\":\"https:\/\/static.africa-press.net\/tchad\/sites\/41\/2023\/11\/sm_1699533115.931492.jpg\",\"width\":1018,\"height\":501,\"caption\":\"le RJHDT appelle \u00e0 la mobilisation face \u00e0 la crise humanitaire\"},{\"@type\":\"BreadcrumbList\",\"@id\":\"https:\/\/www.africa-press.net\/tchad\/politique\/le-rjhdt-appelle-a-la-mobilisation-face-a-la-crise-humanitaire#breadcrumb\",\"itemListElement\":[{\"@type\":\"ListItem\",\"position\":1,\"name\":\"Accueil\",\"item\":\"https:\/\/www.africa-press.net\/tchad\/\"},{\"@type\":\"ListItem\",\"position\":2,\"name\":\"le RJHDT appelle \u00e0 la mobilisation face \u00e0 la crise humanitaire\"}]},{\"@type\":\"WebSite\",\"@id\":\"https:\/\/www.africa-press.net\/tchad\/#website\",\"url\":\"https:\/\/www.africa-press.net\/tchad\/\",\"name\":\"tchad\",\"description\":\"Just another Africa News Agency Sites site\",\"potentialAction\":[{\"@type\":\"SearchAction\",\"target\":{\"@type\":\"EntryPoint\",\"urlTemplate\":\"https:\/\/www.africa-press.net\/tchad\/?s={search_term_string}\"},\"query-input\":{\"@type\":\"PropertyValueSpecification\",\"valueRequired\":true,\"valueName\":\"search_term_string\"}}],\"inLanguage\":\"fr-FR\"},{\"@type\":\"Person\",\"@id\":\"https:\/\/www.africa-press.net\/tchad\/#\/schema\/person\/2b1cf3cd81a31e3cd26889ca66d677f1\",\"name\":\"cfeditorfr\"}]}<\/script>\n<!-- \/ Yoast SEO Premium plugin. -->","yoast_head_json":{"title":"le RJHDT appelle \u00e0 la mobilisation face \u00e0 la crise humanitaire - tchad","description":"Lors d'une confe\u0301rence de presse tenue le mercredi 8 novembre 2023 a\u0300 la Maison des Me\u0301dias du Tchad (MMT), le Re\u0301seau d ...","robots":{"index":"index","follow":"follow","max-snippet":"max-snippet:-1","max-image-preview":"max-image-preview:large","max-video-preview":"max-video-preview:-1"},"canonical":"https:\/\/www.africa-press.net\/tchad\/politique\/le-rjhdt-appelle-a-la-mobilisation-face-a-la-crise-humanitaire","og_locale":"fr_FR","og_type":"article","og_title":"le RJHDT appelle \u00e0 la mobilisation face \u00e0 la crise humanitaire","og_description":"Lors d'une confe\u0301rence de presse tenue le mercredi 8 novembre 2023 a\u0300 la Maison des Me\u0301dias du Tchad (MMT), le Re\u0301seau d ...","og_url":"https:\/\/www.africa-press.net\/tchad\/politique\/le-rjhdt-appelle-a-la-mobilisation-face-a-la-crise-humanitaire","og_site_name":"tchad","article_published_time":"2023-11-09T15:13:09+00:00","article_modified_time":"2023-11-09T16:02:44+00:00","og_image":[{"width":1018,"height":501,"url":"https:\/\/static.africa-press.net\/tchad\/sites\/41\/2023\/11\/sm_1699533115.931492.jpg","type":"image\/jpeg"}],"author":"cfeditorfr","twitter_card":"summary_large_image","twitter_misc":{"\u00c9crit par":"cfeditorfr","Dur\u00e9e de lecture estim\u00e9e":"2 minutes"},"schema":{"@context":"https:\/\/schema.org","@graph":[{"@type":"Article","@id":"https:\/\/www.africa-press.net\/tchad\/politique\/le-rjhdt-appelle-a-la-mobilisation-face-a-la-crise-humanitaire#article","isPartOf":{"@id":"https:\/\/www.africa-press.net\/tchad\/politique\/le-rjhdt-appelle-a-la-mobilisation-face-a-la-crise-humanitaire"},"author":{"name":"cfeditorfr","@id":"https:\/\/www.africa-press.net\/tchad\/#\/schema\/person\/2b1cf3cd81a31e3cd26889ca66d677f1"},"headline":"le RJHDT appelle \u00e0 la mobilisation face \u00e0 la crise humanitaire","datePublished":"2023-11-09T15:13:09+00:00","dateModified":"2023-11-09T16:02:44+00:00","mainEntityOfPage":{"@id":"https:\/\/www.africa-press.net\/tchad\/politique\/le-rjhdt-appelle-a-la-mobilisation-face-a-la-crise-humanitaire"},"wordCount":381,"commentCount":0,"image":{"@id":"https:\/\/www.africa-press.net\/tchad\/politique\/le-rjhdt-appelle-a-la-mobilisation-face-a-la-crise-humanitaire#primaryimage"},"thumbnailUrl":"https:\/\/static.africa-press.net\/tchad\/sites\/41\/2023\/11\/sm_1699533115.931492.jpg","keywords":["Africa Press","Africa Press-Tchad","Tchad"],"articleSection":["Politique","Toutes les actualit\u00e9s"],"inLanguage":"fr-FR","potentialAction":[{"@type":"CommentAction","name":"Comment","target":["https:\/\/www.africa-press.net\/tchad\/politique\/le-rjhdt-appelle-a-la-mobilisation-face-a-la-crise-humanitaire#respond"]}]},{"@type":"WebPage","@id":"https:\/\/www.africa-press.net\/tchad\/politique\/le-rjhdt-appelle-a-la-mobilisation-face-a-la-crise-humanitaire","url":"https:\/\/www.africa-press.net\/tchad\/politique\/le-rjhdt-appelle-a-la-mobilisation-face-a-la-crise-humanitaire","name":"le RJHDT appelle \u00e0 la mobilisation face \u00e0 la crise humanitaire - tchad","isPartOf":{"@id":"https:\/\/www.africa-press.net\/tchad\/#website"},"primaryImageOfPage":{"@id":"https:\/\/www.africa-press.net\/tchad\/politique\/le-rjhdt-appelle-a-la-mobilisation-face-a-la-crise-humanitaire#primaryimage"},"image":{"@id":"https:\/\/www.africa-press.net\/tchad\/politique\/le-rjhdt-appelle-a-la-mobilisation-face-a-la-crise-humanitaire#primaryimage"},"thumbnailUrl":"https:\/\/static.africa-press.net\/tchad\/sites\/41\/2023\/11\/sm_1699533115.931492.jpg","datePublished":"2023-11-09T15:13:09+00:00","dateModified":"2023-11-09T16:02:44+00:00","author":{"@id":"https:\/\/www.africa-press.net\/tchad\/#\/schema\/person\/2b1cf3cd81a31e3cd26889ca66d677f1"},"description":"Lors d'une confe\u0301rence de presse tenue le mercredi 8 novembre 2023 a\u0300 la Maison des Me\u0301dias du Tchad (MMT), le Re\u0301seau d ...","breadcrumb":{"@id":"https:\/\/www.africa-press.net\/tchad\/politique\/le-rjhdt-appelle-a-la-mobilisation-face-a-la-crise-humanitaire#breadcrumb"},"inLanguage":"fr-FR","potentialAction":[{"@type":"ReadAction","target":["https:\/\/www.africa-press.net\/tchad\/politique\/le-rjhdt-appelle-a-la-mobilisation-face-a-la-crise-humanitaire"]}]},{"@type":"ImageObject","inLanguage":"fr-FR","@id":"https:\/\/www.africa-press.net\/tchad\/politique\/le-rjhdt-appelle-a-la-mobilisation-face-a-la-crise-humanitaire#primaryimage","url":"https:\/\/static.africa-press.net\/tchad\/sites\/41\/2023\/11\/sm_1699533115.931492.jpg","contentUrl":"https:\/\/static.africa-press.net\/tchad\/sites\/41\/2023\/11\/sm_1699533115.931492.jpg","width":1018,"height":501,"caption":"le RJHDT appelle \u00e0 la mobilisation face \u00e0 la crise humanitaire"},{"@type":"BreadcrumbList","@id":"https:\/\/www.africa-press.net\/tchad\/politique\/le-rjhdt-appelle-a-la-mobilisation-face-a-la-crise-humanitaire#breadcrumb","itemListElement":[{"@type":"ListItem","position":1,"name":"Accueil","item":"https:\/\/www.africa-press.net\/tchad\/"},{"@type":"ListItem","position":2,"name":"le RJHDT appelle \u00e0 la mobilisation face \u00e0 la crise humanitaire"}]},{"@type":"WebSite","@id":"https:\/\/www.africa-press.net\/tchad\/#website","url":"https:\/\/www.africa-press.net\/tchad\/","name":"tchad","description":"Just another Africa News Agency Sites site","potentialAction":[{"@type":"SearchAction","target":{"@type":"EntryPoint","urlTemplate":"https:\/\/www.africa-press.net\/tchad\/?s={search_term_string}"},"query-input":{"@type":"PropertyValueSpecification","valueRequired":true,"valueName":"search_term_string"}}],"inLanguage":"fr-FR"},{"@type":"Person","@id":"https:\/\/www.africa-press.net\/tchad\/#\/schema\/person\/2b1cf3cd81a31e3cd26889ca66d677f1","name":"cfeditorfr"}]}},"_links":{"self":[{"href":"https:\/\/www.africa-press.net\/tchad\/wp-json\/wp\/v2\/posts\/53725","targetHints":{"allow":["GET"]}}],"collection":[{"href":"https:\/\/www.africa-press.net\/tchad\/wp-json\/wp\/v2\/posts"}],"about":[{"href":"https:\/\/www.africa-press.net\/tchad\/wp-json\/wp\/v2\/types\/post"}],"author":[{"embeddable":true,"href":"https:\/\/www.africa-press.net\/tchad\/wp-json\/wp\/v2\/users\/82"}],"replies":[{"embeddable":true,"href":"https:\/\/www.africa-press.net\/tchad\/wp-json\/wp\/v2\/comments?post=53725"}],"version-history":[{"count":0,"href":"https:\/\/www.africa-press.net\/tchad\/wp-json\/wp\/v2\/posts\/53725\/revisions"}],"wp:featuredmedia":[{"embeddable":true,"href":"https:\/\/www.africa-press.net\/tchad\/wp-json\/wp\/v2\/media\/53723"}],"wp:attachment":[{"href":"https:\/\/www.africa-press.net\/tchad\/wp-json\/wp\/v2\/media?parent=53725"}],"wp:term":[{"taxonomy":"category","embeddable":true,"href":"https:\/\/www.africa-press.net\/tchad\/wp-json\/wp\/v2\/categories?post=53725"},{"taxonomy":"post_tag","embeddable":true,"href":"https:\/\/www.africa-press.net\/tchad\/wp-json\/wp\/v2\/tags?post=53725"}],"curies":[{"name":"wp","href":"https:\/\/api.w.org\/{rel}","templated":true}]}}