{"id":53728,"date":"2023-11-09T15:14:16","date_gmt":"2023-11-09T15:14:16","guid":{"rendered":"https:\/\/www.africa-press.net\/tchad\/politique\/le-recensement-biometrique-des-refugies-debute-au-sila"},"modified":"2023-11-09T16:03:11","modified_gmt":"2023-11-09T16:03:11","slug":"le-recensement-biometrique-des-refugies-debute-au-sila","status":"publish","type":"post","link":"https:\/\/www.africa-press.net\/tchad\/toutes-les-actualites\/le-recensement-biometrique-des-refugies-debute-au-sila","title":{"rendered":"le recensement biom\u00e9trique des r\u00e9fugi\u00e9s d\u00e9bute au Sila"},"content":{"rendered":"<p><span style=\"color: #ff6600\"><strong>Africa-Press &#8211; Tchad. <\/strong><\/span>Le 8 novembre 2023, le secre\u0301taire ge\u0301ne\u0301ral de la province du Sila a pre\u0301side\u0301 le lancement du recensement biome\u0301trique des re\u0301fugie\u0301s au camp Djabal a\u0300 Goz-Be\u0301i\u0308da, chef-lieu de la province de Sila. L&rsquo;e\u0301ve\u0301nement a re\u0301uni diverses personnalite\u0301s, dont le maire de la ville, le sultan de Dar-Sila, des autorite\u0301s civiles et militaires, ainsi que des repre\u0301sentants d&rsquo;ONG nationales et internationales.<\/p>\n<p>Dans son discours de bienvenue, Emmanuel Chidende\u0301, chef du bureau HCR\/GOZ-BEIDA, a exprime\u0301 sa gratitude envers les autorite\u0301s provinciales et le gouvernement tchadien, pour leur accueil massif des re\u0301fugie\u0301s dans la province.<\/p>\n<p>Le secre\u0301taire ge\u0301ne\u0301ral de la province de Sila, Ali M&rsquo;bodou Djibrine, a souligne\u0301 le ro\u0302le significatif de la province en tant qu&rsquo;ho\u0302te de re\u0301fugie\u0301s re\u0301partis dans divers endroits tels que les camps de Djabal, Goz-Armir, Zabout, et le site de Kerfi. Il a mentionne\u0301 les efforts du HCR, des autorite\u0301s administratives, et des partenaires humanitaires pour fournir une protection et une assistance, en attendant des solutions durables a\u0300 leur situation.<\/p>\n<p>En adhe\u0301rant aux instruments juridiques internationaux et re\u0301gionaux relatifs aux re\u0301fugie\u0301s, le gouvernement tchadien a pris des engagements envers la communaute\u0301 internationale pour accueillir ces personnes fuyant la violence.<\/p>\n<p>Un accord de coope\u0301ration a e\u0301te\u0301 signe\u0301 en 2000 entre le HCR et le gouvernement tchadien, de\u0301taillant les conditions de collaboration. Ali M&rsquo;bodou Djibrine a adresse\u0301 un message fort aux re\u0301fugie\u0301s, les appelant a\u0300 abandonner les comportements de\u0301viants qui pourraient compromettre la cohabitation pacifique.<\/p>\n<p>Il a souligne\u0301 que le Tchad est une terre d&rsquo;asile, mais non une terre de de\u0301sordre, et aucun comportement perturbateur ne sera tole\u0301re\u0301. Le SGP a exhorte\u0301 le HCR et la CNARR a\u0300 garantir un comportement exemplaire des re\u0301fugie\u0301s envers les Tchadiens, soulignant l&rsquo;importance de sensibiliser a\u0300 la cohe\u0301sion sociale et au vivre-ensemble.<\/p>\n<p>Enfin, il a appele\u0301 les re\u0301fugie\u0301s a\u0300 se pre\u0301senter massivement devant les agents recenseurs, assurant que personne ne serait laisse\u0301 de co\u0302te\u0301. Les autorite\u0301s provinciales ont e\u0301galement promis leur plein soutien a\u0300 la re\u0301ussite de l&rsquo;ope\u0301ration.<\/p>\n<p><strong>Pour plus d&rsquo;informations et d&rsquo;analyses sur la <a href=\"https:\/\/www.africa-press.net\/tchad\">Tchad<\/a>, suivez <a href=\"https:\/\/www.africa-press.net\/\">Africa-Press<\/a><\/strong><\/p>\n","protected":false},"excerpt":{"rendered":"<p>Africa-Press &#8211; Tchad. Le 8 novembre 2023, le secre\u0301taire ge\u0301ne\u0301ral de la province du Sila a pre\u0301side\u0301 le lancement du recensement biome\u0301trique des re\u0301fugie\u0301s au camp Djabal a\u0300 Goz-Be\u0301i\u0308da, chef-lieu de la province de Sila. L&rsquo;e\u0301ve\u0301nement a re\u0301uni diverses personnalite\u0301s, dont le maire de la ville, le sultan de Dar-Sila, des autorite\u0301s civiles et militaires, [&hellip;]<\/p>\n","protected":false},"author":82,"featured_media":53726,"comment_status":"open","ping_status":"closed","sticky":false,"template":"","format":"standard","meta":{"footnotes":""},"categories":[21,10],"tags":[37,292,29],"class_list":["post-53728","post","type-post","status-publish","format-standard","has-post-thumbnail","hentry","category-communaute","category-toutes-les-actualites","tag-africa-press","tag-africa-press-tchad","tag-tchad"],"yoast_head":"<!-- This site is optimized with the Yoast SEO Premium plugin v26.1 (Yoast SEO v27.0) - https:\/\/yoast.com\/product\/yoast-seo-premium-wordpress\/ -->\n<title>le recensement biom\u00e9trique des r\u00e9fugi\u00e9s d\u00e9bute au Sila - tchad<\/title>\n<meta name=\"description\" content=\"Le 8 novembre 2023, le secre\u0301taire ge\u0301ne\u0301ral de la province du Sila a pre\u0301side\u0301 le lancement du recensement biome\u0301trique ...\" \/>\n<meta name=\"robots\" content=\"index, follow, max-snippet:-1, max-image-preview:large, max-video-preview:-1\" \/>\n<link rel=\"canonical\" href=\"https:\/\/www.africa-press.net\/tchad\/toutes-les-actualites\/le-recensement-biometrique-des-refugies-debute-au-sila\" \/>\n<meta property=\"og:locale\" content=\"fr_FR\" \/>\n<meta property=\"og:type\" content=\"article\" \/>\n<meta property=\"og:title\" content=\"le recensement biom\u00e9trique des r\u00e9fugi\u00e9s d\u00e9bute au Sila\" \/>\n<meta property=\"og:description\" content=\"Le 8 novembre 2023, le secre\u0301taire ge\u0301ne\u0301ral de la province du Sila a pre\u0301side\u0301 le lancement du recensement biome\u0301trique ...\" \/>\n<meta property=\"og:url\" content=\"https:\/\/www.africa-press.net\/tchad\/toutes-les-actualites\/le-recensement-biometrique-des-refugies-debute-au-sila\" \/>\n<meta property=\"og:site_name\" content=\"tchad\" \/>\n<meta property=\"article:published_time\" content=\"2023-11-09T15:14:16+00:00\" \/>\n<meta property=\"article:modified_time\" content=\"2023-11-09T16:03:11+00:00\" \/>\n<meta property=\"og:image\" content=\"https:\/\/static.africa-press.net\/tchad\/sites\/41\/2023\/11\/sm_1699533150.537236.jpg\" \/>\n\t<meta property=\"og:image:width\" content=\"1020\" \/>\n\t<meta property=\"og:image:height\" content=\"459\" \/>\n\t<meta property=\"og:image:type\" content=\"image\/jpeg\" \/>\n<meta name=\"author\" content=\"cfeditorfr\" \/>\n<meta name=\"twitter:card\" content=\"summary_large_image\" \/>\n<meta name=\"twitter:label1\" content=\"\u00c9crit par\" \/>\n\t<meta name=\"twitter:data1\" content=\"cfeditorfr\" \/>\n\t<meta name=\"twitter:label2\" content=\"Dur\u00e9e de lecture estim\u00e9e\" \/>\n\t<meta name=\"twitter:data2\" content=\"2 minutes\" \/>\n<script type=\"application\/ld+json\" class=\"yoast-schema-graph\">{\"@context\":\"https:\/\/schema.org\",\"@graph\":[{\"@type\":\"Article\",\"@id\":\"https:\/\/www.africa-press.net\/tchad\/toutes-les-actualites\/le-recensement-biometrique-des-refugies-debute-au-sila#article\",\"isPartOf\":{\"@id\":\"https:\/\/www.africa-press.net\/tchad\/toutes-les-actualites\/le-recensement-biometrique-des-refugies-debute-au-sila\"},\"author\":{\"name\":\"cfeditorfr\",\"@id\":\"https:\/\/www.africa-press.net\/tchad\/#\/schema\/person\/2b1cf3cd81a31e3cd26889ca66d677f1\"},\"headline\":\"le recensement biom\u00e9trique des r\u00e9fugi\u00e9s d\u00e9bute au Sila\",\"datePublished\":\"2023-11-09T15:14:16+00:00\",\"dateModified\":\"2023-11-09T16:03:11+00:00\",\"mainEntityOfPage\":{\"@id\":\"https:\/\/www.africa-press.net\/tchad\/toutes-les-actualites\/le-recensement-biometrique-des-refugies-debute-au-sila\"},\"wordCount\":407,\"commentCount\":0,\"image\":{\"@id\":\"https:\/\/www.africa-press.net\/tchad\/toutes-les-actualites\/le-recensement-biometrique-des-refugies-debute-au-sila#primaryimage\"},\"thumbnailUrl\":\"https:\/\/static.africa-press.net\/tchad\/sites\/41\/2023\/11\/sm_1699533150.537236.jpg\",\"keywords\":[\"Africa Press\",\"Africa Press-Tchad\",\"Tchad\"],\"articleSection\":[\"Communaut\u00e9\",\"Toutes les actualit\u00e9s\"],\"inLanguage\":\"fr-FR\",\"potentialAction\":[{\"@type\":\"CommentAction\",\"name\":\"Comment\",\"target\":[\"https:\/\/www.africa-press.net\/tchad\/toutes-les-actualites\/le-recensement-biometrique-des-refugies-debute-au-sila#respond\"]}]},{\"@type\":\"WebPage\",\"@id\":\"https:\/\/www.africa-press.net\/tchad\/toutes-les-actualites\/le-recensement-biometrique-des-refugies-debute-au-sila\",\"url\":\"https:\/\/www.africa-press.net\/tchad\/toutes-les-actualites\/le-recensement-biometrique-des-refugies-debute-au-sila\",\"name\":\"le recensement biom\u00e9trique des r\u00e9fugi\u00e9s d\u00e9bute au Sila - tchad\",\"isPartOf\":{\"@id\":\"https:\/\/www.africa-press.net\/tchad\/#website\"},\"primaryImageOfPage\":{\"@id\":\"https:\/\/www.africa-press.net\/tchad\/toutes-les-actualites\/le-recensement-biometrique-des-refugies-debute-au-sila#primaryimage\"},\"image\":{\"@id\":\"https:\/\/www.africa-press.net\/tchad\/toutes-les-actualites\/le-recensement-biometrique-des-refugies-debute-au-sila#primaryimage\"},\"thumbnailUrl\":\"https:\/\/static.africa-press.net\/tchad\/sites\/41\/2023\/11\/sm_1699533150.537236.jpg\",\"datePublished\":\"2023-11-09T15:14:16+00:00\",\"dateModified\":\"2023-11-09T16:03:11+00:00\",\"author\":{\"@id\":\"https:\/\/www.africa-press.net\/tchad\/#\/schema\/person\/2b1cf3cd81a31e3cd26889ca66d677f1\"},\"description\":\"Le 8 novembre 2023, le secre\u0301taire ge\u0301ne\u0301ral de la province du Sila a pre\u0301side\u0301 le lancement du recensement biome\u0301trique ...\",\"breadcrumb\":{\"@id\":\"https:\/\/www.africa-press.net\/tchad\/toutes-les-actualites\/le-recensement-biometrique-des-refugies-debute-au-sila#breadcrumb\"},\"inLanguage\":\"fr-FR\",\"potentialAction\":[{\"@type\":\"ReadAction\",\"target\":[\"https:\/\/www.africa-press.net\/tchad\/toutes-les-actualites\/le-recensement-biometrique-des-refugies-debute-au-sila\"]}]},{\"@type\":\"ImageObject\",\"inLanguage\":\"fr-FR\",\"@id\":\"https:\/\/www.africa-press.net\/tchad\/toutes-les-actualites\/le-recensement-biometrique-des-refugies-debute-au-sila#primaryimage\",\"url\":\"https:\/\/static.africa-press.net\/tchad\/sites\/41\/2023\/11\/sm_1699533150.537236.jpg\",\"contentUrl\":\"https:\/\/static.africa-press.net\/tchad\/sites\/41\/2023\/11\/sm_1699533150.537236.jpg\",\"width\":1020,\"height\":459,\"caption\":\"le recensement biom\u00e9trique des r\u00e9fugi\u00e9s d\u00e9bute au Sila\"},{\"@type\":\"BreadcrumbList\",\"@id\":\"https:\/\/www.africa-press.net\/tchad\/toutes-les-actualites\/le-recensement-biometrique-des-refugies-debute-au-sila#breadcrumb\",\"itemListElement\":[{\"@type\":\"ListItem\",\"position\":1,\"name\":\"Accueil\",\"item\":\"https:\/\/www.africa-press.net\/tchad\/\"},{\"@type\":\"ListItem\",\"position\":2,\"name\":\"le recensement biom\u00e9trique des r\u00e9fugi\u00e9s d\u00e9bute au Sila\"}]},{\"@type\":\"WebSite\",\"@id\":\"https:\/\/www.africa-press.net\/tchad\/#website\",\"url\":\"https:\/\/www.africa-press.net\/tchad\/\",\"name\":\"tchad\",\"description\":\"Just another Africa News Agency Sites site\",\"potentialAction\":[{\"@type\":\"SearchAction\",\"target\":{\"@type\":\"EntryPoint\",\"urlTemplate\":\"https:\/\/www.africa-press.net\/tchad\/?s={search_term_string}\"},\"query-input\":{\"@type\":\"PropertyValueSpecification\",\"valueRequired\":true,\"valueName\":\"search_term_string\"}}],\"inLanguage\":\"fr-FR\"},{\"@type\":\"Person\",\"@id\":\"https:\/\/www.africa-press.net\/tchad\/#\/schema\/person\/2b1cf3cd81a31e3cd26889ca66d677f1\",\"name\":\"cfeditorfr\"}]}<\/script>\n<!-- \/ Yoast SEO Premium plugin. -->","yoast_head_json":{"title":"le recensement biom\u00e9trique des r\u00e9fugi\u00e9s d\u00e9bute au Sila - tchad","description":"Le 8 novembre 2023, le secre\u0301taire ge\u0301ne\u0301ral de la province du Sila a pre\u0301side\u0301 le lancement du recensement biome\u0301trique ...","robots":{"index":"index","follow":"follow","max-snippet":"max-snippet:-1","max-image-preview":"max-image-preview:large","max-video-preview":"max-video-preview:-1"},"canonical":"https:\/\/www.africa-press.net\/tchad\/toutes-les-actualites\/le-recensement-biometrique-des-refugies-debute-au-sila","og_locale":"fr_FR","og_type":"article","og_title":"le recensement biom\u00e9trique des r\u00e9fugi\u00e9s d\u00e9bute au Sila","og_description":"Le 8 novembre 2023, le secre\u0301taire ge\u0301ne\u0301ral de la province du Sila a pre\u0301side\u0301 le lancement du recensement biome\u0301trique ...","og_url":"https:\/\/www.africa-press.net\/tchad\/toutes-les-actualites\/le-recensement-biometrique-des-refugies-debute-au-sila","og_site_name":"tchad","article_published_time":"2023-11-09T15:14:16+00:00","article_modified_time":"2023-11-09T16:03:11+00:00","og_image":[{"width":1020,"height":459,"url":"https:\/\/static.africa-press.net\/tchad\/sites\/41\/2023\/11\/sm_1699533150.537236.jpg","type":"image\/jpeg"}],"author":"cfeditorfr","twitter_card":"summary_large_image","twitter_misc":{"\u00c9crit par":"cfeditorfr","Dur\u00e9e de lecture estim\u00e9e":"2 minutes"},"schema":{"@context":"https:\/\/schema.org","@graph":[{"@type":"Article","@id":"https:\/\/www.africa-press.net\/tchad\/toutes-les-actualites\/le-recensement-biometrique-des-refugies-debute-au-sila#article","isPartOf":{"@id":"https:\/\/www.africa-press.net\/tchad\/toutes-les-actualites\/le-recensement-biometrique-des-refugies-debute-au-sila"},"author":{"name":"cfeditorfr","@id":"https:\/\/www.africa-press.net\/tchad\/#\/schema\/person\/2b1cf3cd81a31e3cd26889ca66d677f1"},"headline":"le recensement biom\u00e9trique des r\u00e9fugi\u00e9s d\u00e9bute au Sila","datePublished":"2023-11-09T15:14:16+00:00","dateModified":"2023-11-09T16:03:11+00:00","mainEntityOfPage":{"@id":"https:\/\/www.africa-press.net\/tchad\/toutes-les-actualites\/le-recensement-biometrique-des-refugies-debute-au-sila"},"wordCount":407,"commentCount":0,"image":{"@id":"https:\/\/www.africa-press.net\/tchad\/toutes-les-actualites\/le-recensement-biometrique-des-refugies-debute-au-sila#primaryimage"},"thumbnailUrl":"https:\/\/static.africa-press.net\/tchad\/sites\/41\/2023\/11\/sm_1699533150.537236.jpg","keywords":["Africa Press","Africa Press-Tchad","Tchad"],"articleSection":["Communaut\u00e9","Toutes les actualit\u00e9s"],"inLanguage":"fr-FR","potentialAction":[{"@type":"CommentAction","name":"Comment","target":["https:\/\/www.africa-press.net\/tchad\/toutes-les-actualites\/le-recensement-biometrique-des-refugies-debute-au-sila#respond"]}]},{"@type":"WebPage","@id":"https:\/\/www.africa-press.net\/tchad\/toutes-les-actualites\/le-recensement-biometrique-des-refugies-debute-au-sila","url":"https:\/\/www.africa-press.net\/tchad\/toutes-les-actualites\/le-recensement-biometrique-des-refugies-debute-au-sila","name":"le recensement biom\u00e9trique des r\u00e9fugi\u00e9s d\u00e9bute au Sila - tchad","isPartOf":{"@id":"https:\/\/www.africa-press.net\/tchad\/#website"},"primaryImageOfPage":{"@id":"https:\/\/www.africa-press.net\/tchad\/toutes-les-actualites\/le-recensement-biometrique-des-refugies-debute-au-sila#primaryimage"},"image":{"@id":"https:\/\/www.africa-press.net\/tchad\/toutes-les-actualites\/le-recensement-biometrique-des-refugies-debute-au-sila#primaryimage"},"thumbnailUrl":"https:\/\/static.africa-press.net\/tchad\/sites\/41\/2023\/11\/sm_1699533150.537236.jpg","datePublished":"2023-11-09T15:14:16+00:00","dateModified":"2023-11-09T16:03:11+00:00","author":{"@id":"https:\/\/www.africa-press.net\/tchad\/#\/schema\/person\/2b1cf3cd81a31e3cd26889ca66d677f1"},"description":"Le 8 novembre 2023, le secre\u0301taire ge\u0301ne\u0301ral de la province du Sila a pre\u0301side\u0301 le lancement du recensement biome\u0301trique ...","breadcrumb":{"@id":"https:\/\/www.africa-press.net\/tchad\/toutes-les-actualites\/le-recensement-biometrique-des-refugies-debute-au-sila#breadcrumb"},"inLanguage":"fr-FR","potentialAction":[{"@type":"ReadAction","target":["https:\/\/www.africa-press.net\/tchad\/toutes-les-actualites\/le-recensement-biometrique-des-refugies-debute-au-sila"]}]},{"@type":"ImageObject","inLanguage":"fr-FR","@id":"https:\/\/www.africa-press.net\/tchad\/toutes-les-actualites\/le-recensement-biometrique-des-refugies-debute-au-sila#primaryimage","url":"https:\/\/static.africa-press.net\/tchad\/sites\/41\/2023\/11\/sm_1699533150.537236.jpg","contentUrl":"https:\/\/static.africa-press.net\/tchad\/sites\/41\/2023\/11\/sm_1699533150.537236.jpg","width":1020,"height":459,"caption":"le recensement biom\u00e9trique des r\u00e9fugi\u00e9s d\u00e9bute au Sila"},{"@type":"BreadcrumbList","@id":"https:\/\/www.africa-press.net\/tchad\/toutes-les-actualites\/le-recensement-biometrique-des-refugies-debute-au-sila#breadcrumb","itemListElement":[{"@type":"ListItem","position":1,"name":"Accueil","item":"https:\/\/www.africa-press.net\/tchad\/"},{"@type":"ListItem","position":2,"name":"le recensement biom\u00e9trique des r\u00e9fugi\u00e9s d\u00e9bute au Sila"}]},{"@type":"WebSite","@id":"https:\/\/www.africa-press.net\/tchad\/#website","url":"https:\/\/www.africa-press.net\/tchad\/","name":"tchad","description":"Just another Africa News Agency Sites site","potentialAction":[{"@type":"SearchAction","target":{"@type":"EntryPoint","urlTemplate":"https:\/\/www.africa-press.net\/tchad\/?s={search_term_string}"},"query-input":{"@type":"PropertyValueSpecification","valueRequired":true,"valueName":"search_term_string"}}],"inLanguage":"fr-FR"},{"@type":"Person","@id":"https:\/\/www.africa-press.net\/tchad\/#\/schema\/person\/2b1cf3cd81a31e3cd26889ca66d677f1","name":"cfeditorfr"}]}},"_links":{"self":[{"href":"https:\/\/www.africa-press.net\/tchad\/wp-json\/wp\/v2\/posts\/53728","targetHints":{"allow":["GET"]}}],"collection":[{"href":"https:\/\/www.africa-press.net\/tchad\/wp-json\/wp\/v2\/posts"}],"about":[{"href":"https:\/\/www.africa-press.net\/tchad\/wp-json\/wp\/v2\/types\/post"}],"author":[{"embeddable":true,"href":"https:\/\/www.africa-press.net\/tchad\/wp-json\/wp\/v2\/users\/82"}],"replies":[{"embeddable":true,"href":"https:\/\/www.africa-press.net\/tchad\/wp-json\/wp\/v2\/comments?post=53728"}],"version-history":[{"count":0,"href":"https:\/\/www.africa-press.net\/tchad\/wp-json\/wp\/v2\/posts\/53728\/revisions"}],"wp:featuredmedia":[{"embeddable":true,"href":"https:\/\/www.africa-press.net\/tchad\/wp-json\/wp\/v2\/media\/53726"}],"wp:attachment":[{"href":"https:\/\/www.africa-press.net\/tchad\/wp-json\/wp\/v2\/media?parent=53728"}],"wp:term":[{"taxonomy":"category","embeddable":true,"href":"https:\/\/www.africa-press.net\/tchad\/wp-json\/wp\/v2\/categories?post=53728"},{"taxonomy":"post_tag","embeddable":true,"href":"https:\/\/www.africa-press.net\/tchad\/wp-json\/wp\/v2\/tags?post=53728"}],"curies":[{"name":"wp","href":"https:\/\/api.w.org\/{rel}","templated":true}]}}