{"id":53742,"date":"2023-11-10T15:07:24","date_gmt":"2023-11-10T15:07:24","guid":{"rendered":"https:\/\/www.africa-press.net\/tchad\/politique\/une-campagne-lancee-pour-la-sensibilisation-au-referendum-a-ati"},"modified":"2023-11-10T16:22:42","modified_gmt":"2023-11-10T16:22:42","slug":"une-campagne-lancee-pour-la-sensibilisation-au-referendum-a-ati","status":"publish","type":"post","link":"https:\/\/www.africa-press.net\/tchad\/politique\/une-campagne-lancee-pour-la-sensibilisation-au-referendum-a-ati","title":{"rendered":"une campagne lanc\u00e9e pour la sensibilisation au r\u00e9f\u00e9rendum \u00e0 Ati"},"content":{"rendered":"<p><span style=\"color: #ff6600\"><strong>Africa-Press &#8211; Tchad. <\/strong><\/span>Le consortium des organisations de la socie\u0301te\u0301 civile du Tchad (COSCT) lance la campagne de sensibilisation de la population du Batha, sur la participation citoyenne au re\u0301fe\u0301rendum constitutionnel.<\/p>\n<p>Cette campagne vise a\u0300 sensibiliser la population afin qu&rsquo;elle participe massivement et activement au re\u0301fe\u0301rendum qui conduira le pays vers le retour a\u0300 l&rsquo;ordre constitutionnel. Elle se de\u0301roulera dans les trois de\u0301partements du Batha, a\u0300 savoir le Batha Ouest, le Batha Est et le Fitri.<\/p>\n<p>Dans son discours introductif, le chef de mission, Djahadine Ousmane a souligne\u0301 que le re\u0301fe\u0301rendum est un acte fondamental et de\u0301terminant pour le retour a\u0300 l&rsquo;ordre constitutionnel. Il appelle les e\u0301lecteurs en a\u0302ge de voter a\u0300 retirer leurs cartes le jour dit, pour accomplir leur devoir civique.<\/p>\n<p>C&rsquo;est pourquoi ils ont choisi le message suivant : \u00ab Je suis jeune et je participe au processus e\u0301lectoral : j&rsquo;ai ma carte d&rsquo;e\u0301lecteur \u00bb. \u00ab La re\u0301ussite du re\u0301fe\u0301rendum constitutionnel est un devoir citoyen \u00bb, a-t-il ajoute\u0301.<\/p>\n<p>Lors du lancement de la campagne de sensibilisation, le secre\u0301taire ge\u0301ne\u0301ral de la province du Batha, Abdelaziz Mai\u0308 Mahamat, a de\u0301clare\u0301 que le COSCT me\u0300nera plusieurs activite\u0301s dans le Batha, dans le cadre de la campagne pour la participation citoyenne au re\u0301fe\u0301rendum, et la recherche d&rsquo;une paix de\u0301finitive au Tchad.<\/p>\n<p>Il exhorte tous les responsables administratifs et traditionnels a\u0300 apporter leur soutien aux e\u0301quipes de sensibilisation du consortium, afin de bien mener leurs activite\u0301s sur le terrain.<\/p>\n<p><strong>Pour plus d&rsquo;informations et d&rsquo;analyses sur la <a href=\"https:\/\/www.africa-press.net\/tchad\">Tchad<\/a>, suivez <a href=\"https:\/\/www.africa-press.net\/\">Africa-Press<\/a><\/strong><\/p>\n","protected":false},"excerpt":{"rendered":"<p>Africa-Press &#8211; Tchad. Le consortium des organisations de la socie\u0301te\u0301 civile du Tchad (COSCT) lance la campagne de sensibilisation de la population du Batha, sur la participation citoyenne au re\u0301fe\u0301rendum constitutionnel. Cette campagne vise a\u0300 sensibiliser la population afin qu&rsquo;elle participe massivement et activement au re\u0301fe\u0301rendum qui conduira le pays vers le retour a\u0300 l&rsquo;ordre [&hellip;]<\/p>\n","protected":false},"author":82,"featured_media":53741,"comment_status":"open","ping_status":"closed","sticky":false,"template":"","format":"standard","meta":{"footnotes":""},"categories":[2,10],"tags":[37,292,29],"class_list":["post-53742","post","type-post","status-publish","format-standard","has-post-thumbnail","hentry","category-politique","category-toutes-les-actualites","tag-africa-press","tag-africa-press-tchad","tag-tchad"],"yoast_head":"<!-- This site is optimized with the Yoast SEO Premium plugin v26.1 (Yoast SEO v27.0) - https:\/\/yoast.com\/product\/yoast-seo-premium-wordpress\/ -->\n<title>une campagne lanc\u00e9e pour la sensibilisation au r\u00e9f\u00e9rendum \u00e0 Ati - tchad<\/title>\n<meta name=\"description\" content=\"Le consortium des organisations de la socie\u0301te\u0301 civile du Tchad (COSCT) lance la campagne de sensibilisation de la popul ...\" \/>\n<meta name=\"robots\" content=\"index, follow, max-snippet:-1, max-image-preview:large, max-video-preview:-1\" \/>\n<link rel=\"canonical\" href=\"https:\/\/www.africa-press.net\/tchad\/politique\/une-campagne-lancee-pour-la-sensibilisation-au-referendum-a-ati\" \/>\n<meta property=\"og:locale\" content=\"fr_FR\" \/>\n<meta property=\"og:type\" content=\"article\" \/>\n<meta property=\"og:title\" content=\"une campagne lanc\u00e9e pour la sensibilisation au r\u00e9f\u00e9rendum \u00e0 Ati\" \/>\n<meta property=\"og:description\" content=\"Le consortium des organisations de la socie\u0301te\u0301 civile du Tchad (COSCT) lance la campagne de sensibilisation de la popul ...\" \/>\n<meta property=\"og:url\" content=\"https:\/\/www.africa-press.net\/tchad\/politique\/une-campagne-lancee-pour-la-sensibilisation-au-referendum-a-ati\" \/>\n<meta property=\"og:site_name\" content=\"tchad\" \/>\n<meta property=\"article:published_time\" content=\"2023-11-10T15:07:24+00:00\" \/>\n<meta property=\"article:modified_time\" content=\"2023-11-10T16:22:42+00:00\" \/>\n<meta property=\"og:image\" content=\"https:\/\/static.africa-press.net\/tchad\/sites\/41\/2023\/11\/sm_1699620599.624043.jpg\" \/>\n\t<meta property=\"og:image:width\" content=\"1020\" \/>\n\t<meta property=\"og:image:height\" content=\"574\" \/>\n\t<meta property=\"og:image:type\" content=\"image\/jpeg\" \/>\n<meta name=\"author\" content=\"cfeditorfr\" \/>\n<meta name=\"twitter:card\" content=\"summary_large_image\" \/>\n<meta name=\"twitter:label1\" content=\"\u00c9crit par\" \/>\n\t<meta name=\"twitter:data1\" content=\"cfeditorfr\" \/>\n\t<meta name=\"twitter:label2\" content=\"Dur\u00e9e de lecture estim\u00e9e\" \/>\n\t<meta name=\"twitter:data2\" content=\"1 minute\" \/>\n<script type=\"application\/ld+json\" class=\"yoast-schema-graph\">{\"@context\":\"https:\/\/schema.org\",\"@graph\":[{\"@type\":\"Article\",\"@id\":\"https:\/\/www.africa-press.net\/tchad\/politique\/une-campagne-lancee-pour-la-sensibilisation-au-referendum-a-ati#article\",\"isPartOf\":{\"@id\":\"https:\/\/www.africa-press.net\/tchad\/politique\/une-campagne-lancee-pour-la-sensibilisation-au-referendum-a-ati\"},\"author\":{\"name\":\"cfeditorfr\",\"@id\":\"https:\/\/www.africa-press.net\/tchad\/#\/schema\/person\/2b1cf3cd81a31e3cd26889ca66d677f1\"},\"headline\":\"une campagne lanc\u00e9e pour la sensibilisation au r\u00e9f\u00e9rendum \u00e0 Ati\",\"datePublished\":\"2023-11-10T15:07:24+00:00\",\"dateModified\":\"2023-11-10T16:22:42+00:00\",\"mainEntityOfPage\":{\"@id\":\"https:\/\/www.africa-press.net\/tchad\/politique\/une-campagne-lancee-pour-la-sensibilisation-au-referendum-a-ati\"},\"wordCount\":291,\"commentCount\":0,\"image\":{\"@id\":\"https:\/\/www.africa-press.net\/tchad\/politique\/une-campagne-lancee-pour-la-sensibilisation-au-referendum-a-ati#primaryimage\"},\"thumbnailUrl\":\"https:\/\/static.africa-press.net\/tchad\/sites\/41\/2023\/11\/sm_1699620599.624043.jpg\",\"keywords\":[\"Africa Press\",\"Africa Press-Tchad\",\"Tchad\"],\"articleSection\":[\"Politique\",\"Toutes les actualit\u00e9s\"],\"inLanguage\":\"fr-FR\",\"potentialAction\":[{\"@type\":\"CommentAction\",\"name\":\"Comment\",\"target\":[\"https:\/\/www.africa-press.net\/tchad\/politique\/une-campagne-lancee-pour-la-sensibilisation-au-referendum-a-ati#respond\"]}]},{\"@type\":\"WebPage\",\"@id\":\"https:\/\/www.africa-press.net\/tchad\/politique\/une-campagne-lancee-pour-la-sensibilisation-au-referendum-a-ati\",\"url\":\"https:\/\/www.africa-press.net\/tchad\/politique\/une-campagne-lancee-pour-la-sensibilisation-au-referendum-a-ati\",\"name\":\"une campagne lanc\u00e9e pour la sensibilisation au r\u00e9f\u00e9rendum \u00e0 Ati - tchad\",\"isPartOf\":{\"@id\":\"https:\/\/www.africa-press.net\/tchad\/#website\"},\"primaryImageOfPage\":{\"@id\":\"https:\/\/www.africa-press.net\/tchad\/politique\/une-campagne-lancee-pour-la-sensibilisation-au-referendum-a-ati#primaryimage\"},\"image\":{\"@id\":\"https:\/\/www.africa-press.net\/tchad\/politique\/une-campagne-lancee-pour-la-sensibilisation-au-referendum-a-ati#primaryimage\"},\"thumbnailUrl\":\"https:\/\/static.africa-press.net\/tchad\/sites\/41\/2023\/11\/sm_1699620599.624043.jpg\",\"datePublished\":\"2023-11-10T15:07:24+00:00\",\"dateModified\":\"2023-11-10T16:22:42+00:00\",\"author\":{\"@id\":\"https:\/\/www.africa-press.net\/tchad\/#\/schema\/person\/2b1cf3cd81a31e3cd26889ca66d677f1\"},\"description\":\"Le consortium des organisations de la socie\u0301te\u0301 civile du Tchad (COSCT) lance la campagne de sensibilisation de la popul ...\",\"breadcrumb\":{\"@id\":\"https:\/\/www.africa-press.net\/tchad\/politique\/une-campagne-lancee-pour-la-sensibilisation-au-referendum-a-ati#breadcrumb\"},\"inLanguage\":\"fr-FR\",\"potentialAction\":[{\"@type\":\"ReadAction\",\"target\":[\"https:\/\/www.africa-press.net\/tchad\/politique\/une-campagne-lancee-pour-la-sensibilisation-au-referendum-a-ati\"]}]},{\"@type\":\"ImageObject\",\"inLanguage\":\"fr-FR\",\"@id\":\"https:\/\/www.africa-press.net\/tchad\/politique\/une-campagne-lancee-pour-la-sensibilisation-au-referendum-a-ati#primaryimage\",\"url\":\"https:\/\/static.africa-press.net\/tchad\/sites\/41\/2023\/11\/sm_1699620599.624043.jpg\",\"contentUrl\":\"https:\/\/static.africa-press.net\/tchad\/sites\/41\/2023\/11\/sm_1699620599.624043.jpg\",\"width\":1020,\"height\":574,\"caption\":\"une campagne lanc\u00e9e pour la sensibilisation au r\u00e9f\u00e9rendum \u00e0 Ati\"},{\"@type\":\"BreadcrumbList\",\"@id\":\"https:\/\/www.africa-press.net\/tchad\/politique\/une-campagne-lancee-pour-la-sensibilisation-au-referendum-a-ati#breadcrumb\",\"itemListElement\":[{\"@type\":\"ListItem\",\"position\":1,\"name\":\"Accueil\",\"item\":\"https:\/\/www.africa-press.net\/tchad\/\"},{\"@type\":\"ListItem\",\"position\":2,\"name\":\"une campagne lanc\u00e9e pour la sensibilisation au r\u00e9f\u00e9rendum \u00e0 Ati\"}]},{\"@type\":\"WebSite\",\"@id\":\"https:\/\/www.africa-press.net\/tchad\/#website\",\"url\":\"https:\/\/www.africa-press.net\/tchad\/\",\"name\":\"tchad\",\"description\":\"Just another Africa News Agency Sites site\",\"potentialAction\":[{\"@type\":\"SearchAction\",\"target\":{\"@type\":\"EntryPoint\",\"urlTemplate\":\"https:\/\/www.africa-press.net\/tchad\/?s={search_term_string}\"},\"query-input\":{\"@type\":\"PropertyValueSpecification\",\"valueRequired\":true,\"valueName\":\"search_term_string\"}}],\"inLanguage\":\"fr-FR\"},{\"@type\":\"Person\",\"@id\":\"https:\/\/www.africa-press.net\/tchad\/#\/schema\/person\/2b1cf3cd81a31e3cd26889ca66d677f1\",\"name\":\"cfeditorfr\"}]}<\/script>\n<!-- \/ Yoast SEO Premium plugin. -->","yoast_head_json":{"title":"une campagne lanc\u00e9e pour la sensibilisation au r\u00e9f\u00e9rendum \u00e0 Ati - tchad","description":"Le consortium des organisations de la socie\u0301te\u0301 civile du Tchad (COSCT) lance la campagne de sensibilisation de la popul ...","robots":{"index":"index","follow":"follow","max-snippet":"max-snippet:-1","max-image-preview":"max-image-preview:large","max-video-preview":"max-video-preview:-1"},"canonical":"https:\/\/www.africa-press.net\/tchad\/politique\/une-campagne-lancee-pour-la-sensibilisation-au-referendum-a-ati","og_locale":"fr_FR","og_type":"article","og_title":"une campagne lanc\u00e9e pour la sensibilisation au r\u00e9f\u00e9rendum \u00e0 Ati","og_description":"Le consortium des organisations de la socie\u0301te\u0301 civile du Tchad (COSCT) lance la campagne de sensibilisation de la popul ...","og_url":"https:\/\/www.africa-press.net\/tchad\/politique\/une-campagne-lancee-pour-la-sensibilisation-au-referendum-a-ati","og_site_name":"tchad","article_published_time":"2023-11-10T15:07:24+00:00","article_modified_time":"2023-11-10T16:22:42+00:00","og_image":[{"width":1020,"height":574,"url":"https:\/\/static.africa-press.net\/tchad\/sites\/41\/2023\/11\/sm_1699620599.624043.jpg","type":"image\/jpeg"}],"author":"cfeditorfr","twitter_card":"summary_large_image","twitter_misc":{"\u00c9crit par":"cfeditorfr","Dur\u00e9e de lecture estim\u00e9e":"1 minute"},"schema":{"@context":"https:\/\/schema.org","@graph":[{"@type":"Article","@id":"https:\/\/www.africa-press.net\/tchad\/politique\/une-campagne-lancee-pour-la-sensibilisation-au-referendum-a-ati#article","isPartOf":{"@id":"https:\/\/www.africa-press.net\/tchad\/politique\/une-campagne-lancee-pour-la-sensibilisation-au-referendum-a-ati"},"author":{"name":"cfeditorfr","@id":"https:\/\/www.africa-press.net\/tchad\/#\/schema\/person\/2b1cf3cd81a31e3cd26889ca66d677f1"},"headline":"une campagne lanc\u00e9e pour la sensibilisation au r\u00e9f\u00e9rendum \u00e0 Ati","datePublished":"2023-11-10T15:07:24+00:00","dateModified":"2023-11-10T16:22:42+00:00","mainEntityOfPage":{"@id":"https:\/\/www.africa-press.net\/tchad\/politique\/une-campagne-lancee-pour-la-sensibilisation-au-referendum-a-ati"},"wordCount":291,"commentCount":0,"image":{"@id":"https:\/\/www.africa-press.net\/tchad\/politique\/une-campagne-lancee-pour-la-sensibilisation-au-referendum-a-ati#primaryimage"},"thumbnailUrl":"https:\/\/static.africa-press.net\/tchad\/sites\/41\/2023\/11\/sm_1699620599.624043.jpg","keywords":["Africa Press","Africa Press-Tchad","Tchad"],"articleSection":["Politique","Toutes les actualit\u00e9s"],"inLanguage":"fr-FR","potentialAction":[{"@type":"CommentAction","name":"Comment","target":["https:\/\/www.africa-press.net\/tchad\/politique\/une-campagne-lancee-pour-la-sensibilisation-au-referendum-a-ati#respond"]}]},{"@type":"WebPage","@id":"https:\/\/www.africa-press.net\/tchad\/politique\/une-campagne-lancee-pour-la-sensibilisation-au-referendum-a-ati","url":"https:\/\/www.africa-press.net\/tchad\/politique\/une-campagne-lancee-pour-la-sensibilisation-au-referendum-a-ati","name":"une campagne lanc\u00e9e pour la sensibilisation au r\u00e9f\u00e9rendum \u00e0 Ati - tchad","isPartOf":{"@id":"https:\/\/www.africa-press.net\/tchad\/#website"},"primaryImageOfPage":{"@id":"https:\/\/www.africa-press.net\/tchad\/politique\/une-campagne-lancee-pour-la-sensibilisation-au-referendum-a-ati#primaryimage"},"image":{"@id":"https:\/\/www.africa-press.net\/tchad\/politique\/une-campagne-lancee-pour-la-sensibilisation-au-referendum-a-ati#primaryimage"},"thumbnailUrl":"https:\/\/static.africa-press.net\/tchad\/sites\/41\/2023\/11\/sm_1699620599.624043.jpg","datePublished":"2023-11-10T15:07:24+00:00","dateModified":"2023-11-10T16:22:42+00:00","author":{"@id":"https:\/\/www.africa-press.net\/tchad\/#\/schema\/person\/2b1cf3cd81a31e3cd26889ca66d677f1"},"description":"Le consortium des organisations de la socie\u0301te\u0301 civile du Tchad (COSCT) lance la campagne de sensibilisation de la popul ...","breadcrumb":{"@id":"https:\/\/www.africa-press.net\/tchad\/politique\/une-campagne-lancee-pour-la-sensibilisation-au-referendum-a-ati#breadcrumb"},"inLanguage":"fr-FR","potentialAction":[{"@type":"ReadAction","target":["https:\/\/www.africa-press.net\/tchad\/politique\/une-campagne-lancee-pour-la-sensibilisation-au-referendum-a-ati"]}]},{"@type":"ImageObject","inLanguage":"fr-FR","@id":"https:\/\/www.africa-press.net\/tchad\/politique\/une-campagne-lancee-pour-la-sensibilisation-au-referendum-a-ati#primaryimage","url":"https:\/\/static.africa-press.net\/tchad\/sites\/41\/2023\/11\/sm_1699620599.624043.jpg","contentUrl":"https:\/\/static.africa-press.net\/tchad\/sites\/41\/2023\/11\/sm_1699620599.624043.jpg","width":1020,"height":574,"caption":"une campagne lanc\u00e9e pour la sensibilisation au r\u00e9f\u00e9rendum \u00e0 Ati"},{"@type":"BreadcrumbList","@id":"https:\/\/www.africa-press.net\/tchad\/politique\/une-campagne-lancee-pour-la-sensibilisation-au-referendum-a-ati#breadcrumb","itemListElement":[{"@type":"ListItem","position":1,"name":"Accueil","item":"https:\/\/www.africa-press.net\/tchad\/"},{"@type":"ListItem","position":2,"name":"une campagne lanc\u00e9e pour la sensibilisation au r\u00e9f\u00e9rendum \u00e0 Ati"}]},{"@type":"WebSite","@id":"https:\/\/www.africa-press.net\/tchad\/#website","url":"https:\/\/www.africa-press.net\/tchad\/","name":"tchad","description":"Just another Africa News Agency Sites site","potentialAction":[{"@type":"SearchAction","target":{"@type":"EntryPoint","urlTemplate":"https:\/\/www.africa-press.net\/tchad\/?s={search_term_string}"},"query-input":{"@type":"PropertyValueSpecification","valueRequired":true,"valueName":"search_term_string"}}],"inLanguage":"fr-FR"},{"@type":"Person","@id":"https:\/\/www.africa-press.net\/tchad\/#\/schema\/person\/2b1cf3cd81a31e3cd26889ca66d677f1","name":"cfeditorfr"}]}},"_links":{"self":[{"href":"https:\/\/www.africa-press.net\/tchad\/wp-json\/wp\/v2\/posts\/53742","targetHints":{"allow":["GET"]}}],"collection":[{"href":"https:\/\/www.africa-press.net\/tchad\/wp-json\/wp\/v2\/posts"}],"about":[{"href":"https:\/\/www.africa-press.net\/tchad\/wp-json\/wp\/v2\/types\/post"}],"author":[{"embeddable":true,"href":"https:\/\/www.africa-press.net\/tchad\/wp-json\/wp\/v2\/users\/82"}],"replies":[{"embeddable":true,"href":"https:\/\/www.africa-press.net\/tchad\/wp-json\/wp\/v2\/comments?post=53742"}],"version-history":[{"count":0,"href":"https:\/\/www.africa-press.net\/tchad\/wp-json\/wp\/v2\/posts\/53742\/revisions"}],"wp:featuredmedia":[{"embeddable":true,"href":"https:\/\/www.africa-press.net\/tchad\/wp-json\/wp\/v2\/media\/53741"}],"wp:attachment":[{"href":"https:\/\/www.africa-press.net\/tchad\/wp-json\/wp\/v2\/media?parent=53742"}],"wp:term":[{"taxonomy":"category","embeddable":true,"href":"https:\/\/www.africa-press.net\/tchad\/wp-json\/wp\/v2\/categories?post=53742"},{"taxonomy":"post_tag","embeddable":true,"href":"https:\/\/www.africa-press.net\/tchad\/wp-json\/wp\/v2\/tags?post=53742"}],"curies":[{"name":"wp","href":"https:\/\/api.w.org\/{rel}","templated":true}]}}