{"id":53747,"date":"2023-11-10T15:08:37","date_gmt":"2023-11-10T15:08:37","guid":{"rendered":"https:\/\/www.africa-press.net\/tchad\/politique\/nouvelle-semaine-de-greve-face-aux-retards-de-paiement-dans-le-secteur-educatif"},"modified":"2023-11-10T16:24:39","modified_gmt":"2023-11-10T16:24:39","slug":"nouvelle-semaine-de-greve-face-aux-retards-de-paiement-dans-le-secteur-educatif","status":"publish","type":"post","link":"https:\/\/www.africa-press.net\/tchad\/toutes-les-actualites\/nouvelle-semaine-de-greve-face-aux-retards-de-paiement-dans-le-secteur-educatif","title":{"rendered":"nouvelle semaine de gr\u00e8ve face aux retards de paiement dans le secteur \u00e9ducatif"},"content":{"rendered":"<p><span style=\"color: #ff6600\"><strong>Africa-Press &#8211; Tchad. <\/strong><\/span>L&rsquo;Assemble\u0301e ge\u0301ne\u0301rale extraordinaire re\u0301unissant la Plateforme des Syndicats du Secteur de l\u2019Education du Tchad (PSSET) et le Collectif des Syndicats du Secteur de l\u2019Education du Tchad (COSET), a de\u0301cide\u0301 de reconduire la gre\u0300ve pour la semaine du 10 au 16 novembre 2023, renouvelable, en raison du non-versement inte\u0301gral des salaires suspendus depuis le mois d&rsquo;octobre.<\/p>\n<p>Suite a\u0300 l&rsquo;e\u0301valuation de la gre\u0300ve lance\u0301e le 3 novembre 2023 et des rencontres avec les autorite\u0301s e\u0301ducatives, les syndicats constatent que les salaires suspendus ne sont pas totalement verse\u0301s. Ils appellent le gouvernement a\u0300 re\u0301gler imme\u0301diatement, et sans condition, les salaires des victimes du mois d\u2019octobre 2023.<\/p>\n<p>Les syndicats demandent e\u0301galement l&rsquo;intervention personnelle du pre\u0301sident de la Re\u0301publique pour re\u0301soudre cette situation, et e\u0301viter des conse\u0301quences ne\u0301gatives sur le syste\u0300me e\u0301ducatif.<\/p>\n<p>Les porte-paroles, Allara Djimtibaye pour la PSSET et Brahim Younous Ali pour le COSET, exhortent les militants a\u0300 rester vigilants pour d&rsquo;e\u0301ventuelles actions futures.<\/p>\n<p><strong>Pour plus d&rsquo;informations et d&rsquo;analyses sur la <a href=\"https:\/\/www.africa-press.net\/tchad\">Tchad<\/a>, suivez <a href=\"https:\/\/www.africa-press.net\/\">Africa-Press<\/a><\/strong><\/p>\n","protected":false},"excerpt":{"rendered":"<p>Africa-Press &#8211; Tchad. L&rsquo;Assemble\u0301e ge\u0301ne\u0301rale extraordinaire re\u0301unissant la Plateforme des Syndicats du Secteur de l\u2019Education du Tchad (PSSET) et le Collectif des Syndicats du Secteur de l\u2019Education du Tchad (COSET), a de\u0301cide\u0301 de reconduire la gre\u0300ve pour la semaine du 10 au 16 novembre 2023, renouvelable, en raison du non-versement inte\u0301gral des salaires suspendus depuis [&hellip;]<\/p>\n","protected":false},"author":82,"featured_media":53746,"comment_status":"open","ping_status":"closed","sticky":false,"template":"","format":"standard","meta":{"footnotes":""},"categories":[21,10],"tags":[37,292,29],"class_list":["post-53747","post","type-post","status-publish","format-standard","has-post-thumbnail","hentry","category-communaute","category-toutes-les-actualites","tag-africa-press","tag-africa-press-tchad","tag-tchad"],"yoast_head":"<!-- This site is optimized with the Yoast SEO Premium plugin v26.1 (Yoast SEO v27.0) - https:\/\/yoast.com\/product\/yoast-seo-premium-wordpress\/ -->\n<title>nouvelle semaine de gr\u00e8ve face aux retards de paiement dans le secteur \u00e9ducatif - tchad<\/title>\n<meta name=\"description\" content=\"L&#039;Assemble\u0301e ge\u0301ne\u0301rale extraordinaire re\u0301unissant la Plateforme des Syndicats du Secteur de l\u2019Education du Tchad (PSSET ...\" \/>\n<meta name=\"robots\" content=\"index, follow, max-snippet:-1, max-image-preview:large, max-video-preview:-1\" \/>\n<link rel=\"canonical\" href=\"https:\/\/www.africa-press.net\/tchad\/toutes-les-actualites\/nouvelle-semaine-de-greve-face-aux-retards-de-paiement-dans-le-secteur-educatif\" \/>\n<meta property=\"og:locale\" content=\"fr_FR\" \/>\n<meta property=\"og:type\" content=\"article\" \/>\n<meta property=\"og:title\" content=\"nouvelle semaine de gr\u00e8ve face aux retards de paiement dans le secteur \u00e9ducatif\" \/>\n<meta property=\"og:description\" content=\"L&#039;Assemble\u0301e ge\u0301ne\u0301rale extraordinaire re\u0301unissant la Plateforme des Syndicats du Secteur de l\u2019Education du Tchad (PSSET ...\" \/>\n<meta property=\"og:url\" content=\"https:\/\/www.africa-press.net\/tchad\/toutes-les-actualites\/nouvelle-semaine-de-greve-face-aux-retards-de-paiement-dans-le-secteur-educatif\" \/>\n<meta property=\"og:site_name\" content=\"tchad\" \/>\n<meta property=\"article:published_time\" content=\"2023-11-10T15:08:37+00:00\" \/>\n<meta property=\"article:modified_time\" content=\"2023-11-10T16:24:39+00:00\" \/>\n<meta property=\"og:image\" content=\"https:\/\/static.africa-press.net\/tchad\/sites\/41\/2023\/11\/sm_1699620709.730196.jpg\" \/>\n\t<meta property=\"og:image:width\" content=\"748\" \/>\n\t<meta property=\"og:image:height\" content=\"488\" \/>\n\t<meta property=\"og:image:type\" content=\"image\/jpeg\" \/>\n<meta name=\"author\" content=\"cfeditorfr\" \/>\n<meta name=\"twitter:card\" content=\"summary_large_image\" \/>\n<meta name=\"twitter:label1\" content=\"\u00c9crit par\" \/>\n\t<meta name=\"twitter:data1\" content=\"cfeditorfr\" \/>\n\t<meta name=\"twitter:label2\" content=\"Dur\u00e9e de lecture estim\u00e9e\" \/>\n\t<meta name=\"twitter:data2\" content=\"1 minute\" \/>\n<script type=\"application\/ld+json\" class=\"yoast-schema-graph\">{\"@context\":\"https:\/\/schema.org\",\"@graph\":[{\"@type\":\"Article\",\"@id\":\"https:\/\/www.africa-press.net\/tchad\/toutes-les-actualites\/nouvelle-semaine-de-greve-face-aux-retards-de-paiement-dans-le-secteur-educatif#article\",\"isPartOf\":{\"@id\":\"https:\/\/www.africa-press.net\/tchad\/toutes-les-actualites\/nouvelle-semaine-de-greve-face-aux-retards-de-paiement-dans-le-secteur-educatif\"},\"author\":{\"name\":\"cfeditorfr\",\"@id\":\"https:\/\/www.africa-press.net\/tchad\/#\/schema\/person\/2b1cf3cd81a31e3cd26889ca66d677f1\"},\"headline\":\"nouvelle semaine de gr\u00e8ve face aux retards de paiement dans le secteur \u00e9ducatif\",\"datePublished\":\"2023-11-10T15:08:37+00:00\",\"dateModified\":\"2023-11-10T16:24:39+00:00\",\"mainEntityOfPage\":{\"@id\":\"https:\/\/www.africa-press.net\/tchad\/toutes-les-actualites\/nouvelle-semaine-de-greve-face-aux-retards-de-paiement-dans-le-secteur-educatif\"},\"wordCount\":207,\"commentCount\":0,\"image\":{\"@id\":\"https:\/\/www.africa-press.net\/tchad\/toutes-les-actualites\/nouvelle-semaine-de-greve-face-aux-retards-de-paiement-dans-le-secteur-educatif#primaryimage\"},\"thumbnailUrl\":\"https:\/\/static.africa-press.net\/tchad\/sites\/41\/2023\/11\/sm_1699620709.730196.jpg\",\"keywords\":[\"Africa Press\",\"Africa Press-Tchad\",\"Tchad\"],\"articleSection\":[\"Communaut\u00e9\",\"Toutes les actualit\u00e9s\"],\"inLanguage\":\"fr-FR\",\"potentialAction\":[{\"@type\":\"CommentAction\",\"name\":\"Comment\",\"target\":[\"https:\/\/www.africa-press.net\/tchad\/toutes-les-actualites\/nouvelle-semaine-de-greve-face-aux-retards-de-paiement-dans-le-secteur-educatif#respond\"]}]},{\"@type\":\"WebPage\",\"@id\":\"https:\/\/www.africa-press.net\/tchad\/toutes-les-actualites\/nouvelle-semaine-de-greve-face-aux-retards-de-paiement-dans-le-secteur-educatif\",\"url\":\"https:\/\/www.africa-press.net\/tchad\/toutes-les-actualites\/nouvelle-semaine-de-greve-face-aux-retards-de-paiement-dans-le-secteur-educatif\",\"name\":\"nouvelle semaine de gr\u00e8ve face aux retards de paiement dans le secteur \u00e9ducatif - tchad\",\"isPartOf\":{\"@id\":\"https:\/\/www.africa-press.net\/tchad\/#website\"},\"primaryImageOfPage\":{\"@id\":\"https:\/\/www.africa-press.net\/tchad\/toutes-les-actualites\/nouvelle-semaine-de-greve-face-aux-retards-de-paiement-dans-le-secteur-educatif#primaryimage\"},\"image\":{\"@id\":\"https:\/\/www.africa-press.net\/tchad\/toutes-les-actualites\/nouvelle-semaine-de-greve-face-aux-retards-de-paiement-dans-le-secteur-educatif#primaryimage\"},\"thumbnailUrl\":\"https:\/\/static.africa-press.net\/tchad\/sites\/41\/2023\/11\/sm_1699620709.730196.jpg\",\"datePublished\":\"2023-11-10T15:08:37+00:00\",\"dateModified\":\"2023-11-10T16:24:39+00:00\",\"author\":{\"@id\":\"https:\/\/www.africa-press.net\/tchad\/#\/schema\/person\/2b1cf3cd81a31e3cd26889ca66d677f1\"},\"description\":\"L'Assemble\u0301e ge\u0301ne\u0301rale extraordinaire re\u0301unissant la Plateforme des Syndicats du Secteur de l\u2019Education du Tchad (PSSET ...\",\"breadcrumb\":{\"@id\":\"https:\/\/www.africa-press.net\/tchad\/toutes-les-actualites\/nouvelle-semaine-de-greve-face-aux-retards-de-paiement-dans-le-secteur-educatif#breadcrumb\"},\"inLanguage\":\"fr-FR\",\"potentialAction\":[{\"@type\":\"ReadAction\",\"target\":[\"https:\/\/www.africa-press.net\/tchad\/toutes-les-actualites\/nouvelle-semaine-de-greve-face-aux-retards-de-paiement-dans-le-secteur-educatif\"]}]},{\"@type\":\"ImageObject\",\"inLanguage\":\"fr-FR\",\"@id\":\"https:\/\/www.africa-press.net\/tchad\/toutes-les-actualites\/nouvelle-semaine-de-greve-face-aux-retards-de-paiement-dans-le-secteur-educatif#primaryimage\",\"url\":\"https:\/\/static.africa-press.net\/tchad\/sites\/41\/2023\/11\/sm_1699620709.730196.jpg\",\"contentUrl\":\"https:\/\/static.africa-press.net\/tchad\/sites\/41\/2023\/11\/sm_1699620709.730196.jpg\",\"width\":748,\"height\":488,\"caption\":\"nouvelle semaine de gr\u00e8ve face aux retards de paiement dans le secteur \u00e9ducatif\"},{\"@type\":\"BreadcrumbList\",\"@id\":\"https:\/\/www.africa-press.net\/tchad\/toutes-les-actualites\/nouvelle-semaine-de-greve-face-aux-retards-de-paiement-dans-le-secteur-educatif#breadcrumb\",\"itemListElement\":[{\"@type\":\"ListItem\",\"position\":1,\"name\":\"Accueil\",\"item\":\"https:\/\/www.africa-press.net\/tchad\/\"},{\"@type\":\"ListItem\",\"position\":2,\"name\":\"nouvelle semaine de gr\u00e8ve face aux retards de paiement dans le secteur \u00e9ducatif\"}]},{\"@type\":\"WebSite\",\"@id\":\"https:\/\/www.africa-press.net\/tchad\/#website\",\"url\":\"https:\/\/www.africa-press.net\/tchad\/\",\"name\":\"tchad\",\"description\":\"Just another Africa News Agency Sites site\",\"potentialAction\":[{\"@type\":\"SearchAction\",\"target\":{\"@type\":\"EntryPoint\",\"urlTemplate\":\"https:\/\/www.africa-press.net\/tchad\/?s={search_term_string}\"},\"query-input\":{\"@type\":\"PropertyValueSpecification\",\"valueRequired\":true,\"valueName\":\"search_term_string\"}}],\"inLanguage\":\"fr-FR\"},{\"@type\":\"Person\",\"@id\":\"https:\/\/www.africa-press.net\/tchad\/#\/schema\/person\/2b1cf3cd81a31e3cd26889ca66d677f1\",\"name\":\"cfeditorfr\"}]}<\/script>\n<!-- \/ Yoast SEO Premium plugin. -->","yoast_head_json":{"title":"nouvelle semaine de gr\u00e8ve face aux retards de paiement dans le secteur \u00e9ducatif - tchad","description":"L'Assemble\u0301e ge\u0301ne\u0301rale extraordinaire re\u0301unissant la Plateforme des Syndicats du Secteur de l\u2019Education du Tchad (PSSET ...","robots":{"index":"index","follow":"follow","max-snippet":"max-snippet:-1","max-image-preview":"max-image-preview:large","max-video-preview":"max-video-preview:-1"},"canonical":"https:\/\/www.africa-press.net\/tchad\/toutes-les-actualites\/nouvelle-semaine-de-greve-face-aux-retards-de-paiement-dans-le-secteur-educatif","og_locale":"fr_FR","og_type":"article","og_title":"nouvelle semaine de gr\u00e8ve face aux retards de paiement dans le secteur \u00e9ducatif","og_description":"L'Assemble\u0301e ge\u0301ne\u0301rale extraordinaire re\u0301unissant la Plateforme des Syndicats du Secteur de l\u2019Education du Tchad (PSSET ...","og_url":"https:\/\/www.africa-press.net\/tchad\/toutes-les-actualites\/nouvelle-semaine-de-greve-face-aux-retards-de-paiement-dans-le-secteur-educatif","og_site_name":"tchad","article_published_time":"2023-11-10T15:08:37+00:00","article_modified_time":"2023-11-10T16:24:39+00:00","og_image":[{"width":748,"height":488,"url":"https:\/\/static.africa-press.net\/tchad\/sites\/41\/2023\/11\/sm_1699620709.730196.jpg","type":"image\/jpeg"}],"author":"cfeditorfr","twitter_card":"summary_large_image","twitter_misc":{"\u00c9crit par":"cfeditorfr","Dur\u00e9e de lecture estim\u00e9e":"1 minute"},"schema":{"@context":"https:\/\/schema.org","@graph":[{"@type":"Article","@id":"https:\/\/www.africa-press.net\/tchad\/toutes-les-actualites\/nouvelle-semaine-de-greve-face-aux-retards-de-paiement-dans-le-secteur-educatif#article","isPartOf":{"@id":"https:\/\/www.africa-press.net\/tchad\/toutes-les-actualites\/nouvelle-semaine-de-greve-face-aux-retards-de-paiement-dans-le-secteur-educatif"},"author":{"name":"cfeditorfr","@id":"https:\/\/www.africa-press.net\/tchad\/#\/schema\/person\/2b1cf3cd81a31e3cd26889ca66d677f1"},"headline":"nouvelle semaine de gr\u00e8ve face aux retards de paiement dans le secteur \u00e9ducatif","datePublished":"2023-11-10T15:08:37+00:00","dateModified":"2023-11-10T16:24:39+00:00","mainEntityOfPage":{"@id":"https:\/\/www.africa-press.net\/tchad\/toutes-les-actualites\/nouvelle-semaine-de-greve-face-aux-retards-de-paiement-dans-le-secteur-educatif"},"wordCount":207,"commentCount":0,"image":{"@id":"https:\/\/www.africa-press.net\/tchad\/toutes-les-actualites\/nouvelle-semaine-de-greve-face-aux-retards-de-paiement-dans-le-secteur-educatif#primaryimage"},"thumbnailUrl":"https:\/\/static.africa-press.net\/tchad\/sites\/41\/2023\/11\/sm_1699620709.730196.jpg","keywords":["Africa Press","Africa Press-Tchad","Tchad"],"articleSection":["Communaut\u00e9","Toutes les actualit\u00e9s"],"inLanguage":"fr-FR","potentialAction":[{"@type":"CommentAction","name":"Comment","target":["https:\/\/www.africa-press.net\/tchad\/toutes-les-actualites\/nouvelle-semaine-de-greve-face-aux-retards-de-paiement-dans-le-secteur-educatif#respond"]}]},{"@type":"WebPage","@id":"https:\/\/www.africa-press.net\/tchad\/toutes-les-actualites\/nouvelle-semaine-de-greve-face-aux-retards-de-paiement-dans-le-secteur-educatif","url":"https:\/\/www.africa-press.net\/tchad\/toutes-les-actualites\/nouvelle-semaine-de-greve-face-aux-retards-de-paiement-dans-le-secteur-educatif","name":"nouvelle semaine de gr\u00e8ve face aux retards de paiement dans le secteur \u00e9ducatif - tchad","isPartOf":{"@id":"https:\/\/www.africa-press.net\/tchad\/#website"},"primaryImageOfPage":{"@id":"https:\/\/www.africa-press.net\/tchad\/toutes-les-actualites\/nouvelle-semaine-de-greve-face-aux-retards-de-paiement-dans-le-secteur-educatif#primaryimage"},"image":{"@id":"https:\/\/www.africa-press.net\/tchad\/toutes-les-actualites\/nouvelle-semaine-de-greve-face-aux-retards-de-paiement-dans-le-secteur-educatif#primaryimage"},"thumbnailUrl":"https:\/\/static.africa-press.net\/tchad\/sites\/41\/2023\/11\/sm_1699620709.730196.jpg","datePublished":"2023-11-10T15:08:37+00:00","dateModified":"2023-11-10T16:24:39+00:00","author":{"@id":"https:\/\/www.africa-press.net\/tchad\/#\/schema\/person\/2b1cf3cd81a31e3cd26889ca66d677f1"},"description":"L'Assemble\u0301e ge\u0301ne\u0301rale extraordinaire re\u0301unissant la Plateforme des Syndicats du Secteur de l\u2019Education du Tchad (PSSET ...","breadcrumb":{"@id":"https:\/\/www.africa-press.net\/tchad\/toutes-les-actualites\/nouvelle-semaine-de-greve-face-aux-retards-de-paiement-dans-le-secteur-educatif#breadcrumb"},"inLanguage":"fr-FR","potentialAction":[{"@type":"ReadAction","target":["https:\/\/www.africa-press.net\/tchad\/toutes-les-actualites\/nouvelle-semaine-de-greve-face-aux-retards-de-paiement-dans-le-secteur-educatif"]}]},{"@type":"ImageObject","inLanguage":"fr-FR","@id":"https:\/\/www.africa-press.net\/tchad\/toutes-les-actualites\/nouvelle-semaine-de-greve-face-aux-retards-de-paiement-dans-le-secteur-educatif#primaryimage","url":"https:\/\/static.africa-press.net\/tchad\/sites\/41\/2023\/11\/sm_1699620709.730196.jpg","contentUrl":"https:\/\/static.africa-press.net\/tchad\/sites\/41\/2023\/11\/sm_1699620709.730196.jpg","width":748,"height":488,"caption":"nouvelle semaine de gr\u00e8ve face aux retards de paiement dans le secteur \u00e9ducatif"},{"@type":"BreadcrumbList","@id":"https:\/\/www.africa-press.net\/tchad\/toutes-les-actualites\/nouvelle-semaine-de-greve-face-aux-retards-de-paiement-dans-le-secteur-educatif#breadcrumb","itemListElement":[{"@type":"ListItem","position":1,"name":"Accueil","item":"https:\/\/www.africa-press.net\/tchad\/"},{"@type":"ListItem","position":2,"name":"nouvelle semaine de gr\u00e8ve face aux retards de paiement dans le secteur \u00e9ducatif"}]},{"@type":"WebSite","@id":"https:\/\/www.africa-press.net\/tchad\/#website","url":"https:\/\/www.africa-press.net\/tchad\/","name":"tchad","description":"Just another Africa News Agency Sites site","potentialAction":[{"@type":"SearchAction","target":{"@type":"EntryPoint","urlTemplate":"https:\/\/www.africa-press.net\/tchad\/?s={search_term_string}"},"query-input":{"@type":"PropertyValueSpecification","valueRequired":true,"valueName":"search_term_string"}}],"inLanguage":"fr-FR"},{"@type":"Person","@id":"https:\/\/www.africa-press.net\/tchad\/#\/schema\/person\/2b1cf3cd81a31e3cd26889ca66d677f1","name":"cfeditorfr"}]}},"_links":{"self":[{"href":"https:\/\/www.africa-press.net\/tchad\/wp-json\/wp\/v2\/posts\/53747","targetHints":{"allow":["GET"]}}],"collection":[{"href":"https:\/\/www.africa-press.net\/tchad\/wp-json\/wp\/v2\/posts"}],"about":[{"href":"https:\/\/www.africa-press.net\/tchad\/wp-json\/wp\/v2\/types\/post"}],"author":[{"embeddable":true,"href":"https:\/\/www.africa-press.net\/tchad\/wp-json\/wp\/v2\/users\/82"}],"replies":[{"embeddable":true,"href":"https:\/\/www.africa-press.net\/tchad\/wp-json\/wp\/v2\/comments?post=53747"}],"version-history":[{"count":0,"href":"https:\/\/www.africa-press.net\/tchad\/wp-json\/wp\/v2\/posts\/53747\/revisions"}],"wp:featuredmedia":[{"embeddable":true,"href":"https:\/\/www.africa-press.net\/tchad\/wp-json\/wp\/v2\/media\/53746"}],"wp:attachment":[{"href":"https:\/\/www.africa-press.net\/tchad\/wp-json\/wp\/v2\/media?parent=53747"}],"wp:term":[{"taxonomy":"category","embeddable":true,"href":"https:\/\/www.africa-press.net\/tchad\/wp-json\/wp\/v2\/categories?post=53747"},{"taxonomy":"post_tag","embeddable":true,"href":"https:\/\/www.africa-press.net\/tchad\/wp-json\/wp\/v2\/tags?post=53747"}],"curies":[{"name":"wp","href":"https:\/\/api.w.org\/{rel}","templated":true}]}}