{"id":53759,"date":"2023-11-10T15:10:44","date_gmt":"2023-11-10T15:10:44","guid":{"rendered":"https:\/\/www.africa-press.net\/tchad\/politique\/echo-et-bha-unissent-leurs-forces-pour-le-bien-etre-des-populations-vulnerables"},"modified":"2023-11-10T16:28:03","modified_gmt":"2023-11-10T16:28:03","slug":"echo-et-bha-unissent-leurs-forces-pour-le-bien-etre-des-populations-vulnerables","status":"publish","type":"post","link":"https:\/\/www.africa-press.net\/tchad\/toutes-les-actualites\/echo-et-bha-unissent-leurs-forces-pour-le-bien-etre-des-populations-vulnerables","title":{"rendered":"\u00c9cho et BHA unissent leurs forces pour le bien-\u00eatre des populations vuln\u00e9rables"},"content":{"rendered":"<p><span style=\"color: #ff6600\"><strong>Africa-Press &#8211; Tchad. <\/strong><\/span>Finance\u0301s par DG E\u0301cho et l&rsquo;Agence ame\u0301ricaine pour le de\u0301veloppement international a\u0300 hauteur de 5 500 000 000 FCFA pour une pe\u0301riode de deux ans, les projets BHA et E\u0301cho interviennent dans les de\u0301partements de Mamdi, Kaya et Fouli.<\/p>\n<p>Le coordinateur terrain d&rsquo;IRC au Lac, Thinan Mirangaye, a souligne\u0301 que ces projets visent a\u0300 ame\u0301liorer la sante\u0301 et la protection des enfants et de leur famille, tout en cherchant a\u0300 ame\u0301liorer les conditions socio-e\u0301conomiques des personnes impacte\u0301es par les crises du bassin du lac Tchad.<\/p>\n<p>Le pre\u0301fet du de\u0301partement de Mamdi, Mahamat Be\u0301chir Mahamat, repre\u0301sentant le gouverneur, a note\u0301 que cette action est un ajout important, car la province du Lac est une zone ou\u0300 la situation humanitaire est marque\u0301e par les de\u0301placements de populations vulne\u0301rables en raison des attaques des bandits arme\u0301s.<\/p>\n<p>Mahamat Be\u0301chir Mahamat a exprime\u0301 sa gratitude envers IRC et Concern Worldwide pour leurs multiples actions en faveur des personnes vulne\u0301rables dans la province du lac.<\/p>\n<p><strong>Pour plus d&rsquo;informations et d&rsquo;analyses sur la <a href=\"https:\/\/www.africa-press.net\/tchad\">Tchad<\/a>, suivez <a href=\"https:\/\/www.africa-press.net\/\">Africa-Press<\/a><\/strong><\/p>\n","protected":false},"excerpt":{"rendered":"<p>Africa-Press &#8211; Tchad. Finance\u0301s par DG E\u0301cho et l&rsquo;Agence ame\u0301ricaine pour le de\u0301veloppement international a\u0300 hauteur de 5 500 000 000 FCFA pour une pe\u0301riode de deux ans, les projets BHA et E\u0301cho interviennent dans les de\u0301partements de Mamdi, Kaya et Fouli. Le coordinateur terrain d&rsquo;IRC au Lac, Thinan Mirangaye, a souligne\u0301 que ces projets [&hellip;]<\/p>\n","protected":false},"author":82,"featured_media":53757,"comment_status":"open","ping_status":"closed","sticky":false,"template":"","format":"standard","meta":{"footnotes":""},"categories":[21,10],"tags":[37,292,29],"class_list":["post-53759","post","type-post","status-publish","format-standard","has-post-thumbnail","hentry","category-communaute","category-toutes-les-actualites","tag-africa-press","tag-africa-press-tchad","tag-tchad"],"yoast_head":"<!-- This site is optimized with the Yoast SEO Premium plugin v26.1 (Yoast SEO v27.0) - https:\/\/yoast.com\/product\/yoast-seo-premium-wordpress\/ -->\n<title>\u00c9cho et BHA unissent leurs forces pour le bien-\u00eatre des populations vuln\u00e9rables - tchad<\/title>\n<meta name=\"description\" content=\"Finance\u0301s par DG E\u0301cho et l&#039;Agence ame\u0301ricaine pour le de\u0301veloppement international a\u0300 hauteur de 5 500 000 000 FCFA pou ...\" \/>\n<meta name=\"robots\" content=\"index, follow, max-snippet:-1, max-image-preview:large, max-video-preview:-1\" \/>\n<link rel=\"canonical\" href=\"https:\/\/www.africa-press.net\/tchad\/toutes-les-actualites\/echo-et-bha-unissent-leurs-forces-pour-le-bien-etre-des-populations-vulnerables\" \/>\n<meta property=\"og:locale\" content=\"fr_FR\" \/>\n<meta property=\"og:type\" content=\"article\" \/>\n<meta property=\"og:title\" content=\"\u00c9cho et BHA unissent leurs forces pour le bien-\u00eatre des populations vuln\u00e9rables\" \/>\n<meta property=\"og:description\" content=\"Finance\u0301s par DG E\u0301cho et l&#039;Agence ame\u0301ricaine pour le de\u0301veloppement international a\u0300 hauteur de 5 500 000 000 FCFA pou ...\" \/>\n<meta property=\"og:url\" content=\"https:\/\/www.africa-press.net\/tchad\/toutes-les-actualites\/echo-et-bha-unissent-leurs-forces-pour-le-bien-etre-des-populations-vulnerables\" \/>\n<meta property=\"og:site_name\" content=\"tchad\" \/>\n<meta property=\"article:published_time\" content=\"2023-11-10T15:10:44+00:00\" \/>\n<meta property=\"article:modified_time\" content=\"2023-11-10T16:28:03+00:00\" \/>\n<meta property=\"og:image\" content=\"https:\/\/static.africa-press.net\/tchad\/sites\/41\/2023\/11\/sm_1699620903.022989.jpg\" \/>\n\t<meta property=\"og:image:width\" content=\"1080\" \/>\n\t<meta property=\"og:image:height\" content=\"810\" \/>\n\t<meta property=\"og:image:type\" content=\"image\/jpeg\" \/>\n<meta name=\"author\" content=\"cfeditorfr\" \/>\n<meta name=\"twitter:card\" content=\"summary_large_image\" \/>\n<meta name=\"twitter:label1\" content=\"\u00c9crit par\" \/>\n\t<meta name=\"twitter:data1\" content=\"cfeditorfr\" \/>\n\t<meta name=\"twitter:label2\" content=\"Dur\u00e9e de lecture estim\u00e9e\" \/>\n\t<meta name=\"twitter:data2\" content=\"1 minute\" \/>\n<script type=\"application\/ld+json\" class=\"yoast-schema-graph\">{\"@context\":\"https:\/\/schema.org\",\"@graph\":[{\"@type\":\"Article\",\"@id\":\"https:\/\/www.africa-press.net\/tchad\/toutes-les-actualites\/echo-et-bha-unissent-leurs-forces-pour-le-bien-etre-des-populations-vulnerables#article\",\"isPartOf\":{\"@id\":\"https:\/\/www.africa-press.net\/tchad\/toutes-les-actualites\/echo-et-bha-unissent-leurs-forces-pour-le-bien-etre-des-populations-vulnerables\"},\"author\":{\"name\":\"cfeditorfr\",\"@id\":\"https:\/\/www.africa-press.net\/tchad\/#\/schema\/person\/2b1cf3cd81a31e3cd26889ca66d677f1\"},\"headline\":\"\u00c9cho et BHA unissent leurs forces pour le bien-\u00eatre des populations vuln\u00e9rables\",\"datePublished\":\"2023-11-10T15:10:44+00:00\",\"dateModified\":\"2023-11-10T16:28:03+00:00\",\"mainEntityOfPage\":{\"@id\":\"https:\/\/www.africa-press.net\/tchad\/toutes-les-actualites\/echo-et-bha-unissent-leurs-forces-pour-le-bien-etre-des-populations-vulnerables\"},\"wordCount\":207,\"commentCount\":0,\"image\":{\"@id\":\"https:\/\/www.africa-press.net\/tchad\/toutes-les-actualites\/echo-et-bha-unissent-leurs-forces-pour-le-bien-etre-des-populations-vulnerables#primaryimage\"},\"thumbnailUrl\":\"https:\/\/static.africa-press.net\/tchad\/sites\/41\/2023\/11\/sm_1699620903.022989.jpg\",\"keywords\":[\"Africa Press\",\"Africa Press-Tchad\",\"Tchad\"],\"articleSection\":[\"Communaut\u00e9\",\"Toutes les actualit\u00e9s\"],\"inLanguage\":\"fr-FR\",\"potentialAction\":[{\"@type\":\"CommentAction\",\"name\":\"Comment\",\"target\":[\"https:\/\/www.africa-press.net\/tchad\/toutes-les-actualites\/echo-et-bha-unissent-leurs-forces-pour-le-bien-etre-des-populations-vulnerables#respond\"]}]},{\"@type\":\"WebPage\",\"@id\":\"https:\/\/www.africa-press.net\/tchad\/toutes-les-actualites\/echo-et-bha-unissent-leurs-forces-pour-le-bien-etre-des-populations-vulnerables\",\"url\":\"https:\/\/www.africa-press.net\/tchad\/toutes-les-actualites\/echo-et-bha-unissent-leurs-forces-pour-le-bien-etre-des-populations-vulnerables\",\"name\":\"\u00c9cho et BHA unissent leurs forces pour le bien-\u00eatre des populations vuln\u00e9rables - tchad\",\"isPartOf\":{\"@id\":\"https:\/\/www.africa-press.net\/tchad\/#website\"},\"primaryImageOfPage\":{\"@id\":\"https:\/\/www.africa-press.net\/tchad\/toutes-les-actualites\/echo-et-bha-unissent-leurs-forces-pour-le-bien-etre-des-populations-vulnerables#primaryimage\"},\"image\":{\"@id\":\"https:\/\/www.africa-press.net\/tchad\/toutes-les-actualites\/echo-et-bha-unissent-leurs-forces-pour-le-bien-etre-des-populations-vulnerables#primaryimage\"},\"thumbnailUrl\":\"https:\/\/static.africa-press.net\/tchad\/sites\/41\/2023\/11\/sm_1699620903.022989.jpg\",\"datePublished\":\"2023-11-10T15:10:44+00:00\",\"dateModified\":\"2023-11-10T16:28:03+00:00\",\"author\":{\"@id\":\"https:\/\/www.africa-press.net\/tchad\/#\/schema\/person\/2b1cf3cd81a31e3cd26889ca66d677f1\"},\"description\":\"Finance\u0301s par DG E\u0301cho et l'Agence ame\u0301ricaine pour le de\u0301veloppement international a\u0300 hauteur de 5 500 000 000 FCFA pou ...\",\"breadcrumb\":{\"@id\":\"https:\/\/www.africa-press.net\/tchad\/toutes-les-actualites\/echo-et-bha-unissent-leurs-forces-pour-le-bien-etre-des-populations-vulnerables#breadcrumb\"},\"inLanguage\":\"fr-FR\",\"potentialAction\":[{\"@type\":\"ReadAction\",\"target\":[\"https:\/\/www.africa-press.net\/tchad\/toutes-les-actualites\/echo-et-bha-unissent-leurs-forces-pour-le-bien-etre-des-populations-vulnerables\"]}]},{\"@type\":\"ImageObject\",\"inLanguage\":\"fr-FR\",\"@id\":\"https:\/\/www.africa-press.net\/tchad\/toutes-les-actualites\/echo-et-bha-unissent-leurs-forces-pour-le-bien-etre-des-populations-vulnerables#primaryimage\",\"url\":\"https:\/\/static.africa-press.net\/tchad\/sites\/41\/2023\/11\/sm_1699620903.022989.jpg\",\"contentUrl\":\"https:\/\/static.africa-press.net\/tchad\/sites\/41\/2023\/11\/sm_1699620903.022989.jpg\",\"width\":1080,\"height\":810,\"caption\":\"\u00c9cho et BHA unissent leurs forces pour le bien-\u00eatre des populations vuln\u00e9rables\"},{\"@type\":\"BreadcrumbList\",\"@id\":\"https:\/\/www.africa-press.net\/tchad\/toutes-les-actualites\/echo-et-bha-unissent-leurs-forces-pour-le-bien-etre-des-populations-vulnerables#breadcrumb\",\"itemListElement\":[{\"@type\":\"ListItem\",\"position\":1,\"name\":\"Accueil\",\"item\":\"https:\/\/www.africa-press.net\/tchad\/\"},{\"@type\":\"ListItem\",\"position\":2,\"name\":\"\u00c9cho et BHA unissent leurs forces pour le bien-\u00eatre des populations vuln\u00e9rables\"}]},{\"@type\":\"WebSite\",\"@id\":\"https:\/\/www.africa-press.net\/tchad\/#website\",\"url\":\"https:\/\/www.africa-press.net\/tchad\/\",\"name\":\"tchad\",\"description\":\"Just another Africa News Agency Sites site\",\"potentialAction\":[{\"@type\":\"SearchAction\",\"target\":{\"@type\":\"EntryPoint\",\"urlTemplate\":\"https:\/\/www.africa-press.net\/tchad\/?s={search_term_string}\"},\"query-input\":{\"@type\":\"PropertyValueSpecification\",\"valueRequired\":true,\"valueName\":\"search_term_string\"}}],\"inLanguage\":\"fr-FR\"},{\"@type\":\"Person\",\"@id\":\"https:\/\/www.africa-press.net\/tchad\/#\/schema\/person\/2b1cf3cd81a31e3cd26889ca66d677f1\",\"name\":\"cfeditorfr\"}]}<\/script>\n<!-- \/ Yoast SEO Premium plugin. -->","yoast_head_json":{"title":"\u00c9cho et BHA unissent leurs forces pour le bien-\u00eatre des populations vuln\u00e9rables - tchad","description":"Finance\u0301s par DG E\u0301cho et l'Agence ame\u0301ricaine pour le de\u0301veloppement international a\u0300 hauteur de 5 500 000 000 FCFA pou ...","robots":{"index":"index","follow":"follow","max-snippet":"max-snippet:-1","max-image-preview":"max-image-preview:large","max-video-preview":"max-video-preview:-1"},"canonical":"https:\/\/www.africa-press.net\/tchad\/toutes-les-actualites\/echo-et-bha-unissent-leurs-forces-pour-le-bien-etre-des-populations-vulnerables","og_locale":"fr_FR","og_type":"article","og_title":"\u00c9cho et BHA unissent leurs forces pour le bien-\u00eatre des populations vuln\u00e9rables","og_description":"Finance\u0301s par DG E\u0301cho et l'Agence ame\u0301ricaine pour le de\u0301veloppement international a\u0300 hauteur de 5 500 000 000 FCFA pou ...","og_url":"https:\/\/www.africa-press.net\/tchad\/toutes-les-actualites\/echo-et-bha-unissent-leurs-forces-pour-le-bien-etre-des-populations-vulnerables","og_site_name":"tchad","article_published_time":"2023-11-10T15:10:44+00:00","article_modified_time":"2023-11-10T16:28:03+00:00","og_image":[{"width":1080,"height":810,"url":"https:\/\/static.africa-press.net\/tchad\/sites\/41\/2023\/11\/sm_1699620903.022989.jpg","type":"image\/jpeg"}],"author":"cfeditorfr","twitter_card":"summary_large_image","twitter_misc":{"\u00c9crit par":"cfeditorfr","Dur\u00e9e de lecture estim\u00e9e":"1 minute"},"schema":{"@context":"https:\/\/schema.org","@graph":[{"@type":"Article","@id":"https:\/\/www.africa-press.net\/tchad\/toutes-les-actualites\/echo-et-bha-unissent-leurs-forces-pour-le-bien-etre-des-populations-vulnerables#article","isPartOf":{"@id":"https:\/\/www.africa-press.net\/tchad\/toutes-les-actualites\/echo-et-bha-unissent-leurs-forces-pour-le-bien-etre-des-populations-vulnerables"},"author":{"name":"cfeditorfr","@id":"https:\/\/www.africa-press.net\/tchad\/#\/schema\/person\/2b1cf3cd81a31e3cd26889ca66d677f1"},"headline":"\u00c9cho et BHA unissent leurs forces pour le bien-\u00eatre des populations vuln\u00e9rables","datePublished":"2023-11-10T15:10:44+00:00","dateModified":"2023-11-10T16:28:03+00:00","mainEntityOfPage":{"@id":"https:\/\/www.africa-press.net\/tchad\/toutes-les-actualites\/echo-et-bha-unissent-leurs-forces-pour-le-bien-etre-des-populations-vulnerables"},"wordCount":207,"commentCount":0,"image":{"@id":"https:\/\/www.africa-press.net\/tchad\/toutes-les-actualites\/echo-et-bha-unissent-leurs-forces-pour-le-bien-etre-des-populations-vulnerables#primaryimage"},"thumbnailUrl":"https:\/\/static.africa-press.net\/tchad\/sites\/41\/2023\/11\/sm_1699620903.022989.jpg","keywords":["Africa Press","Africa Press-Tchad","Tchad"],"articleSection":["Communaut\u00e9","Toutes les actualit\u00e9s"],"inLanguage":"fr-FR","potentialAction":[{"@type":"CommentAction","name":"Comment","target":["https:\/\/www.africa-press.net\/tchad\/toutes-les-actualites\/echo-et-bha-unissent-leurs-forces-pour-le-bien-etre-des-populations-vulnerables#respond"]}]},{"@type":"WebPage","@id":"https:\/\/www.africa-press.net\/tchad\/toutes-les-actualites\/echo-et-bha-unissent-leurs-forces-pour-le-bien-etre-des-populations-vulnerables","url":"https:\/\/www.africa-press.net\/tchad\/toutes-les-actualites\/echo-et-bha-unissent-leurs-forces-pour-le-bien-etre-des-populations-vulnerables","name":"\u00c9cho et BHA unissent leurs forces pour le bien-\u00eatre des populations vuln\u00e9rables - tchad","isPartOf":{"@id":"https:\/\/www.africa-press.net\/tchad\/#website"},"primaryImageOfPage":{"@id":"https:\/\/www.africa-press.net\/tchad\/toutes-les-actualites\/echo-et-bha-unissent-leurs-forces-pour-le-bien-etre-des-populations-vulnerables#primaryimage"},"image":{"@id":"https:\/\/www.africa-press.net\/tchad\/toutes-les-actualites\/echo-et-bha-unissent-leurs-forces-pour-le-bien-etre-des-populations-vulnerables#primaryimage"},"thumbnailUrl":"https:\/\/static.africa-press.net\/tchad\/sites\/41\/2023\/11\/sm_1699620903.022989.jpg","datePublished":"2023-11-10T15:10:44+00:00","dateModified":"2023-11-10T16:28:03+00:00","author":{"@id":"https:\/\/www.africa-press.net\/tchad\/#\/schema\/person\/2b1cf3cd81a31e3cd26889ca66d677f1"},"description":"Finance\u0301s par DG E\u0301cho et l'Agence ame\u0301ricaine pour le de\u0301veloppement international a\u0300 hauteur de 5 500 000 000 FCFA pou ...","breadcrumb":{"@id":"https:\/\/www.africa-press.net\/tchad\/toutes-les-actualites\/echo-et-bha-unissent-leurs-forces-pour-le-bien-etre-des-populations-vulnerables#breadcrumb"},"inLanguage":"fr-FR","potentialAction":[{"@type":"ReadAction","target":["https:\/\/www.africa-press.net\/tchad\/toutes-les-actualites\/echo-et-bha-unissent-leurs-forces-pour-le-bien-etre-des-populations-vulnerables"]}]},{"@type":"ImageObject","inLanguage":"fr-FR","@id":"https:\/\/www.africa-press.net\/tchad\/toutes-les-actualites\/echo-et-bha-unissent-leurs-forces-pour-le-bien-etre-des-populations-vulnerables#primaryimage","url":"https:\/\/static.africa-press.net\/tchad\/sites\/41\/2023\/11\/sm_1699620903.022989.jpg","contentUrl":"https:\/\/static.africa-press.net\/tchad\/sites\/41\/2023\/11\/sm_1699620903.022989.jpg","width":1080,"height":810,"caption":"\u00c9cho et BHA unissent leurs forces pour le bien-\u00eatre des populations vuln\u00e9rables"},{"@type":"BreadcrumbList","@id":"https:\/\/www.africa-press.net\/tchad\/toutes-les-actualites\/echo-et-bha-unissent-leurs-forces-pour-le-bien-etre-des-populations-vulnerables#breadcrumb","itemListElement":[{"@type":"ListItem","position":1,"name":"Accueil","item":"https:\/\/www.africa-press.net\/tchad\/"},{"@type":"ListItem","position":2,"name":"\u00c9cho et BHA unissent leurs forces pour le bien-\u00eatre des populations vuln\u00e9rables"}]},{"@type":"WebSite","@id":"https:\/\/www.africa-press.net\/tchad\/#website","url":"https:\/\/www.africa-press.net\/tchad\/","name":"tchad","description":"Just another Africa News Agency Sites site","potentialAction":[{"@type":"SearchAction","target":{"@type":"EntryPoint","urlTemplate":"https:\/\/www.africa-press.net\/tchad\/?s={search_term_string}"},"query-input":{"@type":"PropertyValueSpecification","valueRequired":true,"valueName":"search_term_string"}}],"inLanguage":"fr-FR"},{"@type":"Person","@id":"https:\/\/www.africa-press.net\/tchad\/#\/schema\/person\/2b1cf3cd81a31e3cd26889ca66d677f1","name":"cfeditorfr"}]}},"_links":{"self":[{"href":"https:\/\/www.africa-press.net\/tchad\/wp-json\/wp\/v2\/posts\/53759","targetHints":{"allow":["GET"]}}],"collection":[{"href":"https:\/\/www.africa-press.net\/tchad\/wp-json\/wp\/v2\/posts"}],"about":[{"href":"https:\/\/www.africa-press.net\/tchad\/wp-json\/wp\/v2\/types\/post"}],"author":[{"embeddable":true,"href":"https:\/\/www.africa-press.net\/tchad\/wp-json\/wp\/v2\/users\/82"}],"replies":[{"embeddable":true,"href":"https:\/\/www.africa-press.net\/tchad\/wp-json\/wp\/v2\/comments?post=53759"}],"version-history":[{"count":0,"href":"https:\/\/www.africa-press.net\/tchad\/wp-json\/wp\/v2\/posts\/53759\/revisions"}],"wp:featuredmedia":[{"embeddable":true,"href":"https:\/\/www.africa-press.net\/tchad\/wp-json\/wp\/v2\/media\/53757"}],"wp:attachment":[{"href":"https:\/\/www.africa-press.net\/tchad\/wp-json\/wp\/v2\/media?parent=53759"}],"wp:term":[{"taxonomy":"category","embeddable":true,"href":"https:\/\/www.africa-press.net\/tchad\/wp-json\/wp\/v2\/categories?post=53759"},{"taxonomy":"post_tag","embeddable":true,"href":"https:\/\/www.africa-press.net\/tchad\/wp-json\/wp\/v2\/tags?post=53759"}],"curies":[{"name":"wp","href":"https:\/\/api.w.org\/{rel}","templated":true}]}}