{"id":53762,"date":"2023-11-10T15:11:03","date_gmt":"2023-11-10T15:11:03","guid":{"rendered":"https:\/\/www.africa-press.net\/tchad\/politique\/les-leaders-politiques-du-ouaddai-formes-sur-le-cadre-juridique-et-institutionnel-du-referendum"},"modified":"2023-11-10T16:28:44","modified_gmt":"2023-11-10T16:28:44","slug":"les-leaders-politiques-du-ouaddai-formes-sur-le-cadre-juridique-et-institutionnel-du-referendum","status":"publish","type":"post","link":"https:\/\/www.africa-press.net\/tchad\/politique\/les-leaders-politiques-du-ouaddai-formes-sur-le-cadre-juridique-et-institutionnel-du-referendum","title":{"rendered":"Les leaders politiques du Ouadda\u00ef form\u00e9s sur le cadre juridique et institutionnel du r\u00e9f\u00e9rendum"},"content":{"rendered":"<p><span style=\"color: #ff6600\"><strong>Africa-Press &#8211; Tchad. <\/strong><\/span>Cet atelier a\u0300 pour objet de faire comprendre aux participants les enjeux du du nouveau cadre juridique et institutionnel du re\u0301fe\u0301rendum constitutionnel a\u0300 la lumie\u0300re des normes et standards internationaux ainsi que des bonnes pratiques internationales en la matie\u0300re, et aussi de sensibiliser les leaders des partis politiques pour une grande implication des femmes et des jeunes dans le processus re\u0301fe\u0301rendaire et e\u0301lectoral et e\u0301galement de discuter des meilleurs approches pour un re\u0301fe\u0301rendum constitutionnel et des e\u0301lections apaise\u0301es.<\/p>\n<p>La coordinatrice premie\u0300re adjointe du conseil national de transition Haoua Mahamat Taher a indique\u0301 que conforme\u0301ment a\u0300 la feuille de route de la transition et des recommandations du DNIS,un cadre national de concertation politique a e\u0301te\u0301 mis en place pour jouer le ro\u0302le d&rsquo;interface entre le pouvoir public et les acteurs politiques. C&rsquo;est dans ce cadre cet appui en renforcement de capacite\u0301s des leaders ne leaders ne peut que contribuer a\u0300 la cre\u0301ation des conditions pour la pre\u0301vention des violences a\u0300 la consolidation de la paix et la tenue des e\u0301lections de\u0301mocratiques et apaise\u0301es au Tchad.<\/p>\n<p>La repre\u0301sentante du programme des nations unies pour le de\u0301veloppement (PNUD) L&rsquo;assistante Gudber Gunanag a pre\u0301cise\u0301 le PNUD a\u0300 l&rsquo;instar de l&rsquo;ensemble des partenaires techniques et financiers ne cesse d&rsquo;accompagner les efforts des pouvoirs publics pour la re\u0301alisation des e\u0301lections de\u0301mocratiques au Tchad, aussi t-il me\u0301nager aucun effort pour travailler de concert avec le gouvernement en lui apportant son soutien multiforme pour l&rsquo;atteinte des objectifs de de\u0301veloppement durable et plus particulie\u0300rement le reaffirssement de la paix , la justice et les institutions efficaces l&rsquo;e\u0301galite\u0301 entre les sexes et la re\u0301duction des ine\u0301galite\u0301s.<\/p>\n<p>Lanc\u0327ant les travaux le secre\u0301taire ge\u0301ne\u0301ral de la province du Ouaddai\u0308 Abakar Hissein Didigui a dit que deux jours,les participants auront a\u0300 se familiariser avec les questions auxquelles les plus hautes autorite\u0301s et tout le peuple tchadien y est fortement attache\u0301, celle de jeter les bases de la refondation de l&rsquo;E\u0301tat tchadien conforme\u0301ment aux recommandations du DNIS. Les de\u0301bats seront certainement tre\u0300s anime\u0301s,mais il a aussi souligne\u0301 qu&rsquo;en tant que leaders politiques vous avez un ro\u0302le crucial dans la promotion du changement et de la de\u0301fense des inte\u0301re\u0302ts de notre communaute\u0301 invite\u0301 les participants a\u0300 interagir, poser des questions afin de se familiariser a-t-il conclu. Il faut noter que Cet atelier sera dirige\u0301 par plusieurs experts formateurs notamment : Dr Ahmat Djidda Albachir, Alladoum Djarma baltazar, Malloum Abba , Djimrane\u0301 Binrane\u0301, Haoua Mht Tahir et Zenaba Dayie\u0301 Djimet.<\/p>\n<p><strong>Pour plus d&rsquo;informations et d&rsquo;analyses sur la <a href=\"https:\/\/www.africa-press.net\/tchad\">Tchad<\/a>, suivez <a href=\"https:\/\/www.africa-press.net\/\">Africa-Press<\/a><\/strong><\/p>\n","protected":false},"excerpt":{"rendered":"<p>Africa-Press &#8211; Tchad. Cet atelier a\u0300 pour objet de faire comprendre aux participants les enjeux du du nouveau cadre juridique et institutionnel du re\u0301fe\u0301rendum constitutionnel a\u0300 la lumie\u0300re des normes et standards internationaux ainsi que des bonnes pratiques internationales en la matie\u0300re, et aussi de sensibiliser les leaders des partis politiques pour une grande implication [&hellip;]<\/p>\n","protected":false},"author":82,"featured_media":53760,"comment_status":"open","ping_status":"closed","sticky":false,"template":"","format":"standard","meta":{"footnotes":""},"categories":[2,20,10],"tags":[37,292,29],"class_list":["post-53762","post","type-post","status-publish","format-standard","has-post-thumbnail","hentry","category-politique","category-top-nouvelles","category-toutes-les-actualites","tag-africa-press","tag-africa-press-tchad","tag-tchad"],"yoast_head":"<!-- This site is optimized with the Yoast SEO Premium plugin v26.1 (Yoast SEO v27.0) - https:\/\/yoast.com\/product\/yoast-seo-premium-wordpress\/ -->\n<title>Les leaders politiques du Ouadda\u00ef form\u00e9s sur le cadre juridique et institutionnel du r\u00e9f\u00e9rendum - tchad<\/title>\n<meta name=\"description\" content=\"Cet atelier a\u0300 pour objet de faire comprendre aux participants les enjeux du du nouveau cadre juridique et institutionne ...\" \/>\n<meta name=\"robots\" content=\"index, follow, max-snippet:-1, max-image-preview:large, max-video-preview:-1\" \/>\n<link rel=\"canonical\" href=\"https:\/\/www.africa-press.net\/tchad\/politique\/les-leaders-politiques-du-ouaddai-formes-sur-le-cadre-juridique-et-institutionnel-du-referendum\" \/>\n<meta property=\"og:locale\" content=\"fr_FR\" \/>\n<meta property=\"og:type\" content=\"article\" \/>\n<meta property=\"og:title\" content=\"Les leaders politiques du Ouadda\u00ef form\u00e9s sur le cadre juridique et institutionnel du r\u00e9f\u00e9rendum\" \/>\n<meta property=\"og:description\" content=\"Cet atelier a\u0300 pour objet de faire comprendre aux participants les enjeux du du nouveau cadre juridique et institutionne ...\" \/>\n<meta property=\"og:url\" content=\"https:\/\/www.africa-press.net\/tchad\/politique\/les-leaders-politiques-du-ouaddai-formes-sur-le-cadre-juridique-et-institutionnel-du-referendum\" \/>\n<meta property=\"og:site_name\" content=\"tchad\" \/>\n<meta property=\"article:published_time\" content=\"2023-11-10T15:11:03+00:00\" \/>\n<meta property=\"article:modified_time\" content=\"2023-11-10T16:28:44+00:00\" \/>\n<meta property=\"og:image\" content=\"https:\/\/static.africa-press.net\/tchad\/sites\/41\/2023\/11\/sm_1699620974.080272.jpg\" \/>\n\t<meta property=\"og:image:width\" content=\"1068\" \/>\n\t<meta property=\"og:image:height\" content=\"712\" \/>\n\t<meta property=\"og:image:type\" content=\"image\/jpeg\" \/>\n<meta name=\"author\" content=\"cfeditorfr\" \/>\n<meta name=\"twitter:card\" content=\"summary_large_image\" \/>\n<meta name=\"twitter:label1\" content=\"\u00c9crit par\" \/>\n\t<meta name=\"twitter:data1\" content=\"cfeditorfr\" \/>\n\t<meta name=\"twitter:label2\" content=\"Dur\u00e9e de lecture estim\u00e9e\" \/>\n\t<meta name=\"twitter:data2\" content=\"3 minutes\" \/>\n<script type=\"application\/ld+json\" class=\"yoast-schema-graph\">{\"@context\":\"https:\/\/schema.org\",\"@graph\":[{\"@type\":\"Article\",\"@id\":\"https:\/\/www.africa-press.net\/tchad\/politique\/les-leaders-politiques-du-ouaddai-formes-sur-le-cadre-juridique-et-institutionnel-du-referendum#article\",\"isPartOf\":{\"@id\":\"https:\/\/www.africa-press.net\/tchad\/politique\/les-leaders-politiques-du-ouaddai-formes-sur-le-cadre-juridique-et-institutionnel-du-referendum\"},\"author\":{\"name\":\"cfeditorfr\",\"@id\":\"https:\/\/www.africa-press.net\/tchad\/#\/schema\/person\/2b1cf3cd81a31e3cd26889ca66d677f1\"},\"headline\":\"Les leaders politiques du Ouadda\u00ef form\u00e9s sur le cadre juridique et institutionnel du r\u00e9f\u00e9rendum\",\"datePublished\":\"2023-11-10T15:11:03+00:00\",\"dateModified\":\"2023-11-10T16:28:44+00:00\",\"mainEntityOfPage\":{\"@id\":\"https:\/\/www.africa-press.net\/tchad\/politique\/les-leaders-politiques-du-ouaddai-formes-sur-le-cadre-juridique-et-institutionnel-du-referendum\"},\"wordCount\":495,\"commentCount\":0,\"image\":{\"@id\":\"https:\/\/www.africa-press.net\/tchad\/politique\/les-leaders-politiques-du-ouaddai-formes-sur-le-cadre-juridique-et-institutionnel-du-referendum#primaryimage\"},\"thumbnailUrl\":\"https:\/\/static.africa-press.net\/tchad\/sites\/41\/2023\/11\/sm_1699620974.080272.jpg\",\"keywords\":[\"Africa Press\",\"Africa Press-Tchad\",\"Tchad\"],\"articleSection\":[\"Politique\",\"Top Nouvelles\",\"Toutes les actualit\u00e9s\"],\"inLanguage\":\"fr-FR\",\"potentialAction\":[{\"@type\":\"CommentAction\",\"name\":\"Comment\",\"target\":[\"https:\/\/www.africa-press.net\/tchad\/politique\/les-leaders-politiques-du-ouaddai-formes-sur-le-cadre-juridique-et-institutionnel-du-referendum#respond\"]}]},{\"@type\":\"WebPage\",\"@id\":\"https:\/\/www.africa-press.net\/tchad\/politique\/les-leaders-politiques-du-ouaddai-formes-sur-le-cadre-juridique-et-institutionnel-du-referendum\",\"url\":\"https:\/\/www.africa-press.net\/tchad\/politique\/les-leaders-politiques-du-ouaddai-formes-sur-le-cadre-juridique-et-institutionnel-du-referendum\",\"name\":\"Les leaders politiques du Ouadda\u00ef form\u00e9s sur le cadre juridique et institutionnel du r\u00e9f\u00e9rendum - tchad\",\"isPartOf\":{\"@id\":\"https:\/\/www.africa-press.net\/tchad\/#website\"},\"primaryImageOfPage\":{\"@id\":\"https:\/\/www.africa-press.net\/tchad\/politique\/les-leaders-politiques-du-ouaddai-formes-sur-le-cadre-juridique-et-institutionnel-du-referendum#primaryimage\"},\"image\":{\"@id\":\"https:\/\/www.africa-press.net\/tchad\/politique\/les-leaders-politiques-du-ouaddai-formes-sur-le-cadre-juridique-et-institutionnel-du-referendum#primaryimage\"},\"thumbnailUrl\":\"https:\/\/static.africa-press.net\/tchad\/sites\/41\/2023\/11\/sm_1699620974.080272.jpg\",\"datePublished\":\"2023-11-10T15:11:03+00:00\",\"dateModified\":\"2023-11-10T16:28:44+00:00\",\"author\":{\"@id\":\"https:\/\/www.africa-press.net\/tchad\/#\/schema\/person\/2b1cf3cd81a31e3cd26889ca66d677f1\"},\"description\":\"Cet atelier a\u0300 pour objet de faire comprendre aux participants les enjeux du du nouveau cadre juridique et institutionne ...\",\"breadcrumb\":{\"@id\":\"https:\/\/www.africa-press.net\/tchad\/politique\/les-leaders-politiques-du-ouaddai-formes-sur-le-cadre-juridique-et-institutionnel-du-referendum#breadcrumb\"},\"inLanguage\":\"fr-FR\",\"potentialAction\":[{\"@type\":\"ReadAction\",\"target\":[\"https:\/\/www.africa-press.net\/tchad\/politique\/les-leaders-politiques-du-ouaddai-formes-sur-le-cadre-juridique-et-institutionnel-du-referendum\"]}]},{\"@type\":\"ImageObject\",\"inLanguage\":\"fr-FR\",\"@id\":\"https:\/\/www.africa-press.net\/tchad\/politique\/les-leaders-politiques-du-ouaddai-formes-sur-le-cadre-juridique-et-institutionnel-du-referendum#primaryimage\",\"url\":\"https:\/\/static.africa-press.net\/tchad\/sites\/41\/2023\/11\/sm_1699620974.080272.jpg\",\"contentUrl\":\"https:\/\/static.africa-press.net\/tchad\/sites\/41\/2023\/11\/sm_1699620974.080272.jpg\",\"width\":1068,\"height\":712,\"caption\":\"Les leaders politiques du Ouadda\u00ef form\u00e9s sur le cadre juridique et institutionnel du r\u00e9f\u00e9rendum\"},{\"@type\":\"BreadcrumbList\",\"@id\":\"https:\/\/www.africa-press.net\/tchad\/politique\/les-leaders-politiques-du-ouaddai-formes-sur-le-cadre-juridique-et-institutionnel-du-referendum#breadcrumb\",\"itemListElement\":[{\"@type\":\"ListItem\",\"position\":1,\"name\":\"Accueil\",\"item\":\"https:\/\/www.africa-press.net\/tchad\/\"},{\"@type\":\"ListItem\",\"position\":2,\"name\":\"Les leaders politiques du Ouadda\u00ef form\u00e9s sur le cadre juridique et institutionnel du r\u00e9f\u00e9rendum\"}]},{\"@type\":\"WebSite\",\"@id\":\"https:\/\/www.africa-press.net\/tchad\/#website\",\"url\":\"https:\/\/www.africa-press.net\/tchad\/\",\"name\":\"tchad\",\"description\":\"Just another Africa News Agency Sites site\",\"potentialAction\":[{\"@type\":\"SearchAction\",\"target\":{\"@type\":\"EntryPoint\",\"urlTemplate\":\"https:\/\/www.africa-press.net\/tchad\/?s={search_term_string}\"},\"query-input\":{\"@type\":\"PropertyValueSpecification\",\"valueRequired\":true,\"valueName\":\"search_term_string\"}}],\"inLanguage\":\"fr-FR\"},{\"@type\":\"Person\",\"@id\":\"https:\/\/www.africa-press.net\/tchad\/#\/schema\/person\/2b1cf3cd81a31e3cd26889ca66d677f1\",\"name\":\"cfeditorfr\"}]}<\/script>\n<!-- \/ Yoast SEO Premium plugin. -->","yoast_head_json":{"title":"Les leaders politiques du Ouadda\u00ef form\u00e9s sur le cadre juridique et institutionnel du r\u00e9f\u00e9rendum - tchad","description":"Cet atelier a\u0300 pour objet de faire comprendre aux participants les enjeux du du nouveau cadre juridique et institutionne ...","robots":{"index":"index","follow":"follow","max-snippet":"max-snippet:-1","max-image-preview":"max-image-preview:large","max-video-preview":"max-video-preview:-1"},"canonical":"https:\/\/www.africa-press.net\/tchad\/politique\/les-leaders-politiques-du-ouaddai-formes-sur-le-cadre-juridique-et-institutionnel-du-referendum","og_locale":"fr_FR","og_type":"article","og_title":"Les leaders politiques du Ouadda\u00ef form\u00e9s sur le cadre juridique et institutionnel du r\u00e9f\u00e9rendum","og_description":"Cet atelier a\u0300 pour objet de faire comprendre aux participants les enjeux du du nouveau cadre juridique et institutionne ...","og_url":"https:\/\/www.africa-press.net\/tchad\/politique\/les-leaders-politiques-du-ouaddai-formes-sur-le-cadre-juridique-et-institutionnel-du-referendum","og_site_name":"tchad","article_published_time":"2023-11-10T15:11:03+00:00","article_modified_time":"2023-11-10T16:28:44+00:00","og_image":[{"width":1068,"height":712,"url":"https:\/\/static.africa-press.net\/tchad\/sites\/41\/2023\/11\/sm_1699620974.080272.jpg","type":"image\/jpeg"}],"author":"cfeditorfr","twitter_card":"summary_large_image","twitter_misc":{"\u00c9crit par":"cfeditorfr","Dur\u00e9e de lecture estim\u00e9e":"3 minutes"},"schema":{"@context":"https:\/\/schema.org","@graph":[{"@type":"Article","@id":"https:\/\/www.africa-press.net\/tchad\/politique\/les-leaders-politiques-du-ouaddai-formes-sur-le-cadre-juridique-et-institutionnel-du-referendum#article","isPartOf":{"@id":"https:\/\/www.africa-press.net\/tchad\/politique\/les-leaders-politiques-du-ouaddai-formes-sur-le-cadre-juridique-et-institutionnel-du-referendum"},"author":{"name":"cfeditorfr","@id":"https:\/\/www.africa-press.net\/tchad\/#\/schema\/person\/2b1cf3cd81a31e3cd26889ca66d677f1"},"headline":"Les leaders politiques du Ouadda\u00ef form\u00e9s sur le cadre juridique et institutionnel du r\u00e9f\u00e9rendum","datePublished":"2023-11-10T15:11:03+00:00","dateModified":"2023-11-10T16:28:44+00:00","mainEntityOfPage":{"@id":"https:\/\/www.africa-press.net\/tchad\/politique\/les-leaders-politiques-du-ouaddai-formes-sur-le-cadre-juridique-et-institutionnel-du-referendum"},"wordCount":495,"commentCount":0,"image":{"@id":"https:\/\/www.africa-press.net\/tchad\/politique\/les-leaders-politiques-du-ouaddai-formes-sur-le-cadre-juridique-et-institutionnel-du-referendum#primaryimage"},"thumbnailUrl":"https:\/\/static.africa-press.net\/tchad\/sites\/41\/2023\/11\/sm_1699620974.080272.jpg","keywords":["Africa Press","Africa Press-Tchad","Tchad"],"articleSection":["Politique","Top Nouvelles","Toutes les actualit\u00e9s"],"inLanguage":"fr-FR","potentialAction":[{"@type":"CommentAction","name":"Comment","target":["https:\/\/www.africa-press.net\/tchad\/politique\/les-leaders-politiques-du-ouaddai-formes-sur-le-cadre-juridique-et-institutionnel-du-referendum#respond"]}]},{"@type":"WebPage","@id":"https:\/\/www.africa-press.net\/tchad\/politique\/les-leaders-politiques-du-ouaddai-formes-sur-le-cadre-juridique-et-institutionnel-du-referendum","url":"https:\/\/www.africa-press.net\/tchad\/politique\/les-leaders-politiques-du-ouaddai-formes-sur-le-cadre-juridique-et-institutionnel-du-referendum","name":"Les leaders politiques du Ouadda\u00ef form\u00e9s sur le cadre juridique et institutionnel du r\u00e9f\u00e9rendum - tchad","isPartOf":{"@id":"https:\/\/www.africa-press.net\/tchad\/#website"},"primaryImageOfPage":{"@id":"https:\/\/www.africa-press.net\/tchad\/politique\/les-leaders-politiques-du-ouaddai-formes-sur-le-cadre-juridique-et-institutionnel-du-referendum#primaryimage"},"image":{"@id":"https:\/\/www.africa-press.net\/tchad\/politique\/les-leaders-politiques-du-ouaddai-formes-sur-le-cadre-juridique-et-institutionnel-du-referendum#primaryimage"},"thumbnailUrl":"https:\/\/static.africa-press.net\/tchad\/sites\/41\/2023\/11\/sm_1699620974.080272.jpg","datePublished":"2023-11-10T15:11:03+00:00","dateModified":"2023-11-10T16:28:44+00:00","author":{"@id":"https:\/\/www.africa-press.net\/tchad\/#\/schema\/person\/2b1cf3cd81a31e3cd26889ca66d677f1"},"description":"Cet atelier a\u0300 pour objet de faire comprendre aux participants les enjeux du du nouveau cadre juridique et institutionne ...","breadcrumb":{"@id":"https:\/\/www.africa-press.net\/tchad\/politique\/les-leaders-politiques-du-ouaddai-formes-sur-le-cadre-juridique-et-institutionnel-du-referendum#breadcrumb"},"inLanguage":"fr-FR","potentialAction":[{"@type":"ReadAction","target":["https:\/\/www.africa-press.net\/tchad\/politique\/les-leaders-politiques-du-ouaddai-formes-sur-le-cadre-juridique-et-institutionnel-du-referendum"]}]},{"@type":"ImageObject","inLanguage":"fr-FR","@id":"https:\/\/www.africa-press.net\/tchad\/politique\/les-leaders-politiques-du-ouaddai-formes-sur-le-cadre-juridique-et-institutionnel-du-referendum#primaryimage","url":"https:\/\/static.africa-press.net\/tchad\/sites\/41\/2023\/11\/sm_1699620974.080272.jpg","contentUrl":"https:\/\/static.africa-press.net\/tchad\/sites\/41\/2023\/11\/sm_1699620974.080272.jpg","width":1068,"height":712,"caption":"Les leaders politiques du Ouadda\u00ef form\u00e9s sur le cadre juridique et institutionnel du r\u00e9f\u00e9rendum"},{"@type":"BreadcrumbList","@id":"https:\/\/www.africa-press.net\/tchad\/politique\/les-leaders-politiques-du-ouaddai-formes-sur-le-cadre-juridique-et-institutionnel-du-referendum#breadcrumb","itemListElement":[{"@type":"ListItem","position":1,"name":"Accueil","item":"https:\/\/www.africa-press.net\/tchad\/"},{"@type":"ListItem","position":2,"name":"Les leaders politiques du Ouadda\u00ef form\u00e9s sur le cadre juridique et institutionnel du r\u00e9f\u00e9rendum"}]},{"@type":"WebSite","@id":"https:\/\/www.africa-press.net\/tchad\/#website","url":"https:\/\/www.africa-press.net\/tchad\/","name":"tchad","description":"Just another Africa News Agency Sites site","potentialAction":[{"@type":"SearchAction","target":{"@type":"EntryPoint","urlTemplate":"https:\/\/www.africa-press.net\/tchad\/?s={search_term_string}"},"query-input":{"@type":"PropertyValueSpecification","valueRequired":true,"valueName":"search_term_string"}}],"inLanguage":"fr-FR"},{"@type":"Person","@id":"https:\/\/www.africa-press.net\/tchad\/#\/schema\/person\/2b1cf3cd81a31e3cd26889ca66d677f1","name":"cfeditorfr"}]}},"_links":{"self":[{"href":"https:\/\/www.africa-press.net\/tchad\/wp-json\/wp\/v2\/posts\/53762","targetHints":{"allow":["GET"]}}],"collection":[{"href":"https:\/\/www.africa-press.net\/tchad\/wp-json\/wp\/v2\/posts"}],"about":[{"href":"https:\/\/www.africa-press.net\/tchad\/wp-json\/wp\/v2\/types\/post"}],"author":[{"embeddable":true,"href":"https:\/\/www.africa-press.net\/tchad\/wp-json\/wp\/v2\/users\/82"}],"replies":[{"embeddable":true,"href":"https:\/\/www.africa-press.net\/tchad\/wp-json\/wp\/v2\/comments?post=53762"}],"version-history":[{"count":0,"href":"https:\/\/www.africa-press.net\/tchad\/wp-json\/wp\/v2\/posts\/53762\/revisions"}],"wp:featuredmedia":[{"embeddable":true,"href":"https:\/\/www.africa-press.net\/tchad\/wp-json\/wp\/v2\/media\/53760"}],"wp:attachment":[{"href":"https:\/\/www.africa-press.net\/tchad\/wp-json\/wp\/v2\/media?parent=53762"}],"wp:term":[{"taxonomy":"category","embeddable":true,"href":"https:\/\/www.africa-press.net\/tchad\/wp-json\/wp\/v2\/categories?post=53762"},{"taxonomy":"post_tag","embeddable":true,"href":"https:\/\/www.africa-press.net\/tchad\/wp-json\/wp\/v2\/tags?post=53762"}],"curies":[{"name":"wp","href":"https:\/\/api.w.org\/{rel}","templated":true}]}}