{"id":53783,"date":"2023-11-10T15:13:35","date_gmt":"2023-11-10T15:13:35","guid":{"rendered":"https:\/\/www.africa-press.net\/tchad\/politique\/immigration-168-tchadiens-rapatries-de-libye-par-loim"},"modified":"2023-11-10T17:05:18","modified_gmt":"2023-11-10T17:05:18","slug":"immigration-168-tchadiens-rapatries-de-libye-par-loim","status":"publish","type":"post","link":"https:\/\/www.africa-press.net\/tchad\/politique\/immigration-168-tchadiens-rapatries-de-libye-par-loim","title":{"rendered":"Immigration: 168 Tchadiens rapatri\u00e9s de Libye par l&rsquo;OIM"},"content":{"rendered":"<p><span style=\"color: #ff6600\"><strong>Africa-Press &#8211; Tchad. <\/strong><\/span>L&rsquo;Organisation Internationale pour les Migrations (OIM) continue de pre\u0302ter main-forte aux migrants dans le besoin. Le 9 novembre 2023, l&rsquo;OIM a organise\u0301 le rapatriement de 168 citoyens tchadiens qui e\u0301taient auparavant bloque\u0301s en Libye.<\/p>\n<p>Gra\u0302ce au programme d&rsquo;aide au retour volontaire et a\u0300 la re\u0301inte\u0301gration de l&rsquo;organisation, ces individus ont pu retrouver leurs familles et amis au Tchad. Cette initiative ne se limite pas a\u0300 un simple retour ; les rapatrie\u0301s be\u0301ne\u0301ficieront e\u0301galement d&rsquo;une formation de deux jours axe\u0301e sur la gestion d&rsquo;entreprise et l&rsquo;entrepreneuriat. Cette formation est conc\u0327ue pour faciliter leur re\u0301inte\u0301gration socio-e\u0301conomique dans leur pays d&rsquo;origine.<\/p>\n<p><strong>Pour plus d&rsquo;informations et d&rsquo;analyses sur la <a href=\"https:\/\/www.africa-press.net\/tchad\">Tchad<\/a>, suivez <a href=\"https:\/\/www.africa-press.net\/\">Africa-Press<\/a><\/strong><\/p>\n","protected":false},"excerpt":{"rendered":"<p>Africa-Press &#8211; Tchad. L&rsquo;Organisation Internationale pour les Migrations (OIM) continue de pre\u0302ter main-forte aux migrants dans le besoin. Le 9 novembre 2023, l&rsquo;OIM a organise\u0301 le rapatriement de 168 citoyens tchadiens qui e\u0301taient auparavant bloque\u0301s en Libye. Gra\u0302ce au programme d&rsquo;aide au retour volontaire et a\u0300 la re\u0301inte\u0301gration de l&rsquo;organisation, ces individus ont pu retrouver [&hellip;]<\/p>\n","protected":false},"author":82,"featured_media":53782,"comment_status":"open","ping_status":"closed","sticky":false,"template":"","format":"standard","meta":{"footnotes":""},"categories":[2,10],"tags":[37,292,29],"class_list":["post-53783","post","type-post","status-publish","format-standard","has-post-thumbnail","hentry","category-politique","category-toutes-les-actualites","tag-africa-press","tag-africa-press-tchad","tag-tchad"],"yoast_head":"<!-- This site is optimized with the Yoast SEO Premium plugin v26.1 (Yoast SEO v27.0) - https:\/\/yoast.com\/product\/yoast-seo-premium-wordpress\/ -->\n<title>Immigration: 168 Tchadiens rapatri\u00e9s de Libye par l&#039;OIM - tchad<\/title>\n<meta name=\"description\" content=\"L&#039;Organisation Internationale pour les Migrations (OIM) continue de pre\u0302ter main-forte aux migrants dans le besoin. Le 9 ...\" \/>\n<meta name=\"robots\" content=\"index, follow, max-snippet:-1, max-image-preview:large, max-video-preview:-1\" \/>\n<link rel=\"canonical\" href=\"https:\/\/www.africa-press.net\/tchad\/politique\/immigration-168-tchadiens-rapatries-de-libye-par-loim\" \/>\n<meta property=\"og:locale\" content=\"fr_FR\" \/>\n<meta property=\"og:type\" content=\"article\" \/>\n<meta property=\"og:title\" content=\"Immigration: 168 Tchadiens rapatri\u00e9s de Libye par l&#039;OIM\" \/>\n<meta property=\"og:description\" content=\"L&#039;Organisation Internationale pour les Migrations (OIM) continue de pre\u0302ter main-forte aux migrants dans le besoin. Le 9 ...\" \/>\n<meta property=\"og:url\" content=\"https:\/\/www.africa-press.net\/tchad\/politique\/immigration-168-tchadiens-rapatries-de-libye-par-loim\" \/>\n<meta property=\"og:site_name\" content=\"tchad\" \/>\n<meta property=\"article:published_time\" content=\"2023-11-10T15:13:35+00:00\" \/>\n<meta property=\"article:modified_time\" content=\"2023-11-10T17:05:18+00:00\" \/>\n<meta property=\"og:image\" content=\"https:\/\/static.africa-press.net\/tchad\/sites\/41\/2023\/11\/sm_1699623189.024861.jpg\" \/>\n\t<meta property=\"og:image:width\" content=\"939\" \/>\n\t<meta property=\"og:image:height\" content=\"611\" \/>\n\t<meta property=\"og:image:type\" content=\"image\/jpeg\" \/>\n<meta name=\"author\" content=\"cfeditorfr\" \/>\n<meta name=\"twitter:card\" content=\"summary_large_image\" \/>\n<meta name=\"twitter:label1\" content=\"\u00c9crit par\" \/>\n\t<meta name=\"twitter:data1\" content=\"cfeditorfr\" \/>\n\t<meta name=\"twitter:label2\" content=\"Dur\u00e9e de lecture estim\u00e9e\" \/>\n\t<meta name=\"twitter:data2\" content=\"1 minute\" \/>\n<script type=\"application\/ld+json\" class=\"yoast-schema-graph\">{\"@context\":\"https:\/\/schema.org\",\"@graph\":[{\"@type\":\"Article\",\"@id\":\"https:\/\/www.africa-press.net\/tchad\/politique\/immigration-168-tchadiens-rapatries-de-libye-par-loim#article\",\"isPartOf\":{\"@id\":\"https:\/\/www.africa-press.net\/tchad\/politique\/immigration-168-tchadiens-rapatries-de-libye-par-loim\"},\"author\":{\"name\":\"cfeditorfr\",\"@id\":\"https:\/\/www.africa-press.net\/tchad\/#\/schema\/person\/2b1cf3cd81a31e3cd26889ca66d677f1\"},\"headline\":\"Immigration: 168 Tchadiens rapatri\u00e9s de Libye par l&rsquo;OIM\",\"datePublished\":\"2023-11-10T15:13:35+00:00\",\"dateModified\":\"2023-11-10T17:05:18+00:00\",\"mainEntityOfPage\":{\"@id\":\"https:\/\/www.africa-press.net\/tchad\/politique\/immigration-168-tchadiens-rapatries-de-libye-par-loim\"},\"wordCount\":141,\"commentCount\":0,\"image\":{\"@id\":\"https:\/\/www.africa-press.net\/tchad\/politique\/immigration-168-tchadiens-rapatries-de-libye-par-loim#primaryimage\"},\"thumbnailUrl\":\"https:\/\/static.africa-press.net\/tchad\/sites\/41\/2023\/11\/sm_1699623189.024861.jpg\",\"keywords\":[\"Africa Press\",\"Africa Press-Tchad\",\"Tchad\"],\"articleSection\":[\"Politique\",\"Toutes les actualit\u00e9s\"],\"inLanguage\":\"fr-FR\",\"potentialAction\":[{\"@type\":\"CommentAction\",\"name\":\"Comment\",\"target\":[\"https:\/\/www.africa-press.net\/tchad\/politique\/immigration-168-tchadiens-rapatries-de-libye-par-loim#respond\"]}]},{\"@type\":\"WebPage\",\"@id\":\"https:\/\/www.africa-press.net\/tchad\/politique\/immigration-168-tchadiens-rapatries-de-libye-par-loim\",\"url\":\"https:\/\/www.africa-press.net\/tchad\/politique\/immigration-168-tchadiens-rapatries-de-libye-par-loim\",\"name\":\"Immigration: 168 Tchadiens rapatri\u00e9s de Libye par l'OIM - tchad\",\"isPartOf\":{\"@id\":\"https:\/\/www.africa-press.net\/tchad\/#website\"},\"primaryImageOfPage\":{\"@id\":\"https:\/\/www.africa-press.net\/tchad\/politique\/immigration-168-tchadiens-rapatries-de-libye-par-loim#primaryimage\"},\"image\":{\"@id\":\"https:\/\/www.africa-press.net\/tchad\/politique\/immigration-168-tchadiens-rapatries-de-libye-par-loim#primaryimage\"},\"thumbnailUrl\":\"https:\/\/static.africa-press.net\/tchad\/sites\/41\/2023\/11\/sm_1699623189.024861.jpg\",\"datePublished\":\"2023-11-10T15:13:35+00:00\",\"dateModified\":\"2023-11-10T17:05:18+00:00\",\"author\":{\"@id\":\"https:\/\/www.africa-press.net\/tchad\/#\/schema\/person\/2b1cf3cd81a31e3cd26889ca66d677f1\"},\"description\":\"L'Organisation Internationale pour les Migrations (OIM) continue de pre\u0302ter main-forte aux migrants dans le besoin. Le 9 ...\",\"breadcrumb\":{\"@id\":\"https:\/\/www.africa-press.net\/tchad\/politique\/immigration-168-tchadiens-rapatries-de-libye-par-loim#breadcrumb\"},\"inLanguage\":\"fr-FR\",\"potentialAction\":[{\"@type\":\"ReadAction\",\"target\":[\"https:\/\/www.africa-press.net\/tchad\/politique\/immigration-168-tchadiens-rapatries-de-libye-par-loim\"]}]},{\"@type\":\"ImageObject\",\"inLanguage\":\"fr-FR\",\"@id\":\"https:\/\/www.africa-press.net\/tchad\/politique\/immigration-168-tchadiens-rapatries-de-libye-par-loim#primaryimage\",\"url\":\"https:\/\/static.africa-press.net\/tchad\/sites\/41\/2023\/11\/sm_1699623189.024861.jpg\",\"contentUrl\":\"https:\/\/static.africa-press.net\/tchad\/sites\/41\/2023\/11\/sm_1699623189.024861.jpg\",\"width\":939,\"height\":611,\"caption\":\"Immigration: 168 Tchadiens rapatri\u00e9s de Libye par l'OIM\"},{\"@type\":\"BreadcrumbList\",\"@id\":\"https:\/\/www.africa-press.net\/tchad\/politique\/immigration-168-tchadiens-rapatries-de-libye-par-loim#breadcrumb\",\"itemListElement\":[{\"@type\":\"ListItem\",\"position\":1,\"name\":\"Accueil\",\"item\":\"https:\/\/www.africa-press.net\/tchad\/\"},{\"@type\":\"ListItem\",\"position\":2,\"name\":\"Immigration: 168 Tchadiens rapatri\u00e9s de Libye par l&#8217;OIM\"}]},{\"@type\":\"WebSite\",\"@id\":\"https:\/\/www.africa-press.net\/tchad\/#website\",\"url\":\"https:\/\/www.africa-press.net\/tchad\/\",\"name\":\"tchad\",\"description\":\"Just another Africa News Agency Sites site\",\"potentialAction\":[{\"@type\":\"SearchAction\",\"target\":{\"@type\":\"EntryPoint\",\"urlTemplate\":\"https:\/\/www.africa-press.net\/tchad\/?s={search_term_string}\"},\"query-input\":{\"@type\":\"PropertyValueSpecification\",\"valueRequired\":true,\"valueName\":\"search_term_string\"}}],\"inLanguage\":\"fr-FR\"},{\"@type\":\"Person\",\"@id\":\"https:\/\/www.africa-press.net\/tchad\/#\/schema\/person\/2b1cf3cd81a31e3cd26889ca66d677f1\",\"name\":\"cfeditorfr\"}]}<\/script>\n<!-- \/ Yoast SEO Premium plugin. -->","yoast_head_json":{"title":"Immigration: 168 Tchadiens rapatri\u00e9s de Libye par l'OIM - tchad","description":"L'Organisation Internationale pour les Migrations (OIM) continue de pre\u0302ter main-forte aux migrants dans le besoin. Le 9 ...","robots":{"index":"index","follow":"follow","max-snippet":"max-snippet:-1","max-image-preview":"max-image-preview:large","max-video-preview":"max-video-preview:-1"},"canonical":"https:\/\/www.africa-press.net\/tchad\/politique\/immigration-168-tchadiens-rapatries-de-libye-par-loim","og_locale":"fr_FR","og_type":"article","og_title":"Immigration: 168 Tchadiens rapatri\u00e9s de Libye par l'OIM","og_description":"L'Organisation Internationale pour les Migrations (OIM) continue de pre\u0302ter main-forte aux migrants dans le besoin. Le 9 ...","og_url":"https:\/\/www.africa-press.net\/tchad\/politique\/immigration-168-tchadiens-rapatries-de-libye-par-loim","og_site_name":"tchad","article_published_time":"2023-11-10T15:13:35+00:00","article_modified_time":"2023-11-10T17:05:18+00:00","og_image":[{"width":939,"height":611,"url":"https:\/\/static.africa-press.net\/tchad\/sites\/41\/2023\/11\/sm_1699623189.024861.jpg","type":"image\/jpeg"}],"author":"cfeditorfr","twitter_card":"summary_large_image","twitter_misc":{"\u00c9crit par":"cfeditorfr","Dur\u00e9e de lecture estim\u00e9e":"1 minute"},"schema":{"@context":"https:\/\/schema.org","@graph":[{"@type":"Article","@id":"https:\/\/www.africa-press.net\/tchad\/politique\/immigration-168-tchadiens-rapatries-de-libye-par-loim#article","isPartOf":{"@id":"https:\/\/www.africa-press.net\/tchad\/politique\/immigration-168-tchadiens-rapatries-de-libye-par-loim"},"author":{"name":"cfeditorfr","@id":"https:\/\/www.africa-press.net\/tchad\/#\/schema\/person\/2b1cf3cd81a31e3cd26889ca66d677f1"},"headline":"Immigration: 168 Tchadiens rapatri\u00e9s de Libye par l&rsquo;OIM","datePublished":"2023-11-10T15:13:35+00:00","dateModified":"2023-11-10T17:05:18+00:00","mainEntityOfPage":{"@id":"https:\/\/www.africa-press.net\/tchad\/politique\/immigration-168-tchadiens-rapatries-de-libye-par-loim"},"wordCount":141,"commentCount":0,"image":{"@id":"https:\/\/www.africa-press.net\/tchad\/politique\/immigration-168-tchadiens-rapatries-de-libye-par-loim#primaryimage"},"thumbnailUrl":"https:\/\/static.africa-press.net\/tchad\/sites\/41\/2023\/11\/sm_1699623189.024861.jpg","keywords":["Africa Press","Africa Press-Tchad","Tchad"],"articleSection":["Politique","Toutes les actualit\u00e9s"],"inLanguage":"fr-FR","potentialAction":[{"@type":"CommentAction","name":"Comment","target":["https:\/\/www.africa-press.net\/tchad\/politique\/immigration-168-tchadiens-rapatries-de-libye-par-loim#respond"]}]},{"@type":"WebPage","@id":"https:\/\/www.africa-press.net\/tchad\/politique\/immigration-168-tchadiens-rapatries-de-libye-par-loim","url":"https:\/\/www.africa-press.net\/tchad\/politique\/immigration-168-tchadiens-rapatries-de-libye-par-loim","name":"Immigration: 168 Tchadiens rapatri\u00e9s de Libye par l'OIM - tchad","isPartOf":{"@id":"https:\/\/www.africa-press.net\/tchad\/#website"},"primaryImageOfPage":{"@id":"https:\/\/www.africa-press.net\/tchad\/politique\/immigration-168-tchadiens-rapatries-de-libye-par-loim#primaryimage"},"image":{"@id":"https:\/\/www.africa-press.net\/tchad\/politique\/immigration-168-tchadiens-rapatries-de-libye-par-loim#primaryimage"},"thumbnailUrl":"https:\/\/static.africa-press.net\/tchad\/sites\/41\/2023\/11\/sm_1699623189.024861.jpg","datePublished":"2023-11-10T15:13:35+00:00","dateModified":"2023-11-10T17:05:18+00:00","author":{"@id":"https:\/\/www.africa-press.net\/tchad\/#\/schema\/person\/2b1cf3cd81a31e3cd26889ca66d677f1"},"description":"L'Organisation Internationale pour les Migrations (OIM) continue de pre\u0302ter main-forte aux migrants dans le besoin. Le 9 ...","breadcrumb":{"@id":"https:\/\/www.africa-press.net\/tchad\/politique\/immigration-168-tchadiens-rapatries-de-libye-par-loim#breadcrumb"},"inLanguage":"fr-FR","potentialAction":[{"@type":"ReadAction","target":["https:\/\/www.africa-press.net\/tchad\/politique\/immigration-168-tchadiens-rapatries-de-libye-par-loim"]}]},{"@type":"ImageObject","inLanguage":"fr-FR","@id":"https:\/\/www.africa-press.net\/tchad\/politique\/immigration-168-tchadiens-rapatries-de-libye-par-loim#primaryimage","url":"https:\/\/static.africa-press.net\/tchad\/sites\/41\/2023\/11\/sm_1699623189.024861.jpg","contentUrl":"https:\/\/static.africa-press.net\/tchad\/sites\/41\/2023\/11\/sm_1699623189.024861.jpg","width":939,"height":611,"caption":"Immigration: 168 Tchadiens rapatri\u00e9s de Libye par l'OIM"},{"@type":"BreadcrumbList","@id":"https:\/\/www.africa-press.net\/tchad\/politique\/immigration-168-tchadiens-rapatries-de-libye-par-loim#breadcrumb","itemListElement":[{"@type":"ListItem","position":1,"name":"Accueil","item":"https:\/\/www.africa-press.net\/tchad\/"},{"@type":"ListItem","position":2,"name":"Immigration: 168 Tchadiens rapatri\u00e9s de Libye par l&#8217;OIM"}]},{"@type":"WebSite","@id":"https:\/\/www.africa-press.net\/tchad\/#website","url":"https:\/\/www.africa-press.net\/tchad\/","name":"tchad","description":"Just another Africa News Agency Sites site","potentialAction":[{"@type":"SearchAction","target":{"@type":"EntryPoint","urlTemplate":"https:\/\/www.africa-press.net\/tchad\/?s={search_term_string}"},"query-input":{"@type":"PropertyValueSpecification","valueRequired":true,"valueName":"search_term_string"}}],"inLanguage":"fr-FR"},{"@type":"Person","@id":"https:\/\/www.africa-press.net\/tchad\/#\/schema\/person\/2b1cf3cd81a31e3cd26889ca66d677f1","name":"cfeditorfr"}]}},"_links":{"self":[{"href":"https:\/\/www.africa-press.net\/tchad\/wp-json\/wp\/v2\/posts\/53783","targetHints":{"allow":["GET"]}}],"collection":[{"href":"https:\/\/www.africa-press.net\/tchad\/wp-json\/wp\/v2\/posts"}],"about":[{"href":"https:\/\/www.africa-press.net\/tchad\/wp-json\/wp\/v2\/types\/post"}],"author":[{"embeddable":true,"href":"https:\/\/www.africa-press.net\/tchad\/wp-json\/wp\/v2\/users\/82"}],"replies":[{"embeddable":true,"href":"https:\/\/www.africa-press.net\/tchad\/wp-json\/wp\/v2\/comments?post=53783"}],"version-history":[{"count":0,"href":"https:\/\/www.africa-press.net\/tchad\/wp-json\/wp\/v2\/posts\/53783\/revisions"}],"wp:featuredmedia":[{"embeddable":true,"href":"https:\/\/www.africa-press.net\/tchad\/wp-json\/wp\/v2\/media\/53782"}],"wp:attachment":[{"href":"https:\/\/www.africa-press.net\/tchad\/wp-json\/wp\/v2\/media?parent=53783"}],"wp:term":[{"taxonomy":"category","embeddable":true,"href":"https:\/\/www.africa-press.net\/tchad\/wp-json\/wp\/v2\/categories?post=53783"},{"taxonomy":"post_tag","embeddable":true,"href":"https:\/\/www.africa-press.net\/tchad\/wp-json\/wp\/v2\/tags?post=53783"}],"curies":[{"name":"wp","href":"https:\/\/api.w.org\/{rel}","templated":true}]}}