{"id":53802,"date":"2023-11-11T10:31:08","date_gmt":"2023-11-11T10:31:08","guid":{"rendered":"https:\/\/www.africa-press.net\/tchad\/politique\/le-tchad-appelle-a-un-cessez-le-feu-a-gaza-afin-de-se-pencher-sur-le-fond-du-probleme"},"modified":"2023-11-11T10:47:54","modified_gmt":"2023-11-11T10:47:54","slug":"le-tchad-appelle-a-un-cessez-le-feu-a-gaza-afin-de-se-pencher-sur-le-fond-du-probleme","status":"publish","type":"post","link":"https:\/\/www.africa-press.net\/tchad\/politique\/le-tchad-appelle-a-un-cessez-le-feu-a-gaza-afin-de-se-pencher-sur-le-fond-du-probleme","title":{"rendered":"Le Tchad \u201cappelle \u00e0 un cessez-le-feu\u201d \u00e0 Gaza afin de se pencher \u201csur le fond du probl\u00e8me\u201d"},"content":{"rendered":"<p><span style=\"color: #ff6600\"><strong>Africa-Press &#8211; Tchad. <\/strong><\/span>Une semaine apre\u0300s le rappel du charge\u0301 d\u2019affaires de l\u2019Ambassade du Tchad en Israe\u0308l, le ministre des Affaires e\u0301trange\u0300res a confirme\u0301 la prise de position du Tchad, qui pro\u0302ne un cessez-le-feu afin de se pencher \u00ab sur le fond du proble\u0300me \u00bb.<\/p>\n<p>\u00ab Notre pays appelle a\u0300 un cessez-le-feu. Nous avons me\u0302me rappele\u0301 notre charge\u0301 d\u2019affaires la\u0300-bas (Ndlr : ambassade tchadienne a\u0300 Ramat Gan (Tel Aviv) en Israe\u0308l). On pro\u0302ne pour un cessez-le-feu rapide pour se pencher sur le fond de la question : la cre\u0301ation de 2 E\u0301tats co\u0302te a\u0300 co\u0302te. C\u2019est c\u0327a le fond du proble\u0300me. \u00bb Ce vendredi 10 novembre, le ministre tchadien des Affaires e\u0301trange\u0300res, Mahamat Saleh Annadif, a confirme\u0301 la de\u0301cision prise une semaine auparavant du rappel de son chef de mission dans la capitale israe\u0301lienne et appelle a\u0300 la fin des bombardements de Tsahal sur l\u2019enclave palestinienne de Gaza.<\/p>\n<p>Ce rappel du charge\u0301 d\u2019affaires \u00ab pour consultation \u00bb ne signifie pas pour autant une rupture des relations diplomatiques avec l\u2019E\u0301tat he\u0301breu, tenait a\u0300 pre\u0301ciser le chef de la diplomatie tchadienne.<\/p>\n<p>Le Tchad se de\u0301marque ainsi (tout en se rapprochant de la ligne de l\u2019Union africaine) du mutisme de nombreux pays africains depuis l\u2019attaque du Hamas sur Israe\u0308l le 07 octobre 2023. Bien que la porte\u0301e politique\/diplomatique (voire e\u0301lectoraliste pour le Premier ministre israe\u0301lien) des pays africains soit re\u0301duite, on constate une sorte de rupture dans la ligne diplomatique entre les pays du continent. Il y a tout d\u2019abord ces pays qui soutiennent la cause palestinienne (et parfois le Hamas) parmi lesquels on retrouve l\u2019Afrique du Sud et l\u2019Alge\u0301rie, deux pays importants sur l\u2019e\u0301chiquier politique continental. Historiquement, la ligne politique de l\u2019ANC (African National Congress) de Nelson Mandela a toujours soutenu la cause palestinienne. En re\u0301fe\u0301rence a\u0300 l\u2019apartheid, Cyril Ramaphosa, le pre\u0301sident de la Re\u0301publique sud-africaine, a justifie\u0301 \u00ab les actions du Hamas par l\u2019occupation des terres palestiniennes \u00bb.<\/p>\n<p>Cette re\u0301fe\u0301rence a\u0300 l\u2019apartheid a aussi e\u0301te\u0301 utilise\u0301e par la Mauritanie pour condamner Israe\u0308l. Notons que les 5 pays africains (Comores, Djibouti, Mali, Niger et Somalie) qui ne reconnaissent pas officiellement Israe\u0308l ont aussi apporte\u0301 leur soutien au Hamas.<\/p>\n<p>Il y a ensuite les gouvernements qui ont apporte\u0301 leur soutien a\u0300 l\u2019E\u0301tat he\u0301breu : le Cameroun, l\u2019Ouganda, la RDC, le Se\u0301ne\u0301gal (a\u0300 travers une condamnation du Hamas), le Togo, et le Rwanda.<\/p>\n<p><b>Position de prudence<\/b><\/p>\n<p>Au milieu de tout cela, il y a une majorite\u0301 de pays qui ne se sont pas prononce\u0301s (et encore moins pris position) depuis le 7 octobre dernier.<\/p>\n<p>La prudence adopte\u0301e par ces pays \u00ab neutres \u00bb diplomatiquement s\u2019explique par le fait que \u00ab l\u2019Afrique subsaharienne est de\u0301ja\u0300 en proie a\u0300 de profonds conflits et a\u0300 une grande instabilite\u0301 depuis plusieurs mois, un nouveau conflit au Moyen-Orient ne fera qu\u2019aggraver la situation. Dans ce contexte, la ligne de cre\u0302te que semble tenir de nombreux E\u0301tats africains et la stabilite\u0301 du positionnement de l\u2019Union africaine semblent plus prudentes. \u00bb selon Sonia le Gouriellec (Docteure en Science Politique et mai\u0302tresse de confe\u0301rences a\u0300 l\u2019Universite\u0301 Catholique de Lille) dans un article scientifique consacre\u0301 a\u0300 la position des pays africains dans ce nouvel e\u0301pisode du conflit israe\u0301lo-palestinien et publie\u0301 sur legrandcontinent.eu.<\/p>\n<p><strong>Pour plus d&rsquo;informations et d&rsquo;analyses sur la <a href=\"https:\/\/www.africa-press.net\/tchad\">Tchad<\/a>, suivez <a href=\"https:\/\/www.africa-press.net\/\">Africa-Press<\/a><\/strong><\/p>\n","protected":false},"excerpt":{"rendered":"<p>Africa-Press &#8211; Tchad. Une semaine apre\u0300s le rappel du charge\u0301 d\u2019affaires de l\u2019Ambassade du Tchad en Israe\u0308l, le ministre des Affaires e\u0301trange\u0300res a confirme\u0301 la prise de position du Tchad, qui pro\u0302ne un cessez-le-feu afin de se pencher \u00ab sur le fond du proble\u0300me \u00bb. \u00ab Notre pays appelle a\u0300 un cessez-le-feu. Nous avons me\u0302me [&hellip;]<\/p>\n","protected":false},"author":82,"featured_media":53801,"comment_status":"open","ping_status":"closed","sticky":false,"template":"","format":"standard","meta":{"footnotes":""},"categories":[2,20,10],"tags":[37,292,29],"class_list":["post-53802","post","type-post","status-publish","format-standard","has-post-thumbnail","hentry","category-politique","category-top-nouvelles","category-toutes-les-actualites","tag-africa-press","tag-africa-press-tchad","tag-tchad"],"yoast_head":"<!-- This site is optimized with the Yoast SEO Premium plugin v26.1 (Yoast SEO v27.0) - https:\/\/yoast.com\/product\/yoast-seo-premium-wordpress\/ -->\n<title>Le Tchad \u201cappelle \u00e0 un cessez-le-feu\u201d \u00e0 Gaza afin de se pencher \u201csur le fond du probl\u00e8me\u201d - tchad<\/title>\n<meta name=\"description\" content=\"Une semaine apre\u0300s le rappel du charge\u0301 d\u2019affaires de l\u2019Ambassade du Tchad en Israe\u0308l, le ministre des Affaires e\u0301trange ...\" \/>\n<meta name=\"robots\" content=\"index, follow, max-snippet:-1, max-image-preview:large, max-video-preview:-1\" \/>\n<link rel=\"canonical\" href=\"https:\/\/www.africa-press.net\/tchad\/politique\/le-tchad-appelle-a-un-cessez-le-feu-a-gaza-afin-de-se-pencher-sur-le-fond-du-probleme\" \/>\n<meta property=\"og:locale\" content=\"fr_FR\" \/>\n<meta property=\"og:type\" content=\"article\" \/>\n<meta property=\"og:title\" content=\"Le Tchad \u201cappelle \u00e0 un cessez-le-feu\u201d \u00e0 Gaza afin de se pencher \u201csur le fond du probl\u00e8me\u201d\" \/>\n<meta property=\"og:description\" content=\"Une semaine apre\u0300s le rappel du charge\u0301 d\u2019affaires de l\u2019Ambassade du Tchad en Israe\u0308l, le ministre des Affaires e\u0301trange ...\" \/>\n<meta property=\"og:url\" content=\"https:\/\/www.africa-press.net\/tchad\/politique\/le-tchad-appelle-a-un-cessez-le-feu-a-gaza-afin-de-se-pencher-sur-le-fond-du-probleme\" \/>\n<meta property=\"og:site_name\" content=\"tchad\" \/>\n<meta property=\"article:published_time\" content=\"2023-11-11T10:31:08+00:00\" \/>\n<meta property=\"article:modified_time\" content=\"2023-11-11T10:47:54+00:00\" \/>\n<meta property=\"og:image\" content=\"https:\/\/static.africa-press.net\/tchad\/sites\/41\/2023\/11\/sm_1699686974.745935.jpg\" \/>\n\t<meta property=\"og:image:width\" content=\"1079\" \/>\n\t<meta property=\"og:image:height\" content=\"675\" \/>\n\t<meta property=\"og:image:type\" content=\"image\/jpeg\" \/>\n<meta name=\"author\" content=\"cfeditorfr\" \/>\n<meta name=\"twitter:card\" content=\"summary_large_image\" \/>\n<meta name=\"twitter:label1\" content=\"\u00c9crit par\" \/>\n\t<meta name=\"twitter:data1\" content=\"cfeditorfr\" \/>\n\t<meta name=\"twitter:label2\" content=\"Dur\u00e9e de lecture estim\u00e9e\" \/>\n\t<meta name=\"twitter:data2\" content=\"3 minutes\" \/>\n<script type=\"application\/ld+json\" class=\"yoast-schema-graph\">{\"@context\":\"https:\/\/schema.org\",\"@graph\":[{\"@type\":\"Article\",\"@id\":\"https:\/\/www.africa-press.net\/tchad\/politique\/le-tchad-appelle-a-un-cessez-le-feu-a-gaza-afin-de-se-pencher-sur-le-fond-du-probleme#article\",\"isPartOf\":{\"@id\":\"https:\/\/www.africa-press.net\/tchad\/politique\/le-tchad-appelle-a-un-cessez-le-feu-a-gaza-afin-de-se-pencher-sur-le-fond-du-probleme\"},\"author\":{\"name\":\"cfeditorfr\",\"@id\":\"https:\/\/www.africa-press.net\/tchad\/#\/schema\/person\/2b1cf3cd81a31e3cd26889ca66d677f1\"},\"headline\":\"Le Tchad \u201cappelle \u00e0 un cessez-le-feu\u201d \u00e0 Gaza afin de se pencher \u201csur le fond du probl\u00e8me\u201d\",\"datePublished\":\"2023-11-11T10:31:08+00:00\",\"dateModified\":\"2023-11-11T10:47:54+00:00\",\"mainEntityOfPage\":{\"@id\":\"https:\/\/www.africa-press.net\/tchad\/politique\/le-tchad-appelle-a-un-cessez-le-feu-a-gaza-afin-de-se-pencher-sur-le-fond-du-probleme\"},\"wordCount\":616,\"commentCount\":0,\"image\":{\"@id\":\"https:\/\/www.africa-press.net\/tchad\/politique\/le-tchad-appelle-a-un-cessez-le-feu-a-gaza-afin-de-se-pencher-sur-le-fond-du-probleme#primaryimage\"},\"thumbnailUrl\":\"https:\/\/static.africa-press.net\/tchad\/sites\/41\/2023\/11\/sm_1699686974.745935.jpg\",\"keywords\":[\"Africa Press\",\"Africa Press-Tchad\",\"Tchad\"],\"articleSection\":[\"Politique\",\"Top Nouvelles\",\"Toutes les actualit\u00e9s\"],\"inLanguage\":\"fr-FR\",\"potentialAction\":[{\"@type\":\"CommentAction\",\"name\":\"Comment\",\"target\":[\"https:\/\/www.africa-press.net\/tchad\/politique\/le-tchad-appelle-a-un-cessez-le-feu-a-gaza-afin-de-se-pencher-sur-le-fond-du-probleme#respond\"]}]},{\"@type\":\"WebPage\",\"@id\":\"https:\/\/www.africa-press.net\/tchad\/politique\/le-tchad-appelle-a-un-cessez-le-feu-a-gaza-afin-de-se-pencher-sur-le-fond-du-probleme\",\"url\":\"https:\/\/www.africa-press.net\/tchad\/politique\/le-tchad-appelle-a-un-cessez-le-feu-a-gaza-afin-de-se-pencher-sur-le-fond-du-probleme\",\"name\":\"Le Tchad \u201cappelle \u00e0 un cessez-le-feu\u201d \u00e0 Gaza afin de se pencher \u201csur le fond du probl\u00e8me\u201d - tchad\",\"isPartOf\":{\"@id\":\"https:\/\/www.africa-press.net\/tchad\/#website\"},\"primaryImageOfPage\":{\"@id\":\"https:\/\/www.africa-press.net\/tchad\/politique\/le-tchad-appelle-a-un-cessez-le-feu-a-gaza-afin-de-se-pencher-sur-le-fond-du-probleme#primaryimage\"},\"image\":{\"@id\":\"https:\/\/www.africa-press.net\/tchad\/politique\/le-tchad-appelle-a-un-cessez-le-feu-a-gaza-afin-de-se-pencher-sur-le-fond-du-probleme#primaryimage\"},\"thumbnailUrl\":\"https:\/\/static.africa-press.net\/tchad\/sites\/41\/2023\/11\/sm_1699686974.745935.jpg\",\"datePublished\":\"2023-11-11T10:31:08+00:00\",\"dateModified\":\"2023-11-11T10:47:54+00:00\",\"author\":{\"@id\":\"https:\/\/www.africa-press.net\/tchad\/#\/schema\/person\/2b1cf3cd81a31e3cd26889ca66d677f1\"},\"description\":\"Une semaine apre\u0300s le rappel du charge\u0301 d\u2019affaires de l\u2019Ambassade du Tchad en Israe\u0308l, le ministre des Affaires e\u0301trange ...\",\"breadcrumb\":{\"@id\":\"https:\/\/www.africa-press.net\/tchad\/politique\/le-tchad-appelle-a-un-cessez-le-feu-a-gaza-afin-de-se-pencher-sur-le-fond-du-probleme#breadcrumb\"},\"inLanguage\":\"fr-FR\",\"potentialAction\":[{\"@type\":\"ReadAction\",\"target\":[\"https:\/\/www.africa-press.net\/tchad\/politique\/le-tchad-appelle-a-un-cessez-le-feu-a-gaza-afin-de-se-pencher-sur-le-fond-du-probleme\"]}]},{\"@type\":\"ImageObject\",\"inLanguage\":\"fr-FR\",\"@id\":\"https:\/\/www.africa-press.net\/tchad\/politique\/le-tchad-appelle-a-un-cessez-le-feu-a-gaza-afin-de-se-pencher-sur-le-fond-du-probleme#primaryimage\",\"url\":\"https:\/\/static.africa-press.net\/tchad\/sites\/41\/2023\/11\/sm_1699686974.745935.jpg\",\"contentUrl\":\"https:\/\/static.africa-press.net\/tchad\/sites\/41\/2023\/11\/sm_1699686974.745935.jpg\",\"width\":1079,\"height\":675,\"caption\":\"Le Tchad \u201cappelle \u00e0 un cessez-le-feu\u201d \u00e0 Gaza afin de se pencher \u201csur le fond du probl\u00e8me\u201d\"},{\"@type\":\"BreadcrumbList\",\"@id\":\"https:\/\/www.africa-press.net\/tchad\/politique\/le-tchad-appelle-a-un-cessez-le-feu-a-gaza-afin-de-se-pencher-sur-le-fond-du-probleme#breadcrumb\",\"itemListElement\":[{\"@type\":\"ListItem\",\"position\":1,\"name\":\"Accueil\",\"item\":\"https:\/\/www.africa-press.net\/tchad\/\"},{\"@type\":\"ListItem\",\"position\":2,\"name\":\"Le Tchad \u201cappelle \u00e0 un cessez-le-feu\u201d \u00e0 Gaza afin de se pencher \u201csur le fond du probl\u00e8me\u201d\"}]},{\"@type\":\"WebSite\",\"@id\":\"https:\/\/www.africa-press.net\/tchad\/#website\",\"url\":\"https:\/\/www.africa-press.net\/tchad\/\",\"name\":\"tchad\",\"description\":\"Just another Africa News Agency Sites site\",\"potentialAction\":[{\"@type\":\"SearchAction\",\"target\":{\"@type\":\"EntryPoint\",\"urlTemplate\":\"https:\/\/www.africa-press.net\/tchad\/?s={search_term_string}\"},\"query-input\":{\"@type\":\"PropertyValueSpecification\",\"valueRequired\":true,\"valueName\":\"search_term_string\"}}],\"inLanguage\":\"fr-FR\"},{\"@type\":\"Person\",\"@id\":\"https:\/\/www.africa-press.net\/tchad\/#\/schema\/person\/2b1cf3cd81a31e3cd26889ca66d677f1\",\"name\":\"cfeditorfr\"}]}<\/script>\n<!-- \/ Yoast SEO Premium plugin. -->","yoast_head_json":{"title":"Le Tchad \u201cappelle \u00e0 un cessez-le-feu\u201d \u00e0 Gaza afin de se pencher \u201csur le fond du probl\u00e8me\u201d - tchad","description":"Une semaine apre\u0300s le rappel du charge\u0301 d\u2019affaires de l\u2019Ambassade du Tchad en Israe\u0308l, le ministre des Affaires e\u0301trange ...","robots":{"index":"index","follow":"follow","max-snippet":"max-snippet:-1","max-image-preview":"max-image-preview:large","max-video-preview":"max-video-preview:-1"},"canonical":"https:\/\/www.africa-press.net\/tchad\/politique\/le-tchad-appelle-a-un-cessez-le-feu-a-gaza-afin-de-se-pencher-sur-le-fond-du-probleme","og_locale":"fr_FR","og_type":"article","og_title":"Le Tchad \u201cappelle \u00e0 un cessez-le-feu\u201d \u00e0 Gaza afin de se pencher \u201csur le fond du probl\u00e8me\u201d","og_description":"Une semaine apre\u0300s le rappel du charge\u0301 d\u2019affaires de l\u2019Ambassade du Tchad en Israe\u0308l, le ministre des Affaires e\u0301trange ...","og_url":"https:\/\/www.africa-press.net\/tchad\/politique\/le-tchad-appelle-a-un-cessez-le-feu-a-gaza-afin-de-se-pencher-sur-le-fond-du-probleme","og_site_name":"tchad","article_published_time":"2023-11-11T10:31:08+00:00","article_modified_time":"2023-11-11T10:47:54+00:00","og_image":[{"width":1079,"height":675,"url":"https:\/\/static.africa-press.net\/tchad\/sites\/41\/2023\/11\/sm_1699686974.745935.jpg","type":"image\/jpeg"}],"author":"cfeditorfr","twitter_card":"summary_large_image","twitter_misc":{"\u00c9crit par":"cfeditorfr","Dur\u00e9e de lecture estim\u00e9e":"3 minutes"},"schema":{"@context":"https:\/\/schema.org","@graph":[{"@type":"Article","@id":"https:\/\/www.africa-press.net\/tchad\/politique\/le-tchad-appelle-a-un-cessez-le-feu-a-gaza-afin-de-se-pencher-sur-le-fond-du-probleme#article","isPartOf":{"@id":"https:\/\/www.africa-press.net\/tchad\/politique\/le-tchad-appelle-a-un-cessez-le-feu-a-gaza-afin-de-se-pencher-sur-le-fond-du-probleme"},"author":{"name":"cfeditorfr","@id":"https:\/\/www.africa-press.net\/tchad\/#\/schema\/person\/2b1cf3cd81a31e3cd26889ca66d677f1"},"headline":"Le Tchad \u201cappelle \u00e0 un cessez-le-feu\u201d \u00e0 Gaza afin de se pencher \u201csur le fond du probl\u00e8me\u201d","datePublished":"2023-11-11T10:31:08+00:00","dateModified":"2023-11-11T10:47:54+00:00","mainEntityOfPage":{"@id":"https:\/\/www.africa-press.net\/tchad\/politique\/le-tchad-appelle-a-un-cessez-le-feu-a-gaza-afin-de-se-pencher-sur-le-fond-du-probleme"},"wordCount":616,"commentCount":0,"image":{"@id":"https:\/\/www.africa-press.net\/tchad\/politique\/le-tchad-appelle-a-un-cessez-le-feu-a-gaza-afin-de-se-pencher-sur-le-fond-du-probleme#primaryimage"},"thumbnailUrl":"https:\/\/static.africa-press.net\/tchad\/sites\/41\/2023\/11\/sm_1699686974.745935.jpg","keywords":["Africa Press","Africa Press-Tchad","Tchad"],"articleSection":["Politique","Top Nouvelles","Toutes les actualit\u00e9s"],"inLanguage":"fr-FR","potentialAction":[{"@type":"CommentAction","name":"Comment","target":["https:\/\/www.africa-press.net\/tchad\/politique\/le-tchad-appelle-a-un-cessez-le-feu-a-gaza-afin-de-se-pencher-sur-le-fond-du-probleme#respond"]}]},{"@type":"WebPage","@id":"https:\/\/www.africa-press.net\/tchad\/politique\/le-tchad-appelle-a-un-cessez-le-feu-a-gaza-afin-de-se-pencher-sur-le-fond-du-probleme","url":"https:\/\/www.africa-press.net\/tchad\/politique\/le-tchad-appelle-a-un-cessez-le-feu-a-gaza-afin-de-se-pencher-sur-le-fond-du-probleme","name":"Le Tchad \u201cappelle \u00e0 un cessez-le-feu\u201d \u00e0 Gaza afin de se pencher \u201csur le fond du probl\u00e8me\u201d - tchad","isPartOf":{"@id":"https:\/\/www.africa-press.net\/tchad\/#website"},"primaryImageOfPage":{"@id":"https:\/\/www.africa-press.net\/tchad\/politique\/le-tchad-appelle-a-un-cessez-le-feu-a-gaza-afin-de-se-pencher-sur-le-fond-du-probleme#primaryimage"},"image":{"@id":"https:\/\/www.africa-press.net\/tchad\/politique\/le-tchad-appelle-a-un-cessez-le-feu-a-gaza-afin-de-se-pencher-sur-le-fond-du-probleme#primaryimage"},"thumbnailUrl":"https:\/\/static.africa-press.net\/tchad\/sites\/41\/2023\/11\/sm_1699686974.745935.jpg","datePublished":"2023-11-11T10:31:08+00:00","dateModified":"2023-11-11T10:47:54+00:00","author":{"@id":"https:\/\/www.africa-press.net\/tchad\/#\/schema\/person\/2b1cf3cd81a31e3cd26889ca66d677f1"},"description":"Une semaine apre\u0300s le rappel du charge\u0301 d\u2019affaires de l\u2019Ambassade du Tchad en Israe\u0308l, le ministre des Affaires e\u0301trange ...","breadcrumb":{"@id":"https:\/\/www.africa-press.net\/tchad\/politique\/le-tchad-appelle-a-un-cessez-le-feu-a-gaza-afin-de-se-pencher-sur-le-fond-du-probleme#breadcrumb"},"inLanguage":"fr-FR","potentialAction":[{"@type":"ReadAction","target":["https:\/\/www.africa-press.net\/tchad\/politique\/le-tchad-appelle-a-un-cessez-le-feu-a-gaza-afin-de-se-pencher-sur-le-fond-du-probleme"]}]},{"@type":"ImageObject","inLanguage":"fr-FR","@id":"https:\/\/www.africa-press.net\/tchad\/politique\/le-tchad-appelle-a-un-cessez-le-feu-a-gaza-afin-de-se-pencher-sur-le-fond-du-probleme#primaryimage","url":"https:\/\/static.africa-press.net\/tchad\/sites\/41\/2023\/11\/sm_1699686974.745935.jpg","contentUrl":"https:\/\/static.africa-press.net\/tchad\/sites\/41\/2023\/11\/sm_1699686974.745935.jpg","width":1079,"height":675,"caption":"Le Tchad \u201cappelle \u00e0 un cessez-le-feu\u201d \u00e0 Gaza afin de se pencher \u201csur le fond du probl\u00e8me\u201d"},{"@type":"BreadcrumbList","@id":"https:\/\/www.africa-press.net\/tchad\/politique\/le-tchad-appelle-a-un-cessez-le-feu-a-gaza-afin-de-se-pencher-sur-le-fond-du-probleme#breadcrumb","itemListElement":[{"@type":"ListItem","position":1,"name":"Accueil","item":"https:\/\/www.africa-press.net\/tchad\/"},{"@type":"ListItem","position":2,"name":"Le Tchad \u201cappelle \u00e0 un cessez-le-feu\u201d \u00e0 Gaza afin de se pencher \u201csur le fond du probl\u00e8me\u201d"}]},{"@type":"WebSite","@id":"https:\/\/www.africa-press.net\/tchad\/#website","url":"https:\/\/www.africa-press.net\/tchad\/","name":"tchad","description":"Just another Africa News Agency Sites site","potentialAction":[{"@type":"SearchAction","target":{"@type":"EntryPoint","urlTemplate":"https:\/\/www.africa-press.net\/tchad\/?s={search_term_string}"},"query-input":{"@type":"PropertyValueSpecification","valueRequired":true,"valueName":"search_term_string"}}],"inLanguage":"fr-FR"},{"@type":"Person","@id":"https:\/\/www.africa-press.net\/tchad\/#\/schema\/person\/2b1cf3cd81a31e3cd26889ca66d677f1","name":"cfeditorfr"}]}},"_links":{"self":[{"href":"https:\/\/www.africa-press.net\/tchad\/wp-json\/wp\/v2\/posts\/53802","targetHints":{"allow":["GET"]}}],"collection":[{"href":"https:\/\/www.africa-press.net\/tchad\/wp-json\/wp\/v2\/posts"}],"about":[{"href":"https:\/\/www.africa-press.net\/tchad\/wp-json\/wp\/v2\/types\/post"}],"author":[{"embeddable":true,"href":"https:\/\/www.africa-press.net\/tchad\/wp-json\/wp\/v2\/users\/82"}],"replies":[{"embeddable":true,"href":"https:\/\/www.africa-press.net\/tchad\/wp-json\/wp\/v2\/comments?post=53802"}],"version-history":[{"count":0,"href":"https:\/\/www.africa-press.net\/tchad\/wp-json\/wp\/v2\/posts\/53802\/revisions"}],"wp:featuredmedia":[{"embeddable":true,"href":"https:\/\/www.africa-press.net\/tchad\/wp-json\/wp\/v2\/media\/53801"}],"wp:attachment":[{"href":"https:\/\/www.africa-press.net\/tchad\/wp-json\/wp\/v2\/media?parent=53802"}],"wp:term":[{"taxonomy":"category","embeddable":true,"href":"https:\/\/www.africa-press.net\/tchad\/wp-json\/wp\/v2\/categories?post=53802"},{"taxonomy":"post_tag","embeddable":true,"href":"https:\/\/www.africa-press.net\/tchad\/wp-json\/wp\/v2\/tags?post=53802"}],"curies":[{"name":"wp","href":"https:\/\/api.w.org\/{rel}","templated":true}]}}