{"id":53804,"date":"2023-11-11T10:32:02","date_gmt":"2023-11-11T10:32:02","guid":{"rendered":"https:\/\/www.africa-press.net\/tchad\/politique\/le-tchad-deplore-les-conditions-de-depart-de-son-contingent-du-mali"},"modified":"2023-11-11T10:48:28","modified_gmt":"2023-11-11T10:48:28","slug":"le-tchad-deplore-les-conditions-de-depart-de-son-contingent-du-mali","status":"publish","type":"post","link":"https:\/\/www.africa-press.net\/tchad\/politique\/le-tchad-deplore-les-conditions-de-depart-de-son-contingent-du-mali","title":{"rendered":"Le Tchad d\u00e9plore les conditions de d\u00e9part de son contingent du Mali"},"content":{"rendered":"<p><span style=\"color: #ff6600\"><strong>Africa-Press &#8211; Tchad. <\/strong><\/span>La Mission multidimensionnelle des Nations unies pour la stabilisation au Mali (MINUSMA) a jusqu\u2019\u00e0 la fin de l\u2019ann\u00e9e 2023 pour quitter le pays, comme souhait\u00e9 par les autorit\u00e9s maliennes. Sur le chemin de retour, le contingent tchadien a fait face \u00e0 des difficult\u00e9s que n\u2019appr\u00e9cie pas le Tchad par la voix de son ministre des Affaires \u00e9trang\u00e8res, Mahamat Saleh Annadif.<\/p>\n<p>En proie \u00e0 une avanc\u00e9e fulgurante du terrorisme en 2013, le Mali a \u00e9t\u00e9 assist\u00e9 militairement par plusieurs pays dont le Tchad. Les diff\u00e9rentes missions qui se sont succ\u00e9d\u00e9 ont permis de lutter contre ce mal.<\/p>\n<p>Dix ans apr\u00e8s, les autorit\u00e9s de transition estiment que la MINUSMA n\u2019est pas efficace. Elles lui ont donn\u00e9 une ann\u00e9e pour qu\u2019elle se retire du pays. Ce qui est en train de se faire. Seulement, les Nations unies et le Mali ne s\u2019entendent pas sur le processus de retrait, mettant notamment en danger la vie des soldats du contingent tchadien.<\/p>\n<p>\u00ab Les choses ne se sont pas pass\u00e9es comme elles doivent se faire. Les troupes sur leur parcours ont eu quelques incidents. Il y a eu des bless\u00e9s, c\u2019est vrai. On a \u00e9vacu\u00e9 des gens sur N\u2019Djam\u00e9na. Mais, de fa\u00e7on globale, j\u2019aurais aim\u00e9, j\u2019aurais souhait\u00e9 en tout cas, une s\u00e9paration entre les Nations unies et le gouvernement dans des conditions plus amicales \u00bb, d\u00e9clare le ministre des Affaires \u00e9trang\u00e8res, Mahamat Saleh Annadif.<\/p>\n<p>Depuis le d\u00e9ploiement de la MINUSMA en 2015, informe Mahamat Saleh Annadif, les Tchadiens qui sont morts constituent le 1\/3 des d\u00e9c\u00e8s. \u00ab Nous estimons que c\u2019est pour la bonne cause, c\u2019est pour aider \u00e0 ce qu\u2019il y ait la paix au niveau du Mali \u00bb, dit-il, assurant que le Tchad et le Mali demeurent des pays amis.<\/p>\n<p><strong>Pour plus d&rsquo;informations et d&rsquo;analyses sur la <a href=\"https:\/\/www.africa-press.net\/tchad\">Tchad<\/a>, suivez <a href=\"https:\/\/www.africa-press.net\/\">Africa-Press<\/a><\/strong><\/p>\n","protected":false},"excerpt":{"rendered":"<p>Africa-Press &#8211; Tchad. La Mission multidimensionnelle des Nations unies pour la stabilisation au Mali (MINUSMA) a jusqu\u2019\u00e0 la fin de l\u2019ann\u00e9e 2023 pour quitter le pays, comme souhait\u00e9 par les autorit\u00e9s maliennes. Sur le chemin de retour, le contingent tchadien a fait face \u00e0 des difficult\u00e9s que n\u2019appr\u00e9cie pas le Tchad par la voix de [&hellip;]<\/p>\n","protected":false},"author":82,"featured_media":53803,"comment_status":"open","ping_status":"closed","sticky":false,"template":"","format":"standard","meta":{"footnotes":""},"categories":[2,10],"tags":[37,292,29],"class_list":["post-53804","post","type-post","status-publish","format-standard","has-post-thumbnail","hentry","category-politique","category-toutes-les-actualites","tag-africa-press","tag-africa-press-tchad","tag-tchad"],"yoast_head":"<!-- This site is optimized with the Yoast SEO Premium plugin v26.1 (Yoast SEO v27.0) - https:\/\/yoast.com\/product\/yoast-seo-premium-wordpress\/ -->\n<title>Le Tchad d\u00e9plore les conditions de d\u00e9part de son contingent du Mali - tchad<\/title>\n<meta name=\"description\" content=\"La Mission multidimensionnelle des Nations unies pour la stabilisation au Mali (MINUSMA) a jusqu\u2019a\u0300 la fin de l\u2019anne\u0301e 202 ...\" \/>\n<meta name=\"robots\" content=\"index, follow, max-snippet:-1, max-image-preview:large, max-video-preview:-1\" \/>\n<link rel=\"canonical\" href=\"https:\/\/www.africa-press.net\/tchad\/politique\/le-tchad-deplore-les-conditions-de-depart-de-son-contingent-du-mali\" \/>\n<meta property=\"og:locale\" content=\"fr_FR\" \/>\n<meta property=\"og:type\" content=\"article\" \/>\n<meta property=\"og:title\" content=\"Le Tchad d\u00e9plore les conditions de d\u00e9part de son contingent du Mali\" \/>\n<meta property=\"og:description\" content=\"La Mission multidimensionnelle des Nations unies pour la stabilisation au Mali (MINUSMA) a jusqu\u2019a\u0300 la fin de l\u2019anne\u0301e 202 ...\" \/>\n<meta property=\"og:url\" content=\"https:\/\/www.africa-press.net\/tchad\/politique\/le-tchad-deplore-les-conditions-de-depart-de-son-contingent-du-mali\" \/>\n<meta property=\"og:site_name\" content=\"tchad\" \/>\n<meta property=\"article:published_time\" content=\"2023-11-11T10:32:02+00:00\" \/>\n<meta property=\"article:modified_time\" content=\"2023-11-11T10:48:28+00:00\" \/>\n<meta property=\"og:image\" content=\"https:\/\/static.africa-press.net\/tchad\/sites\/41\/2023\/11\/sm_1699687015.839486.jpg\" \/>\n\t<meta property=\"og:image:width\" content=\"704\" \/>\n\t<meta property=\"og:image:height\" content=\"350\" \/>\n\t<meta property=\"og:image:type\" content=\"image\/jpeg\" \/>\n<meta name=\"author\" content=\"cfeditorfr\" \/>\n<meta name=\"twitter:card\" content=\"summary_large_image\" \/>\n<meta name=\"twitter:label1\" content=\"\u00c9crit par\" \/>\n\t<meta name=\"twitter:data1\" content=\"cfeditorfr\" \/>\n\t<meta name=\"twitter:label2\" content=\"Dur\u00e9e de lecture estim\u00e9e\" \/>\n\t<meta name=\"twitter:data2\" content=\"2 minutes\" \/>\n<script type=\"application\/ld+json\" class=\"yoast-schema-graph\">{\"@context\":\"https:\/\/schema.org\",\"@graph\":[{\"@type\":\"Article\",\"@id\":\"https:\/\/www.africa-press.net\/tchad\/politique\/le-tchad-deplore-les-conditions-de-depart-de-son-contingent-du-mali#article\",\"isPartOf\":{\"@id\":\"https:\/\/www.africa-press.net\/tchad\/politique\/le-tchad-deplore-les-conditions-de-depart-de-son-contingent-du-mali\"},\"author\":{\"name\":\"cfeditorfr\",\"@id\":\"https:\/\/www.africa-press.net\/tchad\/#\/schema\/person\/2b1cf3cd81a31e3cd26889ca66d677f1\"},\"headline\":\"Le Tchad d\u00e9plore les conditions de d\u00e9part de son contingent du Mali\",\"datePublished\":\"2023-11-11T10:32:02+00:00\",\"dateModified\":\"2023-11-11T10:48:28+00:00\",\"mainEntityOfPage\":{\"@id\":\"https:\/\/www.africa-press.net\/tchad\/politique\/le-tchad-deplore-les-conditions-de-depart-de-son-contingent-du-mali\"},\"wordCount\":337,\"commentCount\":0,\"image\":{\"@id\":\"https:\/\/www.africa-press.net\/tchad\/politique\/le-tchad-deplore-les-conditions-de-depart-de-son-contingent-du-mali#primaryimage\"},\"thumbnailUrl\":\"https:\/\/static.africa-press.net\/tchad\/sites\/41\/2023\/11\/sm_1699687015.839486.jpg\",\"keywords\":[\"Africa Press\",\"Africa Press-Tchad\",\"Tchad\"],\"articleSection\":[\"Politique\",\"Toutes les actualit\u00e9s\"],\"inLanguage\":\"fr-FR\",\"potentialAction\":[{\"@type\":\"CommentAction\",\"name\":\"Comment\",\"target\":[\"https:\/\/www.africa-press.net\/tchad\/politique\/le-tchad-deplore-les-conditions-de-depart-de-son-contingent-du-mali#respond\"]}]},{\"@type\":\"WebPage\",\"@id\":\"https:\/\/www.africa-press.net\/tchad\/politique\/le-tchad-deplore-les-conditions-de-depart-de-son-contingent-du-mali\",\"url\":\"https:\/\/www.africa-press.net\/tchad\/politique\/le-tchad-deplore-les-conditions-de-depart-de-son-contingent-du-mali\",\"name\":\"Le Tchad d\u00e9plore les conditions de d\u00e9part de son contingent du Mali - tchad\",\"isPartOf\":{\"@id\":\"https:\/\/www.africa-press.net\/tchad\/#website\"},\"primaryImageOfPage\":{\"@id\":\"https:\/\/www.africa-press.net\/tchad\/politique\/le-tchad-deplore-les-conditions-de-depart-de-son-contingent-du-mali#primaryimage\"},\"image\":{\"@id\":\"https:\/\/www.africa-press.net\/tchad\/politique\/le-tchad-deplore-les-conditions-de-depart-de-son-contingent-du-mali#primaryimage\"},\"thumbnailUrl\":\"https:\/\/static.africa-press.net\/tchad\/sites\/41\/2023\/11\/sm_1699687015.839486.jpg\",\"datePublished\":\"2023-11-11T10:32:02+00:00\",\"dateModified\":\"2023-11-11T10:48:28+00:00\",\"author\":{\"@id\":\"https:\/\/www.africa-press.net\/tchad\/#\/schema\/person\/2b1cf3cd81a31e3cd26889ca66d677f1\"},\"description\":\"La Mission multidimensionnelle des Nations unies pour la stabilisation au Mali (MINUSMA) a jusqu\u2019a\u0300 la fin de l\u2019anne\u0301e 202 ...\",\"breadcrumb\":{\"@id\":\"https:\/\/www.africa-press.net\/tchad\/politique\/le-tchad-deplore-les-conditions-de-depart-de-son-contingent-du-mali#breadcrumb\"},\"inLanguage\":\"fr-FR\",\"potentialAction\":[{\"@type\":\"ReadAction\",\"target\":[\"https:\/\/www.africa-press.net\/tchad\/politique\/le-tchad-deplore-les-conditions-de-depart-de-son-contingent-du-mali\"]}]},{\"@type\":\"ImageObject\",\"inLanguage\":\"fr-FR\",\"@id\":\"https:\/\/www.africa-press.net\/tchad\/politique\/le-tchad-deplore-les-conditions-de-depart-de-son-contingent-du-mali#primaryimage\",\"url\":\"https:\/\/static.africa-press.net\/tchad\/sites\/41\/2023\/11\/sm_1699687015.839486.jpg\",\"contentUrl\":\"https:\/\/static.africa-press.net\/tchad\/sites\/41\/2023\/11\/sm_1699687015.839486.jpg\",\"width\":704,\"height\":350,\"caption\":\"Le Tchad d\u00e9plore les conditions de d\u00e9part de son contingent du Mali\"},{\"@type\":\"BreadcrumbList\",\"@id\":\"https:\/\/www.africa-press.net\/tchad\/politique\/le-tchad-deplore-les-conditions-de-depart-de-son-contingent-du-mali#breadcrumb\",\"itemListElement\":[{\"@type\":\"ListItem\",\"position\":1,\"name\":\"Accueil\",\"item\":\"https:\/\/www.africa-press.net\/tchad\/\"},{\"@type\":\"ListItem\",\"position\":2,\"name\":\"Le Tchad d\u00e9plore les conditions de d\u00e9part de son contingent du Mali\"}]},{\"@type\":\"WebSite\",\"@id\":\"https:\/\/www.africa-press.net\/tchad\/#website\",\"url\":\"https:\/\/www.africa-press.net\/tchad\/\",\"name\":\"tchad\",\"description\":\"Just another Africa News Agency Sites site\",\"potentialAction\":[{\"@type\":\"SearchAction\",\"target\":{\"@type\":\"EntryPoint\",\"urlTemplate\":\"https:\/\/www.africa-press.net\/tchad\/?s={search_term_string}\"},\"query-input\":{\"@type\":\"PropertyValueSpecification\",\"valueRequired\":true,\"valueName\":\"search_term_string\"}}],\"inLanguage\":\"fr-FR\"},{\"@type\":\"Person\",\"@id\":\"https:\/\/www.africa-press.net\/tchad\/#\/schema\/person\/2b1cf3cd81a31e3cd26889ca66d677f1\",\"name\":\"cfeditorfr\"}]}<\/script>\n<!-- \/ Yoast SEO Premium plugin. -->","yoast_head_json":{"title":"Le Tchad d\u00e9plore les conditions de d\u00e9part de son contingent du Mali - tchad","description":"La Mission multidimensionnelle des Nations unies pour la stabilisation au Mali (MINUSMA) a jusqu\u2019a\u0300 la fin de l\u2019anne\u0301e 202 ...","robots":{"index":"index","follow":"follow","max-snippet":"max-snippet:-1","max-image-preview":"max-image-preview:large","max-video-preview":"max-video-preview:-1"},"canonical":"https:\/\/www.africa-press.net\/tchad\/politique\/le-tchad-deplore-les-conditions-de-depart-de-son-contingent-du-mali","og_locale":"fr_FR","og_type":"article","og_title":"Le Tchad d\u00e9plore les conditions de d\u00e9part de son contingent du Mali","og_description":"La Mission multidimensionnelle des Nations unies pour la stabilisation au Mali (MINUSMA) a jusqu\u2019a\u0300 la fin de l\u2019anne\u0301e 202 ...","og_url":"https:\/\/www.africa-press.net\/tchad\/politique\/le-tchad-deplore-les-conditions-de-depart-de-son-contingent-du-mali","og_site_name":"tchad","article_published_time":"2023-11-11T10:32:02+00:00","article_modified_time":"2023-11-11T10:48:28+00:00","og_image":[{"width":704,"height":350,"url":"https:\/\/static.africa-press.net\/tchad\/sites\/41\/2023\/11\/sm_1699687015.839486.jpg","type":"image\/jpeg"}],"author":"cfeditorfr","twitter_card":"summary_large_image","twitter_misc":{"\u00c9crit par":"cfeditorfr","Dur\u00e9e de lecture estim\u00e9e":"2 minutes"},"schema":{"@context":"https:\/\/schema.org","@graph":[{"@type":"Article","@id":"https:\/\/www.africa-press.net\/tchad\/politique\/le-tchad-deplore-les-conditions-de-depart-de-son-contingent-du-mali#article","isPartOf":{"@id":"https:\/\/www.africa-press.net\/tchad\/politique\/le-tchad-deplore-les-conditions-de-depart-de-son-contingent-du-mali"},"author":{"name":"cfeditorfr","@id":"https:\/\/www.africa-press.net\/tchad\/#\/schema\/person\/2b1cf3cd81a31e3cd26889ca66d677f1"},"headline":"Le Tchad d\u00e9plore les conditions de d\u00e9part de son contingent du Mali","datePublished":"2023-11-11T10:32:02+00:00","dateModified":"2023-11-11T10:48:28+00:00","mainEntityOfPage":{"@id":"https:\/\/www.africa-press.net\/tchad\/politique\/le-tchad-deplore-les-conditions-de-depart-de-son-contingent-du-mali"},"wordCount":337,"commentCount":0,"image":{"@id":"https:\/\/www.africa-press.net\/tchad\/politique\/le-tchad-deplore-les-conditions-de-depart-de-son-contingent-du-mali#primaryimage"},"thumbnailUrl":"https:\/\/static.africa-press.net\/tchad\/sites\/41\/2023\/11\/sm_1699687015.839486.jpg","keywords":["Africa Press","Africa Press-Tchad","Tchad"],"articleSection":["Politique","Toutes les actualit\u00e9s"],"inLanguage":"fr-FR","potentialAction":[{"@type":"CommentAction","name":"Comment","target":["https:\/\/www.africa-press.net\/tchad\/politique\/le-tchad-deplore-les-conditions-de-depart-de-son-contingent-du-mali#respond"]}]},{"@type":"WebPage","@id":"https:\/\/www.africa-press.net\/tchad\/politique\/le-tchad-deplore-les-conditions-de-depart-de-son-contingent-du-mali","url":"https:\/\/www.africa-press.net\/tchad\/politique\/le-tchad-deplore-les-conditions-de-depart-de-son-contingent-du-mali","name":"Le Tchad d\u00e9plore les conditions de d\u00e9part de son contingent du Mali - tchad","isPartOf":{"@id":"https:\/\/www.africa-press.net\/tchad\/#website"},"primaryImageOfPage":{"@id":"https:\/\/www.africa-press.net\/tchad\/politique\/le-tchad-deplore-les-conditions-de-depart-de-son-contingent-du-mali#primaryimage"},"image":{"@id":"https:\/\/www.africa-press.net\/tchad\/politique\/le-tchad-deplore-les-conditions-de-depart-de-son-contingent-du-mali#primaryimage"},"thumbnailUrl":"https:\/\/static.africa-press.net\/tchad\/sites\/41\/2023\/11\/sm_1699687015.839486.jpg","datePublished":"2023-11-11T10:32:02+00:00","dateModified":"2023-11-11T10:48:28+00:00","author":{"@id":"https:\/\/www.africa-press.net\/tchad\/#\/schema\/person\/2b1cf3cd81a31e3cd26889ca66d677f1"},"description":"La Mission multidimensionnelle des Nations unies pour la stabilisation au Mali (MINUSMA) a jusqu\u2019a\u0300 la fin de l\u2019anne\u0301e 202 ...","breadcrumb":{"@id":"https:\/\/www.africa-press.net\/tchad\/politique\/le-tchad-deplore-les-conditions-de-depart-de-son-contingent-du-mali#breadcrumb"},"inLanguage":"fr-FR","potentialAction":[{"@type":"ReadAction","target":["https:\/\/www.africa-press.net\/tchad\/politique\/le-tchad-deplore-les-conditions-de-depart-de-son-contingent-du-mali"]}]},{"@type":"ImageObject","inLanguage":"fr-FR","@id":"https:\/\/www.africa-press.net\/tchad\/politique\/le-tchad-deplore-les-conditions-de-depart-de-son-contingent-du-mali#primaryimage","url":"https:\/\/static.africa-press.net\/tchad\/sites\/41\/2023\/11\/sm_1699687015.839486.jpg","contentUrl":"https:\/\/static.africa-press.net\/tchad\/sites\/41\/2023\/11\/sm_1699687015.839486.jpg","width":704,"height":350,"caption":"Le Tchad d\u00e9plore les conditions de d\u00e9part de son contingent du Mali"},{"@type":"BreadcrumbList","@id":"https:\/\/www.africa-press.net\/tchad\/politique\/le-tchad-deplore-les-conditions-de-depart-de-son-contingent-du-mali#breadcrumb","itemListElement":[{"@type":"ListItem","position":1,"name":"Accueil","item":"https:\/\/www.africa-press.net\/tchad\/"},{"@type":"ListItem","position":2,"name":"Le Tchad d\u00e9plore les conditions de d\u00e9part de son contingent du Mali"}]},{"@type":"WebSite","@id":"https:\/\/www.africa-press.net\/tchad\/#website","url":"https:\/\/www.africa-press.net\/tchad\/","name":"tchad","description":"Just another Africa News Agency Sites site","potentialAction":[{"@type":"SearchAction","target":{"@type":"EntryPoint","urlTemplate":"https:\/\/www.africa-press.net\/tchad\/?s={search_term_string}"},"query-input":{"@type":"PropertyValueSpecification","valueRequired":true,"valueName":"search_term_string"}}],"inLanguage":"fr-FR"},{"@type":"Person","@id":"https:\/\/www.africa-press.net\/tchad\/#\/schema\/person\/2b1cf3cd81a31e3cd26889ca66d677f1","name":"cfeditorfr"}]}},"_links":{"self":[{"href":"https:\/\/www.africa-press.net\/tchad\/wp-json\/wp\/v2\/posts\/53804","targetHints":{"allow":["GET"]}}],"collection":[{"href":"https:\/\/www.africa-press.net\/tchad\/wp-json\/wp\/v2\/posts"}],"about":[{"href":"https:\/\/www.africa-press.net\/tchad\/wp-json\/wp\/v2\/types\/post"}],"author":[{"embeddable":true,"href":"https:\/\/www.africa-press.net\/tchad\/wp-json\/wp\/v2\/users\/82"}],"replies":[{"embeddable":true,"href":"https:\/\/www.africa-press.net\/tchad\/wp-json\/wp\/v2\/comments?post=53804"}],"version-history":[{"count":0,"href":"https:\/\/www.africa-press.net\/tchad\/wp-json\/wp\/v2\/posts\/53804\/revisions"}],"wp:featuredmedia":[{"embeddable":true,"href":"https:\/\/www.africa-press.net\/tchad\/wp-json\/wp\/v2\/media\/53803"}],"wp:attachment":[{"href":"https:\/\/www.africa-press.net\/tchad\/wp-json\/wp\/v2\/media?parent=53804"}],"wp:term":[{"taxonomy":"category","embeddable":true,"href":"https:\/\/www.africa-press.net\/tchad\/wp-json\/wp\/v2\/categories?post=53804"},{"taxonomy":"post_tag","embeddable":true,"href":"https:\/\/www.africa-press.net\/tchad\/wp-json\/wp\/v2\/tags?post=53804"}],"curies":[{"name":"wp","href":"https:\/\/api.w.org\/{rel}","templated":true}]}}