{"id":53821,"date":"2023-11-11T15:52:12","date_gmt":"2023-11-11T15:52:12","guid":{"rendered":"https:\/\/www.africa-press.net\/tchad\/politique\/lajst-lance-ses-activites-pour-une-societe-plus-equitable"},"modified":"2023-11-11T16:34:30","modified_gmt":"2023-11-11T16:34:30","slug":"lajst-lance-ses-activites-pour-une-societe-plus-equitable","status":"publish","type":"post","link":"https:\/\/www.africa-press.net\/tchad\/politique\/lajst-lance-ses-activites-pour-une-societe-plus-equitable","title":{"rendered":"l&rsquo;AJST lance ses activit\u00e9s pour une soci\u00e9t\u00e9 plus \u00e9quitable"},"content":{"rendered":"<p><span style=\"color: #ff6600\"><strong>Africa-Press &#8211; Tchad. <\/strong><\/span>En effet, dans une de\u0301claration lue par son secre\u0301taire ge\u0301ne\u0301ral, Ousman Taha, l&rsquo;AJST est ne\u0301e de la conviction profonde que chaque e\u0302tre humain a le droit de vivre dignement, sans discrimination ni marginalisation. L&rsquo;Association pour la Justice Sociale au Tchad souhaite entreprendre des actions gra\u0302ce auxquelles les diffe\u0301rences seraient valorise\u0301es, et ou\u0300 les voix des plus vulne\u0301rables pourront e\u0302tre entendues. Elle s&rsquo;engage e\u0301galement a\u0300 de\u0301fendre les droits des minorite\u0301s, a\u0300 lutter contre l&rsquo;injustice syste\u0301matique, a\u0300 promouvoir l&rsquo;acce\u0300s a\u0300 l&rsquo;e\u0301ducation et a\u0300 la sante\u0301.<\/p>\n<p>L&rsquo;AJST invite les personnes qui, gra\u0302ce a\u0300 leurs ide\u0301es novatrices, souhaitent rejoindre ses rangs afin de mener une lutte qui permettra de susciter des changements significatifs, d&rsquo;influencer les politiques, de sensibiliser les consciences et de cre\u0301er des alliances pour une socie\u0301te\u0301 plus e\u0301quitable.<\/p>\n<p>Enfin, l&rsquo;AJST pre\u0301voit d&rsquo;organiser des actions communautaires, des campagnes de sensibilisation et des plaidoyers aupre\u0300s des instances de\u0301cisionnaires. Elle s&rsquo;engage e\u0301galement a\u0300 repre\u0301senter une puissante force de propositions pour des politiques gouvernementales plus justes et inclusives.<\/p>\n<p><strong>Pour plus d&rsquo;informations et d&rsquo;analyses sur la <a href=\"https:\/\/www.africa-press.net\/tchad\">Tchad<\/a>, suivez <a href=\"https:\/\/www.africa-press.net\/\">Africa-Press<\/a><\/strong><\/p>\n","protected":false},"excerpt":{"rendered":"<p>Africa-Press &#8211; Tchad. En effet, dans une de\u0301claration lue par son secre\u0301taire ge\u0301ne\u0301ral, Ousman Taha, l&rsquo;AJST est ne\u0301e de la conviction profonde que chaque e\u0302tre humain a le droit de vivre dignement, sans discrimination ni marginalisation. L&rsquo;Association pour la Justice Sociale au Tchad souhaite entreprendre des actions gra\u0302ce auxquelles les diffe\u0301rences seraient valorise\u0301es, et ou\u0300 [&hellip;]<\/p>\n","protected":false},"author":82,"featured_media":53820,"comment_status":"open","ping_status":"closed","sticky":false,"template":"","format":"standard","meta":{"footnotes":""},"categories":[2,10],"tags":[37,292,29],"class_list":["post-53821","post","type-post","status-publish","format-standard","has-post-thumbnail","hentry","category-politique","category-toutes-les-actualites","tag-africa-press","tag-africa-press-tchad","tag-tchad"],"yoast_head":"<!-- This site is optimized with the Yoast SEO Premium plugin v26.1 (Yoast SEO v27.0) - https:\/\/yoast.com\/product\/yoast-seo-premium-wordpress\/ -->\n<title>l&#039;AJST lance ses activit\u00e9s pour une soci\u00e9t\u00e9 plus \u00e9quitable - tchad<\/title>\n<meta name=\"description\" content=\"En effet, dans une de\u0301claration lue par son secre\u0301taire ge\u0301ne\u0301ral, Ousman Taha, l&#039;AJST est ne\u0301e de la conviction profond ...\" \/>\n<meta name=\"robots\" content=\"index, follow, max-snippet:-1, max-image-preview:large, max-video-preview:-1\" \/>\n<link rel=\"canonical\" href=\"https:\/\/www.africa-press.net\/tchad\/politique\/lajst-lance-ses-activites-pour-une-societe-plus-equitable\" \/>\n<meta property=\"og:locale\" content=\"fr_FR\" \/>\n<meta property=\"og:type\" content=\"article\" \/>\n<meta property=\"og:title\" content=\"l&#039;AJST lance ses activit\u00e9s pour une soci\u00e9t\u00e9 plus \u00e9quitable\" \/>\n<meta property=\"og:description\" content=\"En effet, dans une de\u0301claration lue par son secre\u0301taire ge\u0301ne\u0301ral, Ousman Taha, l&#039;AJST est ne\u0301e de la conviction profond ...\" \/>\n<meta property=\"og:url\" content=\"https:\/\/www.africa-press.net\/tchad\/politique\/lajst-lance-ses-activites-pour-une-societe-plus-equitable\" \/>\n<meta property=\"og:site_name\" content=\"tchad\" \/>\n<meta property=\"article:published_time\" content=\"2023-11-11T15:52:12+00:00\" \/>\n<meta property=\"article:modified_time\" content=\"2023-11-11T16:34:30+00:00\" \/>\n<meta property=\"og:image\" content=\"https:\/\/static.africa-press.net\/tchad\/sites\/41\/2023\/11\/sm_1699707800.545093.jpg\" \/>\n\t<meta property=\"og:image:width\" content=\"961\" \/>\n\t<meta property=\"og:image:height\" content=\"628\" \/>\n\t<meta property=\"og:image:type\" content=\"image\/jpeg\" \/>\n<meta name=\"author\" content=\"cfeditorfr\" \/>\n<meta name=\"twitter:card\" content=\"summary_large_image\" \/>\n<meta name=\"twitter:label1\" content=\"\u00c9crit par\" \/>\n\t<meta name=\"twitter:data1\" content=\"cfeditorfr\" \/>\n\t<meta name=\"twitter:label2\" content=\"Dur\u00e9e de lecture estim\u00e9e\" \/>\n\t<meta name=\"twitter:data2\" content=\"1 minute\" \/>\n<script type=\"application\/ld+json\" class=\"yoast-schema-graph\">{\"@context\":\"https:\/\/schema.org\",\"@graph\":[{\"@type\":\"Article\",\"@id\":\"https:\/\/www.africa-press.net\/tchad\/politique\/lajst-lance-ses-activites-pour-une-societe-plus-equitable#article\",\"isPartOf\":{\"@id\":\"https:\/\/www.africa-press.net\/tchad\/politique\/lajst-lance-ses-activites-pour-une-societe-plus-equitable\"},\"author\":{\"name\":\"cfeditorfr\",\"@id\":\"https:\/\/www.africa-press.net\/tchad\/#\/schema\/person\/2b1cf3cd81a31e3cd26889ca66d677f1\"},\"headline\":\"l&rsquo;AJST lance ses activit\u00e9s pour une soci\u00e9t\u00e9 plus \u00e9quitable\",\"datePublished\":\"2023-11-11T15:52:12+00:00\",\"dateModified\":\"2023-11-11T16:34:30+00:00\",\"mainEntityOfPage\":{\"@id\":\"https:\/\/www.africa-press.net\/tchad\/politique\/lajst-lance-ses-activites-pour-une-societe-plus-equitable\"},\"wordCount\":227,\"commentCount\":0,\"image\":{\"@id\":\"https:\/\/www.africa-press.net\/tchad\/politique\/lajst-lance-ses-activites-pour-une-societe-plus-equitable#primaryimage\"},\"thumbnailUrl\":\"https:\/\/static.africa-press.net\/tchad\/sites\/41\/2023\/11\/sm_1699707800.545093.jpg\",\"keywords\":[\"Africa Press\",\"Africa Press-Tchad\",\"Tchad\"],\"articleSection\":[\"Politique\",\"Toutes les actualit\u00e9s\"],\"inLanguage\":\"fr-FR\",\"potentialAction\":[{\"@type\":\"CommentAction\",\"name\":\"Comment\",\"target\":[\"https:\/\/www.africa-press.net\/tchad\/politique\/lajst-lance-ses-activites-pour-une-societe-plus-equitable#respond\"]}]},{\"@type\":\"WebPage\",\"@id\":\"https:\/\/www.africa-press.net\/tchad\/politique\/lajst-lance-ses-activites-pour-une-societe-plus-equitable\",\"url\":\"https:\/\/www.africa-press.net\/tchad\/politique\/lajst-lance-ses-activites-pour-une-societe-plus-equitable\",\"name\":\"l'AJST lance ses activit\u00e9s pour une soci\u00e9t\u00e9 plus \u00e9quitable - tchad\",\"isPartOf\":{\"@id\":\"https:\/\/www.africa-press.net\/tchad\/#website\"},\"primaryImageOfPage\":{\"@id\":\"https:\/\/www.africa-press.net\/tchad\/politique\/lajst-lance-ses-activites-pour-une-societe-plus-equitable#primaryimage\"},\"image\":{\"@id\":\"https:\/\/www.africa-press.net\/tchad\/politique\/lajst-lance-ses-activites-pour-une-societe-plus-equitable#primaryimage\"},\"thumbnailUrl\":\"https:\/\/static.africa-press.net\/tchad\/sites\/41\/2023\/11\/sm_1699707800.545093.jpg\",\"datePublished\":\"2023-11-11T15:52:12+00:00\",\"dateModified\":\"2023-11-11T16:34:30+00:00\",\"author\":{\"@id\":\"https:\/\/www.africa-press.net\/tchad\/#\/schema\/person\/2b1cf3cd81a31e3cd26889ca66d677f1\"},\"description\":\"En effet, dans une de\u0301claration lue par son secre\u0301taire ge\u0301ne\u0301ral, Ousman Taha, l'AJST est ne\u0301e de la conviction profond ...\",\"breadcrumb\":{\"@id\":\"https:\/\/www.africa-press.net\/tchad\/politique\/lajst-lance-ses-activites-pour-une-societe-plus-equitable#breadcrumb\"},\"inLanguage\":\"fr-FR\",\"potentialAction\":[{\"@type\":\"ReadAction\",\"target\":[\"https:\/\/www.africa-press.net\/tchad\/politique\/lajst-lance-ses-activites-pour-une-societe-plus-equitable\"]}]},{\"@type\":\"ImageObject\",\"inLanguage\":\"fr-FR\",\"@id\":\"https:\/\/www.africa-press.net\/tchad\/politique\/lajst-lance-ses-activites-pour-une-societe-plus-equitable#primaryimage\",\"url\":\"https:\/\/static.africa-press.net\/tchad\/sites\/41\/2023\/11\/sm_1699707800.545093.jpg\",\"contentUrl\":\"https:\/\/static.africa-press.net\/tchad\/sites\/41\/2023\/11\/sm_1699707800.545093.jpg\",\"width\":961,\"height\":628,\"caption\":\"l'AJST lance ses activit\u00e9s pour une soci\u00e9t\u00e9 plus \u00e9quitable\"},{\"@type\":\"BreadcrumbList\",\"@id\":\"https:\/\/www.africa-press.net\/tchad\/politique\/lajst-lance-ses-activites-pour-une-societe-plus-equitable#breadcrumb\",\"itemListElement\":[{\"@type\":\"ListItem\",\"position\":1,\"name\":\"Accueil\",\"item\":\"https:\/\/www.africa-press.net\/tchad\/\"},{\"@type\":\"ListItem\",\"position\":2,\"name\":\"l&#8217;AJST lance ses activit\u00e9s pour une soci\u00e9t\u00e9 plus \u00e9quitable\"}]},{\"@type\":\"WebSite\",\"@id\":\"https:\/\/www.africa-press.net\/tchad\/#website\",\"url\":\"https:\/\/www.africa-press.net\/tchad\/\",\"name\":\"tchad\",\"description\":\"Just another Africa News Agency Sites site\",\"potentialAction\":[{\"@type\":\"SearchAction\",\"target\":{\"@type\":\"EntryPoint\",\"urlTemplate\":\"https:\/\/www.africa-press.net\/tchad\/?s={search_term_string}\"},\"query-input\":{\"@type\":\"PropertyValueSpecification\",\"valueRequired\":true,\"valueName\":\"search_term_string\"}}],\"inLanguage\":\"fr-FR\"},{\"@type\":\"Person\",\"@id\":\"https:\/\/www.africa-press.net\/tchad\/#\/schema\/person\/2b1cf3cd81a31e3cd26889ca66d677f1\",\"name\":\"cfeditorfr\"}]}<\/script>\n<!-- \/ Yoast SEO Premium plugin. -->","yoast_head_json":{"title":"l'AJST lance ses activit\u00e9s pour une soci\u00e9t\u00e9 plus \u00e9quitable - tchad","description":"En effet, dans une de\u0301claration lue par son secre\u0301taire ge\u0301ne\u0301ral, Ousman Taha, l'AJST est ne\u0301e de la conviction profond ...","robots":{"index":"index","follow":"follow","max-snippet":"max-snippet:-1","max-image-preview":"max-image-preview:large","max-video-preview":"max-video-preview:-1"},"canonical":"https:\/\/www.africa-press.net\/tchad\/politique\/lajst-lance-ses-activites-pour-une-societe-plus-equitable","og_locale":"fr_FR","og_type":"article","og_title":"l'AJST lance ses activit\u00e9s pour une soci\u00e9t\u00e9 plus \u00e9quitable","og_description":"En effet, dans une de\u0301claration lue par son secre\u0301taire ge\u0301ne\u0301ral, Ousman Taha, l'AJST est ne\u0301e de la conviction profond ...","og_url":"https:\/\/www.africa-press.net\/tchad\/politique\/lajst-lance-ses-activites-pour-une-societe-plus-equitable","og_site_name":"tchad","article_published_time":"2023-11-11T15:52:12+00:00","article_modified_time":"2023-11-11T16:34:30+00:00","og_image":[{"width":961,"height":628,"url":"https:\/\/static.africa-press.net\/tchad\/sites\/41\/2023\/11\/sm_1699707800.545093.jpg","type":"image\/jpeg"}],"author":"cfeditorfr","twitter_card":"summary_large_image","twitter_misc":{"\u00c9crit par":"cfeditorfr","Dur\u00e9e de lecture estim\u00e9e":"1 minute"},"schema":{"@context":"https:\/\/schema.org","@graph":[{"@type":"Article","@id":"https:\/\/www.africa-press.net\/tchad\/politique\/lajst-lance-ses-activites-pour-une-societe-plus-equitable#article","isPartOf":{"@id":"https:\/\/www.africa-press.net\/tchad\/politique\/lajst-lance-ses-activites-pour-une-societe-plus-equitable"},"author":{"name":"cfeditorfr","@id":"https:\/\/www.africa-press.net\/tchad\/#\/schema\/person\/2b1cf3cd81a31e3cd26889ca66d677f1"},"headline":"l&rsquo;AJST lance ses activit\u00e9s pour une soci\u00e9t\u00e9 plus \u00e9quitable","datePublished":"2023-11-11T15:52:12+00:00","dateModified":"2023-11-11T16:34:30+00:00","mainEntityOfPage":{"@id":"https:\/\/www.africa-press.net\/tchad\/politique\/lajst-lance-ses-activites-pour-une-societe-plus-equitable"},"wordCount":227,"commentCount":0,"image":{"@id":"https:\/\/www.africa-press.net\/tchad\/politique\/lajst-lance-ses-activites-pour-une-societe-plus-equitable#primaryimage"},"thumbnailUrl":"https:\/\/static.africa-press.net\/tchad\/sites\/41\/2023\/11\/sm_1699707800.545093.jpg","keywords":["Africa Press","Africa Press-Tchad","Tchad"],"articleSection":["Politique","Toutes les actualit\u00e9s"],"inLanguage":"fr-FR","potentialAction":[{"@type":"CommentAction","name":"Comment","target":["https:\/\/www.africa-press.net\/tchad\/politique\/lajst-lance-ses-activites-pour-une-societe-plus-equitable#respond"]}]},{"@type":"WebPage","@id":"https:\/\/www.africa-press.net\/tchad\/politique\/lajst-lance-ses-activites-pour-une-societe-plus-equitable","url":"https:\/\/www.africa-press.net\/tchad\/politique\/lajst-lance-ses-activites-pour-une-societe-plus-equitable","name":"l'AJST lance ses activit\u00e9s pour une soci\u00e9t\u00e9 plus \u00e9quitable - tchad","isPartOf":{"@id":"https:\/\/www.africa-press.net\/tchad\/#website"},"primaryImageOfPage":{"@id":"https:\/\/www.africa-press.net\/tchad\/politique\/lajst-lance-ses-activites-pour-une-societe-plus-equitable#primaryimage"},"image":{"@id":"https:\/\/www.africa-press.net\/tchad\/politique\/lajst-lance-ses-activites-pour-une-societe-plus-equitable#primaryimage"},"thumbnailUrl":"https:\/\/static.africa-press.net\/tchad\/sites\/41\/2023\/11\/sm_1699707800.545093.jpg","datePublished":"2023-11-11T15:52:12+00:00","dateModified":"2023-11-11T16:34:30+00:00","author":{"@id":"https:\/\/www.africa-press.net\/tchad\/#\/schema\/person\/2b1cf3cd81a31e3cd26889ca66d677f1"},"description":"En effet, dans une de\u0301claration lue par son secre\u0301taire ge\u0301ne\u0301ral, Ousman Taha, l'AJST est ne\u0301e de la conviction profond ...","breadcrumb":{"@id":"https:\/\/www.africa-press.net\/tchad\/politique\/lajst-lance-ses-activites-pour-une-societe-plus-equitable#breadcrumb"},"inLanguage":"fr-FR","potentialAction":[{"@type":"ReadAction","target":["https:\/\/www.africa-press.net\/tchad\/politique\/lajst-lance-ses-activites-pour-une-societe-plus-equitable"]}]},{"@type":"ImageObject","inLanguage":"fr-FR","@id":"https:\/\/www.africa-press.net\/tchad\/politique\/lajst-lance-ses-activites-pour-une-societe-plus-equitable#primaryimage","url":"https:\/\/static.africa-press.net\/tchad\/sites\/41\/2023\/11\/sm_1699707800.545093.jpg","contentUrl":"https:\/\/static.africa-press.net\/tchad\/sites\/41\/2023\/11\/sm_1699707800.545093.jpg","width":961,"height":628,"caption":"l'AJST lance ses activit\u00e9s pour une soci\u00e9t\u00e9 plus \u00e9quitable"},{"@type":"BreadcrumbList","@id":"https:\/\/www.africa-press.net\/tchad\/politique\/lajst-lance-ses-activites-pour-une-societe-plus-equitable#breadcrumb","itemListElement":[{"@type":"ListItem","position":1,"name":"Accueil","item":"https:\/\/www.africa-press.net\/tchad\/"},{"@type":"ListItem","position":2,"name":"l&#8217;AJST lance ses activit\u00e9s pour une soci\u00e9t\u00e9 plus \u00e9quitable"}]},{"@type":"WebSite","@id":"https:\/\/www.africa-press.net\/tchad\/#website","url":"https:\/\/www.africa-press.net\/tchad\/","name":"tchad","description":"Just another Africa News Agency Sites site","potentialAction":[{"@type":"SearchAction","target":{"@type":"EntryPoint","urlTemplate":"https:\/\/www.africa-press.net\/tchad\/?s={search_term_string}"},"query-input":{"@type":"PropertyValueSpecification","valueRequired":true,"valueName":"search_term_string"}}],"inLanguage":"fr-FR"},{"@type":"Person","@id":"https:\/\/www.africa-press.net\/tchad\/#\/schema\/person\/2b1cf3cd81a31e3cd26889ca66d677f1","name":"cfeditorfr"}]}},"_links":{"self":[{"href":"https:\/\/www.africa-press.net\/tchad\/wp-json\/wp\/v2\/posts\/53821","targetHints":{"allow":["GET"]}}],"collection":[{"href":"https:\/\/www.africa-press.net\/tchad\/wp-json\/wp\/v2\/posts"}],"about":[{"href":"https:\/\/www.africa-press.net\/tchad\/wp-json\/wp\/v2\/types\/post"}],"author":[{"embeddable":true,"href":"https:\/\/www.africa-press.net\/tchad\/wp-json\/wp\/v2\/users\/82"}],"replies":[{"embeddable":true,"href":"https:\/\/www.africa-press.net\/tchad\/wp-json\/wp\/v2\/comments?post=53821"}],"version-history":[{"count":0,"href":"https:\/\/www.africa-press.net\/tchad\/wp-json\/wp\/v2\/posts\/53821\/revisions"}],"wp:featuredmedia":[{"embeddable":true,"href":"https:\/\/www.africa-press.net\/tchad\/wp-json\/wp\/v2\/media\/53820"}],"wp:attachment":[{"href":"https:\/\/www.africa-press.net\/tchad\/wp-json\/wp\/v2\/media?parent=53821"}],"wp:term":[{"taxonomy":"category","embeddable":true,"href":"https:\/\/www.africa-press.net\/tchad\/wp-json\/wp\/v2\/categories?post=53821"},{"taxonomy":"post_tag","embeddable":true,"href":"https:\/\/www.africa-press.net\/tchad\/wp-json\/wp\/v2\/tags?post=53821"}],"curies":[{"name":"wp","href":"https:\/\/api.w.org\/{rel}","templated":true}]}}