{"id":53833,"date":"2023-11-11T15:53:56","date_gmt":"2023-11-11T15:53:56","guid":{"rendered":"https:\/\/www.africa-press.net\/tchad\/politique\/le-gouverneur-du-kanem-entame-une-tournee-pour-renforcer-la-cohesion-sociale"},"modified":"2023-11-11T16:38:10","modified_gmt":"2023-11-11T16:38:10","slug":"le-gouverneur-du-kanem-entame-une-tournee-pour-renforcer-la-cohesion-sociale","status":"publish","type":"post","link":"https:\/\/www.africa-press.net\/tchad\/politique\/le-gouverneur-du-kanem-entame-une-tournee-pour-renforcer-la-cohesion-sociale","title":{"rendered":"le gouverneur du Kanem entame une tourn\u00e9e pour renforcer la coh\u00e9sion sociale"},"content":{"rendered":"<p><span style=\"color: #ff6600\"><strong>Africa-Press &#8211; Tchad. <\/strong><\/span>Le vendredi 11 novembre 2023, le gouverneur et sa de\u0301le\u0301gation se sont rendus a\u0300 Soultoum, une localite\u0301 situe\u0301e a\u0300 environ 400 km au nord de Mao, poursuivant la me\u0302me mission.<\/p>\n<p>L&rsquo;objectif de cette mission est de s&rsquo;impre\u0301gner des re\u0301alite\u0301s de la sous-pre\u0301fecture de Ziguei\u0308 et du village de Soultoum. Le gouverneur a transmis un message de paix, de vivre-ensemble, de cohabitation pacifique et de respect de l&rsquo;autorite\u0301 de l&rsquo;E\u0301tat, en abordant e\u0301galement le proble\u0300me du vol de be\u0301tail. Il a appele\u0301 les autorite\u0301s locales a\u0300 sensibiliser la population en vue du prochain re\u0301fe\u0301rendum constitutionnel et a insiste\u0301 sur l&rsquo;importance de l&rsquo;e\u0301ducation des enfants, de la sante\u0301 et de la se\u0301curite\u0301.<\/p>\n<p>A\u0300 Soultoum, le gouverneur a informe\u0301 la population que leur village, situe\u0301 a\u0300 15 km de la frontie\u0300re avec le Niger a\u0300 l&rsquo;ouest et a\u0300 proximite\u0301 de Borkou et Tibesti, se trouve dans une zone fre\u0301quente\u0301e par des bandits. Il a demande\u0301 aux habitants de collaborer avec les autorite\u0301s. La population de Soultoum a pris note de ces recommandations et a demande\u0301 des ame\u0301liorations en matie\u0300re d&rsquo;infrastructures scolaires et sanitaires. Le gouverneur a assure\u0301 qu&rsquo;il transmettrait ces demandes aux autorite\u0301s compe\u0301tentes.<\/p>\n<p>Enfin, le gouverneur et sa de\u0301le\u0301gation ont visite\u0301 les infrastructures e\u0301tatiques de Ziguei\u0308.<\/p>\n<p><strong>Pour plus d&rsquo;informations et d&rsquo;analyses sur la <a href=\"https:\/\/www.africa-press.net\/tchad\">Tchad<\/a>, suivez <a href=\"https:\/\/www.africa-press.net\/\">Africa-Press<\/a><\/strong><\/p>\n","protected":false},"excerpt":{"rendered":"<p>Africa-Press &#8211; Tchad. Le vendredi 11 novembre 2023, le gouverneur et sa de\u0301le\u0301gation se sont rendus a\u0300 Soultoum, une localite\u0301 situe\u0301e a\u0300 environ 400 km au nord de Mao, poursuivant la me\u0302me mission. L&rsquo;objectif de cette mission est de s&rsquo;impre\u0301gner des re\u0301alite\u0301s de la sous-pre\u0301fecture de Ziguei\u0308 et du village de Soultoum. Le gouverneur a [&hellip;]<\/p>\n","protected":false},"author":82,"featured_media":53831,"comment_status":"open","ping_status":"closed","sticky":false,"template":"","format":"standard","meta":{"footnotes":""},"categories":[2,10],"tags":[37,292,29],"class_list":["post-53833","post","type-post","status-publish","format-standard","has-post-thumbnail","hentry","category-politique","category-toutes-les-actualites","tag-africa-press","tag-africa-press-tchad","tag-tchad"],"yoast_head":"<!-- This site is optimized with the Yoast SEO Premium plugin v26.1 (Yoast SEO v27.0) - https:\/\/yoast.com\/product\/yoast-seo-premium-wordpress\/ -->\n<title>le gouverneur du Kanem entame une tourn\u00e9e pour renforcer la coh\u00e9sion sociale - tchad<\/title>\n<meta name=\"description\" content=\"Le vendredi 11 novembre 2023, le gouverneur et sa de\u0301le\u0301gation se sont rendus a\u0300 Soultoum, une localite\u0301 situe\u0301e a\u0300 envi ...\" \/>\n<meta name=\"robots\" content=\"index, follow, max-snippet:-1, max-image-preview:large, max-video-preview:-1\" \/>\n<link rel=\"canonical\" href=\"https:\/\/www.africa-press.net\/tchad\/politique\/le-gouverneur-du-kanem-entame-une-tournee-pour-renforcer-la-cohesion-sociale\" \/>\n<meta property=\"og:locale\" content=\"fr_FR\" \/>\n<meta property=\"og:type\" content=\"article\" \/>\n<meta property=\"og:title\" content=\"le gouverneur du Kanem entame une tourn\u00e9e pour renforcer la coh\u00e9sion sociale\" \/>\n<meta property=\"og:description\" content=\"Le vendredi 11 novembre 2023, le gouverneur et sa de\u0301le\u0301gation se sont rendus a\u0300 Soultoum, une localite\u0301 situe\u0301e a\u0300 envi ...\" \/>\n<meta property=\"og:url\" content=\"https:\/\/www.africa-press.net\/tchad\/politique\/le-gouverneur-du-kanem-entame-une-tournee-pour-renforcer-la-cohesion-sociale\" \/>\n<meta property=\"og:site_name\" content=\"tchad\" \/>\n<meta property=\"article:published_time\" content=\"2023-11-11T15:53:56+00:00\" \/>\n<meta property=\"article:modified_time\" content=\"2023-11-11T16:38:10+00:00\" \/>\n<meta property=\"og:image\" content=\"https:\/\/static.africa-press.net\/tchad\/sites\/41\/2023\/11\/sm_1699708002.144169.jpg\" \/>\n\t<meta property=\"og:image:width\" content=\"1020\" \/>\n\t<meta property=\"og:image:height\" content=\"765\" \/>\n\t<meta property=\"og:image:type\" content=\"image\/jpeg\" \/>\n<meta name=\"author\" content=\"cfeditorfr\" \/>\n<meta name=\"twitter:card\" content=\"summary_large_image\" \/>\n<meta name=\"twitter:label1\" content=\"\u00c9crit par\" \/>\n\t<meta name=\"twitter:data1\" content=\"cfeditorfr\" \/>\n\t<meta name=\"twitter:label2\" content=\"Dur\u00e9e de lecture estim\u00e9e\" \/>\n\t<meta name=\"twitter:data2\" content=\"2 minutes\" \/>\n<script type=\"application\/ld+json\" class=\"yoast-schema-graph\">{\"@context\":\"https:\/\/schema.org\",\"@graph\":[{\"@type\":\"Article\",\"@id\":\"https:\/\/www.africa-press.net\/tchad\/politique\/le-gouverneur-du-kanem-entame-une-tournee-pour-renforcer-la-cohesion-sociale#article\",\"isPartOf\":{\"@id\":\"https:\/\/www.africa-press.net\/tchad\/politique\/le-gouverneur-du-kanem-entame-une-tournee-pour-renforcer-la-cohesion-sociale\"},\"author\":{\"name\":\"cfeditorfr\",\"@id\":\"https:\/\/www.africa-press.net\/tchad\/#\/schema\/person\/2b1cf3cd81a31e3cd26889ca66d677f1\"},\"headline\":\"le gouverneur du Kanem entame une tourn\u00e9e pour renforcer la coh\u00e9sion sociale\",\"datePublished\":\"2023-11-11T15:53:56+00:00\",\"dateModified\":\"2023-11-11T16:38:10+00:00\",\"mainEntityOfPage\":{\"@id\":\"https:\/\/www.africa-press.net\/tchad\/politique\/le-gouverneur-du-kanem-entame-une-tournee-pour-renforcer-la-cohesion-sociale\"},\"wordCount\":266,\"commentCount\":0,\"image\":{\"@id\":\"https:\/\/www.africa-press.net\/tchad\/politique\/le-gouverneur-du-kanem-entame-une-tournee-pour-renforcer-la-cohesion-sociale#primaryimage\"},\"thumbnailUrl\":\"https:\/\/static.africa-press.net\/tchad\/sites\/41\/2023\/11\/sm_1699708002.144169.jpg\",\"keywords\":[\"Africa Press\",\"Africa Press-Tchad\",\"Tchad\"],\"articleSection\":[\"Politique\",\"Toutes les actualit\u00e9s\"],\"inLanguage\":\"fr-FR\",\"potentialAction\":[{\"@type\":\"CommentAction\",\"name\":\"Comment\",\"target\":[\"https:\/\/www.africa-press.net\/tchad\/politique\/le-gouverneur-du-kanem-entame-une-tournee-pour-renforcer-la-cohesion-sociale#respond\"]}]},{\"@type\":\"WebPage\",\"@id\":\"https:\/\/www.africa-press.net\/tchad\/politique\/le-gouverneur-du-kanem-entame-une-tournee-pour-renforcer-la-cohesion-sociale\",\"url\":\"https:\/\/www.africa-press.net\/tchad\/politique\/le-gouverneur-du-kanem-entame-une-tournee-pour-renforcer-la-cohesion-sociale\",\"name\":\"le gouverneur du Kanem entame une tourn\u00e9e pour renforcer la coh\u00e9sion sociale - tchad\",\"isPartOf\":{\"@id\":\"https:\/\/www.africa-press.net\/tchad\/#website\"},\"primaryImageOfPage\":{\"@id\":\"https:\/\/www.africa-press.net\/tchad\/politique\/le-gouverneur-du-kanem-entame-une-tournee-pour-renforcer-la-cohesion-sociale#primaryimage\"},\"image\":{\"@id\":\"https:\/\/www.africa-press.net\/tchad\/politique\/le-gouverneur-du-kanem-entame-une-tournee-pour-renforcer-la-cohesion-sociale#primaryimage\"},\"thumbnailUrl\":\"https:\/\/static.africa-press.net\/tchad\/sites\/41\/2023\/11\/sm_1699708002.144169.jpg\",\"datePublished\":\"2023-11-11T15:53:56+00:00\",\"dateModified\":\"2023-11-11T16:38:10+00:00\",\"author\":{\"@id\":\"https:\/\/www.africa-press.net\/tchad\/#\/schema\/person\/2b1cf3cd81a31e3cd26889ca66d677f1\"},\"description\":\"Le vendredi 11 novembre 2023, le gouverneur et sa de\u0301le\u0301gation se sont rendus a\u0300 Soultoum, une localite\u0301 situe\u0301e a\u0300 envi ...\",\"breadcrumb\":{\"@id\":\"https:\/\/www.africa-press.net\/tchad\/politique\/le-gouverneur-du-kanem-entame-une-tournee-pour-renforcer-la-cohesion-sociale#breadcrumb\"},\"inLanguage\":\"fr-FR\",\"potentialAction\":[{\"@type\":\"ReadAction\",\"target\":[\"https:\/\/www.africa-press.net\/tchad\/politique\/le-gouverneur-du-kanem-entame-une-tournee-pour-renforcer-la-cohesion-sociale\"]}]},{\"@type\":\"ImageObject\",\"inLanguage\":\"fr-FR\",\"@id\":\"https:\/\/www.africa-press.net\/tchad\/politique\/le-gouverneur-du-kanem-entame-une-tournee-pour-renforcer-la-cohesion-sociale#primaryimage\",\"url\":\"https:\/\/static.africa-press.net\/tchad\/sites\/41\/2023\/11\/sm_1699708002.144169.jpg\",\"contentUrl\":\"https:\/\/static.africa-press.net\/tchad\/sites\/41\/2023\/11\/sm_1699708002.144169.jpg\",\"width\":1020,\"height\":765,\"caption\":\"le gouverneur du Kanem entame une tourn\u00e9e pour renforcer la coh\u00e9sion sociale\"},{\"@type\":\"BreadcrumbList\",\"@id\":\"https:\/\/www.africa-press.net\/tchad\/politique\/le-gouverneur-du-kanem-entame-une-tournee-pour-renforcer-la-cohesion-sociale#breadcrumb\",\"itemListElement\":[{\"@type\":\"ListItem\",\"position\":1,\"name\":\"Accueil\",\"item\":\"https:\/\/www.africa-press.net\/tchad\/\"},{\"@type\":\"ListItem\",\"position\":2,\"name\":\"le gouverneur du Kanem entame une tourn\u00e9e pour renforcer la coh\u00e9sion sociale\"}]},{\"@type\":\"WebSite\",\"@id\":\"https:\/\/www.africa-press.net\/tchad\/#website\",\"url\":\"https:\/\/www.africa-press.net\/tchad\/\",\"name\":\"tchad\",\"description\":\"Just another Africa News Agency Sites site\",\"potentialAction\":[{\"@type\":\"SearchAction\",\"target\":{\"@type\":\"EntryPoint\",\"urlTemplate\":\"https:\/\/www.africa-press.net\/tchad\/?s={search_term_string}\"},\"query-input\":{\"@type\":\"PropertyValueSpecification\",\"valueRequired\":true,\"valueName\":\"search_term_string\"}}],\"inLanguage\":\"fr-FR\"},{\"@type\":\"Person\",\"@id\":\"https:\/\/www.africa-press.net\/tchad\/#\/schema\/person\/2b1cf3cd81a31e3cd26889ca66d677f1\",\"name\":\"cfeditorfr\"}]}<\/script>\n<!-- \/ Yoast SEO Premium plugin. -->","yoast_head_json":{"title":"le gouverneur du Kanem entame une tourn\u00e9e pour renforcer la coh\u00e9sion sociale - tchad","description":"Le vendredi 11 novembre 2023, le gouverneur et sa de\u0301le\u0301gation se sont rendus a\u0300 Soultoum, une localite\u0301 situe\u0301e a\u0300 envi ...","robots":{"index":"index","follow":"follow","max-snippet":"max-snippet:-1","max-image-preview":"max-image-preview:large","max-video-preview":"max-video-preview:-1"},"canonical":"https:\/\/www.africa-press.net\/tchad\/politique\/le-gouverneur-du-kanem-entame-une-tournee-pour-renforcer-la-cohesion-sociale","og_locale":"fr_FR","og_type":"article","og_title":"le gouverneur du Kanem entame une tourn\u00e9e pour renforcer la coh\u00e9sion sociale","og_description":"Le vendredi 11 novembre 2023, le gouverneur et sa de\u0301le\u0301gation se sont rendus a\u0300 Soultoum, une localite\u0301 situe\u0301e a\u0300 envi ...","og_url":"https:\/\/www.africa-press.net\/tchad\/politique\/le-gouverneur-du-kanem-entame-une-tournee-pour-renforcer-la-cohesion-sociale","og_site_name":"tchad","article_published_time":"2023-11-11T15:53:56+00:00","article_modified_time":"2023-11-11T16:38:10+00:00","og_image":[{"width":1020,"height":765,"url":"https:\/\/static.africa-press.net\/tchad\/sites\/41\/2023\/11\/sm_1699708002.144169.jpg","type":"image\/jpeg"}],"author":"cfeditorfr","twitter_card":"summary_large_image","twitter_misc":{"\u00c9crit par":"cfeditorfr","Dur\u00e9e de lecture estim\u00e9e":"2 minutes"},"schema":{"@context":"https:\/\/schema.org","@graph":[{"@type":"Article","@id":"https:\/\/www.africa-press.net\/tchad\/politique\/le-gouverneur-du-kanem-entame-une-tournee-pour-renforcer-la-cohesion-sociale#article","isPartOf":{"@id":"https:\/\/www.africa-press.net\/tchad\/politique\/le-gouverneur-du-kanem-entame-une-tournee-pour-renforcer-la-cohesion-sociale"},"author":{"name":"cfeditorfr","@id":"https:\/\/www.africa-press.net\/tchad\/#\/schema\/person\/2b1cf3cd81a31e3cd26889ca66d677f1"},"headline":"le gouverneur du Kanem entame une tourn\u00e9e pour renforcer la coh\u00e9sion sociale","datePublished":"2023-11-11T15:53:56+00:00","dateModified":"2023-11-11T16:38:10+00:00","mainEntityOfPage":{"@id":"https:\/\/www.africa-press.net\/tchad\/politique\/le-gouverneur-du-kanem-entame-une-tournee-pour-renforcer-la-cohesion-sociale"},"wordCount":266,"commentCount":0,"image":{"@id":"https:\/\/www.africa-press.net\/tchad\/politique\/le-gouverneur-du-kanem-entame-une-tournee-pour-renforcer-la-cohesion-sociale#primaryimage"},"thumbnailUrl":"https:\/\/static.africa-press.net\/tchad\/sites\/41\/2023\/11\/sm_1699708002.144169.jpg","keywords":["Africa Press","Africa Press-Tchad","Tchad"],"articleSection":["Politique","Toutes les actualit\u00e9s"],"inLanguage":"fr-FR","potentialAction":[{"@type":"CommentAction","name":"Comment","target":["https:\/\/www.africa-press.net\/tchad\/politique\/le-gouverneur-du-kanem-entame-une-tournee-pour-renforcer-la-cohesion-sociale#respond"]}]},{"@type":"WebPage","@id":"https:\/\/www.africa-press.net\/tchad\/politique\/le-gouverneur-du-kanem-entame-une-tournee-pour-renforcer-la-cohesion-sociale","url":"https:\/\/www.africa-press.net\/tchad\/politique\/le-gouverneur-du-kanem-entame-une-tournee-pour-renforcer-la-cohesion-sociale","name":"le gouverneur du Kanem entame une tourn\u00e9e pour renforcer la coh\u00e9sion sociale - tchad","isPartOf":{"@id":"https:\/\/www.africa-press.net\/tchad\/#website"},"primaryImageOfPage":{"@id":"https:\/\/www.africa-press.net\/tchad\/politique\/le-gouverneur-du-kanem-entame-une-tournee-pour-renforcer-la-cohesion-sociale#primaryimage"},"image":{"@id":"https:\/\/www.africa-press.net\/tchad\/politique\/le-gouverneur-du-kanem-entame-une-tournee-pour-renforcer-la-cohesion-sociale#primaryimage"},"thumbnailUrl":"https:\/\/static.africa-press.net\/tchad\/sites\/41\/2023\/11\/sm_1699708002.144169.jpg","datePublished":"2023-11-11T15:53:56+00:00","dateModified":"2023-11-11T16:38:10+00:00","author":{"@id":"https:\/\/www.africa-press.net\/tchad\/#\/schema\/person\/2b1cf3cd81a31e3cd26889ca66d677f1"},"description":"Le vendredi 11 novembre 2023, le gouverneur et sa de\u0301le\u0301gation se sont rendus a\u0300 Soultoum, une localite\u0301 situe\u0301e a\u0300 envi ...","breadcrumb":{"@id":"https:\/\/www.africa-press.net\/tchad\/politique\/le-gouverneur-du-kanem-entame-une-tournee-pour-renforcer-la-cohesion-sociale#breadcrumb"},"inLanguage":"fr-FR","potentialAction":[{"@type":"ReadAction","target":["https:\/\/www.africa-press.net\/tchad\/politique\/le-gouverneur-du-kanem-entame-une-tournee-pour-renforcer-la-cohesion-sociale"]}]},{"@type":"ImageObject","inLanguage":"fr-FR","@id":"https:\/\/www.africa-press.net\/tchad\/politique\/le-gouverneur-du-kanem-entame-une-tournee-pour-renforcer-la-cohesion-sociale#primaryimage","url":"https:\/\/static.africa-press.net\/tchad\/sites\/41\/2023\/11\/sm_1699708002.144169.jpg","contentUrl":"https:\/\/static.africa-press.net\/tchad\/sites\/41\/2023\/11\/sm_1699708002.144169.jpg","width":1020,"height":765,"caption":"le gouverneur du Kanem entame une tourn\u00e9e pour renforcer la coh\u00e9sion sociale"},{"@type":"BreadcrumbList","@id":"https:\/\/www.africa-press.net\/tchad\/politique\/le-gouverneur-du-kanem-entame-une-tournee-pour-renforcer-la-cohesion-sociale#breadcrumb","itemListElement":[{"@type":"ListItem","position":1,"name":"Accueil","item":"https:\/\/www.africa-press.net\/tchad\/"},{"@type":"ListItem","position":2,"name":"le gouverneur du Kanem entame une tourn\u00e9e pour renforcer la coh\u00e9sion sociale"}]},{"@type":"WebSite","@id":"https:\/\/www.africa-press.net\/tchad\/#website","url":"https:\/\/www.africa-press.net\/tchad\/","name":"tchad","description":"Just another Africa News Agency Sites site","potentialAction":[{"@type":"SearchAction","target":{"@type":"EntryPoint","urlTemplate":"https:\/\/www.africa-press.net\/tchad\/?s={search_term_string}"},"query-input":{"@type":"PropertyValueSpecification","valueRequired":true,"valueName":"search_term_string"}}],"inLanguage":"fr-FR"},{"@type":"Person","@id":"https:\/\/www.africa-press.net\/tchad\/#\/schema\/person\/2b1cf3cd81a31e3cd26889ca66d677f1","name":"cfeditorfr"}]}},"_links":{"self":[{"href":"https:\/\/www.africa-press.net\/tchad\/wp-json\/wp\/v2\/posts\/53833","targetHints":{"allow":["GET"]}}],"collection":[{"href":"https:\/\/www.africa-press.net\/tchad\/wp-json\/wp\/v2\/posts"}],"about":[{"href":"https:\/\/www.africa-press.net\/tchad\/wp-json\/wp\/v2\/types\/post"}],"author":[{"embeddable":true,"href":"https:\/\/www.africa-press.net\/tchad\/wp-json\/wp\/v2\/users\/82"}],"replies":[{"embeddable":true,"href":"https:\/\/www.africa-press.net\/tchad\/wp-json\/wp\/v2\/comments?post=53833"}],"version-history":[{"count":0,"href":"https:\/\/www.africa-press.net\/tchad\/wp-json\/wp\/v2\/posts\/53833\/revisions"}],"wp:featuredmedia":[{"embeddable":true,"href":"https:\/\/www.africa-press.net\/tchad\/wp-json\/wp\/v2\/media\/53831"}],"wp:attachment":[{"href":"https:\/\/www.africa-press.net\/tchad\/wp-json\/wp\/v2\/media?parent=53833"}],"wp:term":[{"taxonomy":"category","embeddable":true,"href":"https:\/\/www.africa-press.net\/tchad\/wp-json\/wp\/v2\/categories?post=53833"},{"taxonomy":"post_tag","embeddable":true,"href":"https:\/\/www.africa-press.net\/tchad\/wp-json\/wp\/v2\/tags?post=53833"}],"curies":[{"name":"wp","href":"https:\/\/api.w.org\/{rel}","templated":true}]}}