{"id":53838,"date":"2023-11-11T15:54:37","date_gmt":"2023-11-11T15:54:37","guid":{"rendered":"https:\/\/www.africa-press.net\/tchad\/politique\/les-leaders-politiques-du-ouaddai-preconisent-un-fonds-special-pour-la-campagne-referendaire"},"modified":"2023-11-11T16:39:44","modified_gmt":"2023-11-11T16:39:44","slug":"les-leaders-politiques-du-ouaddai-preconisent-un-fonds-special-pour-la-campagne-referendaire","status":"publish","type":"post","link":"https:\/\/www.africa-press.net\/tchad\/politique\/les-leaders-politiques-du-ouaddai-preconisent-un-fonds-special-pour-la-campagne-referendaire","title":{"rendered":"les leaders politiques du Ouadda\u00ef pr\u00e9conisent un Fonds sp\u00e9cial pour la campagne r\u00e9f\u00e9rendaire"},"content":{"rendered":"<p><span style=\"color: #ff6600\"><strong>Africa-Press &#8211; Tchad. <\/strong><\/span>Les participants se sont penche\u0301s sur des the\u0301matiques enrichissantes pour pre\u0301parer les e\u0301che\u0301ances e\u0301lectorales a\u0300 venir, dont l&rsquo;e\u0301lection re\u0301fe\u0301rendaire. Ils ont formule\u0301 plusieurs recommandations, notamment celle d&rsquo;impliquer davantage toute la classe politique dans les instances de de\u0301cision de la Re\u0301publique, sans discrimination, et de dynamiser la vie politique en octroyant un fonds spe\u0301cial a\u0300 tous les partis politiques, dans un bref de\u0301lai, pour leur permettre de mener une campagne de sensibilisation efficace sur les enjeux de l&rsquo;e\u0301lection re\u0301fe\u0301rendaire. Ils ont e\u0301galement sugge\u0301re\u0301 au PNUD d&rsquo;organiser re\u0301gulie\u0300rement des se\u0301minaires sur divers the\u0300mes pour les leaders des partis politiques et leurs bases.<\/p>\n<p>Mme Hawa Mahamat Taher, coordinatrice adjointe du CNCP, a souligne\u0301 que les objectifs de l&rsquo;atelier ont e\u0301te\u0301 atteints, gra\u0302ce a\u0300 la qualite\u0301 des intervenants et des participants. Elle a remercie\u0301 les autorite\u0301s administratives et les partenaires, en particulier le PNUD, pour leur contribution a\u0300 la re\u0301ussite de l&rsquo;atelier.<\/p>\n<p>La repre\u0301sentante du PNUD, Mme Kedber Guenang, a affirme\u0301 l&rsquo;engagement de son organisation aux co\u0302te\u0301s du gouvernement du Tchad et du CNCP dans ce processus, qui vise a\u0300 atteindre les objectifs de paix, justice et institutions efficaces. Elle a exprime\u0301 sa gratitude envers les participants pour leurs contributions substantielles et espe\u0300re que la formation portera ses fruits lors de la campagne de l&rsquo;e\u0301lection re\u0301fe\u0301rendaire.<\/p>\n<p>En clo\u0302turant l&rsquo;atelier, le secre\u0301taire ge\u0301ne\u0301ral de la province du Ouaddai\u0308, Abakar Hissein Didigui, s&rsquo;est fe\u0301licite\u0301 de l&rsquo;atmosphe\u0300re constructive de la formation et a adresse\u0301 ses remerciements aux formateurs, tous membres du CNCP, ainsi qu&rsquo;aux participants pour leurs e\u0301changes fructueux. Il a e\u0301galement remercie\u0301 le PNUD pour son soutien continu au gouvernement d&rsquo;union nationale dans la re\u0301alisation de la phase 2 de la transition.<\/p>\n<p><strong>Pour plus d&rsquo;informations et d&rsquo;analyses sur la <a href=\"https:\/\/www.africa-press.net\/tchad\">Tchad<\/a>, suivez <a href=\"https:\/\/www.africa-press.net\/\">Africa-Press<\/a><\/strong><\/p>\n","protected":false},"excerpt":{"rendered":"<p>Africa-Press &#8211; Tchad. Les participants se sont penche\u0301s sur des the\u0301matiques enrichissantes pour pre\u0301parer les e\u0301che\u0301ances e\u0301lectorales a\u0300 venir, dont l&rsquo;e\u0301lection re\u0301fe\u0301rendaire. Ils ont formule\u0301 plusieurs recommandations, notamment celle d&rsquo;impliquer davantage toute la classe politique dans les instances de de\u0301cision de la Re\u0301publique, sans discrimination, et de dynamiser la vie politique en octroyant un fonds [&hellip;]<\/p>\n","protected":false},"author":82,"featured_media":53837,"comment_status":"open","ping_status":"closed","sticky":false,"template":"","format":"standard","meta":{"footnotes":""},"categories":[2,10],"tags":[37,292,29],"class_list":["post-53838","post","type-post","status-publish","format-standard","has-post-thumbnail","hentry","category-politique","category-toutes-les-actualites","tag-africa-press","tag-africa-press-tchad","tag-tchad"],"yoast_head":"<!-- This site is optimized with the Yoast SEO Premium plugin v26.1 (Yoast SEO v27.0) - https:\/\/yoast.com\/product\/yoast-seo-premium-wordpress\/ -->\n<title>les leaders politiques du Ouadda\u00ef pr\u00e9conisent un Fonds sp\u00e9cial pour la campagne r\u00e9f\u00e9rendaire - tchad<\/title>\n<meta name=\"description\" content=\"Les participants se sont penche\u0301s sur des the\u0301matiques enrichissantes pour pre\u0301parer les e\u0301che\u0301ances e\u0301lectorales a\u0300 ven ...\" \/>\n<meta name=\"robots\" content=\"index, follow, max-snippet:-1, max-image-preview:large, max-video-preview:-1\" \/>\n<link rel=\"canonical\" href=\"https:\/\/www.africa-press.net\/tchad\/politique\/les-leaders-politiques-du-ouaddai-preconisent-un-fonds-special-pour-la-campagne-referendaire\" \/>\n<meta property=\"og:locale\" content=\"fr_FR\" \/>\n<meta property=\"og:type\" content=\"article\" \/>\n<meta property=\"og:title\" content=\"les leaders politiques du Ouadda\u00ef pr\u00e9conisent un Fonds sp\u00e9cial pour la campagne r\u00e9f\u00e9rendaire\" \/>\n<meta property=\"og:description\" content=\"Les participants se sont penche\u0301s sur des the\u0301matiques enrichissantes pour pre\u0301parer les e\u0301che\u0301ances e\u0301lectorales a\u0300 ven ...\" \/>\n<meta property=\"og:url\" content=\"https:\/\/www.africa-press.net\/tchad\/politique\/les-leaders-politiques-du-ouaddai-preconisent-un-fonds-special-pour-la-campagne-referendaire\" \/>\n<meta property=\"og:site_name\" content=\"tchad\" \/>\n<meta property=\"article:published_time\" content=\"2023-11-11T15:54:37+00:00\" \/>\n<meta property=\"article:modified_time\" content=\"2023-11-11T16:39:44+00:00\" \/>\n<meta property=\"og:image\" content=\"https:\/\/static.africa-press.net\/tchad\/sites\/41\/2023\/11\/sm_1699708099.28118.jpg\" \/>\n\t<meta property=\"og:image:width\" content=\"1008\" \/>\n\t<meta property=\"og:image:height\" content=\"756\" \/>\n\t<meta property=\"og:image:type\" content=\"image\/jpeg\" \/>\n<meta name=\"author\" content=\"cfeditorfr\" \/>\n<meta name=\"twitter:card\" content=\"summary_large_image\" \/>\n<meta name=\"twitter:label1\" content=\"\u00c9crit par\" \/>\n\t<meta name=\"twitter:data1\" content=\"cfeditorfr\" \/>\n\t<meta name=\"twitter:label2\" content=\"Dur\u00e9e de lecture estim\u00e9e\" \/>\n\t<meta name=\"twitter:data2\" content=\"2 minutes\" \/>\n<script type=\"application\/ld+json\" class=\"yoast-schema-graph\">{\"@context\":\"https:\/\/schema.org\",\"@graph\":[{\"@type\":\"Article\",\"@id\":\"https:\/\/www.africa-press.net\/tchad\/politique\/les-leaders-politiques-du-ouaddai-preconisent-un-fonds-special-pour-la-campagne-referendaire#article\",\"isPartOf\":{\"@id\":\"https:\/\/www.africa-press.net\/tchad\/politique\/les-leaders-politiques-du-ouaddai-preconisent-un-fonds-special-pour-la-campagne-referendaire\"},\"author\":{\"name\":\"cfeditorfr\",\"@id\":\"https:\/\/www.africa-press.net\/tchad\/#\/schema\/person\/2b1cf3cd81a31e3cd26889ca66d677f1\"},\"headline\":\"les leaders politiques du Ouadda\u00ef pr\u00e9conisent un Fonds sp\u00e9cial pour la campagne r\u00e9f\u00e9rendaire\",\"datePublished\":\"2023-11-11T15:54:37+00:00\",\"dateModified\":\"2023-11-11T16:39:44+00:00\",\"mainEntityOfPage\":{\"@id\":\"https:\/\/www.africa-press.net\/tchad\/politique\/les-leaders-politiques-du-ouaddai-preconisent-un-fonds-special-pour-la-campagne-referendaire\"},\"wordCount\":362,\"commentCount\":0,\"image\":{\"@id\":\"https:\/\/www.africa-press.net\/tchad\/politique\/les-leaders-politiques-du-ouaddai-preconisent-un-fonds-special-pour-la-campagne-referendaire#primaryimage\"},\"thumbnailUrl\":\"https:\/\/static.africa-press.net\/tchad\/sites\/41\/2023\/11\/sm_1699708099.28118.jpg\",\"keywords\":[\"Africa Press\",\"Africa Press-Tchad\",\"Tchad\"],\"articleSection\":[\"Politique\",\"Toutes les actualit\u00e9s\"],\"inLanguage\":\"fr-FR\",\"potentialAction\":[{\"@type\":\"CommentAction\",\"name\":\"Comment\",\"target\":[\"https:\/\/www.africa-press.net\/tchad\/politique\/les-leaders-politiques-du-ouaddai-preconisent-un-fonds-special-pour-la-campagne-referendaire#respond\"]}]},{\"@type\":\"WebPage\",\"@id\":\"https:\/\/www.africa-press.net\/tchad\/politique\/les-leaders-politiques-du-ouaddai-preconisent-un-fonds-special-pour-la-campagne-referendaire\",\"url\":\"https:\/\/www.africa-press.net\/tchad\/politique\/les-leaders-politiques-du-ouaddai-preconisent-un-fonds-special-pour-la-campagne-referendaire\",\"name\":\"les leaders politiques du Ouadda\u00ef pr\u00e9conisent un Fonds sp\u00e9cial pour la campagne r\u00e9f\u00e9rendaire - tchad\",\"isPartOf\":{\"@id\":\"https:\/\/www.africa-press.net\/tchad\/#website\"},\"primaryImageOfPage\":{\"@id\":\"https:\/\/www.africa-press.net\/tchad\/politique\/les-leaders-politiques-du-ouaddai-preconisent-un-fonds-special-pour-la-campagne-referendaire#primaryimage\"},\"image\":{\"@id\":\"https:\/\/www.africa-press.net\/tchad\/politique\/les-leaders-politiques-du-ouaddai-preconisent-un-fonds-special-pour-la-campagne-referendaire#primaryimage\"},\"thumbnailUrl\":\"https:\/\/static.africa-press.net\/tchad\/sites\/41\/2023\/11\/sm_1699708099.28118.jpg\",\"datePublished\":\"2023-11-11T15:54:37+00:00\",\"dateModified\":\"2023-11-11T16:39:44+00:00\",\"author\":{\"@id\":\"https:\/\/www.africa-press.net\/tchad\/#\/schema\/person\/2b1cf3cd81a31e3cd26889ca66d677f1\"},\"description\":\"Les participants se sont penche\u0301s sur des the\u0301matiques enrichissantes pour pre\u0301parer les e\u0301che\u0301ances e\u0301lectorales a\u0300 ven ...\",\"breadcrumb\":{\"@id\":\"https:\/\/www.africa-press.net\/tchad\/politique\/les-leaders-politiques-du-ouaddai-preconisent-un-fonds-special-pour-la-campagne-referendaire#breadcrumb\"},\"inLanguage\":\"fr-FR\",\"potentialAction\":[{\"@type\":\"ReadAction\",\"target\":[\"https:\/\/www.africa-press.net\/tchad\/politique\/les-leaders-politiques-du-ouaddai-preconisent-un-fonds-special-pour-la-campagne-referendaire\"]}]},{\"@type\":\"ImageObject\",\"inLanguage\":\"fr-FR\",\"@id\":\"https:\/\/www.africa-press.net\/tchad\/politique\/les-leaders-politiques-du-ouaddai-preconisent-un-fonds-special-pour-la-campagne-referendaire#primaryimage\",\"url\":\"https:\/\/static.africa-press.net\/tchad\/sites\/41\/2023\/11\/sm_1699708099.28118.jpg\",\"contentUrl\":\"https:\/\/static.africa-press.net\/tchad\/sites\/41\/2023\/11\/sm_1699708099.28118.jpg\",\"width\":1008,\"height\":756,\"caption\":\"les leaders politiques du Ouadda\u00ef pr\u00e9conisent un Fonds sp\u00e9cial pour la campagne r\u00e9f\u00e9rendaire\"},{\"@type\":\"BreadcrumbList\",\"@id\":\"https:\/\/www.africa-press.net\/tchad\/politique\/les-leaders-politiques-du-ouaddai-preconisent-un-fonds-special-pour-la-campagne-referendaire#breadcrumb\",\"itemListElement\":[{\"@type\":\"ListItem\",\"position\":1,\"name\":\"Accueil\",\"item\":\"https:\/\/www.africa-press.net\/tchad\/\"},{\"@type\":\"ListItem\",\"position\":2,\"name\":\"les leaders politiques du Ouadda\u00ef pr\u00e9conisent un Fonds sp\u00e9cial pour la campagne r\u00e9f\u00e9rendaire\"}]},{\"@type\":\"WebSite\",\"@id\":\"https:\/\/www.africa-press.net\/tchad\/#website\",\"url\":\"https:\/\/www.africa-press.net\/tchad\/\",\"name\":\"tchad\",\"description\":\"Just another Africa News Agency Sites site\",\"potentialAction\":[{\"@type\":\"SearchAction\",\"target\":{\"@type\":\"EntryPoint\",\"urlTemplate\":\"https:\/\/www.africa-press.net\/tchad\/?s={search_term_string}\"},\"query-input\":{\"@type\":\"PropertyValueSpecification\",\"valueRequired\":true,\"valueName\":\"search_term_string\"}}],\"inLanguage\":\"fr-FR\"},{\"@type\":\"Person\",\"@id\":\"https:\/\/www.africa-press.net\/tchad\/#\/schema\/person\/2b1cf3cd81a31e3cd26889ca66d677f1\",\"name\":\"cfeditorfr\"}]}<\/script>\n<!-- \/ Yoast SEO Premium plugin. -->","yoast_head_json":{"title":"les leaders politiques du Ouadda\u00ef pr\u00e9conisent un Fonds sp\u00e9cial pour la campagne r\u00e9f\u00e9rendaire - tchad","description":"Les participants se sont penche\u0301s sur des the\u0301matiques enrichissantes pour pre\u0301parer les e\u0301che\u0301ances e\u0301lectorales a\u0300 ven ...","robots":{"index":"index","follow":"follow","max-snippet":"max-snippet:-1","max-image-preview":"max-image-preview:large","max-video-preview":"max-video-preview:-1"},"canonical":"https:\/\/www.africa-press.net\/tchad\/politique\/les-leaders-politiques-du-ouaddai-preconisent-un-fonds-special-pour-la-campagne-referendaire","og_locale":"fr_FR","og_type":"article","og_title":"les leaders politiques du Ouadda\u00ef pr\u00e9conisent un Fonds sp\u00e9cial pour la campagne r\u00e9f\u00e9rendaire","og_description":"Les participants se sont penche\u0301s sur des the\u0301matiques enrichissantes pour pre\u0301parer les e\u0301che\u0301ances e\u0301lectorales a\u0300 ven ...","og_url":"https:\/\/www.africa-press.net\/tchad\/politique\/les-leaders-politiques-du-ouaddai-preconisent-un-fonds-special-pour-la-campagne-referendaire","og_site_name":"tchad","article_published_time":"2023-11-11T15:54:37+00:00","article_modified_time":"2023-11-11T16:39:44+00:00","og_image":[{"width":1008,"height":756,"url":"https:\/\/static.africa-press.net\/tchad\/sites\/41\/2023\/11\/sm_1699708099.28118.jpg","type":"image\/jpeg"}],"author":"cfeditorfr","twitter_card":"summary_large_image","twitter_misc":{"\u00c9crit par":"cfeditorfr","Dur\u00e9e de lecture estim\u00e9e":"2 minutes"},"schema":{"@context":"https:\/\/schema.org","@graph":[{"@type":"Article","@id":"https:\/\/www.africa-press.net\/tchad\/politique\/les-leaders-politiques-du-ouaddai-preconisent-un-fonds-special-pour-la-campagne-referendaire#article","isPartOf":{"@id":"https:\/\/www.africa-press.net\/tchad\/politique\/les-leaders-politiques-du-ouaddai-preconisent-un-fonds-special-pour-la-campagne-referendaire"},"author":{"name":"cfeditorfr","@id":"https:\/\/www.africa-press.net\/tchad\/#\/schema\/person\/2b1cf3cd81a31e3cd26889ca66d677f1"},"headline":"les leaders politiques du Ouadda\u00ef pr\u00e9conisent un Fonds sp\u00e9cial pour la campagne r\u00e9f\u00e9rendaire","datePublished":"2023-11-11T15:54:37+00:00","dateModified":"2023-11-11T16:39:44+00:00","mainEntityOfPage":{"@id":"https:\/\/www.africa-press.net\/tchad\/politique\/les-leaders-politiques-du-ouaddai-preconisent-un-fonds-special-pour-la-campagne-referendaire"},"wordCount":362,"commentCount":0,"image":{"@id":"https:\/\/www.africa-press.net\/tchad\/politique\/les-leaders-politiques-du-ouaddai-preconisent-un-fonds-special-pour-la-campagne-referendaire#primaryimage"},"thumbnailUrl":"https:\/\/static.africa-press.net\/tchad\/sites\/41\/2023\/11\/sm_1699708099.28118.jpg","keywords":["Africa Press","Africa Press-Tchad","Tchad"],"articleSection":["Politique","Toutes les actualit\u00e9s"],"inLanguage":"fr-FR","potentialAction":[{"@type":"CommentAction","name":"Comment","target":["https:\/\/www.africa-press.net\/tchad\/politique\/les-leaders-politiques-du-ouaddai-preconisent-un-fonds-special-pour-la-campagne-referendaire#respond"]}]},{"@type":"WebPage","@id":"https:\/\/www.africa-press.net\/tchad\/politique\/les-leaders-politiques-du-ouaddai-preconisent-un-fonds-special-pour-la-campagne-referendaire","url":"https:\/\/www.africa-press.net\/tchad\/politique\/les-leaders-politiques-du-ouaddai-preconisent-un-fonds-special-pour-la-campagne-referendaire","name":"les leaders politiques du Ouadda\u00ef pr\u00e9conisent un Fonds sp\u00e9cial pour la campagne r\u00e9f\u00e9rendaire - tchad","isPartOf":{"@id":"https:\/\/www.africa-press.net\/tchad\/#website"},"primaryImageOfPage":{"@id":"https:\/\/www.africa-press.net\/tchad\/politique\/les-leaders-politiques-du-ouaddai-preconisent-un-fonds-special-pour-la-campagne-referendaire#primaryimage"},"image":{"@id":"https:\/\/www.africa-press.net\/tchad\/politique\/les-leaders-politiques-du-ouaddai-preconisent-un-fonds-special-pour-la-campagne-referendaire#primaryimage"},"thumbnailUrl":"https:\/\/static.africa-press.net\/tchad\/sites\/41\/2023\/11\/sm_1699708099.28118.jpg","datePublished":"2023-11-11T15:54:37+00:00","dateModified":"2023-11-11T16:39:44+00:00","author":{"@id":"https:\/\/www.africa-press.net\/tchad\/#\/schema\/person\/2b1cf3cd81a31e3cd26889ca66d677f1"},"description":"Les participants se sont penche\u0301s sur des the\u0301matiques enrichissantes pour pre\u0301parer les e\u0301che\u0301ances e\u0301lectorales a\u0300 ven ...","breadcrumb":{"@id":"https:\/\/www.africa-press.net\/tchad\/politique\/les-leaders-politiques-du-ouaddai-preconisent-un-fonds-special-pour-la-campagne-referendaire#breadcrumb"},"inLanguage":"fr-FR","potentialAction":[{"@type":"ReadAction","target":["https:\/\/www.africa-press.net\/tchad\/politique\/les-leaders-politiques-du-ouaddai-preconisent-un-fonds-special-pour-la-campagne-referendaire"]}]},{"@type":"ImageObject","inLanguage":"fr-FR","@id":"https:\/\/www.africa-press.net\/tchad\/politique\/les-leaders-politiques-du-ouaddai-preconisent-un-fonds-special-pour-la-campagne-referendaire#primaryimage","url":"https:\/\/static.africa-press.net\/tchad\/sites\/41\/2023\/11\/sm_1699708099.28118.jpg","contentUrl":"https:\/\/static.africa-press.net\/tchad\/sites\/41\/2023\/11\/sm_1699708099.28118.jpg","width":1008,"height":756,"caption":"les leaders politiques du Ouadda\u00ef pr\u00e9conisent un Fonds sp\u00e9cial pour la campagne r\u00e9f\u00e9rendaire"},{"@type":"BreadcrumbList","@id":"https:\/\/www.africa-press.net\/tchad\/politique\/les-leaders-politiques-du-ouaddai-preconisent-un-fonds-special-pour-la-campagne-referendaire#breadcrumb","itemListElement":[{"@type":"ListItem","position":1,"name":"Accueil","item":"https:\/\/www.africa-press.net\/tchad\/"},{"@type":"ListItem","position":2,"name":"les leaders politiques du Ouadda\u00ef pr\u00e9conisent un Fonds sp\u00e9cial pour la campagne r\u00e9f\u00e9rendaire"}]},{"@type":"WebSite","@id":"https:\/\/www.africa-press.net\/tchad\/#website","url":"https:\/\/www.africa-press.net\/tchad\/","name":"tchad","description":"Just another Africa News Agency Sites site","potentialAction":[{"@type":"SearchAction","target":{"@type":"EntryPoint","urlTemplate":"https:\/\/www.africa-press.net\/tchad\/?s={search_term_string}"},"query-input":{"@type":"PropertyValueSpecification","valueRequired":true,"valueName":"search_term_string"}}],"inLanguage":"fr-FR"},{"@type":"Person","@id":"https:\/\/www.africa-press.net\/tchad\/#\/schema\/person\/2b1cf3cd81a31e3cd26889ca66d677f1","name":"cfeditorfr"}]}},"_links":{"self":[{"href":"https:\/\/www.africa-press.net\/tchad\/wp-json\/wp\/v2\/posts\/53838","targetHints":{"allow":["GET"]}}],"collection":[{"href":"https:\/\/www.africa-press.net\/tchad\/wp-json\/wp\/v2\/posts"}],"about":[{"href":"https:\/\/www.africa-press.net\/tchad\/wp-json\/wp\/v2\/types\/post"}],"author":[{"embeddable":true,"href":"https:\/\/www.africa-press.net\/tchad\/wp-json\/wp\/v2\/users\/82"}],"replies":[{"embeddable":true,"href":"https:\/\/www.africa-press.net\/tchad\/wp-json\/wp\/v2\/comments?post=53838"}],"version-history":[{"count":0,"href":"https:\/\/www.africa-press.net\/tchad\/wp-json\/wp\/v2\/posts\/53838\/revisions"}],"wp:featuredmedia":[{"embeddable":true,"href":"https:\/\/www.africa-press.net\/tchad\/wp-json\/wp\/v2\/media\/53837"}],"wp:attachment":[{"href":"https:\/\/www.africa-press.net\/tchad\/wp-json\/wp\/v2\/media?parent=53838"}],"wp:term":[{"taxonomy":"category","embeddable":true,"href":"https:\/\/www.africa-press.net\/tchad\/wp-json\/wp\/v2\/categories?post=53838"},{"taxonomy":"post_tag","embeddable":true,"href":"https:\/\/www.africa-press.net\/tchad\/wp-json\/wp\/v2\/tags?post=53838"}],"curies":[{"name":"wp","href":"https:\/\/api.w.org\/{rel}","templated":true}]}}