{"id":53850,"date":"2023-11-11T15:56:22","date_gmt":"2023-11-11T15:56:22","guid":{"rendered":"https:\/\/www.africa-press.net\/tchad\/politique\/tchad-mauritanie-entretien-entre-le-pt-et-son-homologue-mauritanien-a-riyad"},"modified":"2023-11-11T16:43:20","modified_gmt":"2023-11-11T16:43:20","slug":"tchad-mauritanie-entretien-entre-le-pt-et-son-homologue-mauritanien-a-riyad","status":"publish","type":"post","link":"https:\/\/www.africa-press.net\/tchad\/politique\/tchad-mauritanie-entretien-entre-le-pt-et-son-homologue-mauritanien-a-riyad","title":{"rendered":"TCHAD-MAURITANIE : Entretien entre le PT et son homologue mauritanien \u00e0 Riyad"},"content":{"rendered":"<p><span style=\"color: #ff6600\"><strong>Africa-Press &#8211; Tchad. <\/strong><\/span>Le Pre\u0301sident de Transition, Pre\u0301sident de la Re\u0301publique, Chef de l\u2019Etat, Ge\u0301ne\u0301ral MAHAMAT IDRISS DEBY ITNO poursuit son se\u0301jour a\u0300 Riyad ou\u0300 s\u2019est tenu hier le premier sommet afro-saoudien.<\/p>\n<p>En marge de ce rendez-vous, le Chef de l\u2019Etat a eu plusieurs activite\u0301s. Il s\u2019est notamment entretenu ce samedi matin avec son homologue mauritanien, Mohamed Ould Cheikh El Ghazouani.<\/p>\n<p>Cette rencontre a permis aux deux Chefs d\u2019Etat de discuter de la coope\u0301ration bilate\u0301rale et les moyens de la de\u0301velopper, tout en e\u0301voquant les e\u0301volutions politiques re\u0301gionales et internationales et bien d\u2019autre sujets d\u2019inte\u0301re\u0302t commun pour le Tchad et la Mauritanie.<\/p>\n<p>Les deux Pre\u0301sidents ont convenu d\u2019explorer toutes les pistes pour raffermir les relations bilate\u0301rales et rapprocher tchadiens et mauritaniens en soulignant l\u2019importance de la communication et de la consultation permanente comme gage de re\u0301alisations des aspirations communes.<\/p>\n<p>Le Tchad et la Mauritanie qui appartiennent a\u0300 l\u2019espace Sahel sont confronte\u0301s aux me\u0302mes de\u0301fis environnementaux, se\u0301curitaires et de de\u0301veloppement. D\u2019ou\u0300 la ne\u0301cessite\u0301 pour les deux dirigeants d\u2019harmoniser leurs points de vue et mener une lutte commune pour l\u2019e\u0301mergence de leurs pays respectifs.<\/p>\n<p>Le Sahel auquel ils appartiennent fait face a\u0300 des trafics de tous genres et la migration clandestine. Des questions qui pre\u0301occupent les Pre\u0301sidents MAHAMAT IDRISS DEBY ITNO et Mohamed Ould Cheikh El Ghazouani qui ont de\u0301cide\u0301 de conjuguer leurs efforts pour y faire face ensemble car il y va de la stabilite\u0301 de leurs pays et de la quie\u0301tude de leurs peuples.<\/p>\n<p><strong>Pour plus d&rsquo;informations et d&rsquo;analyses sur la <a href=\"https:\/\/www.africa-press.net\/tchad\">Tchad<\/a>, suivez <a href=\"https:\/\/www.africa-press.net\/\">Africa-Press<\/a><\/strong><\/p>\n","protected":false},"excerpt":{"rendered":"<p>Africa-Press &#8211; Tchad. Le Pre\u0301sident de Transition, Pre\u0301sident de la Re\u0301publique, Chef de l\u2019Etat, Ge\u0301ne\u0301ral MAHAMAT IDRISS DEBY ITNO poursuit son se\u0301jour a\u0300 Riyad ou\u0300 s\u2019est tenu hier le premier sommet afro-saoudien. En marge de ce rendez-vous, le Chef de l\u2019Etat a eu plusieurs activite\u0301s. Il s\u2019est notamment entretenu ce samedi matin avec son homologue [&hellip;]<\/p>\n","protected":false},"author":82,"featured_media":53848,"comment_status":"open","ping_status":"closed","sticky":false,"template":"","format":"standard","meta":{"footnotes":""},"categories":[2,20,10],"tags":[37,292,29],"class_list":["post-53850","post","type-post","status-publish","format-standard","has-post-thumbnail","hentry","category-politique","category-top-nouvelles","category-toutes-les-actualites","tag-africa-press","tag-africa-press-tchad","tag-tchad"],"yoast_head":"<!-- This site is optimized with the Yoast SEO Premium plugin v26.1 (Yoast SEO v27.0) - https:\/\/yoast.com\/product\/yoast-seo-premium-wordpress\/ -->\n<title>TCHAD-MAURITANIE : Entretien entre le PT et son homologue mauritanien \u00e0 Riyad - tchad<\/title>\n<meta name=\"description\" content=\"Le Pre\u0301sident de Transition, Pre\u0301sident de la Re\u0301publique, Chef de l\u2019Etat, Ge\u0301ne\u0301ral MAHAMAT IDRISS DEBY ITNO poursuit s ...\" \/>\n<meta name=\"robots\" content=\"index, follow, max-snippet:-1, max-image-preview:large, max-video-preview:-1\" \/>\n<link rel=\"canonical\" href=\"https:\/\/www.africa-press.net\/tchad\/politique\/tchad-mauritanie-entretien-entre-le-pt-et-son-homologue-mauritanien-a-riyad\" \/>\n<meta property=\"og:locale\" content=\"fr_FR\" \/>\n<meta property=\"og:type\" content=\"article\" \/>\n<meta property=\"og:title\" content=\"TCHAD-MAURITANIE : Entretien entre le PT et son homologue mauritanien \u00e0 Riyad\" \/>\n<meta property=\"og:description\" content=\"Le Pre\u0301sident de Transition, Pre\u0301sident de la Re\u0301publique, Chef de l\u2019Etat, Ge\u0301ne\u0301ral MAHAMAT IDRISS DEBY ITNO poursuit s ...\" \/>\n<meta property=\"og:url\" content=\"https:\/\/www.africa-press.net\/tchad\/politique\/tchad-mauritanie-entretien-entre-le-pt-et-son-homologue-mauritanien-a-riyad\" \/>\n<meta property=\"og:site_name\" content=\"tchad\" \/>\n<meta property=\"article:published_time\" content=\"2023-11-11T15:56:22+00:00\" \/>\n<meta property=\"article:modified_time\" content=\"2023-11-11T16:43:20+00:00\" \/>\n<meta property=\"og:image\" content=\"https:\/\/static.africa-press.net\/tchad\/sites\/41\/2023\/11\/sm_1699708268.128545.jpg\" \/>\n\t<meta property=\"og:image:width\" content=\"1023\" \/>\n\t<meta property=\"og:image:height\" content=\"614\" \/>\n\t<meta property=\"og:image:type\" content=\"image\/jpeg\" \/>\n<meta name=\"author\" content=\"cfeditorfr\" \/>\n<meta name=\"twitter:card\" content=\"summary_large_image\" \/>\n<meta name=\"twitter:label1\" content=\"\u00c9crit par\" \/>\n\t<meta name=\"twitter:data1\" content=\"cfeditorfr\" \/>\n\t<meta name=\"twitter:label2\" content=\"Dur\u00e9e de lecture estim\u00e9e\" \/>\n\t<meta name=\"twitter:data2\" content=\"2 minutes\" \/>\n<script type=\"application\/ld+json\" class=\"yoast-schema-graph\">{\"@context\":\"https:\/\/schema.org\",\"@graph\":[{\"@type\":\"Article\",\"@id\":\"https:\/\/www.africa-press.net\/tchad\/politique\/tchad-mauritanie-entretien-entre-le-pt-et-son-homologue-mauritanien-a-riyad#article\",\"isPartOf\":{\"@id\":\"https:\/\/www.africa-press.net\/tchad\/politique\/tchad-mauritanie-entretien-entre-le-pt-et-son-homologue-mauritanien-a-riyad\"},\"author\":{\"name\":\"cfeditorfr\",\"@id\":\"https:\/\/www.africa-press.net\/tchad\/#\/schema\/person\/2b1cf3cd81a31e3cd26889ca66d677f1\"},\"headline\":\"TCHAD-MAURITANIE : Entretien entre le PT et son homologue mauritanien \u00e0 Riyad\",\"datePublished\":\"2023-11-11T15:56:22+00:00\",\"dateModified\":\"2023-11-11T16:43:20+00:00\",\"mainEntityOfPage\":{\"@id\":\"https:\/\/www.africa-press.net\/tchad\/politique\/tchad-mauritanie-entretien-entre-le-pt-et-son-homologue-mauritanien-a-riyad\"},\"wordCount\":308,\"commentCount\":0,\"image\":{\"@id\":\"https:\/\/www.africa-press.net\/tchad\/politique\/tchad-mauritanie-entretien-entre-le-pt-et-son-homologue-mauritanien-a-riyad#primaryimage\"},\"thumbnailUrl\":\"https:\/\/static.africa-press.net\/tchad\/sites\/41\/2023\/11\/sm_1699708268.128545.jpg\",\"keywords\":[\"Africa Press\",\"Africa Press-Tchad\",\"Tchad\"],\"articleSection\":[\"Politique\",\"Top Nouvelles\",\"Toutes les actualit\u00e9s\"],\"inLanguage\":\"fr-FR\",\"potentialAction\":[{\"@type\":\"CommentAction\",\"name\":\"Comment\",\"target\":[\"https:\/\/www.africa-press.net\/tchad\/politique\/tchad-mauritanie-entretien-entre-le-pt-et-son-homologue-mauritanien-a-riyad#respond\"]}]},{\"@type\":\"WebPage\",\"@id\":\"https:\/\/www.africa-press.net\/tchad\/politique\/tchad-mauritanie-entretien-entre-le-pt-et-son-homologue-mauritanien-a-riyad\",\"url\":\"https:\/\/www.africa-press.net\/tchad\/politique\/tchad-mauritanie-entretien-entre-le-pt-et-son-homologue-mauritanien-a-riyad\",\"name\":\"TCHAD-MAURITANIE : Entretien entre le PT et son homologue mauritanien \u00e0 Riyad - tchad\",\"isPartOf\":{\"@id\":\"https:\/\/www.africa-press.net\/tchad\/#website\"},\"primaryImageOfPage\":{\"@id\":\"https:\/\/www.africa-press.net\/tchad\/politique\/tchad-mauritanie-entretien-entre-le-pt-et-son-homologue-mauritanien-a-riyad#primaryimage\"},\"image\":{\"@id\":\"https:\/\/www.africa-press.net\/tchad\/politique\/tchad-mauritanie-entretien-entre-le-pt-et-son-homologue-mauritanien-a-riyad#primaryimage\"},\"thumbnailUrl\":\"https:\/\/static.africa-press.net\/tchad\/sites\/41\/2023\/11\/sm_1699708268.128545.jpg\",\"datePublished\":\"2023-11-11T15:56:22+00:00\",\"dateModified\":\"2023-11-11T16:43:20+00:00\",\"author\":{\"@id\":\"https:\/\/www.africa-press.net\/tchad\/#\/schema\/person\/2b1cf3cd81a31e3cd26889ca66d677f1\"},\"description\":\"Le Pre\u0301sident de Transition, Pre\u0301sident de la Re\u0301publique, Chef de l\u2019Etat, Ge\u0301ne\u0301ral MAHAMAT IDRISS DEBY ITNO poursuit s ...\",\"breadcrumb\":{\"@id\":\"https:\/\/www.africa-press.net\/tchad\/politique\/tchad-mauritanie-entretien-entre-le-pt-et-son-homologue-mauritanien-a-riyad#breadcrumb\"},\"inLanguage\":\"fr-FR\",\"potentialAction\":[{\"@type\":\"ReadAction\",\"target\":[\"https:\/\/www.africa-press.net\/tchad\/politique\/tchad-mauritanie-entretien-entre-le-pt-et-son-homologue-mauritanien-a-riyad\"]}]},{\"@type\":\"ImageObject\",\"inLanguage\":\"fr-FR\",\"@id\":\"https:\/\/www.africa-press.net\/tchad\/politique\/tchad-mauritanie-entretien-entre-le-pt-et-son-homologue-mauritanien-a-riyad#primaryimage\",\"url\":\"https:\/\/static.africa-press.net\/tchad\/sites\/41\/2023\/11\/sm_1699708268.128545.jpg\",\"contentUrl\":\"https:\/\/static.africa-press.net\/tchad\/sites\/41\/2023\/11\/sm_1699708268.128545.jpg\",\"width\":1023,\"height\":614,\"caption\":\"TCHAD-MAURITANIE : Entretien entre le PT et son homologue mauritanien \u00e0 Riyad\"},{\"@type\":\"BreadcrumbList\",\"@id\":\"https:\/\/www.africa-press.net\/tchad\/politique\/tchad-mauritanie-entretien-entre-le-pt-et-son-homologue-mauritanien-a-riyad#breadcrumb\",\"itemListElement\":[{\"@type\":\"ListItem\",\"position\":1,\"name\":\"Accueil\",\"item\":\"https:\/\/www.africa-press.net\/tchad\/\"},{\"@type\":\"ListItem\",\"position\":2,\"name\":\"TCHAD-MAURITANIE : Entretien entre le PT et son homologue mauritanien \u00e0 Riyad\"}]},{\"@type\":\"WebSite\",\"@id\":\"https:\/\/www.africa-press.net\/tchad\/#website\",\"url\":\"https:\/\/www.africa-press.net\/tchad\/\",\"name\":\"tchad\",\"description\":\"Just another Africa News Agency Sites site\",\"potentialAction\":[{\"@type\":\"SearchAction\",\"target\":{\"@type\":\"EntryPoint\",\"urlTemplate\":\"https:\/\/www.africa-press.net\/tchad\/?s={search_term_string}\"},\"query-input\":{\"@type\":\"PropertyValueSpecification\",\"valueRequired\":true,\"valueName\":\"search_term_string\"}}],\"inLanguage\":\"fr-FR\"},{\"@type\":\"Person\",\"@id\":\"https:\/\/www.africa-press.net\/tchad\/#\/schema\/person\/2b1cf3cd81a31e3cd26889ca66d677f1\",\"name\":\"cfeditorfr\"}]}<\/script>\n<!-- \/ Yoast SEO Premium plugin. -->","yoast_head_json":{"title":"TCHAD-MAURITANIE : Entretien entre le PT et son homologue mauritanien \u00e0 Riyad - tchad","description":"Le Pre\u0301sident de Transition, Pre\u0301sident de la Re\u0301publique, Chef de l\u2019Etat, Ge\u0301ne\u0301ral MAHAMAT IDRISS DEBY ITNO poursuit s ...","robots":{"index":"index","follow":"follow","max-snippet":"max-snippet:-1","max-image-preview":"max-image-preview:large","max-video-preview":"max-video-preview:-1"},"canonical":"https:\/\/www.africa-press.net\/tchad\/politique\/tchad-mauritanie-entretien-entre-le-pt-et-son-homologue-mauritanien-a-riyad","og_locale":"fr_FR","og_type":"article","og_title":"TCHAD-MAURITANIE : Entretien entre le PT et son homologue mauritanien \u00e0 Riyad","og_description":"Le Pre\u0301sident de Transition, Pre\u0301sident de la Re\u0301publique, Chef de l\u2019Etat, Ge\u0301ne\u0301ral MAHAMAT IDRISS DEBY ITNO poursuit s ...","og_url":"https:\/\/www.africa-press.net\/tchad\/politique\/tchad-mauritanie-entretien-entre-le-pt-et-son-homologue-mauritanien-a-riyad","og_site_name":"tchad","article_published_time":"2023-11-11T15:56:22+00:00","article_modified_time":"2023-11-11T16:43:20+00:00","og_image":[{"width":1023,"height":614,"url":"https:\/\/static.africa-press.net\/tchad\/sites\/41\/2023\/11\/sm_1699708268.128545.jpg","type":"image\/jpeg"}],"author":"cfeditorfr","twitter_card":"summary_large_image","twitter_misc":{"\u00c9crit par":"cfeditorfr","Dur\u00e9e de lecture estim\u00e9e":"2 minutes"},"schema":{"@context":"https:\/\/schema.org","@graph":[{"@type":"Article","@id":"https:\/\/www.africa-press.net\/tchad\/politique\/tchad-mauritanie-entretien-entre-le-pt-et-son-homologue-mauritanien-a-riyad#article","isPartOf":{"@id":"https:\/\/www.africa-press.net\/tchad\/politique\/tchad-mauritanie-entretien-entre-le-pt-et-son-homologue-mauritanien-a-riyad"},"author":{"name":"cfeditorfr","@id":"https:\/\/www.africa-press.net\/tchad\/#\/schema\/person\/2b1cf3cd81a31e3cd26889ca66d677f1"},"headline":"TCHAD-MAURITANIE : Entretien entre le PT et son homologue mauritanien \u00e0 Riyad","datePublished":"2023-11-11T15:56:22+00:00","dateModified":"2023-11-11T16:43:20+00:00","mainEntityOfPage":{"@id":"https:\/\/www.africa-press.net\/tchad\/politique\/tchad-mauritanie-entretien-entre-le-pt-et-son-homologue-mauritanien-a-riyad"},"wordCount":308,"commentCount":0,"image":{"@id":"https:\/\/www.africa-press.net\/tchad\/politique\/tchad-mauritanie-entretien-entre-le-pt-et-son-homologue-mauritanien-a-riyad#primaryimage"},"thumbnailUrl":"https:\/\/static.africa-press.net\/tchad\/sites\/41\/2023\/11\/sm_1699708268.128545.jpg","keywords":["Africa Press","Africa Press-Tchad","Tchad"],"articleSection":["Politique","Top Nouvelles","Toutes les actualit\u00e9s"],"inLanguage":"fr-FR","potentialAction":[{"@type":"CommentAction","name":"Comment","target":["https:\/\/www.africa-press.net\/tchad\/politique\/tchad-mauritanie-entretien-entre-le-pt-et-son-homologue-mauritanien-a-riyad#respond"]}]},{"@type":"WebPage","@id":"https:\/\/www.africa-press.net\/tchad\/politique\/tchad-mauritanie-entretien-entre-le-pt-et-son-homologue-mauritanien-a-riyad","url":"https:\/\/www.africa-press.net\/tchad\/politique\/tchad-mauritanie-entretien-entre-le-pt-et-son-homologue-mauritanien-a-riyad","name":"TCHAD-MAURITANIE : Entretien entre le PT et son homologue mauritanien \u00e0 Riyad - tchad","isPartOf":{"@id":"https:\/\/www.africa-press.net\/tchad\/#website"},"primaryImageOfPage":{"@id":"https:\/\/www.africa-press.net\/tchad\/politique\/tchad-mauritanie-entretien-entre-le-pt-et-son-homologue-mauritanien-a-riyad#primaryimage"},"image":{"@id":"https:\/\/www.africa-press.net\/tchad\/politique\/tchad-mauritanie-entretien-entre-le-pt-et-son-homologue-mauritanien-a-riyad#primaryimage"},"thumbnailUrl":"https:\/\/static.africa-press.net\/tchad\/sites\/41\/2023\/11\/sm_1699708268.128545.jpg","datePublished":"2023-11-11T15:56:22+00:00","dateModified":"2023-11-11T16:43:20+00:00","author":{"@id":"https:\/\/www.africa-press.net\/tchad\/#\/schema\/person\/2b1cf3cd81a31e3cd26889ca66d677f1"},"description":"Le Pre\u0301sident de Transition, Pre\u0301sident de la Re\u0301publique, Chef de l\u2019Etat, Ge\u0301ne\u0301ral MAHAMAT IDRISS DEBY ITNO poursuit s ...","breadcrumb":{"@id":"https:\/\/www.africa-press.net\/tchad\/politique\/tchad-mauritanie-entretien-entre-le-pt-et-son-homologue-mauritanien-a-riyad#breadcrumb"},"inLanguage":"fr-FR","potentialAction":[{"@type":"ReadAction","target":["https:\/\/www.africa-press.net\/tchad\/politique\/tchad-mauritanie-entretien-entre-le-pt-et-son-homologue-mauritanien-a-riyad"]}]},{"@type":"ImageObject","inLanguage":"fr-FR","@id":"https:\/\/www.africa-press.net\/tchad\/politique\/tchad-mauritanie-entretien-entre-le-pt-et-son-homologue-mauritanien-a-riyad#primaryimage","url":"https:\/\/static.africa-press.net\/tchad\/sites\/41\/2023\/11\/sm_1699708268.128545.jpg","contentUrl":"https:\/\/static.africa-press.net\/tchad\/sites\/41\/2023\/11\/sm_1699708268.128545.jpg","width":1023,"height":614,"caption":"TCHAD-MAURITANIE : Entretien entre le PT et son homologue mauritanien \u00e0 Riyad"},{"@type":"BreadcrumbList","@id":"https:\/\/www.africa-press.net\/tchad\/politique\/tchad-mauritanie-entretien-entre-le-pt-et-son-homologue-mauritanien-a-riyad#breadcrumb","itemListElement":[{"@type":"ListItem","position":1,"name":"Accueil","item":"https:\/\/www.africa-press.net\/tchad\/"},{"@type":"ListItem","position":2,"name":"TCHAD-MAURITANIE : Entretien entre le PT et son homologue mauritanien \u00e0 Riyad"}]},{"@type":"WebSite","@id":"https:\/\/www.africa-press.net\/tchad\/#website","url":"https:\/\/www.africa-press.net\/tchad\/","name":"tchad","description":"Just another Africa News Agency Sites site","potentialAction":[{"@type":"SearchAction","target":{"@type":"EntryPoint","urlTemplate":"https:\/\/www.africa-press.net\/tchad\/?s={search_term_string}"},"query-input":{"@type":"PropertyValueSpecification","valueRequired":true,"valueName":"search_term_string"}}],"inLanguage":"fr-FR"},{"@type":"Person","@id":"https:\/\/www.africa-press.net\/tchad\/#\/schema\/person\/2b1cf3cd81a31e3cd26889ca66d677f1","name":"cfeditorfr"}]}},"_links":{"self":[{"href":"https:\/\/www.africa-press.net\/tchad\/wp-json\/wp\/v2\/posts\/53850","targetHints":{"allow":["GET"]}}],"collection":[{"href":"https:\/\/www.africa-press.net\/tchad\/wp-json\/wp\/v2\/posts"}],"about":[{"href":"https:\/\/www.africa-press.net\/tchad\/wp-json\/wp\/v2\/types\/post"}],"author":[{"embeddable":true,"href":"https:\/\/www.africa-press.net\/tchad\/wp-json\/wp\/v2\/users\/82"}],"replies":[{"embeddable":true,"href":"https:\/\/www.africa-press.net\/tchad\/wp-json\/wp\/v2\/comments?post=53850"}],"version-history":[{"count":0,"href":"https:\/\/www.africa-press.net\/tchad\/wp-json\/wp\/v2\/posts\/53850\/revisions"}],"wp:featuredmedia":[{"embeddable":true,"href":"https:\/\/www.africa-press.net\/tchad\/wp-json\/wp\/v2\/media\/53848"}],"wp:attachment":[{"href":"https:\/\/www.africa-press.net\/tchad\/wp-json\/wp\/v2\/media?parent=53850"}],"wp:term":[{"taxonomy":"category","embeddable":true,"href":"https:\/\/www.africa-press.net\/tchad\/wp-json\/wp\/v2\/categories?post=53850"},{"taxonomy":"post_tag","embeddable":true,"href":"https:\/\/www.africa-press.net\/tchad\/wp-json\/wp\/v2\/tags?post=53850"}],"curies":[{"name":"wp","href":"https:\/\/api.w.org\/{rel}","templated":true}]}}