{"id":53868,"date":"2023-11-12T17:37:56","date_gmt":"2023-11-12T17:37:56","guid":{"rendered":"https:\/\/www.africa-press.net\/tchad\/politique\/la-population-du-hadjer-lamis-se-rejouit-de-la-nomination-du-fils-de-la-province-a-la-tete-ministere-des-armees"},"modified":"2023-11-12T18:27:34","modified_gmt":"2023-11-12T18:27:34","slug":"la-population-du-hadjer-lamis-se-rejouit-de-la-nomination-du-fils-de-la-province-a-la-tete-ministere-des-armees","status":"publish","type":"post","link":"https:\/\/www.africa-press.net\/tchad\/politique\/la-population-du-hadjer-lamis-se-rejouit-de-la-nomination-du-fils-de-la-province-a-la-tete-ministere-des-armees","title":{"rendered":"la population du Hadjer-Lamis se r\u00e9jouit de la nomination du fils de la province \u00e0 la t\u00eate minist\u00e8re des arm\u00e9es"},"content":{"rendered":"<p><span style=\"color: #ff6600\"><strong>Africa-Press &#8211; Tchad. <\/strong><\/span>Le ministre des arme\u0301es, des anciens combattants et des victimes de guerre, Dago Yacoub a indique\u0301 que sa nomination te\u0301moigne de l&rsquo;importance que le Chef de l&rsquo;E\u0301tat accorde a\u0300 leur province, et c&rsquo;est aussi la preuve du respect de la parole donne\u0301e, parole d&rsquo;un officier ge\u0301ne\u0301ral, parole d&rsquo;un grand Homme d&rsquo;E\u0301tat dit-il.<\/p>\n<p>Selon lui, ils sont te\u0301moins d&rsquo;un moment historique, ou\u0300 leur province, trouve sa place le\u0301gitime dans le gouvernement de transition. C&rsquo;est un signe fort de leur unite\u0301 et de leur engagement envers l&rsquo;e\u0301dification d&rsquo;un Tchad plus fort et<\/p>\n<p>prospe\u0300re a ajoute\u0301 Dago Yacoub.<\/p>\n<p>Il a invite\u0301 la population locale a\u0300 soutenir inde\u0301fectiblement cette nouvelle e\u0301tape de leur histoire pour qu&rsquo;ensemble, ils font de leur province un mode\u0300le de<\/p>\n<p>vivre ensemble, une re\u0301fe\u0301rence que le Tchad pourra ce\u0301le\u0301brer et dupliquer dans l&rsquo;ensemble du pays.<\/p>\n<p>Le ministre a par ailleurs exhorte\u0301 la population locale a\u0300 participer activement au re\u0301fe\u0301rendum<\/p>\n<p>constitutionnel en votant \u00ab oui\u00bb, car c&rsquo;est un pas de\u0301cisif vers un avenir meilleur pour le Tchad, dont la forme re\u0301publicaine et unitaire doit e\u0302tre de\u0301fendue avec<\/p>\n<p>avec tous les moyens le\u0301gaux a-t-il ajoute\u0301<\/p>\n<p>A\u0300 titre de conseil, le ministre explique\u0301 a\u0300 la population locale que la carte d&rsquo;e\u0301lecteur dont ils disposent est le seul moyen le\u0301gal pour de\u0301fendre la forme unitaire de la Re\u0301publique. Il a une de plus rappele\u0301 la population locale d&rsquo;e\u0302tre a\u0300 l&rsquo;e\u0301coute de ceux et celles qui viendront vers eux, pour leur e\u0301difier les enjeux de ce re\u0301fe\u0301rendum constitutionnel, afin qu&rsquo;ils s&rsquo;approprient et en faire large e\u0301chos autour d&rsquo;eux.<\/p>\n<p>Dago Yacoub a par ailleurs releve\u0301 que la transition politique en cours, est un moment charnie\u0300re dans l&rsquo;histoire du Tchad. Il se dit convaincu qu&rsquo;ils sont les he\u0301ritiers d&rsquo;une nation qui a surmonte\u0301<\/p>\n<p>d&rsquo;innombrables de\u0301fis, et aujourd&rsquo;hui, ils sont appele\u0301s a\u0300 se tourner re\u0301solument vers l&rsquo;avenir.<\/p>\n<p>D&rsquo;apre\u0300s Dago Yacoub, le Tchad, berceau de l&rsquo;humanite\u0301, a e\u0301te\u0301 le te\u0301moin<\/p>\n<p>des luttes he\u0301roi\u0308ques pour la liberte\u0301 et<\/p>\n<p>et l&rsquo;inde\u0301pendance. Les ance\u0302tres ont le\u0301gue\u0301 un he\u0301ritage de re\u0301silience et de courage qui doivent guider les pas dans cette nouvelle e\u0300re a-t-il de\u0301clare\u0301.<\/p>\n<p>Le ministre d&rsquo;ajouter qu&rsquo;aujourd&rsquo;hui, leur chemin est engage\u0301 dans la refondation du Tchad pour la prospe\u0301rite\u0301 commune<\/p>\n<p>et partage\u0301e. Les re\u0301solutions et recommandations du Dialogue<\/p>\n<p>National Inclusif et Souverain leurs tracent la voie.<\/p>\n<p>Dago Yacoub de poursuivre que la mise en \u0153uvre de ces recommandations exige l&rsquo;unite\u0301 de tous les fils et filles de la nation. C&rsquo;est un appel a\u0300 l&rsquo;adhe\u0301sion collective, un appel a\u0300 de\u0301passer les diffe\u0301rences pour travailler main dans la main pour un avenir radieux.<\/p>\n<p>Le retour a\u0300 l&rsquo;ordre constitutionnel est l&rsquo;objectif commun. Car, il est la pierre angulaire de la stabilite\u0301 et de la le\u0301gitimite\u0301 de l&rsquo;E\u0301tat. C&rsquo;est dans le respect des institutions et de la constitution qu&rsquo;ils ba\u0302tiront un Tchad fort, juste et prospe\u0300re, selon le ministre.<\/p>\n<p>Il sont a\u0300 la croise\u0301e des engagements envers un Tchad ou\u0300 chaque citoyen trouve sa place, sa dignite\u0301 et son e\u0301panouissement a pre\u0301cise\u0301 le ministre.<\/p>\n<p>Dago Yacoub a enfin mentionne\u0301 qu&rsquo;ensemble, unis dans leur diversite\u0301, ils sont plus fort que jamais.<\/p>\n<p>La ce\u0301re\u0301monie a vue la pre\u0301sence du Chef d&rsquo;E\u0301tat major des arme\u0301es, des cadres du parti politique MPS, les maires d&rsquo;arrondissements de la ville de N&rsquo;Djamena, les autorite\u0301s administratives et traditionnelles de la province, le sultan de N&rsquo;Djamena urbain et rural ainsi que les conseillers nationaux.<\/p>\n<p><strong>Pour plus d&rsquo;informations et d&rsquo;analyses sur la <a href=\"https:\/\/www.africa-press.net\/tchad\">Tchad<\/a>, suivez <a href=\"https:\/\/www.africa-press.net\/\">Africa-Press<\/a><\/strong><\/p>\n","protected":false},"excerpt":{"rendered":"<p>Africa-Press &#8211; Tchad. Le ministre des arme\u0301es, des anciens combattants et des victimes de guerre, Dago Yacoub a indique\u0301 que sa nomination te\u0301moigne de l&rsquo;importance que le Chef de l&rsquo;E\u0301tat accorde a\u0300 leur province, et c&rsquo;est aussi la preuve du respect de la parole donne\u0301e, parole d&rsquo;un officier ge\u0301ne\u0301ral, parole d&rsquo;un grand Homme d&rsquo;E\u0301tat dit-il. [&hellip;]<\/p>\n","protected":false},"author":82,"featured_media":53867,"comment_status":"open","ping_status":"closed","sticky":false,"template":"","format":"standard","meta":{"footnotes":""},"categories":[2,10],"tags":[37,292,29],"class_list":["post-53868","post","type-post","status-publish","format-standard","has-post-thumbnail","hentry","category-politique","category-toutes-les-actualites","tag-africa-press","tag-africa-press-tchad","tag-tchad"],"yoast_head":"<!-- This site is optimized with the Yoast SEO Premium plugin v26.1 (Yoast SEO v27.0) - https:\/\/yoast.com\/product\/yoast-seo-premium-wordpress\/ -->\n<title>la population du Hadjer-Lamis se r\u00e9jouit de la nomination du fils de la province \u00e0 la t\u00eate minist\u00e8re des arm\u00e9es - tchad<\/title>\n<meta name=\"description\" content=\"Le ministre des arme\u0301es, des anciens combattants et des victimes de guerre, Dago Yacoub a indique\u0301 que sa nomination te\u0301 ...\" \/>\n<meta name=\"robots\" content=\"index, follow, max-snippet:-1, max-image-preview:large, max-video-preview:-1\" \/>\n<link rel=\"canonical\" href=\"https:\/\/www.africa-press.net\/tchad\/politique\/la-population-du-hadjer-lamis-se-rejouit-de-la-nomination-du-fils-de-la-province-a-la-tete-ministere-des-armees\" \/>\n<meta property=\"og:locale\" content=\"fr_FR\" \/>\n<meta property=\"og:type\" content=\"article\" \/>\n<meta property=\"og:title\" content=\"la population du Hadjer-Lamis se r\u00e9jouit de la nomination du fils de la province \u00e0 la t\u00eate minist\u00e8re des arm\u00e9es\" \/>\n<meta property=\"og:description\" content=\"Le ministre des arme\u0301es, des anciens combattants et des victimes de guerre, Dago Yacoub a indique\u0301 que sa nomination te\u0301 ...\" \/>\n<meta property=\"og:url\" content=\"https:\/\/www.africa-press.net\/tchad\/politique\/la-population-du-hadjer-lamis-se-rejouit-de-la-nomination-du-fils-de-la-province-a-la-tete-ministere-des-armees\" \/>\n<meta property=\"og:site_name\" content=\"tchad\" \/>\n<meta property=\"article:published_time\" content=\"2023-11-12T17:37:56+00:00\" \/>\n<meta property=\"article:modified_time\" content=\"2023-11-12T18:27:34+00:00\" \/>\n<meta property=\"og:image\" content=\"https:\/\/static.africa-press.net\/tchad\/sites\/41\/2023\/11\/sm_1699800433.718548.jpg\" \/>\n\t<meta property=\"og:image:width\" content=\"1040\" \/>\n\t<meta property=\"og:image:height\" content=\"780\" \/>\n\t<meta property=\"og:image:type\" content=\"image\/jpeg\" \/>\n<meta name=\"author\" content=\"cfeditorfr\" \/>\n<meta name=\"twitter:card\" content=\"summary_large_image\" \/>\n<meta name=\"twitter:label1\" content=\"\u00c9crit par\" \/>\n\t<meta name=\"twitter:data1\" content=\"cfeditorfr\" \/>\n\t<meta name=\"twitter:label2\" content=\"Dur\u00e9e de lecture estim\u00e9e\" \/>\n\t<meta name=\"twitter:data2\" content=\"3 minutes\" \/>\n<script type=\"application\/ld+json\" class=\"yoast-schema-graph\">{\"@context\":\"https:\/\/schema.org\",\"@graph\":[{\"@type\":\"Article\",\"@id\":\"https:\/\/www.africa-press.net\/tchad\/politique\/la-population-du-hadjer-lamis-se-rejouit-de-la-nomination-du-fils-de-la-province-a-la-tete-ministere-des-armees#article\",\"isPartOf\":{\"@id\":\"https:\/\/www.africa-press.net\/tchad\/politique\/la-population-du-hadjer-lamis-se-rejouit-de-la-nomination-du-fils-de-la-province-a-la-tete-ministere-des-armees\"},\"author\":{\"name\":\"cfeditorfr\",\"@id\":\"https:\/\/www.africa-press.net\/tchad\/#\/schema\/person\/2b1cf3cd81a31e3cd26889ca66d677f1\"},\"headline\":\"la population du Hadjer-Lamis se r\u00e9jouit de la nomination du fils de la province \u00e0 la t\u00eate minist\u00e8re des arm\u00e9es\",\"datePublished\":\"2023-11-12T17:37:56+00:00\",\"dateModified\":\"2023-11-12T18:27:34+00:00\",\"mainEntityOfPage\":{\"@id\":\"https:\/\/www.africa-press.net\/tchad\/politique\/la-population-du-hadjer-lamis-se-rejouit-de-la-nomination-du-fils-de-la-province-a-la-tete-ministere-des-armees\"},\"wordCount\":703,\"commentCount\":0,\"image\":{\"@id\":\"https:\/\/www.africa-press.net\/tchad\/politique\/la-population-du-hadjer-lamis-se-rejouit-de-la-nomination-du-fils-de-la-province-a-la-tete-ministere-des-armees#primaryimage\"},\"thumbnailUrl\":\"https:\/\/static.africa-press.net\/tchad\/sites\/41\/2023\/11\/sm_1699800433.718548.jpg\",\"keywords\":[\"Africa Press\",\"Africa Press-Tchad\",\"Tchad\"],\"articleSection\":[\"Politique\",\"Toutes les actualit\u00e9s\"],\"inLanguage\":\"fr-FR\",\"potentialAction\":[{\"@type\":\"CommentAction\",\"name\":\"Comment\",\"target\":[\"https:\/\/www.africa-press.net\/tchad\/politique\/la-population-du-hadjer-lamis-se-rejouit-de-la-nomination-du-fils-de-la-province-a-la-tete-ministere-des-armees#respond\"]}]},{\"@type\":\"WebPage\",\"@id\":\"https:\/\/www.africa-press.net\/tchad\/politique\/la-population-du-hadjer-lamis-se-rejouit-de-la-nomination-du-fils-de-la-province-a-la-tete-ministere-des-armees\",\"url\":\"https:\/\/www.africa-press.net\/tchad\/politique\/la-population-du-hadjer-lamis-se-rejouit-de-la-nomination-du-fils-de-la-province-a-la-tete-ministere-des-armees\",\"name\":\"la population du Hadjer-Lamis se r\u00e9jouit de la nomination du fils de la province \u00e0 la t\u00eate minist\u00e8re des arm\u00e9es - tchad\",\"isPartOf\":{\"@id\":\"https:\/\/www.africa-press.net\/tchad\/#website\"},\"primaryImageOfPage\":{\"@id\":\"https:\/\/www.africa-press.net\/tchad\/politique\/la-population-du-hadjer-lamis-se-rejouit-de-la-nomination-du-fils-de-la-province-a-la-tete-ministere-des-armees#primaryimage\"},\"image\":{\"@id\":\"https:\/\/www.africa-press.net\/tchad\/politique\/la-population-du-hadjer-lamis-se-rejouit-de-la-nomination-du-fils-de-la-province-a-la-tete-ministere-des-armees#primaryimage\"},\"thumbnailUrl\":\"https:\/\/static.africa-press.net\/tchad\/sites\/41\/2023\/11\/sm_1699800433.718548.jpg\",\"datePublished\":\"2023-11-12T17:37:56+00:00\",\"dateModified\":\"2023-11-12T18:27:34+00:00\",\"author\":{\"@id\":\"https:\/\/www.africa-press.net\/tchad\/#\/schema\/person\/2b1cf3cd81a31e3cd26889ca66d677f1\"},\"description\":\"Le ministre des arme\u0301es, des anciens combattants et des victimes de guerre, Dago Yacoub a indique\u0301 que sa nomination te\u0301 ...\",\"breadcrumb\":{\"@id\":\"https:\/\/www.africa-press.net\/tchad\/politique\/la-population-du-hadjer-lamis-se-rejouit-de-la-nomination-du-fils-de-la-province-a-la-tete-ministere-des-armees#breadcrumb\"},\"inLanguage\":\"fr-FR\",\"potentialAction\":[{\"@type\":\"ReadAction\",\"target\":[\"https:\/\/www.africa-press.net\/tchad\/politique\/la-population-du-hadjer-lamis-se-rejouit-de-la-nomination-du-fils-de-la-province-a-la-tete-ministere-des-armees\"]}]},{\"@type\":\"ImageObject\",\"inLanguage\":\"fr-FR\",\"@id\":\"https:\/\/www.africa-press.net\/tchad\/politique\/la-population-du-hadjer-lamis-se-rejouit-de-la-nomination-du-fils-de-la-province-a-la-tete-ministere-des-armees#primaryimage\",\"url\":\"https:\/\/static.africa-press.net\/tchad\/sites\/41\/2023\/11\/sm_1699800433.718548.jpg\",\"contentUrl\":\"https:\/\/static.africa-press.net\/tchad\/sites\/41\/2023\/11\/sm_1699800433.718548.jpg\",\"width\":1040,\"height\":780,\"caption\":\"la population du Hadjer-Lamis se r\u00e9jouit de la nomination du fils de la province \u00e0 la t\u00eate minist\u00e8re des arm\u00e9es\"},{\"@type\":\"BreadcrumbList\",\"@id\":\"https:\/\/www.africa-press.net\/tchad\/politique\/la-population-du-hadjer-lamis-se-rejouit-de-la-nomination-du-fils-de-la-province-a-la-tete-ministere-des-armees#breadcrumb\",\"itemListElement\":[{\"@type\":\"ListItem\",\"position\":1,\"name\":\"Accueil\",\"item\":\"https:\/\/www.africa-press.net\/tchad\/\"},{\"@type\":\"ListItem\",\"position\":2,\"name\":\"la population du Hadjer-Lamis se r\u00e9jouit de la nomination du fils de la province \u00e0 la t\u00eate minist\u00e8re des arm\u00e9es\"}]},{\"@type\":\"WebSite\",\"@id\":\"https:\/\/www.africa-press.net\/tchad\/#website\",\"url\":\"https:\/\/www.africa-press.net\/tchad\/\",\"name\":\"tchad\",\"description\":\"Just another Africa News Agency Sites site\",\"potentialAction\":[{\"@type\":\"SearchAction\",\"target\":{\"@type\":\"EntryPoint\",\"urlTemplate\":\"https:\/\/www.africa-press.net\/tchad\/?s={search_term_string}\"},\"query-input\":{\"@type\":\"PropertyValueSpecification\",\"valueRequired\":true,\"valueName\":\"search_term_string\"}}],\"inLanguage\":\"fr-FR\"},{\"@type\":\"Person\",\"@id\":\"https:\/\/www.africa-press.net\/tchad\/#\/schema\/person\/2b1cf3cd81a31e3cd26889ca66d677f1\",\"name\":\"cfeditorfr\"}]}<\/script>\n<!-- \/ Yoast SEO Premium plugin. -->","yoast_head_json":{"title":"la population du Hadjer-Lamis se r\u00e9jouit de la nomination du fils de la province \u00e0 la t\u00eate minist\u00e8re des arm\u00e9es - tchad","description":"Le ministre des arme\u0301es, des anciens combattants et des victimes de guerre, Dago Yacoub a indique\u0301 que sa nomination te\u0301 ...","robots":{"index":"index","follow":"follow","max-snippet":"max-snippet:-1","max-image-preview":"max-image-preview:large","max-video-preview":"max-video-preview:-1"},"canonical":"https:\/\/www.africa-press.net\/tchad\/politique\/la-population-du-hadjer-lamis-se-rejouit-de-la-nomination-du-fils-de-la-province-a-la-tete-ministere-des-armees","og_locale":"fr_FR","og_type":"article","og_title":"la population du Hadjer-Lamis se r\u00e9jouit de la nomination du fils de la province \u00e0 la t\u00eate minist\u00e8re des arm\u00e9es","og_description":"Le ministre des arme\u0301es, des anciens combattants et des victimes de guerre, Dago Yacoub a indique\u0301 que sa nomination te\u0301 ...","og_url":"https:\/\/www.africa-press.net\/tchad\/politique\/la-population-du-hadjer-lamis-se-rejouit-de-la-nomination-du-fils-de-la-province-a-la-tete-ministere-des-armees","og_site_name":"tchad","article_published_time":"2023-11-12T17:37:56+00:00","article_modified_time":"2023-11-12T18:27:34+00:00","og_image":[{"width":1040,"height":780,"url":"https:\/\/static.africa-press.net\/tchad\/sites\/41\/2023\/11\/sm_1699800433.718548.jpg","type":"image\/jpeg"}],"author":"cfeditorfr","twitter_card":"summary_large_image","twitter_misc":{"\u00c9crit par":"cfeditorfr","Dur\u00e9e de lecture estim\u00e9e":"3 minutes"},"schema":{"@context":"https:\/\/schema.org","@graph":[{"@type":"Article","@id":"https:\/\/www.africa-press.net\/tchad\/politique\/la-population-du-hadjer-lamis-se-rejouit-de-la-nomination-du-fils-de-la-province-a-la-tete-ministere-des-armees#article","isPartOf":{"@id":"https:\/\/www.africa-press.net\/tchad\/politique\/la-population-du-hadjer-lamis-se-rejouit-de-la-nomination-du-fils-de-la-province-a-la-tete-ministere-des-armees"},"author":{"name":"cfeditorfr","@id":"https:\/\/www.africa-press.net\/tchad\/#\/schema\/person\/2b1cf3cd81a31e3cd26889ca66d677f1"},"headline":"la population du Hadjer-Lamis se r\u00e9jouit de la nomination du fils de la province \u00e0 la t\u00eate minist\u00e8re des arm\u00e9es","datePublished":"2023-11-12T17:37:56+00:00","dateModified":"2023-11-12T18:27:34+00:00","mainEntityOfPage":{"@id":"https:\/\/www.africa-press.net\/tchad\/politique\/la-population-du-hadjer-lamis-se-rejouit-de-la-nomination-du-fils-de-la-province-a-la-tete-ministere-des-armees"},"wordCount":703,"commentCount":0,"image":{"@id":"https:\/\/www.africa-press.net\/tchad\/politique\/la-population-du-hadjer-lamis-se-rejouit-de-la-nomination-du-fils-de-la-province-a-la-tete-ministere-des-armees#primaryimage"},"thumbnailUrl":"https:\/\/static.africa-press.net\/tchad\/sites\/41\/2023\/11\/sm_1699800433.718548.jpg","keywords":["Africa Press","Africa Press-Tchad","Tchad"],"articleSection":["Politique","Toutes les actualit\u00e9s"],"inLanguage":"fr-FR","potentialAction":[{"@type":"CommentAction","name":"Comment","target":["https:\/\/www.africa-press.net\/tchad\/politique\/la-population-du-hadjer-lamis-se-rejouit-de-la-nomination-du-fils-de-la-province-a-la-tete-ministere-des-armees#respond"]}]},{"@type":"WebPage","@id":"https:\/\/www.africa-press.net\/tchad\/politique\/la-population-du-hadjer-lamis-se-rejouit-de-la-nomination-du-fils-de-la-province-a-la-tete-ministere-des-armees","url":"https:\/\/www.africa-press.net\/tchad\/politique\/la-population-du-hadjer-lamis-se-rejouit-de-la-nomination-du-fils-de-la-province-a-la-tete-ministere-des-armees","name":"la population du Hadjer-Lamis se r\u00e9jouit de la nomination du fils de la province \u00e0 la t\u00eate minist\u00e8re des arm\u00e9es - tchad","isPartOf":{"@id":"https:\/\/www.africa-press.net\/tchad\/#website"},"primaryImageOfPage":{"@id":"https:\/\/www.africa-press.net\/tchad\/politique\/la-population-du-hadjer-lamis-se-rejouit-de-la-nomination-du-fils-de-la-province-a-la-tete-ministere-des-armees#primaryimage"},"image":{"@id":"https:\/\/www.africa-press.net\/tchad\/politique\/la-population-du-hadjer-lamis-se-rejouit-de-la-nomination-du-fils-de-la-province-a-la-tete-ministere-des-armees#primaryimage"},"thumbnailUrl":"https:\/\/static.africa-press.net\/tchad\/sites\/41\/2023\/11\/sm_1699800433.718548.jpg","datePublished":"2023-11-12T17:37:56+00:00","dateModified":"2023-11-12T18:27:34+00:00","author":{"@id":"https:\/\/www.africa-press.net\/tchad\/#\/schema\/person\/2b1cf3cd81a31e3cd26889ca66d677f1"},"description":"Le ministre des arme\u0301es, des anciens combattants et des victimes de guerre, Dago Yacoub a indique\u0301 que sa nomination te\u0301 ...","breadcrumb":{"@id":"https:\/\/www.africa-press.net\/tchad\/politique\/la-population-du-hadjer-lamis-se-rejouit-de-la-nomination-du-fils-de-la-province-a-la-tete-ministere-des-armees#breadcrumb"},"inLanguage":"fr-FR","potentialAction":[{"@type":"ReadAction","target":["https:\/\/www.africa-press.net\/tchad\/politique\/la-population-du-hadjer-lamis-se-rejouit-de-la-nomination-du-fils-de-la-province-a-la-tete-ministere-des-armees"]}]},{"@type":"ImageObject","inLanguage":"fr-FR","@id":"https:\/\/www.africa-press.net\/tchad\/politique\/la-population-du-hadjer-lamis-se-rejouit-de-la-nomination-du-fils-de-la-province-a-la-tete-ministere-des-armees#primaryimage","url":"https:\/\/static.africa-press.net\/tchad\/sites\/41\/2023\/11\/sm_1699800433.718548.jpg","contentUrl":"https:\/\/static.africa-press.net\/tchad\/sites\/41\/2023\/11\/sm_1699800433.718548.jpg","width":1040,"height":780,"caption":"la population du Hadjer-Lamis se r\u00e9jouit de la nomination du fils de la province \u00e0 la t\u00eate minist\u00e8re des arm\u00e9es"},{"@type":"BreadcrumbList","@id":"https:\/\/www.africa-press.net\/tchad\/politique\/la-population-du-hadjer-lamis-se-rejouit-de-la-nomination-du-fils-de-la-province-a-la-tete-ministere-des-armees#breadcrumb","itemListElement":[{"@type":"ListItem","position":1,"name":"Accueil","item":"https:\/\/www.africa-press.net\/tchad\/"},{"@type":"ListItem","position":2,"name":"la population du Hadjer-Lamis se r\u00e9jouit de la nomination du fils de la province \u00e0 la t\u00eate minist\u00e8re des arm\u00e9es"}]},{"@type":"WebSite","@id":"https:\/\/www.africa-press.net\/tchad\/#website","url":"https:\/\/www.africa-press.net\/tchad\/","name":"tchad","description":"Just another Africa News Agency Sites site","potentialAction":[{"@type":"SearchAction","target":{"@type":"EntryPoint","urlTemplate":"https:\/\/www.africa-press.net\/tchad\/?s={search_term_string}"},"query-input":{"@type":"PropertyValueSpecification","valueRequired":true,"valueName":"search_term_string"}}],"inLanguage":"fr-FR"},{"@type":"Person","@id":"https:\/\/www.africa-press.net\/tchad\/#\/schema\/person\/2b1cf3cd81a31e3cd26889ca66d677f1","name":"cfeditorfr"}]}},"_links":{"self":[{"href":"https:\/\/www.africa-press.net\/tchad\/wp-json\/wp\/v2\/posts\/53868","targetHints":{"allow":["GET"]}}],"collection":[{"href":"https:\/\/www.africa-press.net\/tchad\/wp-json\/wp\/v2\/posts"}],"about":[{"href":"https:\/\/www.africa-press.net\/tchad\/wp-json\/wp\/v2\/types\/post"}],"author":[{"embeddable":true,"href":"https:\/\/www.africa-press.net\/tchad\/wp-json\/wp\/v2\/users\/82"}],"replies":[{"embeddable":true,"href":"https:\/\/www.africa-press.net\/tchad\/wp-json\/wp\/v2\/comments?post=53868"}],"version-history":[{"count":0,"href":"https:\/\/www.africa-press.net\/tchad\/wp-json\/wp\/v2\/posts\/53868\/revisions"}],"wp:featuredmedia":[{"embeddable":true,"href":"https:\/\/www.africa-press.net\/tchad\/wp-json\/wp\/v2\/media\/53867"}],"wp:attachment":[{"href":"https:\/\/www.africa-press.net\/tchad\/wp-json\/wp\/v2\/media?parent=53868"}],"wp:term":[{"taxonomy":"category","embeddable":true,"href":"https:\/\/www.africa-press.net\/tchad\/wp-json\/wp\/v2\/categories?post=53868"},{"taxonomy":"post_tag","embeddable":true,"href":"https:\/\/www.africa-press.net\/tchad\/wp-json\/wp\/v2\/tags?post=53868"}],"curies":[{"name":"wp","href":"https:\/\/api.w.org\/{rel}","templated":true}]}}