{"id":53870,"date":"2023-11-12T17:38:14","date_gmt":"2023-11-12T17:38:14","guid":{"rendered":"https:\/\/www.africa-press.net\/tchad\/politique\/long-esedd-mobilise-les-communautes-de-moundou-pour-la-gestion-des-risques-climatiques"},"modified":"2023-11-12T18:28:06","modified_gmt":"2023-11-12T18:28:06","slug":"long-esedd-mobilise-les-communautes-de-moundou-pour-la-gestion-des-risques-climatiques","status":"publish","type":"post","link":"https:\/\/www.africa-press.net\/tchad\/toutes-les-actualites\/long-esedd-mobilise-les-communautes-de-moundou-pour-la-gestion-des-risques-climatiques","title":{"rendered":"l\u2019ONG ESEDD mobilise les communaut\u00e9s de Moundou pour la gestion des risques climatiques"},"content":{"rendered":"<p><span style=\"color: #ff6600\"><strong>Africa-Press &#8211; Tchad. <\/strong><\/span>L&rsquo;objectif principal de cette re\u0301union e\u0301tait de recueillir les retours des agents mobilisateurs communautaires sur les activite\u0301s re\u0301alise\u0301es et celles restant a\u0300 accomplir dans le cadre du projet de Gestion communautaire des risques climatiques. L&rsquo;accent a e\u0301galement e\u0301te\u0301 mis sur le fonctionnement des comite\u0301s de veille et la mise en place d&rsquo;un plan de sensibilisation des communaute\u0301s pour une autonomie en cas de catastrophes naturelles.<\/p>\n<p>Le Chef de projet de l&rsquo;ONG ESEDD, Noubadoum Koumta, a ouvert les travaux en situant le contexte de la re\u0301union. Chaque agent mobilisateur a ensuite partage\u0301 un aperc\u0327u des ateliers organise\u0301s par l&rsquo;e\u0301quipe technique dans les deux Logones, centre\u0301s sur la gestion des risques climatiques, l&rsquo;e\u0301ducation financie\u0300re et l&rsquo;assurance agricole indicielle.<\/p>\n<p>L&rsquo;animateur du Programme des Nations-Unies pour le De\u0301veloppement (PNUD) dans les deux Logones, Dieudonne\u0301, a clarifie\u0301 le de\u0301bat et expose\u0301 des strate\u0301gies pratiques pour aider les agents a\u0300 accomplir efficacement leur mission sur le terrain. Il a e\u0301galement partage\u0301 des conseils pre\u0301cieux pour valoriser leur travail.<\/p>\n<p>Tabitha Djekornonde, responsable des agents mobilisateurs dans les deux Logones, s&rsquo;est fe\u0301licite\u0301e de l&rsquo;impact positif du travail des agents sur le terrain. Elle a e\u0301galement e\u0301value\u0301 le fonctionnement des comite\u0301s de veille et a identifie\u0301 les lacunes chez certains membres, encourageant les agents a\u0300 intensifier leur encadrement.<\/p>\n<p>En clo\u0302ture, Noubadoum Koumta a souligne\u0301 l&rsquo;importance du projet de Gestion communautaire des risques climatiques et l&rsquo;importance cruciale des comite\u0301s de veille pour sa re\u0301ussite. Il a appele\u0301 les agents mobilisateurs a\u0300 soutenir les comite\u0301s de veille par des conseils pratiques et une bonne orientation.<\/p>\n<p>Le projet envisage e\u0301galement des strate\u0301gies de sensibilisation pour changer la mentalite\u0301 des communaute\u0301s, notamment via des e\u0301missions radiophoniques interactives, des interventions dans les e\u0301glises, les mosque\u0301es, les marche\u0301s et des groupes de discussion.<\/p>\n<p><strong>Pour plus d&rsquo;informations et d&rsquo;analyses sur la <a href=\"https:\/\/www.africa-press.net\/tchad\">Tchad<\/a>, suivez <a href=\"https:\/\/www.africa-press.net\/\">Africa-Press<\/a><\/strong><\/p>\n","protected":false},"excerpt":{"rendered":"<p>Africa-Press &#8211; Tchad. L&rsquo;objectif principal de cette re\u0301union e\u0301tait de recueillir les retours des agents mobilisateurs communautaires sur les activite\u0301s re\u0301alise\u0301es et celles restant a\u0300 accomplir dans le cadre du projet de Gestion communautaire des risques climatiques. L&rsquo;accent a e\u0301galement e\u0301te\u0301 mis sur le fonctionnement des comite\u0301s de veille et la mise en place d&rsquo;un [&hellip;]<\/p>\n","protected":false},"author":82,"featured_media":53869,"comment_status":"open","ping_status":"closed","sticky":false,"template":"","format":"standard","meta":{"footnotes":""},"categories":[21,10],"tags":[37,292,29],"class_list":["post-53870","post","type-post","status-publish","format-standard","has-post-thumbnail","hentry","category-communaute","category-toutes-les-actualites","tag-africa-press","tag-africa-press-tchad","tag-tchad"],"yoast_head":"<!-- This site is optimized with the Yoast SEO Premium plugin v26.1 (Yoast SEO v27.0) - https:\/\/yoast.com\/product\/yoast-seo-premium-wordpress\/ -->\n<title>l\u2019ONG ESEDD mobilise les communaut\u00e9s de Moundou pour la gestion des risques climatiques - tchad<\/title>\n<meta name=\"robots\" content=\"index, follow, max-snippet:-1, max-image-preview:large, max-video-preview:-1\" \/>\n<link rel=\"canonical\" href=\"https:\/\/www.africa-press.net\/tchad\/politique\/long-esedd-mobilise-les-communautes-de-moundou-pour-la-gestion-des-risques-climatiques\" \/>\n<meta property=\"og:locale\" content=\"fr_FR\" \/>\n<meta property=\"og:type\" content=\"article\" \/>\n<meta property=\"og:title\" content=\"l\u2019ONG ESEDD mobilise les communaut\u00e9s de Moundou pour la gestion des risques climatiques\" \/>\n<meta property=\"og:description\" content=\"Africa-Press &#8211; Tchad. L&rsquo;objectif principal de cette re\u0301union e\u0301tait de recueillir les retours des agents mobilisateurs communautaires sur les activite\u0301s re\u0301alise\u0301es et celles restant a\u0300 accomplir dans le cadre du projet de Gestion communautaire des risques climatiques. L&rsquo;accent a e\u0301galement e\u0301te\u0301 mis sur le fonctionnement des comite\u0301s de veille et la mise en place d&rsquo;un [&hellip;]\" \/>\n<meta property=\"og:url\" content=\"https:\/\/www.africa-press.net\/tchad\/politique\/long-esedd-mobilise-les-communautes-de-moundou-pour-la-gestion-des-risques-climatiques\" \/>\n<meta property=\"og:site_name\" content=\"tchad\" \/>\n<meta property=\"article:published_time\" content=\"2023-11-12T17:38:14+00:00\" \/>\n<meta property=\"article:modified_time\" content=\"2023-11-12T18:28:06+00:00\" \/>\n<meta name=\"author\" content=\"cfeditorfr\" \/>\n<meta name=\"twitter:card\" content=\"summary_large_image\" \/>\n<meta name=\"twitter:label1\" content=\"\u00c9crit par\" \/>\n\t<meta name=\"twitter:data1\" content=\"cfeditorfr\" \/>\n\t<meta name=\"twitter:label2\" content=\"Dur\u00e9e de lecture estim\u00e9e\" \/>\n\t<meta name=\"twitter:data2\" content=\"2 minutes\" \/>\n<script type=\"application\/ld+json\" class=\"yoast-schema-graph\">{\"@context\":\"https:\/\/schema.org\",\"@graph\":[{\"@type\":\"Article\",\"@id\":\"https:\/\/www.africa-press.net\/tchad\/politique\/long-esedd-mobilise-les-communautes-de-moundou-pour-la-gestion-des-risques-climatiques#article\",\"isPartOf\":{\"@id\":\"https:\/\/www.africa-press.net\/tchad\/politique\/long-esedd-mobilise-les-communautes-de-moundou-pour-la-gestion-des-risques-climatiques\"},\"author\":{\"name\":\"cfeditorfr\",\"@id\":\"https:\/\/www.africa-press.net\/tchad\/#\/schema\/person\/2b1cf3cd81a31e3cd26889ca66d677f1\"},\"headline\":\"l\u2019ONG ESEDD mobilise les communaut\u00e9s de Moundou pour la gestion des risques climatiques\",\"datePublished\":\"2023-11-12T17:38:14+00:00\",\"dateModified\":\"2023-11-12T18:28:06+00:00\",\"mainEntityOfPage\":{\"@id\":\"https:\/\/www.africa-press.net\/tchad\/politique\/long-esedd-mobilise-les-communautes-de-moundou-pour-la-gestion-des-risques-climatiques\"},\"wordCount\":367,\"commentCount\":0,\"image\":{\"@id\":\"https:\/\/www.africa-press.net\/tchad\/politique\/long-esedd-mobilise-les-communautes-de-moundou-pour-la-gestion-des-risques-climatiques#primaryimage\"},\"thumbnailUrl\":\"https:\/\/static.africa-press.net\/tchad\/sites\/41\/2023\/11\/sm_1699800464.242278.jpg\",\"keywords\":[\"Africa Press\",\"Africa Press-Tchad\",\"Tchad\"],\"articleSection\":[\"Communaut\u00e9\",\"Toutes les actualit\u00e9s\"],\"inLanguage\":\"fr-FR\",\"potentialAction\":[{\"@type\":\"CommentAction\",\"name\":\"Comment\",\"target\":[\"https:\/\/www.africa-press.net\/tchad\/politique\/long-esedd-mobilise-les-communautes-de-moundou-pour-la-gestion-des-risques-climatiques#respond\"]}]},{\"@type\":\"WebPage\",\"@id\":\"https:\/\/www.africa-press.net\/tchad\/politique\/long-esedd-mobilise-les-communautes-de-moundou-pour-la-gestion-des-risques-climatiques\",\"url\":\"https:\/\/www.africa-press.net\/tchad\/politique\/long-esedd-mobilise-les-communautes-de-moundou-pour-la-gestion-des-risques-climatiques\",\"name\":\"l\u2019ONG ESEDD mobilise les communaut\u00e9s de Moundou pour la gestion des risques climatiques - tchad\",\"isPartOf\":{\"@id\":\"https:\/\/www.africa-press.net\/tchad\/#website\"},\"primaryImageOfPage\":{\"@id\":\"https:\/\/www.africa-press.net\/tchad\/politique\/long-esedd-mobilise-les-communautes-de-moundou-pour-la-gestion-des-risques-climatiques#primaryimage\"},\"image\":{\"@id\":\"https:\/\/www.africa-press.net\/tchad\/politique\/long-esedd-mobilise-les-communautes-de-moundou-pour-la-gestion-des-risques-climatiques#primaryimage\"},\"thumbnailUrl\":\"https:\/\/static.africa-press.net\/tchad\/sites\/41\/2023\/11\/sm_1699800464.242278.jpg\",\"datePublished\":\"2023-11-12T17:38:14+00:00\",\"dateModified\":\"2023-11-12T18:28:06+00:00\",\"author\":{\"@id\":\"https:\/\/www.africa-press.net\/tchad\/#\/schema\/person\/2b1cf3cd81a31e3cd26889ca66d677f1\"},\"breadcrumb\":{\"@id\":\"https:\/\/www.africa-press.net\/tchad\/politique\/long-esedd-mobilise-les-communautes-de-moundou-pour-la-gestion-des-risques-climatiques#breadcrumb\"},\"inLanguage\":\"fr-FR\",\"potentialAction\":[{\"@type\":\"ReadAction\",\"target\":[\"https:\/\/www.africa-press.net\/tchad\/politique\/long-esedd-mobilise-les-communautes-de-moundou-pour-la-gestion-des-risques-climatiques\"]}]},{\"@type\":\"ImageObject\",\"inLanguage\":\"fr-FR\",\"@id\":\"https:\/\/www.africa-press.net\/tchad\/politique\/long-esedd-mobilise-les-communautes-de-moundou-pour-la-gestion-des-risques-climatiques#primaryimage\",\"url\":\"https:\/\/static.africa-press.net\/tchad\/sites\/41\/2023\/11\/sm_1699800464.242278.jpg\",\"contentUrl\":\"https:\/\/static.africa-press.net\/tchad\/sites\/41\/2023\/11\/sm_1699800464.242278.jpg\",\"width\":820,\"height\":486,\"caption\":\"l\u2019ONG ESEDD mobilise les communaut\u00e9s de Moundou pour la gestion des risques climatiques\"},{\"@type\":\"BreadcrumbList\",\"@id\":\"https:\/\/www.africa-press.net\/tchad\/politique\/long-esedd-mobilise-les-communautes-de-moundou-pour-la-gestion-des-risques-climatiques#breadcrumb\",\"itemListElement\":[{\"@type\":\"ListItem\",\"position\":1,\"name\":\"Accueil\",\"item\":\"https:\/\/www.africa-press.net\/tchad\/\"},{\"@type\":\"ListItem\",\"position\":2,\"name\":\"l\u2019ONG ESEDD mobilise les communaut\u00e9s de Moundou pour la gestion des risques climatiques\"}]},{\"@type\":\"WebSite\",\"@id\":\"https:\/\/www.africa-press.net\/tchad\/#website\",\"url\":\"https:\/\/www.africa-press.net\/tchad\/\",\"name\":\"tchad\",\"description\":\"Just another Africa News Agency Sites site\",\"potentialAction\":[{\"@type\":\"SearchAction\",\"target\":{\"@type\":\"EntryPoint\",\"urlTemplate\":\"https:\/\/www.africa-press.net\/tchad\/?s={search_term_string}\"},\"query-input\":{\"@type\":\"PropertyValueSpecification\",\"valueRequired\":true,\"valueName\":\"search_term_string\"}}],\"inLanguage\":\"fr-FR\"},{\"@type\":\"Person\",\"@id\":\"https:\/\/www.africa-press.net\/tchad\/#\/schema\/person\/2b1cf3cd81a31e3cd26889ca66d677f1\",\"name\":\"cfeditorfr\"}]}<\/script>\n<!-- \/ Yoast SEO Premium plugin. -->","yoast_head_json":{"title":"l\u2019ONG ESEDD mobilise les communaut\u00e9s de Moundou pour la gestion des risques climatiques - tchad","robots":{"index":"index","follow":"follow","max-snippet":"max-snippet:-1","max-image-preview":"max-image-preview:large","max-video-preview":"max-video-preview:-1"},"canonical":"https:\/\/www.africa-press.net\/tchad\/politique\/long-esedd-mobilise-les-communautes-de-moundou-pour-la-gestion-des-risques-climatiques","og_locale":"fr_FR","og_type":"article","og_title":"l\u2019ONG ESEDD mobilise les communaut\u00e9s de Moundou pour la gestion des risques climatiques","og_description":"Africa-Press &#8211; Tchad. L&rsquo;objectif principal de cette re\u0301union e\u0301tait de recueillir les retours des agents mobilisateurs communautaires sur les activite\u0301s re\u0301alise\u0301es et celles restant a\u0300 accomplir dans le cadre du projet de Gestion communautaire des risques climatiques. L&rsquo;accent a e\u0301galement e\u0301te\u0301 mis sur le fonctionnement des comite\u0301s de veille et la mise en place d&rsquo;un [&hellip;]","og_url":"https:\/\/www.africa-press.net\/tchad\/politique\/long-esedd-mobilise-les-communautes-de-moundou-pour-la-gestion-des-risques-climatiques","og_site_name":"tchad","article_published_time":"2023-11-12T17:38:14+00:00","article_modified_time":"2023-11-12T18:28:06+00:00","author":"cfeditorfr","twitter_card":"summary_large_image","twitter_misc":{"\u00c9crit par":"cfeditorfr","Dur\u00e9e de lecture estim\u00e9e":"2 minutes"},"schema":{"@context":"https:\/\/schema.org","@graph":[{"@type":"Article","@id":"https:\/\/www.africa-press.net\/tchad\/politique\/long-esedd-mobilise-les-communautes-de-moundou-pour-la-gestion-des-risques-climatiques#article","isPartOf":{"@id":"https:\/\/www.africa-press.net\/tchad\/politique\/long-esedd-mobilise-les-communautes-de-moundou-pour-la-gestion-des-risques-climatiques"},"author":{"name":"cfeditorfr","@id":"https:\/\/www.africa-press.net\/tchad\/#\/schema\/person\/2b1cf3cd81a31e3cd26889ca66d677f1"},"headline":"l\u2019ONG ESEDD mobilise les communaut\u00e9s de Moundou pour la gestion des risques climatiques","datePublished":"2023-11-12T17:38:14+00:00","dateModified":"2023-11-12T18:28:06+00:00","mainEntityOfPage":{"@id":"https:\/\/www.africa-press.net\/tchad\/politique\/long-esedd-mobilise-les-communautes-de-moundou-pour-la-gestion-des-risques-climatiques"},"wordCount":367,"commentCount":0,"image":{"@id":"https:\/\/www.africa-press.net\/tchad\/politique\/long-esedd-mobilise-les-communautes-de-moundou-pour-la-gestion-des-risques-climatiques#primaryimage"},"thumbnailUrl":"https:\/\/static.africa-press.net\/tchad\/sites\/41\/2023\/11\/sm_1699800464.242278.jpg","keywords":["Africa Press","Africa Press-Tchad","Tchad"],"articleSection":["Communaut\u00e9","Toutes les actualit\u00e9s"],"inLanguage":"fr-FR","potentialAction":[{"@type":"CommentAction","name":"Comment","target":["https:\/\/www.africa-press.net\/tchad\/politique\/long-esedd-mobilise-les-communautes-de-moundou-pour-la-gestion-des-risques-climatiques#respond"]}]},{"@type":"WebPage","@id":"https:\/\/www.africa-press.net\/tchad\/politique\/long-esedd-mobilise-les-communautes-de-moundou-pour-la-gestion-des-risques-climatiques","url":"https:\/\/www.africa-press.net\/tchad\/politique\/long-esedd-mobilise-les-communautes-de-moundou-pour-la-gestion-des-risques-climatiques","name":"l\u2019ONG ESEDD mobilise les communaut\u00e9s de Moundou pour la gestion des risques climatiques - tchad","isPartOf":{"@id":"https:\/\/www.africa-press.net\/tchad\/#website"},"primaryImageOfPage":{"@id":"https:\/\/www.africa-press.net\/tchad\/politique\/long-esedd-mobilise-les-communautes-de-moundou-pour-la-gestion-des-risques-climatiques#primaryimage"},"image":{"@id":"https:\/\/www.africa-press.net\/tchad\/politique\/long-esedd-mobilise-les-communautes-de-moundou-pour-la-gestion-des-risques-climatiques#primaryimage"},"thumbnailUrl":"https:\/\/static.africa-press.net\/tchad\/sites\/41\/2023\/11\/sm_1699800464.242278.jpg","datePublished":"2023-11-12T17:38:14+00:00","dateModified":"2023-11-12T18:28:06+00:00","author":{"@id":"https:\/\/www.africa-press.net\/tchad\/#\/schema\/person\/2b1cf3cd81a31e3cd26889ca66d677f1"},"breadcrumb":{"@id":"https:\/\/www.africa-press.net\/tchad\/politique\/long-esedd-mobilise-les-communautes-de-moundou-pour-la-gestion-des-risques-climatiques#breadcrumb"},"inLanguage":"fr-FR","potentialAction":[{"@type":"ReadAction","target":["https:\/\/www.africa-press.net\/tchad\/politique\/long-esedd-mobilise-les-communautes-de-moundou-pour-la-gestion-des-risques-climatiques"]}]},{"@type":"ImageObject","inLanguage":"fr-FR","@id":"https:\/\/www.africa-press.net\/tchad\/politique\/long-esedd-mobilise-les-communautes-de-moundou-pour-la-gestion-des-risques-climatiques#primaryimage","url":"https:\/\/static.africa-press.net\/tchad\/sites\/41\/2023\/11\/sm_1699800464.242278.jpg","contentUrl":"https:\/\/static.africa-press.net\/tchad\/sites\/41\/2023\/11\/sm_1699800464.242278.jpg","width":820,"height":486,"caption":"l\u2019ONG ESEDD mobilise les communaut\u00e9s de Moundou pour la gestion des risques climatiques"},{"@type":"BreadcrumbList","@id":"https:\/\/www.africa-press.net\/tchad\/politique\/long-esedd-mobilise-les-communautes-de-moundou-pour-la-gestion-des-risques-climatiques#breadcrumb","itemListElement":[{"@type":"ListItem","position":1,"name":"Accueil","item":"https:\/\/www.africa-press.net\/tchad\/"},{"@type":"ListItem","position":2,"name":"l\u2019ONG ESEDD mobilise les communaut\u00e9s de Moundou pour la gestion des risques climatiques"}]},{"@type":"WebSite","@id":"https:\/\/www.africa-press.net\/tchad\/#website","url":"https:\/\/www.africa-press.net\/tchad\/","name":"tchad","description":"Just another Africa News Agency Sites site","potentialAction":[{"@type":"SearchAction","target":{"@type":"EntryPoint","urlTemplate":"https:\/\/www.africa-press.net\/tchad\/?s={search_term_string}"},"query-input":{"@type":"PropertyValueSpecification","valueRequired":true,"valueName":"search_term_string"}}],"inLanguage":"fr-FR"},{"@type":"Person","@id":"https:\/\/www.africa-press.net\/tchad\/#\/schema\/person\/2b1cf3cd81a31e3cd26889ca66d677f1","name":"cfeditorfr"}]}},"_links":{"self":[{"href":"https:\/\/www.africa-press.net\/tchad\/wp-json\/wp\/v2\/posts\/53870","targetHints":{"allow":["GET"]}}],"collection":[{"href":"https:\/\/www.africa-press.net\/tchad\/wp-json\/wp\/v2\/posts"}],"about":[{"href":"https:\/\/www.africa-press.net\/tchad\/wp-json\/wp\/v2\/types\/post"}],"author":[{"embeddable":true,"href":"https:\/\/www.africa-press.net\/tchad\/wp-json\/wp\/v2\/users\/82"}],"replies":[{"embeddable":true,"href":"https:\/\/www.africa-press.net\/tchad\/wp-json\/wp\/v2\/comments?post=53870"}],"version-history":[{"count":0,"href":"https:\/\/www.africa-press.net\/tchad\/wp-json\/wp\/v2\/posts\/53870\/revisions"}],"wp:featuredmedia":[{"embeddable":true,"href":"https:\/\/www.africa-press.net\/tchad\/wp-json\/wp\/v2\/media\/53869"}],"wp:attachment":[{"href":"https:\/\/www.africa-press.net\/tchad\/wp-json\/wp\/v2\/media?parent=53870"}],"wp:term":[{"taxonomy":"category","embeddable":true,"href":"https:\/\/www.africa-press.net\/tchad\/wp-json\/wp\/v2\/categories?post=53870"},{"taxonomy":"post_tag","embeddable":true,"href":"https:\/\/www.africa-press.net\/tchad\/wp-json\/wp\/v2\/tags?post=53870"}],"curies":[{"name":"wp","href":"https:\/\/api.w.org\/{rel}","templated":true}]}}