{"id":53873,"date":"2023-11-12T17:37:21","date_gmt":"2023-11-12T17:37:21","guid":{"rendered":"https:\/\/www.africa-press.net\/tchad\/politique\/suspension-de-la-greve-des-enseignants-et-appel-a-la-reprise-des-cours"},"modified":"2023-11-12T18:31:05","modified_gmt":"2023-11-12T18:31:05","slug":"suspension-de-la-greve-des-enseignants-et-appel-a-la-reprise-des-cours","status":"publish","type":"post","link":"https:\/\/www.africa-press.net\/tchad\/culture-et-art\/suspension-de-la-greve-des-enseignants-et-appel-a-la-reprise-des-cours","title":{"rendered":"suspension de la gr\u00e8ve des enseignants et appel \u00e0 la reprise des cours"},"content":{"rendered":"<p><span style=\"color: #ff6600\"><strong>Africa-Press &#8211; Tchad. <\/strong><\/span>Le secre\u0301taire ge\u0301ne\u0301ral adjoint du Syndicat des Enseignants du Tchad (SET), Youssouf Mahmoud Djadda, a annonce\u0301 dans un communique\u0301 la suspension de la gre\u0300ve initie\u0301e le 2 novembre. Il appelle les enseignants a\u0300 reprendre les cours.<\/p>\n<p><b>Un impact ne\u0301faste de la gre\u0300ve, de\u0301plore le premier ministre<\/b><\/p>\n<p>Le 7 novembre 2023, le Premier Ministre et Chef du Gouvernement d&rsquo;Union Nationale, Saleh Kebzabo, a pre\u0301side\u0301 une re\u0301union de travail avec les associations syndicales des enseignants du Tchad. L&rsquo;objectif principal de cette re\u0301union e\u0301tait de discuter du re\u0301cent mouvement de gre\u0300ve initie\u0301 par les organisations syndicales du secteur de l&rsquo;e\u0301ducation.<\/p>\n<p>\u200bD&#8217;emble\u0301e, le Premier Ministre Saleh Kebzabo a souligne\u0301 l&rsquo;impact ne\u0301faste de la gre\u0300ve, la qualifiant de \u00ab\u00a0phe\u0301nome\u0300ne mortel\u00a0\u00bb pour le pays. Il a insiste\u0301 sur la ne\u0301cessite\u0301 d&rsquo;aborder cette question de manie\u0300re ouverte, responsable, et sans tabous, soulignant que la responsabilite\u0301 de re\u0301soudre ce proble\u0300me doit e\u0302tre partage\u0301e a\u0300 tous les niveaux.<\/p>\n<p>Apre\u0300s avoir e\u0301coute\u0301 les repre\u0301sentants des diffe\u0301rentes associations syndicales des enseignants, le Chef du Gouvernement a rappele\u0301 les de\u0301fis auxquels le pays est confronte\u0301 pendant cette pe\u0301riode de transition. Il a exhorte\u0301 les syndicats a\u0300 prendre en compte ces de\u0301fis dans leurs revendications, qu&rsquo;il a qualifie\u0301es de le\u0301gitimes.<\/p>\n<p>Le Ministre de l&rsquo;E\u0301ducation Nationale et de la Promotion civique, Moussa Kadam, a rappele\u0301 l&rsquo;importance du \u00ab\u00a0Pacte social\u00a0\u00bb qui re\u0301git les mouvements de gre\u0300ve au Tchad. Il a souligne\u0301 que toutes les associations syndicales sont lie\u0301es par ce pacte, et que les revendications sont socialement re\u0301alisables, car elles concernent l&rsquo;avenir des enfants.<\/p>\n<p>Le Ministre de la Fonction publique et du Dialogue social, Abdoulaye Mbodou Mbami, a e\u0301galement soutenu les revendications des syndicats, mettant en avant l&rsquo;importance de garantir l&rsquo;avenir des ge\u0301ne\u0301rations futures.<\/p>\n<p>Madame Ronel Baiong Malloum Doubangar, Secre\u0301taire d&rsquo;E\u0301tat aux Finances et aux Comptes publics, a assure\u0301 que toutes les revendications syndicales seront prises en compte, me\u0302me si le ministe\u0300re des Finances hie\u0301rarchise les priorite\u0301s.<\/p>\n<p><strong>Pour plus d&rsquo;informations et d&rsquo;analyses sur la <a href=\"https:\/\/www.africa-press.net\/tchad\">Tchad<\/a>, suivez <a href=\"https:\/\/www.africa-press.net\/\">Africa-Press<\/a><\/strong><\/p>\n","protected":false},"excerpt":{"rendered":"<p>Africa-Press &#8211; Tchad. Le secre\u0301taire ge\u0301ne\u0301ral adjoint du Syndicat des Enseignants du Tchad (SET), Youssouf Mahmoud Djadda, a annonce\u0301 dans un communique\u0301 la suspension de la gre\u0300ve initie\u0301e le 2 novembre. Il appelle les enseignants a\u0300 reprendre les cours. Un impact ne\u0301faste de la gre\u0300ve, de\u0301plore le premier ministre Le 7 novembre 2023, le Premier [&hellip;]<\/p>\n","protected":false},"author":82,"featured_media":53872,"comment_status":"open","ping_status":"closed","sticky":false,"template":"","format":"standard","meta":{"footnotes":""},"categories":[5,10],"tags":[37,292,29],"class_list":["post-53873","post","type-post","status-publish","format-standard","has-post-thumbnail","hentry","category-culture-et-art","category-toutes-les-actualites","tag-africa-press","tag-africa-press-tchad","tag-tchad"],"yoast_head":"<!-- This site is optimized with the Yoast SEO Premium plugin v26.1 (Yoast SEO v27.0) - https:\/\/yoast.com\/product\/yoast-seo-premium-wordpress\/ -->\n<title>suspension de la gr\u00e8ve des enseignants et appel \u00e0 la reprise des cours - tchad<\/title>\n<meta name=\"description\" content=\"Le secre\u0301taire ge\u0301ne\u0301ral adjoint du Syndicat des Enseignants du Tchad (SET), Youssouf Mahmoud Djadda, a annonce\u0301 dans un ...\" \/>\n<meta name=\"robots\" content=\"index, follow, max-snippet:-1, max-image-preview:large, max-video-preview:-1\" \/>\n<link rel=\"canonical\" href=\"https:\/\/www.africa-press.net\/tchad\/culture-et-art\/suspension-de-la-greve-des-enseignants-et-appel-a-la-reprise-des-cours\" \/>\n<meta property=\"og:locale\" content=\"fr_FR\" \/>\n<meta property=\"og:type\" content=\"article\" \/>\n<meta property=\"og:title\" content=\"suspension de la gr\u00e8ve des enseignants et appel \u00e0 la reprise des cours\" \/>\n<meta property=\"og:description\" content=\"Le secre\u0301taire ge\u0301ne\u0301ral adjoint du Syndicat des Enseignants du Tchad (SET), Youssouf Mahmoud Djadda, a annonce\u0301 dans un ...\" \/>\n<meta property=\"og:url\" content=\"https:\/\/www.africa-press.net\/tchad\/culture-et-art\/suspension-de-la-greve-des-enseignants-et-appel-a-la-reprise-des-cours\" \/>\n<meta property=\"og:site_name\" content=\"tchad\" \/>\n<meta property=\"article:published_time\" content=\"2023-11-12T17:37:21+00:00\" \/>\n<meta property=\"article:modified_time\" content=\"2023-11-12T18:31:05+00:00\" \/>\n<meta property=\"og:image\" content=\"https:\/\/static.africa-press.net\/tchad\/sites\/41\/2023\/11\/sm_1699800981.722664.jpg\" \/>\n\t<meta property=\"og:image:width\" content=\"1040\" \/>\n\t<meta property=\"og:image:height\" content=\"492\" \/>\n\t<meta property=\"og:image:type\" content=\"image\/jpeg\" \/>\n<meta name=\"author\" content=\"cfeditorfr\" \/>\n<meta name=\"twitter:card\" content=\"summary_large_image\" \/>\n<meta name=\"twitter:label1\" content=\"\u00c9crit par\" \/>\n\t<meta name=\"twitter:data1\" content=\"cfeditorfr\" \/>\n\t<meta name=\"twitter:label2\" content=\"Dur\u00e9e de lecture estim\u00e9e\" \/>\n\t<meta name=\"twitter:data2\" content=\"2 minutes\" \/>\n<script type=\"application\/ld+json\" class=\"yoast-schema-graph\">{\"@context\":\"https:\/\/schema.org\",\"@graph\":[{\"@type\":\"Article\",\"@id\":\"https:\/\/www.africa-press.net\/tchad\/culture-et-art\/suspension-de-la-greve-des-enseignants-et-appel-a-la-reprise-des-cours#article\",\"isPartOf\":{\"@id\":\"https:\/\/www.africa-press.net\/tchad\/culture-et-art\/suspension-de-la-greve-des-enseignants-et-appel-a-la-reprise-des-cours\"},\"author\":{\"name\":\"cfeditorfr\",\"@id\":\"https:\/\/www.africa-press.net\/tchad\/#\/schema\/person\/2b1cf3cd81a31e3cd26889ca66d677f1\"},\"headline\":\"suspension de la gr\u00e8ve des enseignants et appel \u00e0 la reprise des cours\",\"datePublished\":\"2023-11-12T17:37:21+00:00\",\"dateModified\":\"2023-11-12T18:31:05+00:00\",\"mainEntityOfPage\":{\"@id\":\"https:\/\/www.africa-press.net\/tchad\/culture-et-art\/suspension-de-la-greve-des-enseignants-et-appel-a-la-reprise-des-cours\"},\"wordCount\":399,\"commentCount\":0,\"image\":{\"@id\":\"https:\/\/www.africa-press.net\/tchad\/culture-et-art\/suspension-de-la-greve-des-enseignants-et-appel-a-la-reprise-des-cours#primaryimage\"},\"thumbnailUrl\":\"https:\/\/static.africa-press.net\/tchad\/sites\/41\/2023\/11\/sm_1699800981.722664.jpg\",\"keywords\":[\"Africa Press\",\"Africa Press-Tchad\",\"Tchad\"],\"articleSection\":[\"Culture et Art\",\"Toutes les actualit\u00e9s\"],\"inLanguage\":\"fr-FR\",\"potentialAction\":[{\"@type\":\"CommentAction\",\"name\":\"Comment\",\"target\":[\"https:\/\/www.africa-press.net\/tchad\/culture-et-art\/suspension-de-la-greve-des-enseignants-et-appel-a-la-reprise-des-cours#respond\"]}]},{\"@type\":\"WebPage\",\"@id\":\"https:\/\/www.africa-press.net\/tchad\/culture-et-art\/suspension-de-la-greve-des-enseignants-et-appel-a-la-reprise-des-cours\",\"url\":\"https:\/\/www.africa-press.net\/tchad\/culture-et-art\/suspension-de-la-greve-des-enseignants-et-appel-a-la-reprise-des-cours\",\"name\":\"suspension de la gr\u00e8ve des enseignants et appel \u00e0 la reprise des cours - tchad\",\"isPartOf\":{\"@id\":\"https:\/\/www.africa-press.net\/tchad\/#website\"},\"primaryImageOfPage\":{\"@id\":\"https:\/\/www.africa-press.net\/tchad\/culture-et-art\/suspension-de-la-greve-des-enseignants-et-appel-a-la-reprise-des-cours#primaryimage\"},\"image\":{\"@id\":\"https:\/\/www.africa-press.net\/tchad\/culture-et-art\/suspension-de-la-greve-des-enseignants-et-appel-a-la-reprise-des-cours#primaryimage\"},\"thumbnailUrl\":\"https:\/\/static.africa-press.net\/tchad\/sites\/41\/2023\/11\/sm_1699800981.722664.jpg\",\"datePublished\":\"2023-11-12T17:37:21+00:00\",\"dateModified\":\"2023-11-12T18:31:05+00:00\",\"author\":{\"@id\":\"https:\/\/www.africa-press.net\/tchad\/#\/schema\/person\/2b1cf3cd81a31e3cd26889ca66d677f1\"},\"description\":\"Le secre\u0301taire ge\u0301ne\u0301ral adjoint du Syndicat des Enseignants du Tchad (SET), Youssouf Mahmoud Djadda, a annonce\u0301 dans un ...\",\"breadcrumb\":{\"@id\":\"https:\/\/www.africa-press.net\/tchad\/culture-et-art\/suspension-de-la-greve-des-enseignants-et-appel-a-la-reprise-des-cours#breadcrumb\"},\"inLanguage\":\"fr-FR\",\"potentialAction\":[{\"@type\":\"ReadAction\",\"target\":[\"https:\/\/www.africa-press.net\/tchad\/culture-et-art\/suspension-de-la-greve-des-enseignants-et-appel-a-la-reprise-des-cours\"]}]},{\"@type\":\"ImageObject\",\"inLanguage\":\"fr-FR\",\"@id\":\"https:\/\/www.africa-press.net\/tchad\/culture-et-art\/suspension-de-la-greve-des-enseignants-et-appel-a-la-reprise-des-cours#primaryimage\",\"url\":\"https:\/\/static.africa-press.net\/tchad\/sites\/41\/2023\/11\/sm_1699800981.722664.jpg\",\"contentUrl\":\"https:\/\/static.africa-press.net\/tchad\/sites\/41\/2023\/11\/sm_1699800981.722664.jpg\",\"width\":1040,\"height\":492,\"caption\":\"suspension de la gr\u00e8ve des enseignants et appel \u00e0 la reprise des cours\"},{\"@type\":\"BreadcrumbList\",\"@id\":\"https:\/\/www.africa-press.net\/tchad\/culture-et-art\/suspension-de-la-greve-des-enseignants-et-appel-a-la-reprise-des-cours#breadcrumb\",\"itemListElement\":[{\"@type\":\"ListItem\",\"position\":1,\"name\":\"Accueil\",\"item\":\"https:\/\/www.africa-press.net\/tchad\/\"},{\"@type\":\"ListItem\",\"position\":2,\"name\":\"suspension de la gr\u00e8ve des enseignants et appel \u00e0 la reprise des cours\"}]},{\"@type\":\"WebSite\",\"@id\":\"https:\/\/www.africa-press.net\/tchad\/#website\",\"url\":\"https:\/\/www.africa-press.net\/tchad\/\",\"name\":\"tchad\",\"description\":\"Just another Africa News Agency Sites site\",\"potentialAction\":[{\"@type\":\"SearchAction\",\"target\":{\"@type\":\"EntryPoint\",\"urlTemplate\":\"https:\/\/www.africa-press.net\/tchad\/?s={search_term_string}\"},\"query-input\":{\"@type\":\"PropertyValueSpecification\",\"valueRequired\":true,\"valueName\":\"search_term_string\"}}],\"inLanguage\":\"fr-FR\"},{\"@type\":\"Person\",\"@id\":\"https:\/\/www.africa-press.net\/tchad\/#\/schema\/person\/2b1cf3cd81a31e3cd26889ca66d677f1\",\"name\":\"cfeditorfr\"}]}<\/script>\n<!-- \/ Yoast SEO Premium plugin. -->","yoast_head_json":{"title":"suspension de la gr\u00e8ve des enseignants et appel \u00e0 la reprise des cours - tchad","description":"Le secre\u0301taire ge\u0301ne\u0301ral adjoint du Syndicat des Enseignants du Tchad (SET), Youssouf Mahmoud Djadda, a annonce\u0301 dans un ...","robots":{"index":"index","follow":"follow","max-snippet":"max-snippet:-1","max-image-preview":"max-image-preview:large","max-video-preview":"max-video-preview:-1"},"canonical":"https:\/\/www.africa-press.net\/tchad\/culture-et-art\/suspension-de-la-greve-des-enseignants-et-appel-a-la-reprise-des-cours","og_locale":"fr_FR","og_type":"article","og_title":"suspension de la gr\u00e8ve des enseignants et appel \u00e0 la reprise des cours","og_description":"Le secre\u0301taire ge\u0301ne\u0301ral adjoint du Syndicat des Enseignants du Tchad (SET), Youssouf Mahmoud Djadda, a annonce\u0301 dans un ...","og_url":"https:\/\/www.africa-press.net\/tchad\/culture-et-art\/suspension-de-la-greve-des-enseignants-et-appel-a-la-reprise-des-cours","og_site_name":"tchad","article_published_time":"2023-11-12T17:37:21+00:00","article_modified_time":"2023-11-12T18:31:05+00:00","og_image":[{"width":1040,"height":492,"url":"https:\/\/static.africa-press.net\/tchad\/sites\/41\/2023\/11\/sm_1699800981.722664.jpg","type":"image\/jpeg"}],"author":"cfeditorfr","twitter_card":"summary_large_image","twitter_misc":{"\u00c9crit par":"cfeditorfr","Dur\u00e9e de lecture estim\u00e9e":"2 minutes"},"schema":{"@context":"https:\/\/schema.org","@graph":[{"@type":"Article","@id":"https:\/\/www.africa-press.net\/tchad\/culture-et-art\/suspension-de-la-greve-des-enseignants-et-appel-a-la-reprise-des-cours#article","isPartOf":{"@id":"https:\/\/www.africa-press.net\/tchad\/culture-et-art\/suspension-de-la-greve-des-enseignants-et-appel-a-la-reprise-des-cours"},"author":{"name":"cfeditorfr","@id":"https:\/\/www.africa-press.net\/tchad\/#\/schema\/person\/2b1cf3cd81a31e3cd26889ca66d677f1"},"headline":"suspension de la gr\u00e8ve des enseignants et appel \u00e0 la reprise des cours","datePublished":"2023-11-12T17:37:21+00:00","dateModified":"2023-11-12T18:31:05+00:00","mainEntityOfPage":{"@id":"https:\/\/www.africa-press.net\/tchad\/culture-et-art\/suspension-de-la-greve-des-enseignants-et-appel-a-la-reprise-des-cours"},"wordCount":399,"commentCount":0,"image":{"@id":"https:\/\/www.africa-press.net\/tchad\/culture-et-art\/suspension-de-la-greve-des-enseignants-et-appel-a-la-reprise-des-cours#primaryimage"},"thumbnailUrl":"https:\/\/static.africa-press.net\/tchad\/sites\/41\/2023\/11\/sm_1699800981.722664.jpg","keywords":["Africa Press","Africa Press-Tchad","Tchad"],"articleSection":["Culture et Art","Toutes les actualit\u00e9s"],"inLanguage":"fr-FR","potentialAction":[{"@type":"CommentAction","name":"Comment","target":["https:\/\/www.africa-press.net\/tchad\/culture-et-art\/suspension-de-la-greve-des-enseignants-et-appel-a-la-reprise-des-cours#respond"]}]},{"@type":"WebPage","@id":"https:\/\/www.africa-press.net\/tchad\/culture-et-art\/suspension-de-la-greve-des-enseignants-et-appel-a-la-reprise-des-cours","url":"https:\/\/www.africa-press.net\/tchad\/culture-et-art\/suspension-de-la-greve-des-enseignants-et-appel-a-la-reprise-des-cours","name":"suspension de la gr\u00e8ve des enseignants et appel \u00e0 la reprise des cours - tchad","isPartOf":{"@id":"https:\/\/www.africa-press.net\/tchad\/#website"},"primaryImageOfPage":{"@id":"https:\/\/www.africa-press.net\/tchad\/culture-et-art\/suspension-de-la-greve-des-enseignants-et-appel-a-la-reprise-des-cours#primaryimage"},"image":{"@id":"https:\/\/www.africa-press.net\/tchad\/culture-et-art\/suspension-de-la-greve-des-enseignants-et-appel-a-la-reprise-des-cours#primaryimage"},"thumbnailUrl":"https:\/\/static.africa-press.net\/tchad\/sites\/41\/2023\/11\/sm_1699800981.722664.jpg","datePublished":"2023-11-12T17:37:21+00:00","dateModified":"2023-11-12T18:31:05+00:00","author":{"@id":"https:\/\/www.africa-press.net\/tchad\/#\/schema\/person\/2b1cf3cd81a31e3cd26889ca66d677f1"},"description":"Le secre\u0301taire ge\u0301ne\u0301ral adjoint du Syndicat des Enseignants du Tchad (SET), Youssouf Mahmoud Djadda, a annonce\u0301 dans un ...","breadcrumb":{"@id":"https:\/\/www.africa-press.net\/tchad\/culture-et-art\/suspension-de-la-greve-des-enseignants-et-appel-a-la-reprise-des-cours#breadcrumb"},"inLanguage":"fr-FR","potentialAction":[{"@type":"ReadAction","target":["https:\/\/www.africa-press.net\/tchad\/culture-et-art\/suspension-de-la-greve-des-enseignants-et-appel-a-la-reprise-des-cours"]}]},{"@type":"ImageObject","inLanguage":"fr-FR","@id":"https:\/\/www.africa-press.net\/tchad\/culture-et-art\/suspension-de-la-greve-des-enseignants-et-appel-a-la-reprise-des-cours#primaryimage","url":"https:\/\/static.africa-press.net\/tchad\/sites\/41\/2023\/11\/sm_1699800981.722664.jpg","contentUrl":"https:\/\/static.africa-press.net\/tchad\/sites\/41\/2023\/11\/sm_1699800981.722664.jpg","width":1040,"height":492,"caption":"suspension de la gr\u00e8ve des enseignants et appel \u00e0 la reprise des cours"},{"@type":"BreadcrumbList","@id":"https:\/\/www.africa-press.net\/tchad\/culture-et-art\/suspension-de-la-greve-des-enseignants-et-appel-a-la-reprise-des-cours#breadcrumb","itemListElement":[{"@type":"ListItem","position":1,"name":"Accueil","item":"https:\/\/www.africa-press.net\/tchad\/"},{"@type":"ListItem","position":2,"name":"suspension de la gr\u00e8ve des enseignants et appel \u00e0 la reprise des cours"}]},{"@type":"WebSite","@id":"https:\/\/www.africa-press.net\/tchad\/#website","url":"https:\/\/www.africa-press.net\/tchad\/","name":"tchad","description":"Just another Africa News Agency Sites site","potentialAction":[{"@type":"SearchAction","target":{"@type":"EntryPoint","urlTemplate":"https:\/\/www.africa-press.net\/tchad\/?s={search_term_string}"},"query-input":{"@type":"PropertyValueSpecification","valueRequired":true,"valueName":"search_term_string"}}],"inLanguage":"fr-FR"},{"@type":"Person","@id":"https:\/\/www.africa-press.net\/tchad\/#\/schema\/person\/2b1cf3cd81a31e3cd26889ca66d677f1","name":"cfeditorfr"}]}},"_links":{"self":[{"href":"https:\/\/www.africa-press.net\/tchad\/wp-json\/wp\/v2\/posts\/53873","targetHints":{"allow":["GET"]}}],"collection":[{"href":"https:\/\/www.africa-press.net\/tchad\/wp-json\/wp\/v2\/posts"}],"about":[{"href":"https:\/\/www.africa-press.net\/tchad\/wp-json\/wp\/v2\/types\/post"}],"author":[{"embeddable":true,"href":"https:\/\/www.africa-press.net\/tchad\/wp-json\/wp\/v2\/users\/82"}],"replies":[{"embeddable":true,"href":"https:\/\/www.africa-press.net\/tchad\/wp-json\/wp\/v2\/comments?post=53873"}],"version-history":[{"count":0,"href":"https:\/\/www.africa-press.net\/tchad\/wp-json\/wp\/v2\/posts\/53873\/revisions"}],"wp:featuredmedia":[{"embeddable":true,"href":"https:\/\/www.africa-press.net\/tchad\/wp-json\/wp\/v2\/media\/53872"}],"wp:attachment":[{"href":"https:\/\/www.africa-press.net\/tchad\/wp-json\/wp\/v2\/media?parent=53873"}],"wp:term":[{"taxonomy":"category","embeddable":true,"href":"https:\/\/www.africa-press.net\/tchad\/wp-json\/wp\/v2\/categories?post=53873"},{"taxonomy":"post_tag","embeddable":true,"href":"https:\/\/www.africa-press.net\/tchad\/wp-json\/wp\/v2\/tags?post=53873"}],"curies":[{"name":"wp","href":"https:\/\/api.w.org\/{rel}","templated":true}]}}