{"id":53885,"date":"2023-11-12T18:29:41","date_gmt":"2023-11-12T18:29:41","guid":{"rendered":"https:\/\/www.africa-press.net\/tchad\/politique\/lujceffs-debute-sa-campagne-de-soutien-scolaire-pour-les-filles-orphelines-et-vulnerables"},"modified":"2023-11-12T18:48:32","modified_gmt":"2023-11-12T18:48:32","slug":"lujceffs-debute-sa-campagne-de-soutien-scolaire-pour-les-filles-orphelines-et-vulnerables","status":"publish","type":"post","link":"https:\/\/www.africa-press.net\/tchad\/toutes-les-actualites\/lujceffs-debute-sa-campagne-de-soutien-scolaire-pour-les-filles-orphelines-et-vulnerables","title":{"rendered":"l\u2019UJCEFFS d\u00e9bute sa campagne de soutien scolaire pour les filles orphelines et vuln\u00e9rables"},"content":{"rendered":"<p><span style=\"color: #ff6600\"><strong>Africa-Press &#8211; Tchad. <\/strong><\/span>L&rsquo;association \u00ab\u00a0Union des Jeunes Cadres pour l&rsquo;E\u0301panouissement des Filles et Femmes dans la Socie\u0301te\u0301\u00a0\u00bb (UJCEFFS) a lance\u0301 une campagne de distribution de fournitures scolaires aux filles, ce samedi 11 novembre 2023, au quartier Ndjari de N\u2019Djamena. Place\u0301e sous le the\u0300me \u00ab Ensemble luttons pour l\u2019e\u0301ducation des filles dans la socie\u0301te\u0301 \u00bb, cette initiative vise a\u0300 soutenir les jeunes filles dans le besoin.<\/p>\n<p>La pre\u0301sidente de l&rsquo;UJCEFFS, Mme Ache\u0301 Abdraman Mahamat, a souligne\u0301 l&rsquo;importance de l&rsquo;e\u0301ducation des filles, conforme\u0301ment aux objectifs de leur association. \u00ab\u00a0Cette activite\u0301 de don, oriente\u0301e vers les filles orphelines et vulne\u0301rables, est notre fac\u0327on de contribuer a\u0300 l&rsquo;e\u0301ducation des filles avec les moyens dont nous disposons, en l&rsquo;occurrence des kits scolaires\u00a0\u00bb, a-t-elle explique\u0301.<\/p>\n<p>Pour Mme Ache\u0301 Abdraman Mahamat, la scolarisation des jeunes filles est cruciale pour leur e\u0301mancipation et leur contribution positive a\u0300 la socie\u0301te\u0301. \u00ab\u00a0Une fille e\u0301duque\u0301e a le potentiel de transformer sa communaute\u0301. Elle comprendra l&rsquo;importance d&rsquo;e\u0301duquer ses propres enfants, en particulier ses filles, et l&rsquo;e\u0301ducation des femmes stimule la productivite\u0301 et la croissance d&rsquo;un pays\u00a0\u00bb, a-t-elle ajoute\u0301.<\/p>\n<p>Mme Mahamat a e\u0301galement souligne\u0301 que \u00ab e\u0301duquer une fille, c&rsquo;est e\u0301duquer une nation \u00bb, car les femmes sont le pilier de toute socie\u0301te\u0301. L&rsquo;association reconnai\u0302t que l&rsquo;e\u0301ducation est un facteur cle\u0301 de re\u0301duction de la pauvrete\u0301 et essentiel a\u0300 la re\u0301alisation de leurs objectifs. \u00ab\u00a0Notre action s&rsquo;inscrit dans cette vision\u00a0\u00bb, a-t-elle conclu.<\/p>\n<p><strong>Pour plus d&rsquo;informations et d&rsquo;analyses sur la <a href=\"https:\/\/www.africa-press.net\/tchad\">Tchad<\/a>, suivez <a href=\"https:\/\/www.africa-press.net\/\">Africa-Press<\/a><\/strong><\/p>\n","protected":false},"excerpt":{"rendered":"<p>Africa-Press &#8211; Tchad. L&rsquo;association \u00ab\u00a0Union des Jeunes Cadres pour l&rsquo;E\u0301panouissement des Filles et Femmes dans la Socie\u0301te\u0301\u00a0\u00bb (UJCEFFS) a lance\u0301 une campagne de distribution de fournitures scolaires aux filles, ce samedi 11 novembre 2023, au quartier Ndjari de N\u2019Djamena. Place\u0301e sous le the\u0300me \u00ab Ensemble luttons pour l\u2019e\u0301ducation des filles dans la socie\u0301te\u0301 \u00bb, cette [&hellip;]<\/p>\n","protected":false},"author":82,"featured_media":53884,"comment_status":"open","ping_status":"closed","sticky":false,"template":"","format":"standard","meta":{"footnotes":""},"categories":[21,10],"tags":[37,292,29],"class_list":["post-53885","post","type-post","status-publish","format-standard","has-post-thumbnail","hentry","category-communaute","category-toutes-les-actualites","tag-africa-press","tag-africa-press-tchad","tag-tchad"],"yoast_head":"<!-- This site is optimized with the Yoast SEO Premium plugin v26.1 (Yoast SEO v27.0) - https:\/\/yoast.com\/product\/yoast-seo-premium-wordpress\/ -->\n<title>l\u2019UJCEFFS d\u00e9bute sa campagne de soutien scolaire pour les filles orphelines et vuln\u00e9rables - tchad<\/title>\n<meta name=\"description\" content=\"L&#039;association &quot;Union des Jeunes Cadres pour l&#039;E\u0301panouissement des Filles et Femmes dans la Socie\u0301te\u0301&quot; (UJCEFFS) a lance\u0301 ...\" \/>\n<meta name=\"robots\" content=\"index, follow, max-snippet:-1, max-image-preview:large, max-video-preview:-1\" \/>\n<link rel=\"canonical\" href=\"https:\/\/www.africa-press.net\/tchad\/toutes-les-actualites\/lujceffs-debute-sa-campagne-de-soutien-scolaire-pour-les-filles-orphelines-et-vulnerables\" \/>\n<meta property=\"og:locale\" content=\"fr_FR\" \/>\n<meta property=\"og:type\" content=\"article\" \/>\n<meta property=\"og:title\" content=\"l\u2019UJCEFFS d\u00e9bute sa campagne de soutien scolaire pour les filles orphelines et vuln\u00e9rables\" \/>\n<meta property=\"og:description\" content=\"L&#039;association &quot;Union des Jeunes Cadres pour l&#039;E\u0301panouissement des Filles et Femmes dans la Socie\u0301te\u0301&quot; (UJCEFFS) a lance\u0301 ...\" \/>\n<meta property=\"og:url\" content=\"https:\/\/www.africa-press.net\/tchad\/toutes-les-actualites\/lujceffs-debute-sa-campagne-de-soutien-scolaire-pour-les-filles-orphelines-et-vulnerables\" \/>\n<meta property=\"og:site_name\" content=\"tchad\" \/>\n<meta property=\"article:published_time\" content=\"2023-11-12T18:29:41+00:00\" \/>\n<meta property=\"article:modified_time\" content=\"2023-11-12T18:48:32+00:00\" \/>\n<meta property=\"og:image\" content=\"https:\/\/static.africa-press.net\/tchad\/sites\/41\/2023\/11\/sm_1699802099.976535.jpg\" \/>\n\t<meta property=\"og:image:width\" content=\"1080\" \/>\n\t<meta property=\"og:image:height\" content=\"810\" \/>\n\t<meta property=\"og:image:type\" content=\"image\/jpeg\" \/>\n<meta name=\"author\" content=\"cfeditorfr\" \/>\n<meta name=\"twitter:card\" content=\"summary_large_image\" \/>\n<meta name=\"twitter:label1\" content=\"\u00c9crit par\" \/>\n\t<meta name=\"twitter:data1\" content=\"cfeditorfr\" \/>\n\t<meta name=\"twitter:label2\" content=\"Dur\u00e9e de lecture estim\u00e9e\" \/>\n\t<meta name=\"twitter:data2\" content=\"2 minutes\" \/>\n<script type=\"application\/ld+json\" class=\"yoast-schema-graph\">{\"@context\":\"https:\/\/schema.org\",\"@graph\":[{\"@type\":\"Article\",\"@id\":\"https:\/\/www.africa-press.net\/tchad\/toutes-les-actualites\/lujceffs-debute-sa-campagne-de-soutien-scolaire-pour-les-filles-orphelines-et-vulnerables#article\",\"isPartOf\":{\"@id\":\"https:\/\/www.africa-press.net\/tchad\/toutes-les-actualites\/lujceffs-debute-sa-campagne-de-soutien-scolaire-pour-les-filles-orphelines-et-vulnerables\"},\"author\":{\"name\":\"cfeditorfr\",\"@id\":\"https:\/\/www.africa-press.net\/tchad\/#\/schema\/person\/2b1cf3cd81a31e3cd26889ca66d677f1\"},\"headline\":\"l\u2019UJCEFFS d\u00e9bute sa campagne de soutien scolaire pour les filles orphelines et vuln\u00e9rables\",\"datePublished\":\"2023-11-12T18:29:41+00:00\",\"dateModified\":\"2023-11-12T18:48:32+00:00\",\"mainEntityOfPage\":{\"@id\":\"https:\/\/www.africa-press.net\/tchad\/toutes-les-actualites\/lujceffs-debute-sa-campagne-de-soutien-scolaire-pour-les-filles-orphelines-et-vulnerables\"},\"wordCount\":295,\"commentCount\":0,\"image\":{\"@id\":\"https:\/\/www.africa-press.net\/tchad\/toutes-les-actualites\/lujceffs-debute-sa-campagne-de-soutien-scolaire-pour-les-filles-orphelines-et-vulnerables#primaryimage\"},\"thumbnailUrl\":\"https:\/\/static.africa-press.net\/tchad\/sites\/41\/2023\/11\/sm_1699802099.976535.jpg\",\"keywords\":[\"Africa Press\",\"Africa Press-Tchad\",\"Tchad\"],\"articleSection\":[\"Communaut\u00e9\",\"Toutes les actualit\u00e9s\"],\"inLanguage\":\"fr-FR\",\"potentialAction\":[{\"@type\":\"CommentAction\",\"name\":\"Comment\",\"target\":[\"https:\/\/www.africa-press.net\/tchad\/toutes-les-actualites\/lujceffs-debute-sa-campagne-de-soutien-scolaire-pour-les-filles-orphelines-et-vulnerables#respond\"]}]},{\"@type\":\"WebPage\",\"@id\":\"https:\/\/www.africa-press.net\/tchad\/toutes-les-actualites\/lujceffs-debute-sa-campagne-de-soutien-scolaire-pour-les-filles-orphelines-et-vulnerables\",\"url\":\"https:\/\/www.africa-press.net\/tchad\/toutes-les-actualites\/lujceffs-debute-sa-campagne-de-soutien-scolaire-pour-les-filles-orphelines-et-vulnerables\",\"name\":\"l\u2019UJCEFFS d\u00e9bute sa campagne de soutien scolaire pour les filles orphelines et vuln\u00e9rables - tchad\",\"isPartOf\":{\"@id\":\"https:\/\/www.africa-press.net\/tchad\/#website\"},\"primaryImageOfPage\":{\"@id\":\"https:\/\/www.africa-press.net\/tchad\/toutes-les-actualites\/lujceffs-debute-sa-campagne-de-soutien-scolaire-pour-les-filles-orphelines-et-vulnerables#primaryimage\"},\"image\":{\"@id\":\"https:\/\/www.africa-press.net\/tchad\/toutes-les-actualites\/lujceffs-debute-sa-campagne-de-soutien-scolaire-pour-les-filles-orphelines-et-vulnerables#primaryimage\"},\"thumbnailUrl\":\"https:\/\/static.africa-press.net\/tchad\/sites\/41\/2023\/11\/sm_1699802099.976535.jpg\",\"datePublished\":\"2023-11-12T18:29:41+00:00\",\"dateModified\":\"2023-11-12T18:48:32+00:00\",\"author\":{\"@id\":\"https:\/\/www.africa-press.net\/tchad\/#\/schema\/person\/2b1cf3cd81a31e3cd26889ca66d677f1\"},\"description\":\"L'association \\\"Union des Jeunes Cadres pour l'E\u0301panouissement des Filles et Femmes dans la Socie\u0301te\u0301\\\" (UJCEFFS) a lance\u0301 ...\",\"breadcrumb\":{\"@id\":\"https:\/\/www.africa-press.net\/tchad\/toutes-les-actualites\/lujceffs-debute-sa-campagne-de-soutien-scolaire-pour-les-filles-orphelines-et-vulnerables#breadcrumb\"},\"inLanguage\":\"fr-FR\",\"potentialAction\":[{\"@type\":\"ReadAction\",\"target\":[\"https:\/\/www.africa-press.net\/tchad\/toutes-les-actualites\/lujceffs-debute-sa-campagne-de-soutien-scolaire-pour-les-filles-orphelines-et-vulnerables\"]}]},{\"@type\":\"ImageObject\",\"inLanguage\":\"fr-FR\",\"@id\":\"https:\/\/www.africa-press.net\/tchad\/toutes-les-actualites\/lujceffs-debute-sa-campagne-de-soutien-scolaire-pour-les-filles-orphelines-et-vulnerables#primaryimage\",\"url\":\"https:\/\/static.africa-press.net\/tchad\/sites\/41\/2023\/11\/sm_1699802099.976535.jpg\",\"contentUrl\":\"https:\/\/static.africa-press.net\/tchad\/sites\/41\/2023\/11\/sm_1699802099.976535.jpg\",\"width\":1080,\"height\":810,\"caption\":\"l\u2019UJCEFFS d\u00e9bute sa campagne de soutien scolaire pour les filles orphelines et vuln\u00e9rables\"},{\"@type\":\"BreadcrumbList\",\"@id\":\"https:\/\/www.africa-press.net\/tchad\/toutes-les-actualites\/lujceffs-debute-sa-campagne-de-soutien-scolaire-pour-les-filles-orphelines-et-vulnerables#breadcrumb\",\"itemListElement\":[{\"@type\":\"ListItem\",\"position\":1,\"name\":\"Accueil\",\"item\":\"https:\/\/www.africa-press.net\/tchad\/\"},{\"@type\":\"ListItem\",\"position\":2,\"name\":\"l\u2019UJCEFFS d\u00e9bute sa campagne de soutien scolaire pour les filles orphelines et vuln\u00e9rables\"}]},{\"@type\":\"WebSite\",\"@id\":\"https:\/\/www.africa-press.net\/tchad\/#website\",\"url\":\"https:\/\/www.africa-press.net\/tchad\/\",\"name\":\"tchad\",\"description\":\"Just another Africa News Agency Sites site\",\"potentialAction\":[{\"@type\":\"SearchAction\",\"target\":{\"@type\":\"EntryPoint\",\"urlTemplate\":\"https:\/\/www.africa-press.net\/tchad\/?s={search_term_string}\"},\"query-input\":{\"@type\":\"PropertyValueSpecification\",\"valueRequired\":true,\"valueName\":\"search_term_string\"}}],\"inLanguage\":\"fr-FR\"},{\"@type\":\"Person\",\"@id\":\"https:\/\/www.africa-press.net\/tchad\/#\/schema\/person\/2b1cf3cd81a31e3cd26889ca66d677f1\",\"name\":\"cfeditorfr\"}]}<\/script>\n<!-- \/ Yoast SEO Premium plugin. -->","yoast_head_json":{"title":"l\u2019UJCEFFS d\u00e9bute sa campagne de soutien scolaire pour les filles orphelines et vuln\u00e9rables - tchad","description":"L'association \"Union des Jeunes Cadres pour l'E\u0301panouissement des Filles et Femmes dans la Socie\u0301te\u0301\" (UJCEFFS) a lance\u0301 ...","robots":{"index":"index","follow":"follow","max-snippet":"max-snippet:-1","max-image-preview":"max-image-preview:large","max-video-preview":"max-video-preview:-1"},"canonical":"https:\/\/www.africa-press.net\/tchad\/toutes-les-actualites\/lujceffs-debute-sa-campagne-de-soutien-scolaire-pour-les-filles-orphelines-et-vulnerables","og_locale":"fr_FR","og_type":"article","og_title":"l\u2019UJCEFFS d\u00e9bute sa campagne de soutien scolaire pour les filles orphelines et vuln\u00e9rables","og_description":"L'association \"Union des Jeunes Cadres pour l'E\u0301panouissement des Filles et Femmes dans la Socie\u0301te\u0301\" (UJCEFFS) a lance\u0301 ...","og_url":"https:\/\/www.africa-press.net\/tchad\/toutes-les-actualites\/lujceffs-debute-sa-campagne-de-soutien-scolaire-pour-les-filles-orphelines-et-vulnerables","og_site_name":"tchad","article_published_time":"2023-11-12T18:29:41+00:00","article_modified_time":"2023-11-12T18:48:32+00:00","og_image":[{"width":1080,"height":810,"url":"https:\/\/static.africa-press.net\/tchad\/sites\/41\/2023\/11\/sm_1699802099.976535.jpg","type":"image\/jpeg"}],"author":"cfeditorfr","twitter_card":"summary_large_image","twitter_misc":{"\u00c9crit par":"cfeditorfr","Dur\u00e9e de lecture estim\u00e9e":"2 minutes"},"schema":{"@context":"https:\/\/schema.org","@graph":[{"@type":"Article","@id":"https:\/\/www.africa-press.net\/tchad\/toutes-les-actualites\/lujceffs-debute-sa-campagne-de-soutien-scolaire-pour-les-filles-orphelines-et-vulnerables#article","isPartOf":{"@id":"https:\/\/www.africa-press.net\/tchad\/toutes-les-actualites\/lujceffs-debute-sa-campagne-de-soutien-scolaire-pour-les-filles-orphelines-et-vulnerables"},"author":{"name":"cfeditorfr","@id":"https:\/\/www.africa-press.net\/tchad\/#\/schema\/person\/2b1cf3cd81a31e3cd26889ca66d677f1"},"headline":"l\u2019UJCEFFS d\u00e9bute sa campagne de soutien scolaire pour les filles orphelines et vuln\u00e9rables","datePublished":"2023-11-12T18:29:41+00:00","dateModified":"2023-11-12T18:48:32+00:00","mainEntityOfPage":{"@id":"https:\/\/www.africa-press.net\/tchad\/toutes-les-actualites\/lujceffs-debute-sa-campagne-de-soutien-scolaire-pour-les-filles-orphelines-et-vulnerables"},"wordCount":295,"commentCount":0,"image":{"@id":"https:\/\/www.africa-press.net\/tchad\/toutes-les-actualites\/lujceffs-debute-sa-campagne-de-soutien-scolaire-pour-les-filles-orphelines-et-vulnerables#primaryimage"},"thumbnailUrl":"https:\/\/static.africa-press.net\/tchad\/sites\/41\/2023\/11\/sm_1699802099.976535.jpg","keywords":["Africa Press","Africa Press-Tchad","Tchad"],"articleSection":["Communaut\u00e9","Toutes les actualit\u00e9s"],"inLanguage":"fr-FR","potentialAction":[{"@type":"CommentAction","name":"Comment","target":["https:\/\/www.africa-press.net\/tchad\/toutes-les-actualites\/lujceffs-debute-sa-campagne-de-soutien-scolaire-pour-les-filles-orphelines-et-vulnerables#respond"]}]},{"@type":"WebPage","@id":"https:\/\/www.africa-press.net\/tchad\/toutes-les-actualites\/lujceffs-debute-sa-campagne-de-soutien-scolaire-pour-les-filles-orphelines-et-vulnerables","url":"https:\/\/www.africa-press.net\/tchad\/toutes-les-actualites\/lujceffs-debute-sa-campagne-de-soutien-scolaire-pour-les-filles-orphelines-et-vulnerables","name":"l\u2019UJCEFFS d\u00e9bute sa campagne de soutien scolaire pour les filles orphelines et vuln\u00e9rables - tchad","isPartOf":{"@id":"https:\/\/www.africa-press.net\/tchad\/#website"},"primaryImageOfPage":{"@id":"https:\/\/www.africa-press.net\/tchad\/toutes-les-actualites\/lujceffs-debute-sa-campagne-de-soutien-scolaire-pour-les-filles-orphelines-et-vulnerables#primaryimage"},"image":{"@id":"https:\/\/www.africa-press.net\/tchad\/toutes-les-actualites\/lujceffs-debute-sa-campagne-de-soutien-scolaire-pour-les-filles-orphelines-et-vulnerables#primaryimage"},"thumbnailUrl":"https:\/\/static.africa-press.net\/tchad\/sites\/41\/2023\/11\/sm_1699802099.976535.jpg","datePublished":"2023-11-12T18:29:41+00:00","dateModified":"2023-11-12T18:48:32+00:00","author":{"@id":"https:\/\/www.africa-press.net\/tchad\/#\/schema\/person\/2b1cf3cd81a31e3cd26889ca66d677f1"},"description":"L'association \"Union des Jeunes Cadres pour l'E\u0301panouissement des Filles et Femmes dans la Socie\u0301te\u0301\" (UJCEFFS) a lance\u0301 ...","breadcrumb":{"@id":"https:\/\/www.africa-press.net\/tchad\/toutes-les-actualites\/lujceffs-debute-sa-campagne-de-soutien-scolaire-pour-les-filles-orphelines-et-vulnerables#breadcrumb"},"inLanguage":"fr-FR","potentialAction":[{"@type":"ReadAction","target":["https:\/\/www.africa-press.net\/tchad\/toutes-les-actualites\/lujceffs-debute-sa-campagne-de-soutien-scolaire-pour-les-filles-orphelines-et-vulnerables"]}]},{"@type":"ImageObject","inLanguage":"fr-FR","@id":"https:\/\/www.africa-press.net\/tchad\/toutes-les-actualites\/lujceffs-debute-sa-campagne-de-soutien-scolaire-pour-les-filles-orphelines-et-vulnerables#primaryimage","url":"https:\/\/static.africa-press.net\/tchad\/sites\/41\/2023\/11\/sm_1699802099.976535.jpg","contentUrl":"https:\/\/static.africa-press.net\/tchad\/sites\/41\/2023\/11\/sm_1699802099.976535.jpg","width":1080,"height":810,"caption":"l\u2019UJCEFFS d\u00e9bute sa campagne de soutien scolaire pour les filles orphelines et vuln\u00e9rables"},{"@type":"BreadcrumbList","@id":"https:\/\/www.africa-press.net\/tchad\/toutes-les-actualites\/lujceffs-debute-sa-campagne-de-soutien-scolaire-pour-les-filles-orphelines-et-vulnerables#breadcrumb","itemListElement":[{"@type":"ListItem","position":1,"name":"Accueil","item":"https:\/\/www.africa-press.net\/tchad\/"},{"@type":"ListItem","position":2,"name":"l\u2019UJCEFFS d\u00e9bute sa campagne de soutien scolaire pour les filles orphelines et vuln\u00e9rables"}]},{"@type":"WebSite","@id":"https:\/\/www.africa-press.net\/tchad\/#website","url":"https:\/\/www.africa-press.net\/tchad\/","name":"tchad","description":"Just another Africa News Agency Sites site","potentialAction":[{"@type":"SearchAction","target":{"@type":"EntryPoint","urlTemplate":"https:\/\/www.africa-press.net\/tchad\/?s={search_term_string}"},"query-input":{"@type":"PropertyValueSpecification","valueRequired":true,"valueName":"search_term_string"}}],"inLanguage":"fr-FR"},{"@type":"Person","@id":"https:\/\/www.africa-press.net\/tchad\/#\/schema\/person\/2b1cf3cd81a31e3cd26889ca66d677f1","name":"cfeditorfr"}]}},"_links":{"self":[{"href":"https:\/\/www.africa-press.net\/tchad\/wp-json\/wp\/v2\/posts\/53885","targetHints":{"allow":["GET"]}}],"collection":[{"href":"https:\/\/www.africa-press.net\/tchad\/wp-json\/wp\/v2\/posts"}],"about":[{"href":"https:\/\/www.africa-press.net\/tchad\/wp-json\/wp\/v2\/types\/post"}],"author":[{"embeddable":true,"href":"https:\/\/www.africa-press.net\/tchad\/wp-json\/wp\/v2\/users\/82"}],"replies":[{"embeddable":true,"href":"https:\/\/www.africa-press.net\/tchad\/wp-json\/wp\/v2\/comments?post=53885"}],"version-history":[{"count":0,"href":"https:\/\/www.africa-press.net\/tchad\/wp-json\/wp\/v2\/posts\/53885\/revisions"}],"wp:featuredmedia":[{"embeddable":true,"href":"https:\/\/www.africa-press.net\/tchad\/wp-json\/wp\/v2\/media\/53884"}],"wp:attachment":[{"href":"https:\/\/www.africa-press.net\/tchad\/wp-json\/wp\/v2\/media?parent=53885"}],"wp:term":[{"taxonomy":"category","embeddable":true,"href":"https:\/\/www.africa-press.net\/tchad\/wp-json\/wp\/v2\/categories?post=53885"},{"taxonomy":"post_tag","embeddable":true,"href":"https:\/\/www.africa-press.net\/tchad\/wp-json\/wp\/v2\/tags?post=53885"}],"curies":[{"name":"wp","href":"https:\/\/api.w.org\/{rel}","templated":true}]}}