{"id":53887,"date":"2023-11-12T18:30:01","date_gmt":"2023-11-12T18:30:01","guid":{"rendered":"https:\/\/www.africa-press.net\/tchad\/politique\/tahir-oloy-hassan-se-lance-dans-la-course-a-la-presidence-de-la-ftfa"},"modified":"2023-11-12T18:49:05","modified_gmt":"2023-11-12T18:49:05","slug":"tahir-oloy-hassan-se-lance-dans-la-course-a-la-presidence-de-la-ftfa","status":"publish","type":"post","link":"https:\/\/www.africa-press.net\/tchad\/sports\/tahir-oloy-hassan-se-lance-dans-la-course-a-la-presidence-de-la-ftfa","title":{"rendered":"Tahir Oloy Hassan se lance dans la course \u00e0 la Pr\u00e9sidence de la FTFA"},"content":{"rendered":"<p><span style=\"color: #ff6600\"><strong>Africa-Press &#8211; Tchad. <\/strong><\/span>Lors d&rsquo;un point de presse ce samedi 11 novembre 2023 au Radisson Blu, Tahir Oloy Hassan a officiellement de\u0301pose\u0301 sa candidature pour la pre\u0301sidence de la Fe\u0301de\u0301ration Tchadienne de Football Association (FTFA), rejoignant ainsi Wang Louana Foullah Ibrahim dans cette course. Tahir Oloy Hassan s\u2019est exprime\u0301 sur ses motivations : \u00ab\u00a0Notre football est actuellement dans une situation de\u0301sastreuse qui a entrai\u0302ne\u0301 un cycle ne\u0301gatif. Nous observons un manque de re\u0301sultats a\u0300 tous les niveaux et dans toutes les cate\u0301gories, ce qui a re\u0301duit l&rsquo;engouement du public tchadien pour ce sport.<\/p>\n<p>Le football tchadien souffre d&rsquo;un manque de vision et de leadership, d&rsquo;une gestion chaotique, d&rsquo;un de\u0301ficit de formation et d&rsquo;encadrement des acteurs, ainsi que d&rsquo;un manque de moyens conse\u0301quents.<\/p>\n<p>Pour relancer le football tchadien, il est ne\u0301cessaire de mettre en \u0153uvre des actions e\u0301nergiques et un management efficace, appuye\u0301s par une e\u0301quipe nouvelle et dynamique, de\u0301barrasse\u0301e des de\u0301fauts et vices qui ont plonge\u0301 notre football dans l&rsquo;obscurite\u0301.<\/p>\n<p>Notre candidature vise a\u0300 refonder le football tchadien et a\u0300 redonner espoir aux amateurs de football. Un diagnostic approfondi de l&rsquo;e\u0301tat actuel de notre football est essentiel pour apporter les solutions ne\u0301cessaires a\u0300 son rayonnement.<\/p>\n<p>Nous restons sereins et confiants quant a\u0300 la validation de notre liste par la commission e\u0301lectorale. Nous reviendrons ulte\u0301rieurement pour de\u0301tailler notre programme de de\u0301veloppement du football, base\u0301 sur une nouvelle vision manage\u0301riale\u00a0\u00bb, a-t-il conclu.<\/p>\n<p><strong>Pour plus d&rsquo;informations et d&rsquo;analyses sur la <a href=\"https:\/\/www.africa-press.net\/tchad\">Tchad<\/a>, suivez <a href=\"https:\/\/www.africa-press.net\/\">Africa-Press<\/a><\/strong><\/p>\n","protected":false},"excerpt":{"rendered":"<p>Africa-Press &#8211; Tchad. Lors d&rsquo;un point de presse ce samedi 11 novembre 2023 au Radisson Blu, Tahir Oloy Hassan a officiellement de\u0301pose\u0301 sa candidature pour la pre\u0301sidence de la Fe\u0301de\u0301ration Tchadienne de Football Association (FTFA), rejoignant ainsi Wang Louana Foullah Ibrahim dans cette course. Tahir Oloy Hassan s\u2019est exprime\u0301 sur ses motivations : \u00ab\u00a0Notre football [&hellip;]<\/p>\n","protected":false},"author":82,"featured_media":53886,"comment_status":"open","ping_status":"closed","sticky":false,"template":"","format":"standard","meta":{"footnotes":""},"categories":[6,10],"tags":[37,292,29],"class_list":["post-53887","post","type-post","status-publish","format-standard","has-post-thumbnail","hentry","category-sports","category-toutes-les-actualites","tag-africa-press","tag-africa-press-tchad","tag-tchad"],"yoast_head":"<!-- This site is optimized with the Yoast SEO Premium plugin v26.1 (Yoast SEO v27.0) - https:\/\/yoast.com\/product\/yoast-seo-premium-wordpress\/ -->\n<title>Tahir Oloy Hassan se lance dans la course \u00e0 la Pr\u00e9sidence de la FTFA - tchad<\/title>\n<meta name=\"description\" content=\"Lors d&#039;un point de presse ce samedi 11 novembre 2023 au Radisson Blu, Tahir Oloy Hassan a officiellement de\u0301pose\u0301 sa can ...\" \/>\n<meta name=\"robots\" content=\"index, follow, max-snippet:-1, max-image-preview:large, max-video-preview:-1\" \/>\n<link rel=\"canonical\" href=\"https:\/\/www.africa-press.net\/tchad\/sports\/tahir-oloy-hassan-se-lance-dans-la-course-a-la-presidence-de-la-ftfa\" \/>\n<meta property=\"og:locale\" content=\"fr_FR\" \/>\n<meta property=\"og:type\" content=\"article\" \/>\n<meta property=\"og:title\" content=\"Tahir Oloy Hassan se lance dans la course \u00e0 la Pr\u00e9sidence de la FTFA\" \/>\n<meta property=\"og:description\" content=\"Lors d&#039;un point de presse ce samedi 11 novembre 2023 au Radisson Blu, Tahir Oloy Hassan a officiellement de\u0301pose\u0301 sa can ...\" \/>\n<meta property=\"og:url\" content=\"https:\/\/www.africa-press.net\/tchad\/sports\/tahir-oloy-hassan-se-lance-dans-la-course-a-la-presidence-de-la-ftfa\" \/>\n<meta property=\"og:site_name\" content=\"tchad\" \/>\n<meta property=\"article:published_time\" content=\"2023-11-12T18:30:01+00:00\" \/>\n<meta property=\"article:modified_time\" content=\"2023-11-12T18:49:05+00:00\" \/>\n<meta property=\"og:image\" content=\"https:\/\/static.africa-press.net\/tchad\/sites\/41\/2023\/11\/sm_1699802131.417691.jpg\" \/>\n\t<meta property=\"og:image:width\" content=\"960\" \/>\n\t<meta property=\"og:image:height\" content=\"640\" \/>\n\t<meta property=\"og:image:type\" content=\"image\/jpeg\" \/>\n<meta name=\"author\" content=\"cfeditorfr\" \/>\n<meta name=\"twitter:card\" content=\"summary_large_image\" \/>\n<meta name=\"twitter:label1\" content=\"\u00c9crit par\" \/>\n\t<meta name=\"twitter:data1\" content=\"cfeditorfr\" \/>\n\t<meta name=\"twitter:label2\" content=\"Dur\u00e9e de lecture estim\u00e9e\" \/>\n\t<meta name=\"twitter:data2\" content=\"2 minutes\" \/>\n<script type=\"application\/ld+json\" class=\"yoast-schema-graph\">{\"@context\":\"https:\/\/schema.org\",\"@graph\":[{\"@type\":\"Article\",\"@id\":\"https:\/\/www.africa-press.net\/tchad\/sports\/tahir-oloy-hassan-se-lance-dans-la-course-a-la-presidence-de-la-ftfa#article\",\"isPartOf\":{\"@id\":\"https:\/\/www.africa-press.net\/tchad\/sports\/tahir-oloy-hassan-se-lance-dans-la-course-a-la-presidence-de-la-ftfa\"},\"author\":{\"name\":\"cfeditorfr\",\"@id\":\"https:\/\/www.africa-press.net\/tchad\/#\/schema\/person\/2b1cf3cd81a31e3cd26889ca66d677f1\"},\"headline\":\"Tahir Oloy Hassan se lance dans la course \u00e0 la Pr\u00e9sidence de la FTFA\",\"datePublished\":\"2023-11-12T18:30:01+00:00\",\"dateModified\":\"2023-11-12T18:49:05+00:00\",\"mainEntityOfPage\":{\"@id\":\"https:\/\/www.africa-press.net\/tchad\/sports\/tahir-oloy-hassan-se-lance-dans-la-course-a-la-presidence-de-la-ftfa\"},\"wordCount\":289,\"commentCount\":0,\"image\":{\"@id\":\"https:\/\/www.africa-press.net\/tchad\/sports\/tahir-oloy-hassan-se-lance-dans-la-course-a-la-presidence-de-la-ftfa#primaryimage\"},\"thumbnailUrl\":\"https:\/\/static.africa-press.net\/tchad\/sites\/41\/2023\/11\/sm_1699802131.417691.jpg\",\"keywords\":[\"Africa Press\",\"Africa Press-Tchad\",\"Tchad\"],\"articleSection\":[\"Sports\",\"Toutes les actualit\u00e9s\"],\"inLanguage\":\"fr-FR\",\"potentialAction\":[{\"@type\":\"CommentAction\",\"name\":\"Comment\",\"target\":[\"https:\/\/www.africa-press.net\/tchad\/sports\/tahir-oloy-hassan-se-lance-dans-la-course-a-la-presidence-de-la-ftfa#respond\"]}]},{\"@type\":\"WebPage\",\"@id\":\"https:\/\/www.africa-press.net\/tchad\/sports\/tahir-oloy-hassan-se-lance-dans-la-course-a-la-presidence-de-la-ftfa\",\"url\":\"https:\/\/www.africa-press.net\/tchad\/sports\/tahir-oloy-hassan-se-lance-dans-la-course-a-la-presidence-de-la-ftfa\",\"name\":\"Tahir Oloy Hassan se lance dans la course \u00e0 la Pr\u00e9sidence de la FTFA - tchad\",\"isPartOf\":{\"@id\":\"https:\/\/www.africa-press.net\/tchad\/#website\"},\"primaryImageOfPage\":{\"@id\":\"https:\/\/www.africa-press.net\/tchad\/sports\/tahir-oloy-hassan-se-lance-dans-la-course-a-la-presidence-de-la-ftfa#primaryimage\"},\"image\":{\"@id\":\"https:\/\/www.africa-press.net\/tchad\/sports\/tahir-oloy-hassan-se-lance-dans-la-course-a-la-presidence-de-la-ftfa#primaryimage\"},\"thumbnailUrl\":\"https:\/\/static.africa-press.net\/tchad\/sites\/41\/2023\/11\/sm_1699802131.417691.jpg\",\"datePublished\":\"2023-11-12T18:30:01+00:00\",\"dateModified\":\"2023-11-12T18:49:05+00:00\",\"author\":{\"@id\":\"https:\/\/www.africa-press.net\/tchad\/#\/schema\/person\/2b1cf3cd81a31e3cd26889ca66d677f1\"},\"description\":\"Lors d'un point de presse ce samedi 11 novembre 2023 au Radisson Blu, Tahir Oloy Hassan a officiellement de\u0301pose\u0301 sa can ...\",\"breadcrumb\":{\"@id\":\"https:\/\/www.africa-press.net\/tchad\/sports\/tahir-oloy-hassan-se-lance-dans-la-course-a-la-presidence-de-la-ftfa#breadcrumb\"},\"inLanguage\":\"fr-FR\",\"potentialAction\":[{\"@type\":\"ReadAction\",\"target\":[\"https:\/\/www.africa-press.net\/tchad\/sports\/tahir-oloy-hassan-se-lance-dans-la-course-a-la-presidence-de-la-ftfa\"]}]},{\"@type\":\"ImageObject\",\"inLanguage\":\"fr-FR\",\"@id\":\"https:\/\/www.africa-press.net\/tchad\/sports\/tahir-oloy-hassan-se-lance-dans-la-course-a-la-presidence-de-la-ftfa#primaryimage\",\"url\":\"https:\/\/static.africa-press.net\/tchad\/sites\/41\/2023\/11\/sm_1699802131.417691.jpg\",\"contentUrl\":\"https:\/\/static.africa-press.net\/tchad\/sites\/41\/2023\/11\/sm_1699802131.417691.jpg\",\"width\":960,\"height\":640,\"caption\":\"Tahir Oloy Hassan se lance dans la course \u00e0 la Pr\u00e9sidence de la FTFA\"},{\"@type\":\"BreadcrumbList\",\"@id\":\"https:\/\/www.africa-press.net\/tchad\/sports\/tahir-oloy-hassan-se-lance-dans-la-course-a-la-presidence-de-la-ftfa#breadcrumb\",\"itemListElement\":[{\"@type\":\"ListItem\",\"position\":1,\"name\":\"Accueil\",\"item\":\"https:\/\/www.africa-press.net\/tchad\/\"},{\"@type\":\"ListItem\",\"position\":2,\"name\":\"Tahir Oloy Hassan se lance dans la course \u00e0 la Pr\u00e9sidence de la FTFA\"}]},{\"@type\":\"WebSite\",\"@id\":\"https:\/\/www.africa-press.net\/tchad\/#website\",\"url\":\"https:\/\/www.africa-press.net\/tchad\/\",\"name\":\"tchad\",\"description\":\"Just another Africa News Agency Sites site\",\"potentialAction\":[{\"@type\":\"SearchAction\",\"target\":{\"@type\":\"EntryPoint\",\"urlTemplate\":\"https:\/\/www.africa-press.net\/tchad\/?s={search_term_string}\"},\"query-input\":{\"@type\":\"PropertyValueSpecification\",\"valueRequired\":true,\"valueName\":\"search_term_string\"}}],\"inLanguage\":\"fr-FR\"},{\"@type\":\"Person\",\"@id\":\"https:\/\/www.africa-press.net\/tchad\/#\/schema\/person\/2b1cf3cd81a31e3cd26889ca66d677f1\",\"name\":\"cfeditorfr\"}]}<\/script>\n<!-- \/ Yoast SEO Premium plugin. -->","yoast_head_json":{"title":"Tahir Oloy Hassan se lance dans la course \u00e0 la Pr\u00e9sidence de la FTFA - tchad","description":"Lors d'un point de presse ce samedi 11 novembre 2023 au Radisson Blu, Tahir Oloy Hassan a officiellement de\u0301pose\u0301 sa can ...","robots":{"index":"index","follow":"follow","max-snippet":"max-snippet:-1","max-image-preview":"max-image-preview:large","max-video-preview":"max-video-preview:-1"},"canonical":"https:\/\/www.africa-press.net\/tchad\/sports\/tahir-oloy-hassan-se-lance-dans-la-course-a-la-presidence-de-la-ftfa","og_locale":"fr_FR","og_type":"article","og_title":"Tahir Oloy Hassan se lance dans la course \u00e0 la Pr\u00e9sidence de la FTFA","og_description":"Lors d'un point de presse ce samedi 11 novembre 2023 au Radisson Blu, Tahir Oloy Hassan a officiellement de\u0301pose\u0301 sa can ...","og_url":"https:\/\/www.africa-press.net\/tchad\/sports\/tahir-oloy-hassan-se-lance-dans-la-course-a-la-presidence-de-la-ftfa","og_site_name":"tchad","article_published_time":"2023-11-12T18:30:01+00:00","article_modified_time":"2023-11-12T18:49:05+00:00","og_image":[{"width":960,"height":640,"url":"https:\/\/static.africa-press.net\/tchad\/sites\/41\/2023\/11\/sm_1699802131.417691.jpg","type":"image\/jpeg"}],"author":"cfeditorfr","twitter_card":"summary_large_image","twitter_misc":{"\u00c9crit par":"cfeditorfr","Dur\u00e9e de lecture estim\u00e9e":"2 minutes"},"schema":{"@context":"https:\/\/schema.org","@graph":[{"@type":"Article","@id":"https:\/\/www.africa-press.net\/tchad\/sports\/tahir-oloy-hassan-se-lance-dans-la-course-a-la-presidence-de-la-ftfa#article","isPartOf":{"@id":"https:\/\/www.africa-press.net\/tchad\/sports\/tahir-oloy-hassan-se-lance-dans-la-course-a-la-presidence-de-la-ftfa"},"author":{"name":"cfeditorfr","@id":"https:\/\/www.africa-press.net\/tchad\/#\/schema\/person\/2b1cf3cd81a31e3cd26889ca66d677f1"},"headline":"Tahir Oloy Hassan se lance dans la course \u00e0 la Pr\u00e9sidence de la FTFA","datePublished":"2023-11-12T18:30:01+00:00","dateModified":"2023-11-12T18:49:05+00:00","mainEntityOfPage":{"@id":"https:\/\/www.africa-press.net\/tchad\/sports\/tahir-oloy-hassan-se-lance-dans-la-course-a-la-presidence-de-la-ftfa"},"wordCount":289,"commentCount":0,"image":{"@id":"https:\/\/www.africa-press.net\/tchad\/sports\/tahir-oloy-hassan-se-lance-dans-la-course-a-la-presidence-de-la-ftfa#primaryimage"},"thumbnailUrl":"https:\/\/static.africa-press.net\/tchad\/sites\/41\/2023\/11\/sm_1699802131.417691.jpg","keywords":["Africa Press","Africa Press-Tchad","Tchad"],"articleSection":["Sports","Toutes les actualit\u00e9s"],"inLanguage":"fr-FR","potentialAction":[{"@type":"CommentAction","name":"Comment","target":["https:\/\/www.africa-press.net\/tchad\/sports\/tahir-oloy-hassan-se-lance-dans-la-course-a-la-presidence-de-la-ftfa#respond"]}]},{"@type":"WebPage","@id":"https:\/\/www.africa-press.net\/tchad\/sports\/tahir-oloy-hassan-se-lance-dans-la-course-a-la-presidence-de-la-ftfa","url":"https:\/\/www.africa-press.net\/tchad\/sports\/tahir-oloy-hassan-se-lance-dans-la-course-a-la-presidence-de-la-ftfa","name":"Tahir Oloy Hassan se lance dans la course \u00e0 la Pr\u00e9sidence de la FTFA - tchad","isPartOf":{"@id":"https:\/\/www.africa-press.net\/tchad\/#website"},"primaryImageOfPage":{"@id":"https:\/\/www.africa-press.net\/tchad\/sports\/tahir-oloy-hassan-se-lance-dans-la-course-a-la-presidence-de-la-ftfa#primaryimage"},"image":{"@id":"https:\/\/www.africa-press.net\/tchad\/sports\/tahir-oloy-hassan-se-lance-dans-la-course-a-la-presidence-de-la-ftfa#primaryimage"},"thumbnailUrl":"https:\/\/static.africa-press.net\/tchad\/sites\/41\/2023\/11\/sm_1699802131.417691.jpg","datePublished":"2023-11-12T18:30:01+00:00","dateModified":"2023-11-12T18:49:05+00:00","author":{"@id":"https:\/\/www.africa-press.net\/tchad\/#\/schema\/person\/2b1cf3cd81a31e3cd26889ca66d677f1"},"description":"Lors d'un point de presse ce samedi 11 novembre 2023 au Radisson Blu, Tahir Oloy Hassan a officiellement de\u0301pose\u0301 sa can ...","breadcrumb":{"@id":"https:\/\/www.africa-press.net\/tchad\/sports\/tahir-oloy-hassan-se-lance-dans-la-course-a-la-presidence-de-la-ftfa#breadcrumb"},"inLanguage":"fr-FR","potentialAction":[{"@type":"ReadAction","target":["https:\/\/www.africa-press.net\/tchad\/sports\/tahir-oloy-hassan-se-lance-dans-la-course-a-la-presidence-de-la-ftfa"]}]},{"@type":"ImageObject","inLanguage":"fr-FR","@id":"https:\/\/www.africa-press.net\/tchad\/sports\/tahir-oloy-hassan-se-lance-dans-la-course-a-la-presidence-de-la-ftfa#primaryimage","url":"https:\/\/static.africa-press.net\/tchad\/sites\/41\/2023\/11\/sm_1699802131.417691.jpg","contentUrl":"https:\/\/static.africa-press.net\/tchad\/sites\/41\/2023\/11\/sm_1699802131.417691.jpg","width":960,"height":640,"caption":"Tahir Oloy Hassan se lance dans la course \u00e0 la Pr\u00e9sidence de la FTFA"},{"@type":"BreadcrumbList","@id":"https:\/\/www.africa-press.net\/tchad\/sports\/tahir-oloy-hassan-se-lance-dans-la-course-a-la-presidence-de-la-ftfa#breadcrumb","itemListElement":[{"@type":"ListItem","position":1,"name":"Accueil","item":"https:\/\/www.africa-press.net\/tchad\/"},{"@type":"ListItem","position":2,"name":"Tahir Oloy Hassan se lance dans la course \u00e0 la Pr\u00e9sidence de la FTFA"}]},{"@type":"WebSite","@id":"https:\/\/www.africa-press.net\/tchad\/#website","url":"https:\/\/www.africa-press.net\/tchad\/","name":"tchad","description":"Just another Africa News Agency Sites site","potentialAction":[{"@type":"SearchAction","target":{"@type":"EntryPoint","urlTemplate":"https:\/\/www.africa-press.net\/tchad\/?s={search_term_string}"},"query-input":{"@type":"PropertyValueSpecification","valueRequired":true,"valueName":"search_term_string"}}],"inLanguage":"fr-FR"},{"@type":"Person","@id":"https:\/\/www.africa-press.net\/tchad\/#\/schema\/person\/2b1cf3cd81a31e3cd26889ca66d677f1","name":"cfeditorfr"}]}},"_links":{"self":[{"href":"https:\/\/www.africa-press.net\/tchad\/wp-json\/wp\/v2\/posts\/53887","targetHints":{"allow":["GET"]}}],"collection":[{"href":"https:\/\/www.africa-press.net\/tchad\/wp-json\/wp\/v2\/posts"}],"about":[{"href":"https:\/\/www.africa-press.net\/tchad\/wp-json\/wp\/v2\/types\/post"}],"author":[{"embeddable":true,"href":"https:\/\/www.africa-press.net\/tchad\/wp-json\/wp\/v2\/users\/82"}],"replies":[{"embeddable":true,"href":"https:\/\/www.africa-press.net\/tchad\/wp-json\/wp\/v2\/comments?post=53887"}],"version-history":[{"count":0,"href":"https:\/\/www.africa-press.net\/tchad\/wp-json\/wp\/v2\/posts\/53887\/revisions"}],"wp:featuredmedia":[{"embeddable":true,"href":"https:\/\/www.africa-press.net\/tchad\/wp-json\/wp\/v2\/media\/53886"}],"wp:attachment":[{"href":"https:\/\/www.africa-press.net\/tchad\/wp-json\/wp\/v2\/media?parent=53887"}],"wp:term":[{"taxonomy":"category","embeddable":true,"href":"https:\/\/www.africa-press.net\/tchad\/wp-json\/wp\/v2\/categories?post=53887"},{"taxonomy":"post_tag","embeddable":true,"href":"https:\/\/www.africa-press.net\/tchad\/wp-json\/wp\/v2\/tags?post=53887"}],"curies":[{"name":"wp","href":"https:\/\/api.w.org\/{rel}","templated":true}]}}