{"id":53897,"date":"2023-11-12T19:42:23","date_gmt":"2023-11-12T19:42:23","guid":{"rendered":"https:\/\/www.africa-press.net\/tchad\/politique\/cooperation-pourquoi-des-soldats-hongrois-seront-deployes-au-tchad"},"modified":"2023-11-12T19:45:22","modified_gmt":"2023-11-12T19:45:22","slug":"cooperation-pourquoi-des-soldats-hongrois-seront-deployes-au-tchad","status":"publish","type":"post","link":"https:\/\/www.africa-press.net\/tchad\/dossiers\/cooperation-pourquoi-des-soldats-hongrois-seront-deployes-au-tchad","title":{"rendered":"Coop\u00e9ration : pourquoi des soldats hongrois seront d\u00e9ploy\u00e9s au Tchad?"},"content":{"rendered":"<p><span style=\"color: #ff6600\"><strong>Africa-Press &#8211; Tchad. <\/strong><\/span>Un contingent de 400 militaires hongrois va e\u0302tre de\u0301ploye\u0301 a\u0300 partir de mars 2024 au Tchad, a annonce\u0301 le ministe\u0300re hongrois de la De\u0301fense. Une nouvelle qui a pris de court des Tchadiens qui se demandent ce que viennent faire des soldats hongrois au pays de Toumai\u0308. Si a\u0300 premie\u0300re vue, l\u2019on ne voit que le co\u0302te\u0301 se\u0301curite\u0301, il y a les aspects diplomatique et humanitaire a\u0300 ne pas ignore\u0301s. Analyse.<\/p>\n<p>Le Parlement hongrois a en effet donne\u0301 son feu vert le 6 novembre pour le de\u0301ploiement d\u2019un contingent militaire au Tchad, a\u0300 la suite d\u2019une re\u0301solution pre\u0301sente\u0301e le 25 octobre dernier par le ministre de la De\u0301fense hongrois Kristof Szalay-Bobrovniczky. A l\u2019issue de l\u2019adoption de la re\u0301solution par le Parlement, le ministre a annonce\u0301 le de\u0301ploiement effectif de 200 a\u0300 400 militaires hongrois sur le territoire tchadien d\u2019ici mars 2024, pour contribuer a\u0300 la lutte contre le terrorisme et apporter une assistance e\u0301conomique et humanitaire. Le contingent hongrois, de\u0301ploye\u0301 par rotation, pourrait rester jusqu\u2019au 31 de\u0301cembre 2025.<\/p>\n<p>D\u2019apre\u0300s le ministe\u0300re hongrois de la De\u0301fense, la mobilisation de ce contingent serait a\u0300 la demande des autorite\u0301s tchadiennes de transition et interviendrait dans le cadre du renforcement des accords de coope\u0301ration conjoints entre le Tchad et la Hongrie, notamment autour des volets diplomatique, humanitaire et de de\u0301fense. Le Pre\u0301sident de la transition, Mahamat Idriss De\u0301by, aurait adresse\u0301 en ce sens une lettre a\u0300 son homologue hongrois en septembre dernier.<\/p>\n<p>Le ministe\u0300re hongrois de la de\u0301fense a communique\u0301 sur les 3 objectifs principaux de ce contingent : soutenir son partenaire tchadien dans le cadre de la lutte antiterroriste, contribuer a\u0300 l\u2019arre\u0302t des migrations afin de participer a\u0300 la stabilisation du Tchad et de ses re\u0301gions voisines, et aider a\u0300 la mise en place d\u2019un cadre ope\u0301rationnel pour le programme \u00ab Hungary Helps \u00bb, programme gouvernemental a\u0300 but non lucratif implique\u0301 dans des actions d\u2019assistance humanitaire internationale. L\u2019aide humanitaire fournie par \u00ab Hungary Helps \u00bb aurait permis d\u2019aider 500 000 be\u0301ne\u0301ficiaires depuis sa cre\u0301ation en 2019. D\u2019apre\u0300s une source hongroise interroge\u0301e par APAnews (Agence de Presse Africaine), le Tchad est, pour le moment, le seul Etat stable du Sahel. C\u2019est pourquoi le gouvernement hongrois a accepte\u0301 la mise en place d\u2019un \u00ab programme d\u2019assistance complexe comprenant des e\u0301le\u0301ments e\u0301conomiques, humanitaires et sociaux \u00bb, d\u2019apre\u0300s le ministre de la De\u0301fense Szalay-Bobrovniczky, afin d\u2019aider les autorite\u0301s tchadiennes a\u0300 pe\u0301renniser durablement la stabilite\u0301 du pays.<\/p>\n<p>Pour ce qui est de la coope\u0301ration militaire tchado-hongroise, le ministre de la De\u0301fense pre\u0301voit la mise a\u0300 disposition de moyens techniques, d\u2019armes et d\u2019e\u0301quipements ne\u0301cessaires aux militaires tchadiens, pour fournir des services de conseil, soutien et encadrement en matie\u0300re d\u2019ope\u0301rations militaires sur demande expresse du gouvernement de la transition. Ces accords pre\u0301figurent d\u2019un renforcement certain de la coope\u0301ration bilate\u0301rale entre le Tchad et son partenaire europe\u0301en.<\/p>\n<p><strong>Pour plus d&rsquo;informations et d&rsquo;analyses sur la <a href=\"https:\/\/www.africa-press.net\/tchad\">Tchad<\/a>, suivez <a href=\"https:\/\/www.africa-press.net\/\">Africa-Press<\/a><\/strong><\/p>\n","protected":false},"excerpt":{"rendered":"<p>Africa-Press &#8211; Tchad. Un contingent de 400 militaires hongrois va e\u0302tre de\u0301ploye\u0301 a\u0300 partir de mars 2024 au Tchad, a annonce\u0301 le ministe\u0300re hongrois de la De\u0301fense. Une nouvelle qui a pris de court des Tchadiens qui se demandent ce que viennent faire des soldats hongrois au pays de Toumai\u0308. Si a\u0300 premie\u0300re vue, l\u2019on [&hellip;]<\/p>\n","protected":false},"author":82,"featured_media":53896,"comment_status":"open","ping_status":"closed","sticky":false,"template":"","format":"standard","meta":{"footnotes":""},"categories":[7,20,10],"tags":[37,292,29],"class_list":["post-53897","post","type-post","status-publish","format-standard","has-post-thumbnail","hentry","category-dossiers","category-top-nouvelles","category-toutes-les-actualites","tag-africa-press","tag-africa-press-tchad","tag-tchad"],"yoast_head":"<!-- This site is optimized with the Yoast SEO Premium plugin v26.1 (Yoast SEO v27.0) - https:\/\/yoast.com\/product\/yoast-seo-premium-wordpress\/ -->\n<title>Coop\u00e9ration : pourquoi des soldats hongrois seront d\u00e9ploy\u00e9s au Tchad? - tchad<\/title>\n<meta name=\"description\" content=\"Un contingent de 400 militaires hongrois va e\u0302tre de\u0301ploye\u0301 a\u0300 partir de mars 2024 au Tchad, a annonce\u0301 le ministe\u0300re ho ...\" \/>\n<meta name=\"robots\" content=\"index, follow, max-snippet:-1, max-image-preview:large, max-video-preview:-1\" \/>\n<link rel=\"canonical\" href=\"https:\/\/www.africa-press.net\/tchad\/dossiers\/cooperation-pourquoi-des-soldats-hongrois-seront-deployes-au-tchad\" \/>\n<meta property=\"og:locale\" content=\"fr_FR\" \/>\n<meta property=\"og:type\" content=\"article\" \/>\n<meta property=\"og:title\" content=\"Coop\u00e9ration : pourquoi des soldats hongrois seront d\u00e9ploy\u00e9s au Tchad?\" \/>\n<meta property=\"og:description\" content=\"Un contingent de 400 militaires hongrois va e\u0302tre de\u0301ploye\u0301 a\u0300 partir de mars 2024 au Tchad, a annonce\u0301 le ministe\u0300re ho ...\" \/>\n<meta property=\"og:url\" content=\"https:\/\/www.africa-press.net\/tchad\/dossiers\/cooperation-pourquoi-des-soldats-hongrois-seront-deployes-au-tchad\" \/>\n<meta property=\"og:site_name\" content=\"tchad\" \/>\n<meta property=\"article:published_time\" content=\"2023-11-12T19:42:23+00:00\" \/>\n<meta property=\"article:modified_time\" content=\"2023-11-12T19:45:22+00:00\" \/>\n<meta property=\"og:image\" content=\"https:\/\/static.africa-press.net\/tchad\/sites\/41\/2023\/11\/sm_1699805675.415577.jpg\" \/>\n\t<meta property=\"og:image:width\" content=\"1024\" \/>\n\t<meta property=\"og:image:height\" content=\"675\" \/>\n\t<meta property=\"og:image:type\" content=\"image\/jpeg\" \/>\n<meta name=\"author\" content=\"cfeditorfr\" \/>\n<meta name=\"twitter:card\" content=\"summary_large_image\" \/>\n<meta name=\"twitter:label1\" content=\"\u00c9crit par\" \/>\n\t<meta name=\"twitter:data1\" content=\"cfeditorfr\" \/>\n\t<meta name=\"twitter:label2\" content=\"Dur\u00e9e de lecture estim\u00e9e\" \/>\n\t<meta name=\"twitter:data2\" content=\"3 minutes\" \/>\n<script type=\"application\/ld+json\" class=\"yoast-schema-graph\">{\"@context\":\"https:\/\/schema.org\",\"@graph\":[{\"@type\":\"Article\",\"@id\":\"https:\/\/www.africa-press.net\/tchad\/dossiers\/cooperation-pourquoi-des-soldats-hongrois-seront-deployes-au-tchad#article\",\"isPartOf\":{\"@id\":\"https:\/\/www.africa-press.net\/tchad\/dossiers\/cooperation-pourquoi-des-soldats-hongrois-seront-deployes-au-tchad\"},\"author\":{\"name\":\"cfeditorfr\",\"@id\":\"https:\/\/www.africa-press.net\/tchad\/#\/schema\/person\/2b1cf3cd81a31e3cd26889ca66d677f1\"},\"headline\":\"Coop\u00e9ration : pourquoi des soldats hongrois seront d\u00e9ploy\u00e9s au Tchad?\",\"datePublished\":\"2023-11-12T19:42:23+00:00\",\"dateModified\":\"2023-11-12T19:45:22+00:00\",\"mainEntityOfPage\":{\"@id\":\"https:\/\/www.africa-press.net\/tchad\/dossiers\/cooperation-pourquoi-des-soldats-hongrois-seront-deployes-au-tchad\"},\"wordCount\":550,\"commentCount\":0,\"image\":{\"@id\":\"https:\/\/www.africa-press.net\/tchad\/dossiers\/cooperation-pourquoi-des-soldats-hongrois-seront-deployes-au-tchad#primaryimage\"},\"thumbnailUrl\":\"https:\/\/static.africa-press.net\/tchad\/sites\/41\/2023\/11\/sm_1699805675.415577.jpg\",\"keywords\":[\"Africa Press\",\"Africa Press-Tchad\",\"Tchad\"],\"articleSection\":[\"Dossiers\",\"Top Nouvelles\",\"Toutes les actualit\u00e9s\"],\"inLanguage\":\"fr-FR\",\"potentialAction\":[{\"@type\":\"CommentAction\",\"name\":\"Comment\",\"target\":[\"https:\/\/www.africa-press.net\/tchad\/dossiers\/cooperation-pourquoi-des-soldats-hongrois-seront-deployes-au-tchad#respond\"]}]},{\"@type\":\"WebPage\",\"@id\":\"https:\/\/www.africa-press.net\/tchad\/dossiers\/cooperation-pourquoi-des-soldats-hongrois-seront-deployes-au-tchad\",\"url\":\"https:\/\/www.africa-press.net\/tchad\/dossiers\/cooperation-pourquoi-des-soldats-hongrois-seront-deployes-au-tchad\",\"name\":\"Coop\u00e9ration : pourquoi des soldats hongrois seront d\u00e9ploy\u00e9s au Tchad? - tchad\",\"isPartOf\":{\"@id\":\"https:\/\/www.africa-press.net\/tchad\/#website\"},\"primaryImageOfPage\":{\"@id\":\"https:\/\/www.africa-press.net\/tchad\/dossiers\/cooperation-pourquoi-des-soldats-hongrois-seront-deployes-au-tchad#primaryimage\"},\"image\":{\"@id\":\"https:\/\/www.africa-press.net\/tchad\/dossiers\/cooperation-pourquoi-des-soldats-hongrois-seront-deployes-au-tchad#primaryimage\"},\"thumbnailUrl\":\"https:\/\/static.africa-press.net\/tchad\/sites\/41\/2023\/11\/sm_1699805675.415577.jpg\",\"datePublished\":\"2023-11-12T19:42:23+00:00\",\"dateModified\":\"2023-11-12T19:45:22+00:00\",\"author\":{\"@id\":\"https:\/\/www.africa-press.net\/tchad\/#\/schema\/person\/2b1cf3cd81a31e3cd26889ca66d677f1\"},\"description\":\"Un contingent de 400 militaires hongrois va e\u0302tre de\u0301ploye\u0301 a\u0300 partir de mars 2024 au Tchad, a annonce\u0301 le ministe\u0300re ho ...\",\"breadcrumb\":{\"@id\":\"https:\/\/www.africa-press.net\/tchad\/dossiers\/cooperation-pourquoi-des-soldats-hongrois-seront-deployes-au-tchad#breadcrumb\"},\"inLanguage\":\"fr-FR\",\"potentialAction\":[{\"@type\":\"ReadAction\",\"target\":[\"https:\/\/www.africa-press.net\/tchad\/dossiers\/cooperation-pourquoi-des-soldats-hongrois-seront-deployes-au-tchad\"]}]},{\"@type\":\"ImageObject\",\"inLanguage\":\"fr-FR\",\"@id\":\"https:\/\/www.africa-press.net\/tchad\/dossiers\/cooperation-pourquoi-des-soldats-hongrois-seront-deployes-au-tchad#primaryimage\",\"url\":\"https:\/\/static.africa-press.net\/tchad\/sites\/41\/2023\/11\/sm_1699805675.415577.jpg\",\"contentUrl\":\"https:\/\/static.africa-press.net\/tchad\/sites\/41\/2023\/11\/sm_1699805675.415577.jpg\",\"width\":1024,\"height\":675,\"caption\":\"Coop\u00e9ration : pourquoi des soldats hongrois seront d\u00e9ploy\u00e9s au Tchad?\"},{\"@type\":\"BreadcrumbList\",\"@id\":\"https:\/\/www.africa-press.net\/tchad\/dossiers\/cooperation-pourquoi-des-soldats-hongrois-seront-deployes-au-tchad#breadcrumb\",\"itemListElement\":[{\"@type\":\"ListItem\",\"position\":1,\"name\":\"Accueil\",\"item\":\"https:\/\/www.africa-press.net\/tchad\/\"},{\"@type\":\"ListItem\",\"position\":2,\"name\":\"Coop\u00e9ration : pourquoi des soldats hongrois seront d\u00e9ploy\u00e9s au Tchad?\"}]},{\"@type\":\"WebSite\",\"@id\":\"https:\/\/www.africa-press.net\/tchad\/#website\",\"url\":\"https:\/\/www.africa-press.net\/tchad\/\",\"name\":\"tchad\",\"description\":\"Just another Africa News Agency Sites site\",\"potentialAction\":[{\"@type\":\"SearchAction\",\"target\":{\"@type\":\"EntryPoint\",\"urlTemplate\":\"https:\/\/www.africa-press.net\/tchad\/?s={search_term_string}\"},\"query-input\":{\"@type\":\"PropertyValueSpecification\",\"valueRequired\":true,\"valueName\":\"search_term_string\"}}],\"inLanguage\":\"fr-FR\"},{\"@type\":\"Person\",\"@id\":\"https:\/\/www.africa-press.net\/tchad\/#\/schema\/person\/2b1cf3cd81a31e3cd26889ca66d677f1\",\"name\":\"cfeditorfr\"}]}<\/script>\n<!-- \/ Yoast SEO Premium plugin. -->","yoast_head_json":{"title":"Coop\u00e9ration : pourquoi des soldats hongrois seront d\u00e9ploy\u00e9s au Tchad? - tchad","description":"Un contingent de 400 militaires hongrois va e\u0302tre de\u0301ploye\u0301 a\u0300 partir de mars 2024 au Tchad, a annonce\u0301 le ministe\u0300re ho ...","robots":{"index":"index","follow":"follow","max-snippet":"max-snippet:-1","max-image-preview":"max-image-preview:large","max-video-preview":"max-video-preview:-1"},"canonical":"https:\/\/www.africa-press.net\/tchad\/dossiers\/cooperation-pourquoi-des-soldats-hongrois-seront-deployes-au-tchad","og_locale":"fr_FR","og_type":"article","og_title":"Coop\u00e9ration : pourquoi des soldats hongrois seront d\u00e9ploy\u00e9s au Tchad?","og_description":"Un contingent de 400 militaires hongrois va e\u0302tre de\u0301ploye\u0301 a\u0300 partir de mars 2024 au Tchad, a annonce\u0301 le ministe\u0300re ho ...","og_url":"https:\/\/www.africa-press.net\/tchad\/dossiers\/cooperation-pourquoi-des-soldats-hongrois-seront-deployes-au-tchad","og_site_name":"tchad","article_published_time":"2023-11-12T19:42:23+00:00","article_modified_time":"2023-11-12T19:45:22+00:00","og_image":[{"width":1024,"height":675,"url":"https:\/\/static.africa-press.net\/tchad\/sites\/41\/2023\/11\/sm_1699805675.415577.jpg","type":"image\/jpeg"}],"author":"cfeditorfr","twitter_card":"summary_large_image","twitter_misc":{"\u00c9crit par":"cfeditorfr","Dur\u00e9e de lecture estim\u00e9e":"3 minutes"},"schema":{"@context":"https:\/\/schema.org","@graph":[{"@type":"Article","@id":"https:\/\/www.africa-press.net\/tchad\/dossiers\/cooperation-pourquoi-des-soldats-hongrois-seront-deployes-au-tchad#article","isPartOf":{"@id":"https:\/\/www.africa-press.net\/tchad\/dossiers\/cooperation-pourquoi-des-soldats-hongrois-seront-deployes-au-tchad"},"author":{"name":"cfeditorfr","@id":"https:\/\/www.africa-press.net\/tchad\/#\/schema\/person\/2b1cf3cd81a31e3cd26889ca66d677f1"},"headline":"Coop\u00e9ration : pourquoi des soldats hongrois seront d\u00e9ploy\u00e9s au Tchad?","datePublished":"2023-11-12T19:42:23+00:00","dateModified":"2023-11-12T19:45:22+00:00","mainEntityOfPage":{"@id":"https:\/\/www.africa-press.net\/tchad\/dossiers\/cooperation-pourquoi-des-soldats-hongrois-seront-deployes-au-tchad"},"wordCount":550,"commentCount":0,"image":{"@id":"https:\/\/www.africa-press.net\/tchad\/dossiers\/cooperation-pourquoi-des-soldats-hongrois-seront-deployes-au-tchad#primaryimage"},"thumbnailUrl":"https:\/\/static.africa-press.net\/tchad\/sites\/41\/2023\/11\/sm_1699805675.415577.jpg","keywords":["Africa Press","Africa Press-Tchad","Tchad"],"articleSection":["Dossiers","Top Nouvelles","Toutes les actualit\u00e9s"],"inLanguage":"fr-FR","potentialAction":[{"@type":"CommentAction","name":"Comment","target":["https:\/\/www.africa-press.net\/tchad\/dossiers\/cooperation-pourquoi-des-soldats-hongrois-seront-deployes-au-tchad#respond"]}]},{"@type":"WebPage","@id":"https:\/\/www.africa-press.net\/tchad\/dossiers\/cooperation-pourquoi-des-soldats-hongrois-seront-deployes-au-tchad","url":"https:\/\/www.africa-press.net\/tchad\/dossiers\/cooperation-pourquoi-des-soldats-hongrois-seront-deployes-au-tchad","name":"Coop\u00e9ration : pourquoi des soldats hongrois seront d\u00e9ploy\u00e9s au Tchad? - tchad","isPartOf":{"@id":"https:\/\/www.africa-press.net\/tchad\/#website"},"primaryImageOfPage":{"@id":"https:\/\/www.africa-press.net\/tchad\/dossiers\/cooperation-pourquoi-des-soldats-hongrois-seront-deployes-au-tchad#primaryimage"},"image":{"@id":"https:\/\/www.africa-press.net\/tchad\/dossiers\/cooperation-pourquoi-des-soldats-hongrois-seront-deployes-au-tchad#primaryimage"},"thumbnailUrl":"https:\/\/static.africa-press.net\/tchad\/sites\/41\/2023\/11\/sm_1699805675.415577.jpg","datePublished":"2023-11-12T19:42:23+00:00","dateModified":"2023-11-12T19:45:22+00:00","author":{"@id":"https:\/\/www.africa-press.net\/tchad\/#\/schema\/person\/2b1cf3cd81a31e3cd26889ca66d677f1"},"description":"Un contingent de 400 militaires hongrois va e\u0302tre de\u0301ploye\u0301 a\u0300 partir de mars 2024 au Tchad, a annonce\u0301 le ministe\u0300re ho ...","breadcrumb":{"@id":"https:\/\/www.africa-press.net\/tchad\/dossiers\/cooperation-pourquoi-des-soldats-hongrois-seront-deployes-au-tchad#breadcrumb"},"inLanguage":"fr-FR","potentialAction":[{"@type":"ReadAction","target":["https:\/\/www.africa-press.net\/tchad\/dossiers\/cooperation-pourquoi-des-soldats-hongrois-seront-deployes-au-tchad"]}]},{"@type":"ImageObject","inLanguage":"fr-FR","@id":"https:\/\/www.africa-press.net\/tchad\/dossiers\/cooperation-pourquoi-des-soldats-hongrois-seront-deployes-au-tchad#primaryimage","url":"https:\/\/static.africa-press.net\/tchad\/sites\/41\/2023\/11\/sm_1699805675.415577.jpg","contentUrl":"https:\/\/static.africa-press.net\/tchad\/sites\/41\/2023\/11\/sm_1699805675.415577.jpg","width":1024,"height":675,"caption":"Coop\u00e9ration : pourquoi des soldats hongrois seront d\u00e9ploy\u00e9s au Tchad?"},{"@type":"BreadcrumbList","@id":"https:\/\/www.africa-press.net\/tchad\/dossiers\/cooperation-pourquoi-des-soldats-hongrois-seront-deployes-au-tchad#breadcrumb","itemListElement":[{"@type":"ListItem","position":1,"name":"Accueil","item":"https:\/\/www.africa-press.net\/tchad\/"},{"@type":"ListItem","position":2,"name":"Coop\u00e9ration : pourquoi des soldats hongrois seront d\u00e9ploy\u00e9s au Tchad?"}]},{"@type":"WebSite","@id":"https:\/\/www.africa-press.net\/tchad\/#website","url":"https:\/\/www.africa-press.net\/tchad\/","name":"tchad","description":"Just another Africa News Agency Sites site","potentialAction":[{"@type":"SearchAction","target":{"@type":"EntryPoint","urlTemplate":"https:\/\/www.africa-press.net\/tchad\/?s={search_term_string}"},"query-input":{"@type":"PropertyValueSpecification","valueRequired":true,"valueName":"search_term_string"}}],"inLanguage":"fr-FR"},{"@type":"Person","@id":"https:\/\/www.africa-press.net\/tchad\/#\/schema\/person\/2b1cf3cd81a31e3cd26889ca66d677f1","name":"cfeditorfr"}]}},"_links":{"self":[{"href":"https:\/\/www.africa-press.net\/tchad\/wp-json\/wp\/v2\/posts\/53897","targetHints":{"allow":["GET"]}}],"collection":[{"href":"https:\/\/www.africa-press.net\/tchad\/wp-json\/wp\/v2\/posts"}],"about":[{"href":"https:\/\/www.africa-press.net\/tchad\/wp-json\/wp\/v2\/types\/post"}],"author":[{"embeddable":true,"href":"https:\/\/www.africa-press.net\/tchad\/wp-json\/wp\/v2\/users\/82"}],"replies":[{"embeddable":true,"href":"https:\/\/www.africa-press.net\/tchad\/wp-json\/wp\/v2\/comments?post=53897"}],"version-history":[{"count":0,"href":"https:\/\/www.africa-press.net\/tchad\/wp-json\/wp\/v2\/posts\/53897\/revisions"}],"wp:featuredmedia":[{"embeddable":true,"href":"https:\/\/www.africa-press.net\/tchad\/wp-json\/wp\/v2\/media\/53896"}],"wp:attachment":[{"href":"https:\/\/www.africa-press.net\/tchad\/wp-json\/wp\/v2\/media?parent=53897"}],"wp:term":[{"taxonomy":"category","embeddable":true,"href":"https:\/\/www.africa-press.net\/tchad\/wp-json\/wp\/v2\/categories?post=53897"},{"taxonomy":"post_tag","embeddable":true,"href":"https:\/\/www.africa-press.net\/tchad\/wp-json\/wp\/v2\/tags?post=53897"}],"curies":[{"name":"wp","href":"https:\/\/api.w.org\/{rel}","templated":true}]}}