{"id":53927,"date":"2023-11-13T17:37:55","date_gmt":"2023-11-13T17:37:55","guid":{"rendered":"https:\/\/www.africa-press.net\/tchad\/politique\/des-leaders-politiques-renforcent-leurs-capacites-a-mongo-pour-mieux-comprendre-le-cadre-juridique-et-institutionnel-des-elections"},"modified":"2023-11-13T17:57:04","modified_gmt":"2023-11-13T17:57:04","slug":"des-leaders-politiques-renforcent-leurs-capacites-a-mongo-pour-mieux-comprendre-le-cadre-juridique-et-institutionnel-des-elections","status":"publish","type":"post","link":"https:\/\/www.africa-press.net\/tchad\/politique\/des-leaders-politiques-renforcent-leurs-capacites-a-mongo-pour-mieux-comprendre-le-cadre-juridique-et-institutionnel-des-elections","title":{"rendered":"des leaders politiques renforcent leurs capacit\u00e9s \u00e0 Mongo pour mieux comprendre le cadre juridique et institutionnel des \u00e9lections"},"content":{"rendered":"<p><span style=\"color: #ff6600\"><strong>Africa-Press &#8211; Tchad. <\/strong><\/span>L&rsquo;objectif principal de cet atelier est de permettre aux participants de saisir les enjeux du nouveau cadre juridique et institutionnel du re\u0301fe\u0301rendum constitutionnel, a\u0300 la lumie\u0300re des normes et standards internationaux, ainsi que des bonnes pratiques internationales en la matie\u0300re. Une autre priorite\u0301 est de sensibiliser les leaders des partis politiques a\u0300 l&rsquo;importance de la participation des femmes et des jeunes dans le processus re\u0301fe\u0301rendaire et e\u0301lectoral, en les aidant a\u0300 mieux comprendre les dispositions de la loi n\u00b0 01\/PT\/2023 du 30 mai 2023 portant loi spe\u0301cifique relative a\u0300 l&rsquo;organisation du re\u0301fe\u0301rendum constitutionnel au Tchad.<\/p>\n<p>Lors de cet atelier, chaque membre du CNPC a eu l&rsquo;occasion de pre\u0301senter son institution et le ro\u0302le qu&rsquo;elle joue pour le bon de\u0301roulement du processus e\u0301lectoral, dans le but d&rsquo;atteindre les objectifs fixe\u0301s. Cette initiative vise a\u0300 renforcer la compre\u0301hension du cadre le\u0301gal et institutionnel des e\u0301lections et a\u0300 favoriser une participation plus inclusive et e\u0301claire\u0301e de tous les acteurs politiques tchadiens.<\/p>\n<p><strong>Pour plus d&rsquo;informations et d&rsquo;analyses sur la <a href=\"https:\/\/www.africa-press.net\/tchad\">Tchad<\/a>, suivez <a href=\"https:\/\/www.africa-press.net\/\">Africa-Press<\/a><\/strong><\/p>\n","protected":false},"excerpt":{"rendered":"<p>Africa-Press &#8211; Tchad. L&rsquo;objectif principal de cet atelier est de permettre aux participants de saisir les enjeux du nouveau cadre juridique et institutionnel du re\u0301fe\u0301rendum constitutionnel, a\u0300 la lumie\u0300re des normes et standards internationaux, ainsi que des bonnes pratiques internationales en la matie\u0300re. Une autre priorite\u0301 est de sensibiliser les leaders des partis politiques a\u0300 [&hellip;]<\/p>\n","protected":false},"author":82,"featured_media":53926,"comment_status":"open","ping_status":"closed","sticky":false,"template":"","format":"standard","meta":{"footnotes":""},"categories":[2,10],"tags":[37,292,29],"class_list":["post-53927","post","type-post","status-publish","format-standard","has-post-thumbnail","hentry","category-politique","category-toutes-les-actualites","tag-africa-press","tag-africa-press-tchad","tag-tchad"],"yoast_head":"<!-- This site is optimized with the Yoast SEO Premium plugin v26.1 (Yoast SEO v27.0) - https:\/\/yoast.com\/product\/yoast-seo-premium-wordpress\/ -->\n<title>des leaders politiques renforcent leurs capacit\u00e9s \u00e0 Mongo pour mieux comprendre le cadre juridique et institutionnel des \u00e9lections - tchad<\/title>\n<meta name=\"description\" content=\"L&#039;objectif principal de cet atelier est de permettre aux participants de saisir les enjeux du nouveau cadre juridique et ...\" \/>\n<meta name=\"robots\" content=\"index, follow, max-snippet:-1, max-image-preview:large, max-video-preview:-1\" \/>\n<link rel=\"canonical\" href=\"https:\/\/www.africa-press.net\/tchad\/politique\/des-leaders-politiques-renforcent-leurs-capacites-a-mongo-pour-mieux-comprendre-le-cadre-juridique-et-institutionnel-des-elections\" \/>\n<meta property=\"og:locale\" content=\"fr_FR\" \/>\n<meta property=\"og:type\" content=\"article\" \/>\n<meta property=\"og:title\" content=\"des leaders politiques renforcent leurs capacit\u00e9s \u00e0 Mongo pour mieux comprendre le cadre juridique et institutionnel des \u00e9lections\" \/>\n<meta property=\"og:description\" content=\"L&#039;objectif principal de cet atelier est de permettre aux participants de saisir les enjeux du nouveau cadre juridique et ...\" \/>\n<meta property=\"og:url\" content=\"https:\/\/www.africa-press.net\/tchad\/politique\/des-leaders-politiques-renforcent-leurs-capacites-a-mongo-pour-mieux-comprendre-le-cadre-juridique-et-institutionnel-des-elections\" \/>\n<meta property=\"og:site_name\" content=\"tchad\" \/>\n<meta property=\"article:published_time\" content=\"2023-11-13T17:37:55+00:00\" \/>\n<meta property=\"article:modified_time\" content=\"2023-11-13T17:57:04+00:00\" \/>\n<meta property=\"og:image\" content=\"https:\/\/static.africa-press.net\/tchad\/sites\/41\/2023\/11\/sm_1699885471.213038.jpg\" \/>\n\t<meta property=\"og:image:width\" content=\"1080\" \/>\n\t<meta property=\"og:image:height\" content=\"486\" \/>\n\t<meta property=\"og:image:type\" content=\"image\/jpeg\" \/>\n<meta name=\"author\" content=\"cfeditorfr\" \/>\n<meta name=\"twitter:card\" content=\"summary_large_image\" \/>\n<meta name=\"twitter:label1\" content=\"\u00c9crit par\" \/>\n\t<meta name=\"twitter:data1\" content=\"cfeditorfr\" \/>\n\t<meta name=\"twitter:label2\" content=\"Dur\u00e9e de lecture estim\u00e9e\" \/>\n\t<meta name=\"twitter:data2\" content=\"1 minute\" \/>\n<script type=\"application\/ld+json\" class=\"yoast-schema-graph\">{\"@context\":\"https:\/\/schema.org\",\"@graph\":[{\"@type\":\"Article\",\"@id\":\"https:\/\/www.africa-press.net\/tchad\/politique\/des-leaders-politiques-renforcent-leurs-capacites-a-mongo-pour-mieux-comprendre-le-cadre-juridique-et-institutionnel-des-elections#article\",\"isPartOf\":{\"@id\":\"https:\/\/www.africa-press.net\/tchad\/politique\/des-leaders-politiques-renforcent-leurs-capacites-a-mongo-pour-mieux-comprendre-le-cadre-juridique-et-institutionnel-des-elections\"},\"author\":{\"name\":\"cfeditorfr\",\"@id\":\"https:\/\/www.africa-press.net\/tchad\/#\/schema\/person\/2b1cf3cd81a31e3cd26889ca66d677f1\"},\"headline\":\"des leaders politiques renforcent leurs capacit\u00e9s \u00e0 Mongo pour mieux comprendre le cadre juridique et institutionnel des \u00e9lections\",\"datePublished\":\"2023-11-13T17:37:55+00:00\",\"dateModified\":\"2023-11-13T17:57:04+00:00\",\"mainEntityOfPage\":{\"@id\":\"https:\/\/www.africa-press.net\/tchad\/politique\/des-leaders-politiques-renforcent-leurs-capacites-a-mongo-pour-mieux-comprendre-le-cadre-juridique-et-institutionnel-des-elections\"},\"wordCount\":215,\"commentCount\":0,\"image\":{\"@id\":\"https:\/\/www.africa-press.net\/tchad\/politique\/des-leaders-politiques-renforcent-leurs-capacites-a-mongo-pour-mieux-comprendre-le-cadre-juridique-et-institutionnel-des-elections#primaryimage\"},\"thumbnailUrl\":\"https:\/\/static.africa-press.net\/tchad\/sites\/41\/2023\/11\/sm_1699885471.213038.jpg\",\"keywords\":[\"Africa Press\",\"Africa Press-Tchad\",\"Tchad\"],\"articleSection\":[\"Politique\",\"Toutes les actualit\u00e9s\"],\"inLanguage\":\"fr-FR\",\"potentialAction\":[{\"@type\":\"CommentAction\",\"name\":\"Comment\",\"target\":[\"https:\/\/www.africa-press.net\/tchad\/politique\/des-leaders-politiques-renforcent-leurs-capacites-a-mongo-pour-mieux-comprendre-le-cadre-juridique-et-institutionnel-des-elections#respond\"]}]},{\"@type\":\"WebPage\",\"@id\":\"https:\/\/www.africa-press.net\/tchad\/politique\/des-leaders-politiques-renforcent-leurs-capacites-a-mongo-pour-mieux-comprendre-le-cadre-juridique-et-institutionnel-des-elections\",\"url\":\"https:\/\/www.africa-press.net\/tchad\/politique\/des-leaders-politiques-renforcent-leurs-capacites-a-mongo-pour-mieux-comprendre-le-cadre-juridique-et-institutionnel-des-elections\",\"name\":\"des leaders politiques renforcent leurs capacit\u00e9s \u00e0 Mongo pour mieux comprendre le cadre juridique et institutionnel des \u00e9lections - tchad\",\"isPartOf\":{\"@id\":\"https:\/\/www.africa-press.net\/tchad\/#website\"},\"primaryImageOfPage\":{\"@id\":\"https:\/\/www.africa-press.net\/tchad\/politique\/des-leaders-politiques-renforcent-leurs-capacites-a-mongo-pour-mieux-comprendre-le-cadre-juridique-et-institutionnel-des-elections#primaryimage\"},\"image\":{\"@id\":\"https:\/\/www.africa-press.net\/tchad\/politique\/des-leaders-politiques-renforcent-leurs-capacites-a-mongo-pour-mieux-comprendre-le-cadre-juridique-et-institutionnel-des-elections#primaryimage\"},\"thumbnailUrl\":\"https:\/\/static.africa-press.net\/tchad\/sites\/41\/2023\/11\/sm_1699885471.213038.jpg\",\"datePublished\":\"2023-11-13T17:37:55+00:00\",\"dateModified\":\"2023-11-13T17:57:04+00:00\",\"author\":{\"@id\":\"https:\/\/www.africa-press.net\/tchad\/#\/schema\/person\/2b1cf3cd81a31e3cd26889ca66d677f1\"},\"description\":\"L'objectif principal de cet atelier est de permettre aux participants de saisir les enjeux du nouveau cadre juridique et ...\",\"breadcrumb\":{\"@id\":\"https:\/\/www.africa-press.net\/tchad\/politique\/des-leaders-politiques-renforcent-leurs-capacites-a-mongo-pour-mieux-comprendre-le-cadre-juridique-et-institutionnel-des-elections#breadcrumb\"},\"inLanguage\":\"fr-FR\",\"potentialAction\":[{\"@type\":\"ReadAction\",\"target\":[\"https:\/\/www.africa-press.net\/tchad\/politique\/des-leaders-politiques-renforcent-leurs-capacites-a-mongo-pour-mieux-comprendre-le-cadre-juridique-et-institutionnel-des-elections\"]}]},{\"@type\":\"ImageObject\",\"inLanguage\":\"fr-FR\",\"@id\":\"https:\/\/www.africa-press.net\/tchad\/politique\/des-leaders-politiques-renforcent-leurs-capacites-a-mongo-pour-mieux-comprendre-le-cadre-juridique-et-institutionnel-des-elections#primaryimage\",\"url\":\"https:\/\/static.africa-press.net\/tchad\/sites\/41\/2023\/11\/sm_1699885471.213038.jpg\",\"contentUrl\":\"https:\/\/static.africa-press.net\/tchad\/sites\/41\/2023\/11\/sm_1699885471.213038.jpg\",\"width\":1080,\"height\":486,\"caption\":\"des leaders politiques renforcent leurs capacit\u00e9s \u00e0 Mongo pour mieux comprendre le cadre juridique et institutionnel des \u00e9lections\"},{\"@type\":\"BreadcrumbList\",\"@id\":\"https:\/\/www.africa-press.net\/tchad\/politique\/des-leaders-politiques-renforcent-leurs-capacites-a-mongo-pour-mieux-comprendre-le-cadre-juridique-et-institutionnel-des-elections#breadcrumb\",\"itemListElement\":[{\"@type\":\"ListItem\",\"position\":1,\"name\":\"Accueil\",\"item\":\"https:\/\/www.africa-press.net\/tchad\/\"},{\"@type\":\"ListItem\",\"position\":2,\"name\":\"des leaders politiques renforcent leurs capacit\u00e9s \u00e0 Mongo pour mieux comprendre le cadre juridique et institutionnel des \u00e9lections\"}]},{\"@type\":\"WebSite\",\"@id\":\"https:\/\/www.africa-press.net\/tchad\/#website\",\"url\":\"https:\/\/www.africa-press.net\/tchad\/\",\"name\":\"tchad\",\"description\":\"Just another Africa News Agency Sites site\",\"potentialAction\":[{\"@type\":\"SearchAction\",\"target\":{\"@type\":\"EntryPoint\",\"urlTemplate\":\"https:\/\/www.africa-press.net\/tchad\/?s={search_term_string}\"},\"query-input\":{\"@type\":\"PropertyValueSpecification\",\"valueRequired\":true,\"valueName\":\"search_term_string\"}}],\"inLanguage\":\"fr-FR\"},{\"@type\":\"Person\",\"@id\":\"https:\/\/www.africa-press.net\/tchad\/#\/schema\/person\/2b1cf3cd81a31e3cd26889ca66d677f1\",\"name\":\"cfeditorfr\"}]}<\/script>\n<!-- \/ Yoast SEO Premium plugin. -->","yoast_head_json":{"title":"des leaders politiques renforcent leurs capacit\u00e9s \u00e0 Mongo pour mieux comprendre le cadre juridique et institutionnel des \u00e9lections - tchad","description":"L'objectif principal de cet atelier est de permettre aux participants de saisir les enjeux du nouveau cadre juridique et ...","robots":{"index":"index","follow":"follow","max-snippet":"max-snippet:-1","max-image-preview":"max-image-preview:large","max-video-preview":"max-video-preview:-1"},"canonical":"https:\/\/www.africa-press.net\/tchad\/politique\/des-leaders-politiques-renforcent-leurs-capacites-a-mongo-pour-mieux-comprendre-le-cadre-juridique-et-institutionnel-des-elections","og_locale":"fr_FR","og_type":"article","og_title":"des leaders politiques renforcent leurs capacit\u00e9s \u00e0 Mongo pour mieux comprendre le cadre juridique et institutionnel des \u00e9lections","og_description":"L'objectif principal de cet atelier est de permettre aux participants de saisir les enjeux du nouveau cadre juridique et ...","og_url":"https:\/\/www.africa-press.net\/tchad\/politique\/des-leaders-politiques-renforcent-leurs-capacites-a-mongo-pour-mieux-comprendre-le-cadre-juridique-et-institutionnel-des-elections","og_site_name":"tchad","article_published_time":"2023-11-13T17:37:55+00:00","article_modified_time":"2023-11-13T17:57:04+00:00","og_image":[{"width":1080,"height":486,"url":"https:\/\/static.africa-press.net\/tchad\/sites\/41\/2023\/11\/sm_1699885471.213038.jpg","type":"image\/jpeg"}],"author":"cfeditorfr","twitter_card":"summary_large_image","twitter_misc":{"\u00c9crit par":"cfeditorfr","Dur\u00e9e de lecture estim\u00e9e":"1 minute"},"schema":{"@context":"https:\/\/schema.org","@graph":[{"@type":"Article","@id":"https:\/\/www.africa-press.net\/tchad\/politique\/des-leaders-politiques-renforcent-leurs-capacites-a-mongo-pour-mieux-comprendre-le-cadre-juridique-et-institutionnel-des-elections#article","isPartOf":{"@id":"https:\/\/www.africa-press.net\/tchad\/politique\/des-leaders-politiques-renforcent-leurs-capacites-a-mongo-pour-mieux-comprendre-le-cadre-juridique-et-institutionnel-des-elections"},"author":{"name":"cfeditorfr","@id":"https:\/\/www.africa-press.net\/tchad\/#\/schema\/person\/2b1cf3cd81a31e3cd26889ca66d677f1"},"headline":"des leaders politiques renforcent leurs capacit\u00e9s \u00e0 Mongo pour mieux comprendre le cadre juridique et institutionnel des \u00e9lections","datePublished":"2023-11-13T17:37:55+00:00","dateModified":"2023-11-13T17:57:04+00:00","mainEntityOfPage":{"@id":"https:\/\/www.africa-press.net\/tchad\/politique\/des-leaders-politiques-renforcent-leurs-capacites-a-mongo-pour-mieux-comprendre-le-cadre-juridique-et-institutionnel-des-elections"},"wordCount":215,"commentCount":0,"image":{"@id":"https:\/\/www.africa-press.net\/tchad\/politique\/des-leaders-politiques-renforcent-leurs-capacites-a-mongo-pour-mieux-comprendre-le-cadre-juridique-et-institutionnel-des-elections#primaryimage"},"thumbnailUrl":"https:\/\/static.africa-press.net\/tchad\/sites\/41\/2023\/11\/sm_1699885471.213038.jpg","keywords":["Africa Press","Africa Press-Tchad","Tchad"],"articleSection":["Politique","Toutes les actualit\u00e9s"],"inLanguage":"fr-FR","potentialAction":[{"@type":"CommentAction","name":"Comment","target":["https:\/\/www.africa-press.net\/tchad\/politique\/des-leaders-politiques-renforcent-leurs-capacites-a-mongo-pour-mieux-comprendre-le-cadre-juridique-et-institutionnel-des-elections#respond"]}]},{"@type":"WebPage","@id":"https:\/\/www.africa-press.net\/tchad\/politique\/des-leaders-politiques-renforcent-leurs-capacites-a-mongo-pour-mieux-comprendre-le-cadre-juridique-et-institutionnel-des-elections","url":"https:\/\/www.africa-press.net\/tchad\/politique\/des-leaders-politiques-renforcent-leurs-capacites-a-mongo-pour-mieux-comprendre-le-cadre-juridique-et-institutionnel-des-elections","name":"des leaders politiques renforcent leurs capacit\u00e9s \u00e0 Mongo pour mieux comprendre le cadre juridique et institutionnel des \u00e9lections - tchad","isPartOf":{"@id":"https:\/\/www.africa-press.net\/tchad\/#website"},"primaryImageOfPage":{"@id":"https:\/\/www.africa-press.net\/tchad\/politique\/des-leaders-politiques-renforcent-leurs-capacites-a-mongo-pour-mieux-comprendre-le-cadre-juridique-et-institutionnel-des-elections#primaryimage"},"image":{"@id":"https:\/\/www.africa-press.net\/tchad\/politique\/des-leaders-politiques-renforcent-leurs-capacites-a-mongo-pour-mieux-comprendre-le-cadre-juridique-et-institutionnel-des-elections#primaryimage"},"thumbnailUrl":"https:\/\/static.africa-press.net\/tchad\/sites\/41\/2023\/11\/sm_1699885471.213038.jpg","datePublished":"2023-11-13T17:37:55+00:00","dateModified":"2023-11-13T17:57:04+00:00","author":{"@id":"https:\/\/www.africa-press.net\/tchad\/#\/schema\/person\/2b1cf3cd81a31e3cd26889ca66d677f1"},"description":"L'objectif principal de cet atelier est de permettre aux participants de saisir les enjeux du nouveau cadre juridique et ...","breadcrumb":{"@id":"https:\/\/www.africa-press.net\/tchad\/politique\/des-leaders-politiques-renforcent-leurs-capacites-a-mongo-pour-mieux-comprendre-le-cadre-juridique-et-institutionnel-des-elections#breadcrumb"},"inLanguage":"fr-FR","potentialAction":[{"@type":"ReadAction","target":["https:\/\/www.africa-press.net\/tchad\/politique\/des-leaders-politiques-renforcent-leurs-capacites-a-mongo-pour-mieux-comprendre-le-cadre-juridique-et-institutionnel-des-elections"]}]},{"@type":"ImageObject","inLanguage":"fr-FR","@id":"https:\/\/www.africa-press.net\/tchad\/politique\/des-leaders-politiques-renforcent-leurs-capacites-a-mongo-pour-mieux-comprendre-le-cadre-juridique-et-institutionnel-des-elections#primaryimage","url":"https:\/\/static.africa-press.net\/tchad\/sites\/41\/2023\/11\/sm_1699885471.213038.jpg","contentUrl":"https:\/\/static.africa-press.net\/tchad\/sites\/41\/2023\/11\/sm_1699885471.213038.jpg","width":1080,"height":486,"caption":"des leaders politiques renforcent leurs capacit\u00e9s \u00e0 Mongo pour mieux comprendre le cadre juridique et institutionnel des \u00e9lections"},{"@type":"BreadcrumbList","@id":"https:\/\/www.africa-press.net\/tchad\/politique\/des-leaders-politiques-renforcent-leurs-capacites-a-mongo-pour-mieux-comprendre-le-cadre-juridique-et-institutionnel-des-elections#breadcrumb","itemListElement":[{"@type":"ListItem","position":1,"name":"Accueil","item":"https:\/\/www.africa-press.net\/tchad\/"},{"@type":"ListItem","position":2,"name":"des leaders politiques renforcent leurs capacit\u00e9s \u00e0 Mongo pour mieux comprendre le cadre juridique et institutionnel des \u00e9lections"}]},{"@type":"WebSite","@id":"https:\/\/www.africa-press.net\/tchad\/#website","url":"https:\/\/www.africa-press.net\/tchad\/","name":"tchad","description":"Just another Africa News Agency Sites site","potentialAction":[{"@type":"SearchAction","target":{"@type":"EntryPoint","urlTemplate":"https:\/\/www.africa-press.net\/tchad\/?s={search_term_string}"},"query-input":{"@type":"PropertyValueSpecification","valueRequired":true,"valueName":"search_term_string"}}],"inLanguage":"fr-FR"},{"@type":"Person","@id":"https:\/\/www.africa-press.net\/tchad\/#\/schema\/person\/2b1cf3cd81a31e3cd26889ca66d677f1","name":"cfeditorfr"}]}},"_links":{"self":[{"href":"https:\/\/www.africa-press.net\/tchad\/wp-json\/wp\/v2\/posts\/53927","targetHints":{"allow":["GET"]}}],"collection":[{"href":"https:\/\/www.africa-press.net\/tchad\/wp-json\/wp\/v2\/posts"}],"about":[{"href":"https:\/\/www.africa-press.net\/tchad\/wp-json\/wp\/v2\/types\/post"}],"author":[{"embeddable":true,"href":"https:\/\/www.africa-press.net\/tchad\/wp-json\/wp\/v2\/users\/82"}],"replies":[{"embeddable":true,"href":"https:\/\/www.africa-press.net\/tchad\/wp-json\/wp\/v2\/comments?post=53927"}],"version-history":[{"count":0,"href":"https:\/\/www.africa-press.net\/tchad\/wp-json\/wp\/v2\/posts\/53927\/revisions"}],"wp:featuredmedia":[{"embeddable":true,"href":"https:\/\/www.africa-press.net\/tchad\/wp-json\/wp\/v2\/media\/53926"}],"wp:attachment":[{"href":"https:\/\/www.africa-press.net\/tchad\/wp-json\/wp\/v2\/media?parent=53927"}],"wp:term":[{"taxonomy":"category","embeddable":true,"href":"https:\/\/www.africa-press.net\/tchad\/wp-json\/wp\/v2\/categories?post=53927"},{"taxonomy":"post_tag","embeddable":true,"href":"https:\/\/www.africa-press.net\/tchad\/wp-json\/wp\/v2\/tags?post=53927"}],"curies":[{"name":"wp","href":"https:\/\/api.w.org\/{rel}","templated":true}]}}