{"id":53934,"date":"2023-11-13T18:42:44","date_gmt":"2023-11-13T18:42:44","guid":{"rendered":"https:\/\/www.africa-press.net\/tchad\/politique\/le-general-hemchi-dogori-intronise-chef-de-la-communaute-donza-a-ndjamena"},"modified":"2023-11-13T19:04:25","modified_gmt":"2023-11-13T19:04:25","slug":"le-general-hemchi-dogori-intronise-chef-de-la-communaute-donza-a-ndjamena","status":"publish","type":"post","link":"https:\/\/www.africa-press.net\/tchad\/politique\/le-general-hemchi-dogori-intronise-chef-de-la-communaute-donza-a-ndjamena","title":{"rendered":"le g\u00e9n\u00e9ral Hemchi Dogori intronis\u00e9 chef de la communaut\u00e9 Donza \u00e0 N&rsquo;Djamena"},"content":{"rendered":"<p><span style=\"color: #ff6600\"><strong>Africa-Press &#8211; Tchad. <\/strong><\/span>Le ge\u0301ne\u0301ral Dogori, ayant occupe\u0301 des postes de premier plan au sein de l&rsquo;arme\u0301e re\u0301gulie\u0300re tchadienne, notamment celui de chef d&rsquo;e\u0301tat-major pendant le gouvernement de Hissein Habre\u0301, succe\u0300de a\u0300 Brahim Issa Galmaye. Ce dernier a consacre\u0301 cinq ans a\u0300 de\u0301fendre les inte\u0301re\u0302ts moraux et mate\u0301riels de la communaute\u0301 Donza re\u0301sidant a\u0300 N&rsquo;Djamena.<\/p>\n<p>L&rsquo;investiture, mene\u0301e par les cinq chefs de canton Donza, a e\u0301te\u0301 l&rsquo;occasion pour le ge\u0301ne\u0301ral Hemchi Dogori de prendre des engagements forts envers sa communaute\u0301 : \u00ab J&rsquo;ai e\u0301te\u0301 de\u0301signe\u0301 repre\u0301sentant des cinq chefs de canton Donza. Nous nous de\u0301dierons a\u0300 la construction du BET. Je de\u0301fendrai tous les ressortissants de Donza sans distinction. Nous soutiendrons l&rsquo;E\u0301tat dans sa politique de de\u0301veloppement, investirons dans l&rsquo;e\u0301ducation, construirons nos e\u0301coles et nos ho\u0302pitaux, et comptons sur le soutien de l&rsquo;E\u0301tat dans ces initiatives. \u00bb<\/p>\n<p>Le ge\u0301ne\u0301ral Dogori succe\u0300de a\u0300 Brahim Issa qui exprime sa satisfaction d&rsquo;e\u0302tre remplace\u0301 par son oncle, le ge\u0301ne\u0301ral Hemchi Dogori, qu&rsquo;il conside\u0300re pleinement qualifie\u0301 pour prendre la rele\u0300ve dans la de\u0301fense des inte\u0301re\u0302ts de la communaute\u0301 Donza a\u0300 N&rsquo;Djamena.<\/p>\n<p>En exprimant sa gratitude envers son pre\u0301de\u0301cesseur Brahim Issa Galmaye, le ge\u0301ne\u0301ral Dogori a appele\u0301 la communaute\u0301 Donza a\u0300 le soutenir dans sa mission. Il a re\u0301affirme\u0301 son engagement a\u0300 servir e\u0301quitablement toutes les communaute\u0301s du BET pre\u0301sentes a\u0300 N&rsquo;Djamena. Le ge\u0301ne\u0301ral Hemchi Dogori est seconde\u0301 par Toy Oyouma Molleye et Idriss Wardougou Allanga dans la hie\u0301rarchie de la communaute\u0301.<\/p>\n<p><strong>Pour plus d&rsquo;informations et d&rsquo;analyses sur la <a href=\"https:\/\/www.africa-press.net\/tchad\">Tchad<\/a>, suivez <a href=\"https:\/\/www.africa-press.net\/\">Africa-Press<\/a><\/strong><\/p>\n","protected":false},"excerpt":{"rendered":"<p>Africa-Press &#8211; Tchad. Le ge\u0301ne\u0301ral Dogori, ayant occupe\u0301 des postes de premier plan au sein de l&rsquo;arme\u0301e re\u0301gulie\u0300re tchadienne, notamment celui de chef d&rsquo;e\u0301tat-major pendant le gouvernement de Hissein Habre\u0301, succe\u0300de a\u0300 Brahim Issa Galmaye. Ce dernier a consacre\u0301 cinq ans a\u0300 de\u0301fendre les inte\u0301re\u0302ts moraux et mate\u0301riels de la communaute\u0301 Donza re\u0301sidant a\u0300 N&rsquo;Djamena. [&hellip;]<\/p>\n","protected":false},"author":82,"featured_media":53933,"comment_status":"open","ping_status":"closed","sticky":false,"template":"","format":"standard","meta":{"footnotes":""},"categories":[2,10],"tags":[37,292,29],"class_list":["post-53934","post","type-post","status-publish","format-standard","has-post-thumbnail","hentry","category-politique","category-toutes-les-actualites","tag-africa-press","tag-africa-press-tchad","tag-tchad"],"yoast_head":"<!-- This site is optimized with the Yoast SEO Premium plugin v26.1 (Yoast SEO v27.0) - https:\/\/yoast.com\/product\/yoast-seo-premium-wordpress\/ -->\n<title>le g\u00e9n\u00e9ral Hemchi Dogori intronis\u00e9 chef de la communaut\u00e9 Donza \u00e0 N&#039;Djamena - tchad<\/title>\n<meta name=\"description\" content=\"Le ge\u0301ne\u0301ral Dogori, ayant occupe\u0301 des postes de premier plan au sein de l&#039;arme\u0301e re\u0301gulie\u0300re tchadienne, notamment celu ...\" \/>\n<meta name=\"robots\" content=\"index, follow, max-snippet:-1, max-image-preview:large, max-video-preview:-1\" \/>\n<link rel=\"canonical\" href=\"https:\/\/www.africa-press.net\/tchad\/politique\/le-general-hemchi-dogori-intronise-chef-de-la-communaute-donza-a-ndjamena\" \/>\n<meta property=\"og:locale\" content=\"fr_FR\" \/>\n<meta property=\"og:type\" content=\"article\" \/>\n<meta property=\"og:title\" content=\"le g\u00e9n\u00e9ral Hemchi Dogori intronis\u00e9 chef de la communaut\u00e9 Donza \u00e0 N&#039;Djamena\" \/>\n<meta property=\"og:description\" content=\"Le ge\u0301ne\u0301ral Dogori, ayant occupe\u0301 des postes de premier plan au sein de l&#039;arme\u0301e re\u0301gulie\u0300re tchadienne, notamment celu ...\" \/>\n<meta property=\"og:url\" content=\"https:\/\/www.africa-press.net\/tchad\/politique\/le-general-hemchi-dogori-intronise-chef-de-la-communaute-donza-a-ndjamena\" \/>\n<meta property=\"og:site_name\" content=\"tchad\" \/>\n<meta property=\"article:published_time\" content=\"2023-11-13T18:42:44+00:00\" \/>\n<meta property=\"article:modified_time\" content=\"2023-11-13T19:04:25+00:00\" \/>\n<meta property=\"og:image\" content=\"https:\/\/static.africa-press.net\/tchad\/sites\/41\/2023\/11\/sm_1699889565.357748.jpg\" \/>\n\t<meta property=\"og:image:width\" content=\"1270\" \/>\n\t<meta property=\"og:image:height\" content=\"634\" \/>\n\t<meta property=\"og:image:type\" content=\"image\/jpeg\" \/>\n<meta name=\"author\" content=\"cfeditorfr\" \/>\n<meta name=\"twitter:card\" content=\"summary_large_image\" \/>\n<meta name=\"twitter:label1\" content=\"\u00c9crit par\" \/>\n\t<meta name=\"twitter:data1\" content=\"cfeditorfr\" \/>\n\t<meta name=\"twitter:label2\" content=\"Dur\u00e9e de lecture estim\u00e9e\" \/>\n\t<meta name=\"twitter:data2\" content=\"2 minutes\" \/>\n<script type=\"application\/ld+json\" class=\"yoast-schema-graph\">{\"@context\":\"https:\/\/schema.org\",\"@graph\":[{\"@type\":\"Article\",\"@id\":\"https:\/\/www.africa-press.net\/tchad\/politique\/le-general-hemchi-dogori-intronise-chef-de-la-communaute-donza-a-ndjamena#article\",\"isPartOf\":{\"@id\":\"https:\/\/www.africa-press.net\/tchad\/politique\/le-general-hemchi-dogori-intronise-chef-de-la-communaute-donza-a-ndjamena\"},\"author\":{\"name\":\"cfeditorfr\",\"@id\":\"https:\/\/www.africa-press.net\/tchad\/#\/schema\/person\/2b1cf3cd81a31e3cd26889ca66d677f1\"},\"headline\":\"le g\u00e9n\u00e9ral Hemchi Dogori intronis\u00e9 chef de la communaut\u00e9 Donza \u00e0 N&rsquo;Djamena\",\"datePublished\":\"2023-11-13T18:42:44+00:00\",\"dateModified\":\"2023-11-13T19:04:25+00:00\",\"mainEntityOfPage\":{\"@id\":\"https:\/\/www.africa-press.net\/tchad\/politique\/le-general-hemchi-dogori-intronise-chef-de-la-communaute-donza-a-ndjamena\"},\"wordCount\":321,\"commentCount\":0,\"image\":{\"@id\":\"https:\/\/www.africa-press.net\/tchad\/politique\/le-general-hemchi-dogori-intronise-chef-de-la-communaute-donza-a-ndjamena#primaryimage\"},\"thumbnailUrl\":\"https:\/\/static.africa-press.net\/tchad\/sites\/41\/2023\/11\/sm_1699889565.357748.jpg\",\"keywords\":[\"Africa Press\",\"Africa Press-Tchad\",\"Tchad\"],\"articleSection\":[\"Politique\",\"Toutes les actualit\u00e9s\"],\"inLanguage\":\"fr-FR\",\"potentialAction\":[{\"@type\":\"CommentAction\",\"name\":\"Comment\",\"target\":[\"https:\/\/www.africa-press.net\/tchad\/politique\/le-general-hemchi-dogori-intronise-chef-de-la-communaute-donza-a-ndjamena#respond\"]}]},{\"@type\":\"WebPage\",\"@id\":\"https:\/\/www.africa-press.net\/tchad\/politique\/le-general-hemchi-dogori-intronise-chef-de-la-communaute-donza-a-ndjamena\",\"url\":\"https:\/\/www.africa-press.net\/tchad\/politique\/le-general-hemchi-dogori-intronise-chef-de-la-communaute-donza-a-ndjamena\",\"name\":\"le g\u00e9n\u00e9ral Hemchi Dogori intronis\u00e9 chef de la communaut\u00e9 Donza \u00e0 N'Djamena - tchad\",\"isPartOf\":{\"@id\":\"https:\/\/www.africa-press.net\/tchad\/#website\"},\"primaryImageOfPage\":{\"@id\":\"https:\/\/www.africa-press.net\/tchad\/politique\/le-general-hemchi-dogori-intronise-chef-de-la-communaute-donza-a-ndjamena#primaryimage\"},\"image\":{\"@id\":\"https:\/\/www.africa-press.net\/tchad\/politique\/le-general-hemchi-dogori-intronise-chef-de-la-communaute-donza-a-ndjamena#primaryimage\"},\"thumbnailUrl\":\"https:\/\/static.africa-press.net\/tchad\/sites\/41\/2023\/11\/sm_1699889565.357748.jpg\",\"datePublished\":\"2023-11-13T18:42:44+00:00\",\"dateModified\":\"2023-11-13T19:04:25+00:00\",\"author\":{\"@id\":\"https:\/\/www.africa-press.net\/tchad\/#\/schema\/person\/2b1cf3cd81a31e3cd26889ca66d677f1\"},\"description\":\"Le ge\u0301ne\u0301ral Dogori, ayant occupe\u0301 des postes de premier plan au sein de l'arme\u0301e re\u0301gulie\u0300re tchadienne, notamment celu ...\",\"breadcrumb\":{\"@id\":\"https:\/\/www.africa-press.net\/tchad\/politique\/le-general-hemchi-dogori-intronise-chef-de-la-communaute-donza-a-ndjamena#breadcrumb\"},\"inLanguage\":\"fr-FR\",\"potentialAction\":[{\"@type\":\"ReadAction\",\"target\":[\"https:\/\/www.africa-press.net\/tchad\/politique\/le-general-hemchi-dogori-intronise-chef-de-la-communaute-donza-a-ndjamena\"]}]},{\"@type\":\"ImageObject\",\"inLanguage\":\"fr-FR\",\"@id\":\"https:\/\/www.africa-press.net\/tchad\/politique\/le-general-hemchi-dogori-intronise-chef-de-la-communaute-donza-a-ndjamena#primaryimage\",\"url\":\"https:\/\/static.africa-press.net\/tchad\/sites\/41\/2023\/11\/sm_1699889565.357748.jpg\",\"contentUrl\":\"https:\/\/static.africa-press.net\/tchad\/sites\/41\/2023\/11\/sm_1699889565.357748.jpg\",\"width\":1270,\"height\":634,\"caption\":\"le g\u00e9n\u00e9ral Hemchi Dogori intronis\u00e9 chef de la communaut\u00e9 Donza \u00e0 N'Djamena\"},{\"@type\":\"BreadcrumbList\",\"@id\":\"https:\/\/www.africa-press.net\/tchad\/politique\/le-general-hemchi-dogori-intronise-chef-de-la-communaute-donza-a-ndjamena#breadcrumb\",\"itemListElement\":[{\"@type\":\"ListItem\",\"position\":1,\"name\":\"Accueil\",\"item\":\"https:\/\/www.africa-press.net\/tchad\/\"},{\"@type\":\"ListItem\",\"position\":2,\"name\":\"le g\u00e9n\u00e9ral Hemchi Dogori intronis\u00e9 chef de la communaut\u00e9 Donza \u00e0 N&#8217;Djamena\"}]},{\"@type\":\"WebSite\",\"@id\":\"https:\/\/www.africa-press.net\/tchad\/#website\",\"url\":\"https:\/\/www.africa-press.net\/tchad\/\",\"name\":\"tchad\",\"description\":\"Just another Africa News Agency Sites site\",\"potentialAction\":[{\"@type\":\"SearchAction\",\"target\":{\"@type\":\"EntryPoint\",\"urlTemplate\":\"https:\/\/www.africa-press.net\/tchad\/?s={search_term_string}\"},\"query-input\":{\"@type\":\"PropertyValueSpecification\",\"valueRequired\":true,\"valueName\":\"search_term_string\"}}],\"inLanguage\":\"fr-FR\"},{\"@type\":\"Person\",\"@id\":\"https:\/\/www.africa-press.net\/tchad\/#\/schema\/person\/2b1cf3cd81a31e3cd26889ca66d677f1\",\"name\":\"cfeditorfr\"}]}<\/script>\n<!-- \/ Yoast SEO Premium plugin. -->","yoast_head_json":{"title":"le g\u00e9n\u00e9ral Hemchi Dogori intronis\u00e9 chef de la communaut\u00e9 Donza \u00e0 N'Djamena - tchad","description":"Le ge\u0301ne\u0301ral Dogori, ayant occupe\u0301 des postes de premier plan au sein de l'arme\u0301e re\u0301gulie\u0300re tchadienne, notamment celu ...","robots":{"index":"index","follow":"follow","max-snippet":"max-snippet:-1","max-image-preview":"max-image-preview:large","max-video-preview":"max-video-preview:-1"},"canonical":"https:\/\/www.africa-press.net\/tchad\/politique\/le-general-hemchi-dogori-intronise-chef-de-la-communaute-donza-a-ndjamena","og_locale":"fr_FR","og_type":"article","og_title":"le g\u00e9n\u00e9ral Hemchi Dogori intronis\u00e9 chef de la communaut\u00e9 Donza \u00e0 N'Djamena","og_description":"Le ge\u0301ne\u0301ral Dogori, ayant occupe\u0301 des postes de premier plan au sein de l'arme\u0301e re\u0301gulie\u0300re tchadienne, notamment celu ...","og_url":"https:\/\/www.africa-press.net\/tchad\/politique\/le-general-hemchi-dogori-intronise-chef-de-la-communaute-donza-a-ndjamena","og_site_name":"tchad","article_published_time":"2023-11-13T18:42:44+00:00","article_modified_time":"2023-11-13T19:04:25+00:00","og_image":[{"width":1270,"height":634,"url":"https:\/\/static.africa-press.net\/tchad\/sites\/41\/2023\/11\/sm_1699889565.357748.jpg","type":"image\/jpeg"}],"author":"cfeditorfr","twitter_card":"summary_large_image","twitter_misc":{"\u00c9crit par":"cfeditorfr","Dur\u00e9e de lecture estim\u00e9e":"2 minutes"},"schema":{"@context":"https:\/\/schema.org","@graph":[{"@type":"Article","@id":"https:\/\/www.africa-press.net\/tchad\/politique\/le-general-hemchi-dogori-intronise-chef-de-la-communaute-donza-a-ndjamena#article","isPartOf":{"@id":"https:\/\/www.africa-press.net\/tchad\/politique\/le-general-hemchi-dogori-intronise-chef-de-la-communaute-donza-a-ndjamena"},"author":{"name":"cfeditorfr","@id":"https:\/\/www.africa-press.net\/tchad\/#\/schema\/person\/2b1cf3cd81a31e3cd26889ca66d677f1"},"headline":"le g\u00e9n\u00e9ral Hemchi Dogori intronis\u00e9 chef de la communaut\u00e9 Donza \u00e0 N&rsquo;Djamena","datePublished":"2023-11-13T18:42:44+00:00","dateModified":"2023-11-13T19:04:25+00:00","mainEntityOfPage":{"@id":"https:\/\/www.africa-press.net\/tchad\/politique\/le-general-hemchi-dogori-intronise-chef-de-la-communaute-donza-a-ndjamena"},"wordCount":321,"commentCount":0,"image":{"@id":"https:\/\/www.africa-press.net\/tchad\/politique\/le-general-hemchi-dogori-intronise-chef-de-la-communaute-donza-a-ndjamena#primaryimage"},"thumbnailUrl":"https:\/\/static.africa-press.net\/tchad\/sites\/41\/2023\/11\/sm_1699889565.357748.jpg","keywords":["Africa Press","Africa Press-Tchad","Tchad"],"articleSection":["Politique","Toutes les actualit\u00e9s"],"inLanguage":"fr-FR","potentialAction":[{"@type":"CommentAction","name":"Comment","target":["https:\/\/www.africa-press.net\/tchad\/politique\/le-general-hemchi-dogori-intronise-chef-de-la-communaute-donza-a-ndjamena#respond"]}]},{"@type":"WebPage","@id":"https:\/\/www.africa-press.net\/tchad\/politique\/le-general-hemchi-dogori-intronise-chef-de-la-communaute-donza-a-ndjamena","url":"https:\/\/www.africa-press.net\/tchad\/politique\/le-general-hemchi-dogori-intronise-chef-de-la-communaute-donza-a-ndjamena","name":"le g\u00e9n\u00e9ral Hemchi Dogori intronis\u00e9 chef de la communaut\u00e9 Donza \u00e0 N'Djamena - tchad","isPartOf":{"@id":"https:\/\/www.africa-press.net\/tchad\/#website"},"primaryImageOfPage":{"@id":"https:\/\/www.africa-press.net\/tchad\/politique\/le-general-hemchi-dogori-intronise-chef-de-la-communaute-donza-a-ndjamena#primaryimage"},"image":{"@id":"https:\/\/www.africa-press.net\/tchad\/politique\/le-general-hemchi-dogori-intronise-chef-de-la-communaute-donza-a-ndjamena#primaryimage"},"thumbnailUrl":"https:\/\/static.africa-press.net\/tchad\/sites\/41\/2023\/11\/sm_1699889565.357748.jpg","datePublished":"2023-11-13T18:42:44+00:00","dateModified":"2023-11-13T19:04:25+00:00","author":{"@id":"https:\/\/www.africa-press.net\/tchad\/#\/schema\/person\/2b1cf3cd81a31e3cd26889ca66d677f1"},"description":"Le ge\u0301ne\u0301ral Dogori, ayant occupe\u0301 des postes de premier plan au sein de l'arme\u0301e re\u0301gulie\u0300re tchadienne, notamment celu ...","breadcrumb":{"@id":"https:\/\/www.africa-press.net\/tchad\/politique\/le-general-hemchi-dogori-intronise-chef-de-la-communaute-donza-a-ndjamena#breadcrumb"},"inLanguage":"fr-FR","potentialAction":[{"@type":"ReadAction","target":["https:\/\/www.africa-press.net\/tchad\/politique\/le-general-hemchi-dogori-intronise-chef-de-la-communaute-donza-a-ndjamena"]}]},{"@type":"ImageObject","inLanguage":"fr-FR","@id":"https:\/\/www.africa-press.net\/tchad\/politique\/le-general-hemchi-dogori-intronise-chef-de-la-communaute-donza-a-ndjamena#primaryimage","url":"https:\/\/static.africa-press.net\/tchad\/sites\/41\/2023\/11\/sm_1699889565.357748.jpg","contentUrl":"https:\/\/static.africa-press.net\/tchad\/sites\/41\/2023\/11\/sm_1699889565.357748.jpg","width":1270,"height":634,"caption":"le g\u00e9n\u00e9ral Hemchi Dogori intronis\u00e9 chef de la communaut\u00e9 Donza \u00e0 N'Djamena"},{"@type":"BreadcrumbList","@id":"https:\/\/www.africa-press.net\/tchad\/politique\/le-general-hemchi-dogori-intronise-chef-de-la-communaute-donza-a-ndjamena#breadcrumb","itemListElement":[{"@type":"ListItem","position":1,"name":"Accueil","item":"https:\/\/www.africa-press.net\/tchad\/"},{"@type":"ListItem","position":2,"name":"le g\u00e9n\u00e9ral Hemchi Dogori intronis\u00e9 chef de la communaut\u00e9 Donza \u00e0 N&#8217;Djamena"}]},{"@type":"WebSite","@id":"https:\/\/www.africa-press.net\/tchad\/#website","url":"https:\/\/www.africa-press.net\/tchad\/","name":"tchad","description":"Just another Africa News Agency Sites site","potentialAction":[{"@type":"SearchAction","target":{"@type":"EntryPoint","urlTemplate":"https:\/\/www.africa-press.net\/tchad\/?s={search_term_string}"},"query-input":{"@type":"PropertyValueSpecification","valueRequired":true,"valueName":"search_term_string"}}],"inLanguage":"fr-FR"},{"@type":"Person","@id":"https:\/\/www.africa-press.net\/tchad\/#\/schema\/person\/2b1cf3cd81a31e3cd26889ca66d677f1","name":"cfeditorfr"}]}},"_links":{"self":[{"href":"https:\/\/www.africa-press.net\/tchad\/wp-json\/wp\/v2\/posts\/53934","targetHints":{"allow":["GET"]}}],"collection":[{"href":"https:\/\/www.africa-press.net\/tchad\/wp-json\/wp\/v2\/posts"}],"about":[{"href":"https:\/\/www.africa-press.net\/tchad\/wp-json\/wp\/v2\/types\/post"}],"author":[{"embeddable":true,"href":"https:\/\/www.africa-press.net\/tchad\/wp-json\/wp\/v2\/users\/82"}],"replies":[{"embeddable":true,"href":"https:\/\/www.africa-press.net\/tchad\/wp-json\/wp\/v2\/comments?post=53934"}],"version-history":[{"count":0,"href":"https:\/\/www.africa-press.net\/tchad\/wp-json\/wp\/v2\/posts\/53934\/revisions"}],"wp:featuredmedia":[{"embeddable":true,"href":"https:\/\/www.africa-press.net\/tchad\/wp-json\/wp\/v2\/media\/53933"}],"wp:attachment":[{"href":"https:\/\/www.africa-press.net\/tchad\/wp-json\/wp\/v2\/media?parent=53934"}],"wp:term":[{"taxonomy":"category","embeddable":true,"href":"https:\/\/www.africa-press.net\/tchad\/wp-json\/wp\/v2\/categories?post=53934"},{"taxonomy":"post_tag","embeddable":true,"href":"https:\/\/www.africa-press.net\/tchad\/wp-json\/wp\/v2\/tags?post=53934"}],"curies":[{"name":"wp","href":"https:\/\/api.w.org\/{rel}","templated":true}]}}