{"id":53936,"date":"2023-11-13T18:43:09","date_gmt":"2023-11-13T18:43:09","guid":{"rendered":"https:\/\/www.africa-press.net\/tchad\/politique\/gaza-le-president-de-transition-du-tchad-denonce-le-recours-a-la-punition-collective"},"modified":"2023-11-13T19:05:13","modified_gmt":"2023-11-13T19:05:13","slug":"gaza-le-president-de-transition-du-tchad-denonce-le-recours-a-la-punition-collective","status":"publish","type":"post","link":"https:\/\/www.africa-press.net\/tchad\/politique\/gaza-le-president-de-transition-du-tchad-denonce-le-recours-a-la-punition-collective","title":{"rendered":"Gaza : le pr\u00e9sident de transition du Tchad d\u00e9nonce le recours \u00e0 la punition collective"},"content":{"rendered":"<p><span style=\"color: #ff6600\"><strong>Africa-Press &#8211; Tchad. <\/strong><\/span>Organise\u0301 a\u0300 l\u2019initiative conjointe de l\u2019Organisation de la Coope\u0301ration Islamique et de la Ligue des E\u0301tats arabes, ce sommet se veut une manifestation de la de\u0301termination des leaders arabo-musulmans a\u0300 faire bloc commun face au drame qui se joue dans la bande de Gaza en Palestine et manifester leur solidarite\u0301 avec la Palestine meurtrie.<\/p>\n<p>Il s\u2019agit pour eux d\u2019adopter une position commune en condamnant ce qui se passe en Palestine et agir ensemble face a\u0300 la situation a\u0300 Gaza, marque\u0301e plus d\u2019un mois par de combats meurtriers dont les civils notamment les enfants en font les frais.<\/p>\n<p>En raison de l\u2019urgence de la situation, le Chef de l\u2019Etat Mahamat Idriss Deby a re\u0301pondu pre\u0301sent a\u0300 ce sommet dont les travaux ont e\u0301te\u0301 lance\u0301s par le Prince he\u0301ritier d\u2019Arabie Saoudite, Mohammed Bin Salman Bin Abdulaziz Al Saoud.<\/p>\n<p>Plusieurs interventions ont marque\u0301 la ce\u0301re\u0301monie d\u2019ouverture, notamment celles du Secre\u0301taire Ge\u0301ne\u0301ral de la Ligue des E\u0301tats arabes, Ahmed Aboul Gheit, du Secre\u0301taire Ge\u0301ne\u0301ral de l\u2019Organisation de la Coope\u0301ration Islamique, Hissein Ibrahim Taha et du Pre\u0301sident de l\u2019Autorite\u0301 Palestinienne, Mahmoud Abbas.<\/p>\n<p>Leurs interventions ont porte\u0301 sur l\u2019urgence de l\u2019arre\u0302t imme\u0301diat des combats caracte\u0301rise\u0301s par des meurtres et des pratiques inhumaines ainsi que la possibilite\u0301 d\u2019acheminer de l\u2019aide humanitaire dans la bande de Gaza et l\u2019arre\u0302t du de\u0301placement force\u0301 des palestiniens.<\/p>\n<p>Le Pre\u0301sident de la Re\u0301publique Mahamat Idriss Deby, tre\u0300s pre\u0301occupe\u0301 par la situation dans la Bande de Gaza s\u2019est fe\u0301licite\u0301 de la tenue dudit sommet. Il a souligne\u0301 que la question palestinienne est une question de liberte\u0301s et de droits humains. C\u2019est pourquoi il a appele\u0301 la communaute\u0301 internationale a\u0300 mettre de co\u0302te\u0301 ses divergences et ses inte\u0301re\u0302ts particuliers pour re\u0301soudre ce proble\u0300me qui n\u2019a fait que trop dure\u0301 afin d\u2019alle\u0301ger la souffrance du peuple palestinien.<\/p>\n<p>Le Chef de l\u2019E\u0301tat a de\u0301nonce\u0301 le recours a\u0300 la punition collective contre les palestiniens par Israe\u0308l. Il a exhorte\u0301 les participants au sommet a\u0300 adopter une position unifie\u0301e et solidaire envers les palestiniens et a appele\u0301 la communaute\u0301 internationale, en particulier les Nations Unies et l\u2019Union Europe\u0301enne a\u0300 s\u2019impliquer dans la re\u0301solution du proble\u0300me palestinien.<\/p>\n<p><strong>Pour plus d&rsquo;informations et d&rsquo;analyses sur la <a href=\"https:\/\/www.africa-press.net\/tchad\">Tchad<\/a>, suivez <a href=\"https:\/\/www.africa-press.net\/\">Africa-Press<\/a><\/strong><\/p>\n","protected":false},"excerpt":{"rendered":"<p>Africa-Press &#8211; Tchad. Organise\u0301 a\u0300 l\u2019initiative conjointe de l\u2019Organisation de la Coope\u0301ration Islamique et de la Ligue des E\u0301tats arabes, ce sommet se veut une manifestation de la de\u0301termination des leaders arabo-musulmans a\u0300 faire bloc commun face au drame qui se joue dans la bande de Gaza en Palestine et manifester leur solidarite\u0301 avec la [&hellip;]<\/p>\n","protected":false},"author":82,"featured_media":53935,"comment_status":"open","ping_status":"closed","sticky":false,"template":"","format":"standard","meta":{"footnotes":""},"categories":[2,10],"tags":[37,292,29],"class_list":["post-53936","post","type-post","status-publish","format-standard","has-post-thumbnail","hentry","category-politique","category-toutes-les-actualites","tag-africa-press","tag-africa-press-tchad","tag-tchad"],"yoast_head":"<!-- This site is optimized with the Yoast SEO Premium plugin v26.1 (Yoast SEO v27.0) - https:\/\/yoast.com\/product\/yoast-seo-premium-wordpress\/ -->\n<title>Gaza : le pr\u00e9sident de transition du Tchad d\u00e9nonce le recours \u00e0 la punition collective - tchad<\/title>\n<meta name=\"description\" content=\"Organise\u0301 a\u0300 l\u2019initiative conjointe de l\u2019Organisation de la Coope\u0301ration Islamique et de la Ligue des E\u0301tats arabes, ce ...\" \/>\n<meta name=\"robots\" content=\"index, follow, max-snippet:-1, max-image-preview:large, max-video-preview:-1\" \/>\n<link rel=\"canonical\" href=\"https:\/\/www.africa-press.net\/tchad\/politique\/gaza-le-president-de-transition-du-tchad-denonce-le-recours-a-la-punition-collective\" \/>\n<meta property=\"og:locale\" content=\"fr_FR\" \/>\n<meta property=\"og:type\" content=\"article\" \/>\n<meta property=\"og:title\" content=\"Gaza : le pr\u00e9sident de transition du Tchad d\u00e9nonce le recours \u00e0 la punition collective\" \/>\n<meta property=\"og:description\" content=\"Organise\u0301 a\u0300 l\u2019initiative conjointe de l\u2019Organisation de la Coope\u0301ration Islamique et de la Ligue des E\u0301tats arabes, ce ...\" \/>\n<meta property=\"og:url\" content=\"https:\/\/www.africa-press.net\/tchad\/politique\/gaza-le-president-de-transition-du-tchad-denonce-le-recours-a-la-punition-collective\" \/>\n<meta property=\"og:site_name\" content=\"tchad\" \/>\n<meta property=\"article:published_time\" content=\"2023-11-13T18:43:09+00:00\" \/>\n<meta property=\"article:modified_time\" content=\"2023-11-13T19:05:13+00:00\" \/>\n<meta property=\"og:image\" content=\"https:\/\/static.africa-press.net\/tchad\/sites\/41\/2023\/11\/sm_1699889621.624762.jpg\" \/>\n\t<meta property=\"og:image:width\" content=\"1023\" \/>\n\t<meta property=\"og:image:height\" content=\"695\" \/>\n\t<meta property=\"og:image:type\" content=\"image\/jpeg\" \/>\n<meta name=\"author\" content=\"cfeditorfr\" \/>\n<meta name=\"twitter:card\" content=\"summary_large_image\" \/>\n<meta name=\"twitter:label1\" content=\"\u00c9crit par\" \/>\n\t<meta name=\"twitter:data1\" content=\"cfeditorfr\" \/>\n\t<meta name=\"twitter:label2\" content=\"Dur\u00e9e de lecture estim\u00e9e\" \/>\n\t<meta name=\"twitter:data2\" content=\"2 minutes\" \/>\n<script type=\"application\/ld+json\" class=\"yoast-schema-graph\">{\"@context\":\"https:\/\/schema.org\",\"@graph\":[{\"@type\":\"Article\",\"@id\":\"https:\/\/www.africa-press.net\/tchad\/politique\/gaza-le-president-de-transition-du-tchad-denonce-le-recours-a-la-punition-collective#article\",\"isPartOf\":{\"@id\":\"https:\/\/www.africa-press.net\/tchad\/politique\/gaza-le-president-de-transition-du-tchad-denonce-le-recours-a-la-punition-collective\"},\"author\":{\"name\":\"cfeditorfr\",\"@id\":\"https:\/\/www.africa-press.net\/tchad\/#\/schema\/person\/2b1cf3cd81a31e3cd26889ca66d677f1\"},\"headline\":\"Gaza : le pr\u00e9sident de transition du Tchad d\u00e9nonce le recours \u00e0 la punition collective\",\"datePublished\":\"2023-11-13T18:43:09+00:00\",\"dateModified\":\"2023-11-13T19:05:13+00:00\",\"mainEntityOfPage\":{\"@id\":\"https:\/\/www.africa-press.net\/tchad\/politique\/gaza-le-president-de-transition-du-tchad-denonce-le-recours-a-la-punition-collective\"},\"wordCount\":446,\"commentCount\":0,\"image\":{\"@id\":\"https:\/\/www.africa-press.net\/tchad\/politique\/gaza-le-president-de-transition-du-tchad-denonce-le-recours-a-la-punition-collective#primaryimage\"},\"thumbnailUrl\":\"https:\/\/static.africa-press.net\/tchad\/sites\/41\/2023\/11\/sm_1699889621.624762.jpg\",\"keywords\":[\"Africa Press\",\"Africa Press-Tchad\",\"Tchad\"],\"articleSection\":[\"Politique\",\"Toutes les actualit\u00e9s\"],\"inLanguage\":\"fr-FR\",\"potentialAction\":[{\"@type\":\"CommentAction\",\"name\":\"Comment\",\"target\":[\"https:\/\/www.africa-press.net\/tchad\/politique\/gaza-le-president-de-transition-du-tchad-denonce-le-recours-a-la-punition-collective#respond\"]}]},{\"@type\":\"WebPage\",\"@id\":\"https:\/\/www.africa-press.net\/tchad\/politique\/gaza-le-president-de-transition-du-tchad-denonce-le-recours-a-la-punition-collective\",\"url\":\"https:\/\/www.africa-press.net\/tchad\/politique\/gaza-le-president-de-transition-du-tchad-denonce-le-recours-a-la-punition-collective\",\"name\":\"Gaza : le pr\u00e9sident de transition du Tchad d\u00e9nonce le recours \u00e0 la punition collective - tchad\",\"isPartOf\":{\"@id\":\"https:\/\/www.africa-press.net\/tchad\/#website\"},\"primaryImageOfPage\":{\"@id\":\"https:\/\/www.africa-press.net\/tchad\/politique\/gaza-le-president-de-transition-du-tchad-denonce-le-recours-a-la-punition-collective#primaryimage\"},\"image\":{\"@id\":\"https:\/\/www.africa-press.net\/tchad\/politique\/gaza-le-president-de-transition-du-tchad-denonce-le-recours-a-la-punition-collective#primaryimage\"},\"thumbnailUrl\":\"https:\/\/static.africa-press.net\/tchad\/sites\/41\/2023\/11\/sm_1699889621.624762.jpg\",\"datePublished\":\"2023-11-13T18:43:09+00:00\",\"dateModified\":\"2023-11-13T19:05:13+00:00\",\"author\":{\"@id\":\"https:\/\/www.africa-press.net\/tchad\/#\/schema\/person\/2b1cf3cd81a31e3cd26889ca66d677f1\"},\"description\":\"Organise\u0301 a\u0300 l\u2019initiative conjointe de l\u2019Organisation de la Coope\u0301ration Islamique et de la Ligue des E\u0301tats arabes, ce ...\",\"breadcrumb\":{\"@id\":\"https:\/\/www.africa-press.net\/tchad\/politique\/gaza-le-president-de-transition-du-tchad-denonce-le-recours-a-la-punition-collective#breadcrumb\"},\"inLanguage\":\"fr-FR\",\"potentialAction\":[{\"@type\":\"ReadAction\",\"target\":[\"https:\/\/www.africa-press.net\/tchad\/politique\/gaza-le-president-de-transition-du-tchad-denonce-le-recours-a-la-punition-collective\"]}]},{\"@type\":\"ImageObject\",\"inLanguage\":\"fr-FR\",\"@id\":\"https:\/\/www.africa-press.net\/tchad\/politique\/gaza-le-president-de-transition-du-tchad-denonce-le-recours-a-la-punition-collective#primaryimage\",\"url\":\"https:\/\/static.africa-press.net\/tchad\/sites\/41\/2023\/11\/sm_1699889621.624762.jpg\",\"contentUrl\":\"https:\/\/static.africa-press.net\/tchad\/sites\/41\/2023\/11\/sm_1699889621.624762.jpg\",\"width\":1023,\"height\":695,\"caption\":\"Gaza : le pr\u00e9sident de transition du Tchad d\u00e9nonce le recours \u00e0 la punition collective\"},{\"@type\":\"BreadcrumbList\",\"@id\":\"https:\/\/www.africa-press.net\/tchad\/politique\/gaza-le-president-de-transition-du-tchad-denonce-le-recours-a-la-punition-collective#breadcrumb\",\"itemListElement\":[{\"@type\":\"ListItem\",\"position\":1,\"name\":\"Accueil\",\"item\":\"https:\/\/www.africa-press.net\/tchad\/\"},{\"@type\":\"ListItem\",\"position\":2,\"name\":\"Gaza : le pr\u00e9sident de transition du Tchad d\u00e9nonce le recours \u00e0 la punition collective\"}]},{\"@type\":\"WebSite\",\"@id\":\"https:\/\/www.africa-press.net\/tchad\/#website\",\"url\":\"https:\/\/www.africa-press.net\/tchad\/\",\"name\":\"tchad\",\"description\":\"Just another Africa News Agency Sites site\",\"potentialAction\":[{\"@type\":\"SearchAction\",\"target\":{\"@type\":\"EntryPoint\",\"urlTemplate\":\"https:\/\/www.africa-press.net\/tchad\/?s={search_term_string}\"},\"query-input\":{\"@type\":\"PropertyValueSpecification\",\"valueRequired\":true,\"valueName\":\"search_term_string\"}}],\"inLanguage\":\"fr-FR\"},{\"@type\":\"Person\",\"@id\":\"https:\/\/www.africa-press.net\/tchad\/#\/schema\/person\/2b1cf3cd81a31e3cd26889ca66d677f1\",\"name\":\"cfeditorfr\"}]}<\/script>\n<!-- \/ Yoast SEO Premium plugin. -->","yoast_head_json":{"title":"Gaza : le pr\u00e9sident de transition du Tchad d\u00e9nonce le recours \u00e0 la punition collective - tchad","description":"Organise\u0301 a\u0300 l\u2019initiative conjointe de l\u2019Organisation de la Coope\u0301ration Islamique et de la Ligue des E\u0301tats arabes, ce ...","robots":{"index":"index","follow":"follow","max-snippet":"max-snippet:-1","max-image-preview":"max-image-preview:large","max-video-preview":"max-video-preview:-1"},"canonical":"https:\/\/www.africa-press.net\/tchad\/politique\/gaza-le-president-de-transition-du-tchad-denonce-le-recours-a-la-punition-collective","og_locale":"fr_FR","og_type":"article","og_title":"Gaza : le pr\u00e9sident de transition du Tchad d\u00e9nonce le recours \u00e0 la punition collective","og_description":"Organise\u0301 a\u0300 l\u2019initiative conjointe de l\u2019Organisation de la Coope\u0301ration Islamique et de la Ligue des E\u0301tats arabes, ce ...","og_url":"https:\/\/www.africa-press.net\/tchad\/politique\/gaza-le-president-de-transition-du-tchad-denonce-le-recours-a-la-punition-collective","og_site_name":"tchad","article_published_time":"2023-11-13T18:43:09+00:00","article_modified_time":"2023-11-13T19:05:13+00:00","og_image":[{"width":1023,"height":695,"url":"https:\/\/static.africa-press.net\/tchad\/sites\/41\/2023\/11\/sm_1699889621.624762.jpg","type":"image\/jpeg"}],"author":"cfeditorfr","twitter_card":"summary_large_image","twitter_misc":{"\u00c9crit par":"cfeditorfr","Dur\u00e9e de lecture estim\u00e9e":"2 minutes"},"schema":{"@context":"https:\/\/schema.org","@graph":[{"@type":"Article","@id":"https:\/\/www.africa-press.net\/tchad\/politique\/gaza-le-president-de-transition-du-tchad-denonce-le-recours-a-la-punition-collective#article","isPartOf":{"@id":"https:\/\/www.africa-press.net\/tchad\/politique\/gaza-le-president-de-transition-du-tchad-denonce-le-recours-a-la-punition-collective"},"author":{"name":"cfeditorfr","@id":"https:\/\/www.africa-press.net\/tchad\/#\/schema\/person\/2b1cf3cd81a31e3cd26889ca66d677f1"},"headline":"Gaza : le pr\u00e9sident de transition du Tchad d\u00e9nonce le recours \u00e0 la punition collective","datePublished":"2023-11-13T18:43:09+00:00","dateModified":"2023-11-13T19:05:13+00:00","mainEntityOfPage":{"@id":"https:\/\/www.africa-press.net\/tchad\/politique\/gaza-le-president-de-transition-du-tchad-denonce-le-recours-a-la-punition-collective"},"wordCount":446,"commentCount":0,"image":{"@id":"https:\/\/www.africa-press.net\/tchad\/politique\/gaza-le-president-de-transition-du-tchad-denonce-le-recours-a-la-punition-collective#primaryimage"},"thumbnailUrl":"https:\/\/static.africa-press.net\/tchad\/sites\/41\/2023\/11\/sm_1699889621.624762.jpg","keywords":["Africa Press","Africa Press-Tchad","Tchad"],"articleSection":["Politique","Toutes les actualit\u00e9s"],"inLanguage":"fr-FR","potentialAction":[{"@type":"CommentAction","name":"Comment","target":["https:\/\/www.africa-press.net\/tchad\/politique\/gaza-le-president-de-transition-du-tchad-denonce-le-recours-a-la-punition-collective#respond"]}]},{"@type":"WebPage","@id":"https:\/\/www.africa-press.net\/tchad\/politique\/gaza-le-president-de-transition-du-tchad-denonce-le-recours-a-la-punition-collective","url":"https:\/\/www.africa-press.net\/tchad\/politique\/gaza-le-president-de-transition-du-tchad-denonce-le-recours-a-la-punition-collective","name":"Gaza : le pr\u00e9sident de transition du Tchad d\u00e9nonce le recours \u00e0 la punition collective - tchad","isPartOf":{"@id":"https:\/\/www.africa-press.net\/tchad\/#website"},"primaryImageOfPage":{"@id":"https:\/\/www.africa-press.net\/tchad\/politique\/gaza-le-president-de-transition-du-tchad-denonce-le-recours-a-la-punition-collective#primaryimage"},"image":{"@id":"https:\/\/www.africa-press.net\/tchad\/politique\/gaza-le-president-de-transition-du-tchad-denonce-le-recours-a-la-punition-collective#primaryimage"},"thumbnailUrl":"https:\/\/static.africa-press.net\/tchad\/sites\/41\/2023\/11\/sm_1699889621.624762.jpg","datePublished":"2023-11-13T18:43:09+00:00","dateModified":"2023-11-13T19:05:13+00:00","author":{"@id":"https:\/\/www.africa-press.net\/tchad\/#\/schema\/person\/2b1cf3cd81a31e3cd26889ca66d677f1"},"description":"Organise\u0301 a\u0300 l\u2019initiative conjointe de l\u2019Organisation de la Coope\u0301ration Islamique et de la Ligue des E\u0301tats arabes, ce ...","breadcrumb":{"@id":"https:\/\/www.africa-press.net\/tchad\/politique\/gaza-le-president-de-transition-du-tchad-denonce-le-recours-a-la-punition-collective#breadcrumb"},"inLanguage":"fr-FR","potentialAction":[{"@type":"ReadAction","target":["https:\/\/www.africa-press.net\/tchad\/politique\/gaza-le-president-de-transition-du-tchad-denonce-le-recours-a-la-punition-collective"]}]},{"@type":"ImageObject","inLanguage":"fr-FR","@id":"https:\/\/www.africa-press.net\/tchad\/politique\/gaza-le-president-de-transition-du-tchad-denonce-le-recours-a-la-punition-collective#primaryimage","url":"https:\/\/static.africa-press.net\/tchad\/sites\/41\/2023\/11\/sm_1699889621.624762.jpg","contentUrl":"https:\/\/static.africa-press.net\/tchad\/sites\/41\/2023\/11\/sm_1699889621.624762.jpg","width":1023,"height":695,"caption":"Gaza : le pr\u00e9sident de transition du Tchad d\u00e9nonce le recours \u00e0 la punition collective"},{"@type":"BreadcrumbList","@id":"https:\/\/www.africa-press.net\/tchad\/politique\/gaza-le-president-de-transition-du-tchad-denonce-le-recours-a-la-punition-collective#breadcrumb","itemListElement":[{"@type":"ListItem","position":1,"name":"Accueil","item":"https:\/\/www.africa-press.net\/tchad\/"},{"@type":"ListItem","position":2,"name":"Gaza : le pr\u00e9sident de transition du Tchad d\u00e9nonce le recours \u00e0 la punition collective"}]},{"@type":"WebSite","@id":"https:\/\/www.africa-press.net\/tchad\/#website","url":"https:\/\/www.africa-press.net\/tchad\/","name":"tchad","description":"Just another Africa News Agency Sites site","potentialAction":[{"@type":"SearchAction","target":{"@type":"EntryPoint","urlTemplate":"https:\/\/www.africa-press.net\/tchad\/?s={search_term_string}"},"query-input":{"@type":"PropertyValueSpecification","valueRequired":true,"valueName":"search_term_string"}}],"inLanguage":"fr-FR"},{"@type":"Person","@id":"https:\/\/www.africa-press.net\/tchad\/#\/schema\/person\/2b1cf3cd81a31e3cd26889ca66d677f1","name":"cfeditorfr"}]}},"_links":{"self":[{"href":"https:\/\/www.africa-press.net\/tchad\/wp-json\/wp\/v2\/posts\/53936","targetHints":{"allow":["GET"]}}],"collection":[{"href":"https:\/\/www.africa-press.net\/tchad\/wp-json\/wp\/v2\/posts"}],"about":[{"href":"https:\/\/www.africa-press.net\/tchad\/wp-json\/wp\/v2\/types\/post"}],"author":[{"embeddable":true,"href":"https:\/\/www.africa-press.net\/tchad\/wp-json\/wp\/v2\/users\/82"}],"replies":[{"embeddable":true,"href":"https:\/\/www.africa-press.net\/tchad\/wp-json\/wp\/v2\/comments?post=53936"}],"version-history":[{"count":0,"href":"https:\/\/www.africa-press.net\/tchad\/wp-json\/wp\/v2\/posts\/53936\/revisions"}],"wp:featuredmedia":[{"embeddable":true,"href":"https:\/\/www.africa-press.net\/tchad\/wp-json\/wp\/v2\/media\/53935"}],"wp:attachment":[{"href":"https:\/\/www.africa-press.net\/tchad\/wp-json\/wp\/v2\/media?parent=53936"}],"wp:term":[{"taxonomy":"category","embeddable":true,"href":"https:\/\/www.africa-press.net\/tchad\/wp-json\/wp\/v2\/categories?post=53936"},{"taxonomy":"post_tag","embeddable":true,"href":"https:\/\/www.africa-press.net\/tchad\/wp-json\/wp\/v2\/tags?post=53936"}],"curies":[{"name":"wp","href":"https:\/\/api.w.org\/{rel}","templated":true}]}}