{"id":53939,"date":"2023-11-13T18:44:01","date_gmt":"2023-11-13T18:44:01","guid":{"rendered":"https:\/\/www.africa-press.net\/tchad\/politique\/le-gouverneur-du-kanem-intercepte-deux-vehicules-transportant-clandestinement-des-personnes-vers-le-nord"},"modified":"2023-11-13T19:06:02","modified_gmt":"2023-11-13T19:06:02","slug":"le-gouverneur-du-kanem-intercepte-deux-vehicules-transportant-clandestinement-des-personnes-vers-le-nord","status":"publish","type":"post","link":"https:\/\/www.africa-press.net\/tchad\/politique\/le-gouverneur-du-kanem-intercepte-deux-vehicules-transportant-clandestinement-des-personnes-vers-le-nord","title":{"rendered":"Le gouverneur du Kanem intercepte deux v\u00e9hicules transportant clandestinement des personnes vers le Nord"},"content":{"rendered":"<p><span style=\"color: #ff6600\"><strong>Africa-Press &#8211; Tchad. <\/strong><\/span>Le gouverneur de la province du Kanem tre\u0300s satisfait de la mission, a remercie\u0301 les forces de de\u0301fense et de se\u0301curite\u0301 et leur a demande\u0301 de doubler les efforts pour la se\u0301curite\u0301 des personnes. Il a appele\u0301 e\u0301galement la population a\u0300 collaborer avec les autorite\u0301s locales pour mieux faciliter la ta\u0302che.<\/p>\n<p>Il a ensuite continue\u0301 sa tourne\u0301e apre\u0300s Ziguey et soultoum pour la clo\u0302turer ce dimanche 12 novembre 2023. Apre\u0300s la fin de mission, la de\u0301le\u0301gation a mis cap vers Mao ou\u0300 le gouverneur de la province du Kanem, le contro\u0302leur ge\u0301ne\u0301ral Issaka Hassane Jogoi\u0308, a rencontre\u0301 les diffe\u0301rents chefs militaires qui l\u2019ont accompagne\u0301 a\u0300 la mission.<\/p>\n<p><strong>Pour plus d&rsquo;informations et d&rsquo;analyses sur la <a href=\"https:\/\/www.africa-press.net\/tchad\">Tchad<\/a>, suivez <a href=\"https:\/\/www.africa-press.net\/\">Africa-Press<\/a><\/strong><\/p>\n","protected":false},"excerpt":{"rendered":"<p>Africa-Press &#8211; Tchad. Le gouverneur de la province du Kanem tre\u0300s satisfait de la mission, a remercie\u0301 les forces de de\u0301fense et de se\u0301curite\u0301 et leur a demande\u0301 de doubler les efforts pour la se\u0301curite\u0301 des personnes. Il a appele\u0301 e\u0301galement la population a\u0300 collaborer avec les autorite\u0301s locales pour mieux faciliter la ta\u0302che. Il [&hellip;]<\/p>\n","protected":false},"author":82,"featured_media":53938,"comment_status":"open","ping_status":"closed","sticky":false,"template":"","format":"standard","meta":{"footnotes":""},"categories":[2,10],"tags":[37,292,29],"class_list":["post-53939","post","type-post","status-publish","format-standard","has-post-thumbnail","hentry","category-politique","category-toutes-les-actualites","tag-africa-press","tag-africa-press-tchad","tag-tchad"],"yoast_head":"<!-- This site is optimized with the Yoast SEO Premium plugin v26.1 (Yoast SEO v27.0) - https:\/\/yoast.com\/product\/yoast-seo-premium-wordpress\/ -->\n<title>Le gouverneur du Kanem intercepte deux v\u00e9hicules transportant clandestinement des personnes vers le Nord - tchad<\/title>\n<meta name=\"description\" content=\"Le gouverneur de la province du Kanem tre\u0300s satisfait de la mission, a remercie\u0301 les forces de de\u0301fense et de se\u0301curite\u0301 ...\" \/>\n<meta name=\"robots\" content=\"index, follow, max-snippet:-1, max-image-preview:large, max-video-preview:-1\" \/>\n<link rel=\"canonical\" href=\"https:\/\/www.africa-press.net\/tchad\/politique\/le-gouverneur-du-kanem-intercepte-deux-vehicules-transportant-clandestinement-des-personnes-vers-le-nord\" \/>\n<meta property=\"og:locale\" content=\"fr_FR\" \/>\n<meta property=\"og:type\" content=\"article\" \/>\n<meta property=\"og:title\" content=\"Le gouverneur du Kanem intercepte deux v\u00e9hicules transportant clandestinement des personnes vers le Nord\" \/>\n<meta property=\"og:description\" content=\"Le gouverneur de la province du Kanem tre\u0300s satisfait de la mission, a remercie\u0301 les forces de de\u0301fense et de se\u0301curite\u0301 ...\" \/>\n<meta property=\"og:url\" content=\"https:\/\/www.africa-press.net\/tchad\/politique\/le-gouverneur-du-kanem-intercepte-deux-vehicules-transportant-clandestinement-des-personnes-vers-le-nord\" \/>\n<meta property=\"og:site_name\" content=\"tchad\" \/>\n<meta property=\"article:published_time\" content=\"2023-11-13T18:44:01+00:00\" \/>\n<meta property=\"article:modified_time\" content=\"2023-11-13T19:06:02+00:00\" \/>\n<meta property=\"og:image\" content=\"https:\/\/static.africa-press.net\/tchad\/sites\/41\/2023\/11\/sm_1699889668.918765.jpg\" \/>\n\t<meta property=\"og:image:width\" content=\"1020\" \/>\n\t<meta property=\"og:image:height\" content=\"765\" \/>\n\t<meta property=\"og:image:type\" content=\"image\/jpeg\" \/>\n<meta name=\"author\" content=\"cfeditorfr\" \/>\n<meta name=\"twitter:card\" content=\"summary_large_image\" \/>\n<meta name=\"twitter:label1\" content=\"\u00c9crit par\" \/>\n\t<meta name=\"twitter:data1\" content=\"cfeditorfr\" \/>\n\t<meta name=\"twitter:label2\" content=\"Dur\u00e9e de lecture estim\u00e9e\" \/>\n\t<meta name=\"twitter:data2\" content=\"1 minute\" \/>\n<script type=\"application\/ld+json\" class=\"yoast-schema-graph\">{\"@context\":\"https:\/\/schema.org\",\"@graph\":[{\"@type\":\"Article\",\"@id\":\"https:\/\/www.africa-press.net\/tchad\/politique\/le-gouverneur-du-kanem-intercepte-deux-vehicules-transportant-clandestinement-des-personnes-vers-le-nord#article\",\"isPartOf\":{\"@id\":\"https:\/\/www.africa-press.net\/tchad\/politique\/le-gouverneur-du-kanem-intercepte-deux-vehicules-transportant-clandestinement-des-personnes-vers-le-nord\"},\"author\":{\"name\":\"cfeditorfr\",\"@id\":\"https:\/\/www.africa-press.net\/tchad\/#\/schema\/person\/2b1cf3cd81a31e3cd26889ca66d677f1\"},\"headline\":\"Le gouverneur du Kanem intercepte deux v\u00e9hicules transportant clandestinement des personnes vers le Nord\",\"datePublished\":\"2023-11-13T18:44:01+00:00\",\"dateModified\":\"2023-11-13T19:06:02+00:00\",\"mainEntityOfPage\":{\"@id\":\"https:\/\/www.africa-press.net\/tchad\/politique\/le-gouverneur-du-kanem-intercepte-deux-vehicules-transportant-clandestinement-des-personnes-vers-le-nord\"},\"wordCount\":153,\"commentCount\":0,\"image\":{\"@id\":\"https:\/\/www.africa-press.net\/tchad\/politique\/le-gouverneur-du-kanem-intercepte-deux-vehicules-transportant-clandestinement-des-personnes-vers-le-nord#primaryimage\"},\"thumbnailUrl\":\"https:\/\/static.africa-press.net\/tchad\/sites\/41\/2023\/11\/sm_1699889668.918765.jpg\",\"keywords\":[\"Africa Press\",\"Africa Press-Tchad\",\"Tchad\"],\"articleSection\":[\"Politique\",\"Toutes les actualit\u00e9s\"],\"inLanguage\":\"fr-FR\",\"potentialAction\":[{\"@type\":\"CommentAction\",\"name\":\"Comment\",\"target\":[\"https:\/\/www.africa-press.net\/tchad\/politique\/le-gouverneur-du-kanem-intercepte-deux-vehicules-transportant-clandestinement-des-personnes-vers-le-nord#respond\"]}]},{\"@type\":\"WebPage\",\"@id\":\"https:\/\/www.africa-press.net\/tchad\/politique\/le-gouverneur-du-kanem-intercepte-deux-vehicules-transportant-clandestinement-des-personnes-vers-le-nord\",\"url\":\"https:\/\/www.africa-press.net\/tchad\/politique\/le-gouverneur-du-kanem-intercepte-deux-vehicules-transportant-clandestinement-des-personnes-vers-le-nord\",\"name\":\"Le gouverneur du Kanem intercepte deux v\u00e9hicules transportant clandestinement des personnes vers le Nord - tchad\",\"isPartOf\":{\"@id\":\"https:\/\/www.africa-press.net\/tchad\/#website\"},\"primaryImageOfPage\":{\"@id\":\"https:\/\/www.africa-press.net\/tchad\/politique\/le-gouverneur-du-kanem-intercepte-deux-vehicules-transportant-clandestinement-des-personnes-vers-le-nord#primaryimage\"},\"image\":{\"@id\":\"https:\/\/www.africa-press.net\/tchad\/politique\/le-gouverneur-du-kanem-intercepte-deux-vehicules-transportant-clandestinement-des-personnes-vers-le-nord#primaryimage\"},\"thumbnailUrl\":\"https:\/\/static.africa-press.net\/tchad\/sites\/41\/2023\/11\/sm_1699889668.918765.jpg\",\"datePublished\":\"2023-11-13T18:44:01+00:00\",\"dateModified\":\"2023-11-13T19:06:02+00:00\",\"author\":{\"@id\":\"https:\/\/www.africa-press.net\/tchad\/#\/schema\/person\/2b1cf3cd81a31e3cd26889ca66d677f1\"},\"description\":\"Le gouverneur de la province du Kanem tre\u0300s satisfait de la mission, a remercie\u0301 les forces de de\u0301fense et de se\u0301curite\u0301 ...\",\"breadcrumb\":{\"@id\":\"https:\/\/www.africa-press.net\/tchad\/politique\/le-gouverneur-du-kanem-intercepte-deux-vehicules-transportant-clandestinement-des-personnes-vers-le-nord#breadcrumb\"},\"inLanguage\":\"fr-FR\",\"potentialAction\":[{\"@type\":\"ReadAction\",\"target\":[\"https:\/\/www.africa-press.net\/tchad\/politique\/le-gouverneur-du-kanem-intercepte-deux-vehicules-transportant-clandestinement-des-personnes-vers-le-nord\"]}]},{\"@type\":\"ImageObject\",\"inLanguage\":\"fr-FR\",\"@id\":\"https:\/\/www.africa-press.net\/tchad\/politique\/le-gouverneur-du-kanem-intercepte-deux-vehicules-transportant-clandestinement-des-personnes-vers-le-nord#primaryimage\",\"url\":\"https:\/\/static.africa-press.net\/tchad\/sites\/41\/2023\/11\/sm_1699889668.918765.jpg\",\"contentUrl\":\"https:\/\/static.africa-press.net\/tchad\/sites\/41\/2023\/11\/sm_1699889668.918765.jpg\",\"width\":1020,\"height\":765,\"caption\":\"Le gouverneur du Kanem intercepte deux v\u00e9hicules transportant clandestinement des personnes vers le Nord\"},{\"@type\":\"BreadcrumbList\",\"@id\":\"https:\/\/www.africa-press.net\/tchad\/politique\/le-gouverneur-du-kanem-intercepte-deux-vehicules-transportant-clandestinement-des-personnes-vers-le-nord#breadcrumb\",\"itemListElement\":[{\"@type\":\"ListItem\",\"position\":1,\"name\":\"Accueil\",\"item\":\"https:\/\/www.africa-press.net\/tchad\/\"},{\"@type\":\"ListItem\",\"position\":2,\"name\":\"Le gouverneur du Kanem intercepte deux v\u00e9hicules transportant clandestinement des personnes vers le Nord\"}]},{\"@type\":\"WebSite\",\"@id\":\"https:\/\/www.africa-press.net\/tchad\/#website\",\"url\":\"https:\/\/www.africa-press.net\/tchad\/\",\"name\":\"tchad\",\"description\":\"Just another Africa News Agency Sites site\",\"potentialAction\":[{\"@type\":\"SearchAction\",\"target\":{\"@type\":\"EntryPoint\",\"urlTemplate\":\"https:\/\/www.africa-press.net\/tchad\/?s={search_term_string}\"},\"query-input\":{\"@type\":\"PropertyValueSpecification\",\"valueRequired\":true,\"valueName\":\"search_term_string\"}}],\"inLanguage\":\"fr-FR\"},{\"@type\":\"Person\",\"@id\":\"https:\/\/www.africa-press.net\/tchad\/#\/schema\/person\/2b1cf3cd81a31e3cd26889ca66d677f1\",\"name\":\"cfeditorfr\"}]}<\/script>\n<!-- \/ Yoast SEO Premium plugin. -->","yoast_head_json":{"title":"Le gouverneur du Kanem intercepte deux v\u00e9hicules transportant clandestinement des personnes vers le Nord - tchad","description":"Le gouverneur de la province du Kanem tre\u0300s satisfait de la mission, a remercie\u0301 les forces de de\u0301fense et de se\u0301curite\u0301 ...","robots":{"index":"index","follow":"follow","max-snippet":"max-snippet:-1","max-image-preview":"max-image-preview:large","max-video-preview":"max-video-preview:-1"},"canonical":"https:\/\/www.africa-press.net\/tchad\/politique\/le-gouverneur-du-kanem-intercepte-deux-vehicules-transportant-clandestinement-des-personnes-vers-le-nord","og_locale":"fr_FR","og_type":"article","og_title":"Le gouverneur du Kanem intercepte deux v\u00e9hicules transportant clandestinement des personnes vers le Nord","og_description":"Le gouverneur de la province du Kanem tre\u0300s satisfait de la mission, a remercie\u0301 les forces de de\u0301fense et de se\u0301curite\u0301 ...","og_url":"https:\/\/www.africa-press.net\/tchad\/politique\/le-gouverneur-du-kanem-intercepte-deux-vehicules-transportant-clandestinement-des-personnes-vers-le-nord","og_site_name":"tchad","article_published_time":"2023-11-13T18:44:01+00:00","article_modified_time":"2023-11-13T19:06:02+00:00","og_image":[{"width":1020,"height":765,"url":"https:\/\/static.africa-press.net\/tchad\/sites\/41\/2023\/11\/sm_1699889668.918765.jpg","type":"image\/jpeg"}],"author":"cfeditorfr","twitter_card":"summary_large_image","twitter_misc":{"\u00c9crit par":"cfeditorfr","Dur\u00e9e de lecture estim\u00e9e":"1 minute"},"schema":{"@context":"https:\/\/schema.org","@graph":[{"@type":"Article","@id":"https:\/\/www.africa-press.net\/tchad\/politique\/le-gouverneur-du-kanem-intercepte-deux-vehicules-transportant-clandestinement-des-personnes-vers-le-nord#article","isPartOf":{"@id":"https:\/\/www.africa-press.net\/tchad\/politique\/le-gouverneur-du-kanem-intercepte-deux-vehicules-transportant-clandestinement-des-personnes-vers-le-nord"},"author":{"name":"cfeditorfr","@id":"https:\/\/www.africa-press.net\/tchad\/#\/schema\/person\/2b1cf3cd81a31e3cd26889ca66d677f1"},"headline":"Le gouverneur du Kanem intercepte deux v\u00e9hicules transportant clandestinement des personnes vers le Nord","datePublished":"2023-11-13T18:44:01+00:00","dateModified":"2023-11-13T19:06:02+00:00","mainEntityOfPage":{"@id":"https:\/\/www.africa-press.net\/tchad\/politique\/le-gouverneur-du-kanem-intercepte-deux-vehicules-transportant-clandestinement-des-personnes-vers-le-nord"},"wordCount":153,"commentCount":0,"image":{"@id":"https:\/\/www.africa-press.net\/tchad\/politique\/le-gouverneur-du-kanem-intercepte-deux-vehicules-transportant-clandestinement-des-personnes-vers-le-nord#primaryimage"},"thumbnailUrl":"https:\/\/static.africa-press.net\/tchad\/sites\/41\/2023\/11\/sm_1699889668.918765.jpg","keywords":["Africa Press","Africa Press-Tchad","Tchad"],"articleSection":["Politique","Toutes les actualit\u00e9s"],"inLanguage":"fr-FR","potentialAction":[{"@type":"CommentAction","name":"Comment","target":["https:\/\/www.africa-press.net\/tchad\/politique\/le-gouverneur-du-kanem-intercepte-deux-vehicules-transportant-clandestinement-des-personnes-vers-le-nord#respond"]}]},{"@type":"WebPage","@id":"https:\/\/www.africa-press.net\/tchad\/politique\/le-gouverneur-du-kanem-intercepte-deux-vehicules-transportant-clandestinement-des-personnes-vers-le-nord","url":"https:\/\/www.africa-press.net\/tchad\/politique\/le-gouverneur-du-kanem-intercepte-deux-vehicules-transportant-clandestinement-des-personnes-vers-le-nord","name":"Le gouverneur du Kanem intercepte deux v\u00e9hicules transportant clandestinement des personnes vers le Nord - tchad","isPartOf":{"@id":"https:\/\/www.africa-press.net\/tchad\/#website"},"primaryImageOfPage":{"@id":"https:\/\/www.africa-press.net\/tchad\/politique\/le-gouverneur-du-kanem-intercepte-deux-vehicules-transportant-clandestinement-des-personnes-vers-le-nord#primaryimage"},"image":{"@id":"https:\/\/www.africa-press.net\/tchad\/politique\/le-gouverneur-du-kanem-intercepte-deux-vehicules-transportant-clandestinement-des-personnes-vers-le-nord#primaryimage"},"thumbnailUrl":"https:\/\/static.africa-press.net\/tchad\/sites\/41\/2023\/11\/sm_1699889668.918765.jpg","datePublished":"2023-11-13T18:44:01+00:00","dateModified":"2023-11-13T19:06:02+00:00","author":{"@id":"https:\/\/www.africa-press.net\/tchad\/#\/schema\/person\/2b1cf3cd81a31e3cd26889ca66d677f1"},"description":"Le gouverneur de la province du Kanem tre\u0300s satisfait de la mission, a remercie\u0301 les forces de de\u0301fense et de se\u0301curite\u0301 ...","breadcrumb":{"@id":"https:\/\/www.africa-press.net\/tchad\/politique\/le-gouverneur-du-kanem-intercepte-deux-vehicules-transportant-clandestinement-des-personnes-vers-le-nord#breadcrumb"},"inLanguage":"fr-FR","potentialAction":[{"@type":"ReadAction","target":["https:\/\/www.africa-press.net\/tchad\/politique\/le-gouverneur-du-kanem-intercepte-deux-vehicules-transportant-clandestinement-des-personnes-vers-le-nord"]}]},{"@type":"ImageObject","inLanguage":"fr-FR","@id":"https:\/\/www.africa-press.net\/tchad\/politique\/le-gouverneur-du-kanem-intercepte-deux-vehicules-transportant-clandestinement-des-personnes-vers-le-nord#primaryimage","url":"https:\/\/static.africa-press.net\/tchad\/sites\/41\/2023\/11\/sm_1699889668.918765.jpg","contentUrl":"https:\/\/static.africa-press.net\/tchad\/sites\/41\/2023\/11\/sm_1699889668.918765.jpg","width":1020,"height":765,"caption":"Le gouverneur du Kanem intercepte deux v\u00e9hicules transportant clandestinement des personnes vers le Nord"},{"@type":"BreadcrumbList","@id":"https:\/\/www.africa-press.net\/tchad\/politique\/le-gouverneur-du-kanem-intercepte-deux-vehicules-transportant-clandestinement-des-personnes-vers-le-nord#breadcrumb","itemListElement":[{"@type":"ListItem","position":1,"name":"Accueil","item":"https:\/\/www.africa-press.net\/tchad\/"},{"@type":"ListItem","position":2,"name":"Le gouverneur du Kanem intercepte deux v\u00e9hicules transportant clandestinement des personnes vers le Nord"}]},{"@type":"WebSite","@id":"https:\/\/www.africa-press.net\/tchad\/#website","url":"https:\/\/www.africa-press.net\/tchad\/","name":"tchad","description":"Just another Africa News Agency Sites site","potentialAction":[{"@type":"SearchAction","target":{"@type":"EntryPoint","urlTemplate":"https:\/\/www.africa-press.net\/tchad\/?s={search_term_string}"},"query-input":{"@type":"PropertyValueSpecification","valueRequired":true,"valueName":"search_term_string"}}],"inLanguage":"fr-FR"},{"@type":"Person","@id":"https:\/\/www.africa-press.net\/tchad\/#\/schema\/person\/2b1cf3cd81a31e3cd26889ca66d677f1","name":"cfeditorfr"}]}},"_links":{"self":[{"href":"https:\/\/www.africa-press.net\/tchad\/wp-json\/wp\/v2\/posts\/53939","targetHints":{"allow":["GET"]}}],"collection":[{"href":"https:\/\/www.africa-press.net\/tchad\/wp-json\/wp\/v2\/posts"}],"about":[{"href":"https:\/\/www.africa-press.net\/tchad\/wp-json\/wp\/v2\/types\/post"}],"author":[{"embeddable":true,"href":"https:\/\/www.africa-press.net\/tchad\/wp-json\/wp\/v2\/users\/82"}],"replies":[{"embeddable":true,"href":"https:\/\/www.africa-press.net\/tchad\/wp-json\/wp\/v2\/comments?post=53939"}],"version-history":[{"count":0,"href":"https:\/\/www.africa-press.net\/tchad\/wp-json\/wp\/v2\/posts\/53939\/revisions"}],"wp:featuredmedia":[{"embeddable":true,"href":"https:\/\/www.africa-press.net\/tchad\/wp-json\/wp\/v2\/media\/53938"}],"wp:attachment":[{"href":"https:\/\/www.africa-press.net\/tchad\/wp-json\/wp\/v2\/media?parent=53939"}],"wp:term":[{"taxonomy":"category","embeddable":true,"href":"https:\/\/www.africa-press.net\/tchad\/wp-json\/wp\/v2\/categories?post=53939"},{"taxonomy":"post_tag","embeddable":true,"href":"https:\/\/www.africa-press.net\/tchad\/wp-json\/wp\/v2\/tags?post=53939"}],"curies":[{"name":"wp","href":"https:\/\/api.w.org\/{rel}","templated":true}]}}