{"id":53972,"date":"2023-11-14T17:30:47","date_gmt":"2023-11-14T17:30:47","guid":{"rendered":"https:\/\/www.africa-press.net\/tchad\/politique\/le-gouverneur-du-logone-occidental-rencontre-le-comite-interimaire-de-moundou"},"modified":"2023-11-14T18:02:40","modified_gmt":"2023-11-14T18:02:40","slug":"le-gouverneur-du-logone-occidental-rencontre-le-comite-interimaire-de-moundou","status":"publish","type":"post","link":"https:\/\/www.africa-press.net\/tchad\/politique\/le-gouverneur-du-logone-occidental-rencontre-le-comite-interimaire-de-moundou","title":{"rendered":"le gouverneur du Logone Occidental rencontre le comit\u00e9 int\u00e9rimaire de Moundou"},"content":{"rendered":"<p><span style=\"color: #ff6600\"><strong>Africa-Press &#8211; Tchad. <\/strong><\/span>Installe\u0301 le 6 novembre 2023, le comite\u0301 de gestion inte\u0301rimaire de la ville de Moundou a eu une re\u0301union de prise de contact avec le gouverneur de la province du Logone Occidental Ibrahim Ibni Oumar Mahamat Saleh et ses proches collaborateurs.<\/p>\n<p>Initie\u0301e par le nume\u0301ro un de la province, cette rencontre a pour objectif, non seulement de fe\u0301liciter l\u2019e\u0301quipe inte\u0301rimaire de la commune, mais aussi de lui rappeler les de\u0301fis qui l\u2019attendent.<\/p>\n<p>Repre\u0301sentant l\u2019autorite\u0301 de tutelle de la commune de Moundou, le secre\u0301taire ge\u0301ne\u0301ral du de\u0301partement de Lac Wey, Tordibaye Ngaourba n\u2019a pas manque\u0301 de rappeler les maux qui ont conduit a\u0300 la dissolution du conseil municipal sortant.<\/p>\n<p>Le gouverneur Ibrahim Ibni Oumar Mahamat Saleh demande au comite\u0301 inte\u0301rimaire, d\u2019apprendre des erreurs du passe\u0301 et de travailler en e\u0301quipe pour donner une nouvelle image a\u0300 la commune de Moundou.<\/p>\n<p>Le comite\u0301 inte\u0301rimaire de la commune de Moundou est nomme\u0301 par arre\u0302te\u0301 n\u00b044 du 2 novembre 2023, signe\u0301 du ministre de l\u2019Administration du territoire, de la De\u0301centralisation et de la bonne Gouvernance. Il est constitue\u0301 de 31 membres, avec a\u0300 sa te\u0302te Guelmbaye Bienvenu.<\/p>\n\r\n                <style type=\"text\/css\">\r\n                    \r\n                    #td_uid_1_69efa16ab77de  .td-doubleSlider-2 .td-item1 {\r\n                        background: url(https:\/\/static.africa-press.net\/tchad\/sites\/41\/2023\/11\/sm_1699972189.67778-80x60.jpg) 0 0 no-repeat;\r\n                    }\r\n                    #td_uid_1_69efa16ab77de  .td-doubleSlider-2 .td-item2 {\r\n                        background: url(https:\/\/static.africa-press.net\/tchad\/sites\/41\/2023\/11\/sm_1699972208.82705-80x60.jpg) 0 0 no-repeat;\r\n                    }\r\n                <\/style>\r\n\r\n                <div id=\"td_uid_1_69efa16ab77de\" class=\"td-gallery td-slide-on-2-columns\">\r\n                    <div class=\"post_td_gallery\">\r\n                        <div class=\"td-gallery-slide-top\">\r\n                           <div class=\"td-gallery-title\"><\/div>\r\n\r\n                            <div class=\"td-gallery-controls-wrapper\">\r\n                                <div class=\"td-gallery-slide-count\"><span class=\"td-gallery-slide-item-focus\">1<\/span> de 2<\/div>\r\n                                <div class=\"td-gallery-slide-prev-next-but\">\r\n                                    <i class = \"td-icon-left doubleSliderPrevButton\"><\/i>\r\n                                    <i class = \"td-icon-right doubleSliderNextButton\"><\/i>\r\n                                <\/div>\r\n                            <\/div>\r\n                        <\/div>\r\n\r\n                        <div class = \"td-doubleSlider-1 \">\r\n                            <div class = \"td-slider\">\r\n                                \r\n                    <div class = \"td-slide-item td-item1\">\r\n                        <figure class=\"td-slide-galery-figure td-slide-popup-gallery\">\r\n                            <a class=\"slide-gallery-image-link\" href=\"https:\/\/static.africa-press.net\/tchad\/sites\/41\/2023\/11\/sm_1699972189.67778.jpg\" title=\"sm_1699972189.67778\"  data-caption=\"\"  data-description=\"\">\r\n                                <img decoding=\"async\" src=\"https:\/\/static.africa-press.net\/tchad\/sites\/41\/2023\/11\/sm_1699972189.67778.jpg\" srcset=\"https:\/\/static.africa-press.net\/tchad\/sites\/41\/2023\/11\/sm_1699972189.67778.jpg 870w, https:\/\/static.africa-press.net\/tchad\/sites\/41\/2023\/11\/sm_1699972189.67778-300x200.jpg 300w, https:\/\/static.africa-press.net\/tchad\/sites\/41\/2023\/11\/sm_1699972189.67778-768x512.jpg 768w\" sizes=\"(max-width: 870px) 100vw, 870px\" alt=\"\">\r\n                            <\/a>\r\n                            \r\n                        <\/figure>\r\n                    <\/div>\r\n                    <div class = \"td-slide-item td-item2\">\r\n                        <figure class=\"td-slide-galery-figure td-slide-popup-gallery\">\r\n                            <a class=\"slide-gallery-image-link\" href=\"https:\/\/static.africa-press.net\/tchad\/sites\/41\/2023\/11\/sm_1699972208.82705.jpg\" title=\"sm_1699972208.82705\"  data-caption=\"\"  data-description=\"\">\r\n                                <img decoding=\"async\" src=\"https:\/\/static.africa-press.net\/tchad\/sites\/41\/2023\/11\/sm_1699972208.82705.jpg\" srcset=\"https:\/\/static.africa-press.net\/tchad\/sites\/41\/2023\/11\/sm_1699972208.82705.jpg 870w, https:\/\/static.africa-press.net\/tchad\/sites\/41\/2023\/11\/sm_1699972208.82705-300x200.jpg 300w, https:\/\/static.africa-press.net\/tchad\/sites\/41\/2023\/11\/sm_1699972208.82705-768x512.jpg 768w\" sizes=\"(max-width: 870px) 100vw, 870px\" alt=\"\">\r\n                            <\/a>\r\n                            \r\n                        <\/figure>\r\n                    <\/div>\r\n                            <\/div>\r\n                        <\/div>\r\n\r\n                        <div class = \"td-doubleSlider-2\">\r\n                            <div class = \"td-slider\">\r\n                                \r\n                    <div class = \"td-button td-item1\">\r\n                        <div class = \"td-border\"><\/div>\r\n                    <\/div>\r\n                    <div class = \"td-button td-item2\">\r\n                        <div class = \"td-border\"><\/div>\r\n                    <\/div>\r\n                            <\/div>\r\n                        <\/div>\r\n\r\n                    <\/div>\r\n\r\n                <\/div>\r\n                \n<p><strong>Pour plus d&rsquo;informations et d&rsquo;analyses sur la <a href=\"https:\/\/www.africa-press.net\/tchad\">Tchad<\/a>, suivez <a href=\"https:\/\/www.africa-press.net\/\">Africa-Press<\/a><\/strong><\/p>\n","protected":false},"excerpt":{"rendered":"<p>Africa-Press &#8211; Tchad. Installe\u0301 le 6 novembre 2023, le comite\u0301 de gestion inte\u0301rimaire de la ville de Moundou a eu une re\u0301union de prise de contact avec le gouverneur de la province du Logone Occidental Ibrahim Ibni Oumar Mahamat Saleh et ses proches collaborateurs. Initie\u0301e par le nume\u0301ro un de la province, cette rencontre a [&hellip;]<\/p>\n","protected":false},"author":82,"featured_media":53971,"comment_status":"open","ping_status":"closed","sticky":false,"template":"","format":"standard","meta":{"footnotes":""},"categories":[8,2,10],"tags":[37,292,29],"class_list":["post-53972","post","type-post","status-publish","format-standard","has-post-thumbnail","hentry","category-photo","category-politique","category-toutes-les-actualites","tag-africa-press","tag-africa-press-tchad","tag-tchad"],"yoast_head":"<!-- This site is optimized with the Yoast SEO Premium plugin v26.1 (Yoast SEO v27.0) - https:\/\/yoast.com\/product\/yoast-seo-premium-wordpress\/ -->\n<title>le gouverneur du Logone Occidental rencontre le comit\u00e9 int\u00e9rimaire de Moundou - tchad<\/title>\n<meta name=\"description\" content=\"Installe\u0301 le 6 novembre 2023, le comite\u0301 de gestion inte\u0301rimaire de la ville de Moundou a eu une re\u0301union de prise de co ...\" \/>\n<meta name=\"robots\" content=\"index, follow, max-snippet:-1, max-image-preview:large, max-video-preview:-1\" \/>\n<link rel=\"canonical\" href=\"https:\/\/www.africa-press.net\/tchad\/politique\/le-gouverneur-du-logone-occidental-rencontre-le-comite-interimaire-de-moundou\" \/>\n<meta property=\"og:locale\" content=\"fr_FR\" \/>\n<meta property=\"og:type\" content=\"article\" \/>\n<meta property=\"og:title\" content=\"le gouverneur du Logone Occidental rencontre le comit\u00e9 int\u00e9rimaire de Moundou\" \/>\n<meta property=\"og:description\" content=\"Installe\u0301 le 6 novembre 2023, le comite\u0301 de gestion inte\u0301rimaire de la ville de Moundou a eu une re\u0301union de prise de co ...\" \/>\n<meta property=\"og:url\" content=\"https:\/\/www.africa-press.net\/tchad\/politique\/le-gouverneur-du-logone-occidental-rencontre-le-comite-interimaire-de-moundou\" \/>\n<meta property=\"og:site_name\" content=\"tchad\" \/>\n<meta property=\"article:published_time\" content=\"2023-11-14T17:30:47+00:00\" \/>\n<meta property=\"article:modified_time\" content=\"2023-11-14T18:02:40+00:00\" \/>\n<meta property=\"og:image\" content=\"https:\/\/static.africa-press.net\/tchad\/sites\/41\/2023\/11\/sm_1699972230.132755.jpg\" \/>\n\t<meta property=\"og:image:width\" content=\"996\" \/>\n\t<meta property=\"og:image:height\" content=\"664\" \/>\n\t<meta property=\"og:image:type\" content=\"image\/jpeg\" \/>\n<meta name=\"author\" content=\"cfeditorfr\" \/>\n<meta name=\"twitter:card\" content=\"summary_large_image\" \/>\n<meta name=\"twitter:label1\" content=\"\u00c9crit par\" \/>\n\t<meta name=\"twitter:data1\" content=\"cfeditorfr\" \/>\n\t<meta name=\"twitter:label2\" content=\"Dur\u00e9e de lecture estim\u00e9e\" \/>\n\t<meta name=\"twitter:data2\" content=\"1 minute\" \/>\n<script type=\"application\/ld+json\" class=\"yoast-schema-graph\">{\"@context\":\"https:\/\/schema.org\",\"@graph\":[{\"@type\":\"Article\",\"@id\":\"https:\/\/www.africa-press.net\/tchad\/politique\/le-gouverneur-du-logone-occidental-rencontre-le-comite-interimaire-de-moundou#article\",\"isPartOf\":{\"@id\":\"https:\/\/www.africa-press.net\/tchad\/politique\/le-gouverneur-du-logone-occidental-rencontre-le-comite-interimaire-de-moundou\"},\"author\":{\"name\":\"cfeditorfr\",\"@id\":\"https:\/\/www.africa-press.net\/tchad\/#\/schema\/person\/2b1cf3cd81a31e3cd26889ca66d677f1\"},\"headline\":\"le gouverneur du Logone Occidental rencontre le comit\u00e9 int\u00e9rimaire de Moundou\",\"datePublished\":\"2023-11-14T17:30:47+00:00\",\"dateModified\":\"2023-11-14T18:02:40+00:00\",\"mainEntityOfPage\":{\"@id\":\"https:\/\/www.africa-press.net\/tchad\/politique\/le-gouverneur-du-logone-occidental-rencontre-le-comite-interimaire-de-moundou\"},\"wordCount\":240,\"commentCount\":0,\"image\":{\"@id\":\"https:\/\/www.africa-press.net\/tchad\/politique\/le-gouverneur-du-logone-occidental-rencontre-le-comite-interimaire-de-moundou#primaryimage\"},\"thumbnailUrl\":\"https:\/\/static.africa-press.net\/tchad\/sites\/41\/2023\/11\/sm_1699972230.132755.jpg\",\"keywords\":[\"Africa Press\",\"Africa Press-Tchad\",\"Tchad\"],\"articleSection\":[\"Photo\",\"Politique\",\"Toutes les actualit\u00e9s\"],\"inLanguage\":\"fr-FR\",\"potentialAction\":[{\"@type\":\"CommentAction\",\"name\":\"Comment\",\"target\":[\"https:\/\/www.africa-press.net\/tchad\/politique\/le-gouverneur-du-logone-occidental-rencontre-le-comite-interimaire-de-moundou#respond\"]}]},{\"@type\":\"WebPage\",\"@id\":\"https:\/\/www.africa-press.net\/tchad\/politique\/le-gouverneur-du-logone-occidental-rencontre-le-comite-interimaire-de-moundou\",\"url\":\"https:\/\/www.africa-press.net\/tchad\/politique\/le-gouverneur-du-logone-occidental-rencontre-le-comite-interimaire-de-moundou\",\"name\":\"le gouverneur du Logone Occidental rencontre le comit\u00e9 int\u00e9rimaire de Moundou - tchad\",\"isPartOf\":{\"@id\":\"https:\/\/www.africa-press.net\/tchad\/#website\"},\"primaryImageOfPage\":{\"@id\":\"https:\/\/www.africa-press.net\/tchad\/politique\/le-gouverneur-du-logone-occidental-rencontre-le-comite-interimaire-de-moundou#primaryimage\"},\"image\":{\"@id\":\"https:\/\/www.africa-press.net\/tchad\/politique\/le-gouverneur-du-logone-occidental-rencontre-le-comite-interimaire-de-moundou#primaryimage\"},\"thumbnailUrl\":\"https:\/\/static.africa-press.net\/tchad\/sites\/41\/2023\/11\/sm_1699972230.132755.jpg\",\"datePublished\":\"2023-11-14T17:30:47+00:00\",\"dateModified\":\"2023-11-14T18:02:40+00:00\",\"author\":{\"@id\":\"https:\/\/www.africa-press.net\/tchad\/#\/schema\/person\/2b1cf3cd81a31e3cd26889ca66d677f1\"},\"description\":\"Installe\u0301 le 6 novembre 2023, le comite\u0301 de gestion inte\u0301rimaire de la ville de Moundou a eu une re\u0301union de prise de co ...\",\"breadcrumb\":{\"@id\":\"https:\/\/www.africa-press.net\/tchad\/politique\/le-gouverneur-du-logone-occidental-rencontre-le-comite-interimaire-de-moundou#breadcrumb\"},\"inLanguage\":\"fr-FR\",\"potentialAction\":[{\"@type\":\"ReadAction\",\"target\":[\"https:\/\/www.africa-press.net\/tchad\/politique\/le-gouverneur-du-logone-occidental-rencontre-le-comite-interimaire-de-moundou\"]}]},{\"@type\":\"ImageObject\",\"inLanguage\":\"fr-FR\",\"@id\":\"https:\/\/www.africa-press.net\/tchad\/politique\/le-gouverneur-du-logone-occidental-rencontre-le-comite-interimaire-de-moundou#primaryimage\",\"url\":\"https:\/\/static.africa-press.net\/tchad\/sites\/41\/2023\/11\/sm_1699972230.132755.jpg\",\"contentUrl\":\"https:\/\/static.africa-press.net\/tchad\/sites\/41\/2023\/11\/sm_1699972230.132755.jpg\",\"width\":996,\"height\":664,\"caption\":\"le gouverneur du Logone Occidental rencontre le comit\u00e9 int\u00e9rimaire de Moundou\"},{\"@type\":\"BreadcrumbList\",\"@id\":\"https:\/\/www.africa-press.net\/tchad\/politique\/le-gouverneur-du-logone-occidental-rencontre-le-comite-interimaire-de-moundou#breadcrumb\",\"itemListElement\":[{\"@type\":\"ListItem\",\"position\":1,\"name\":\"Accueil\",\"item\":\"https:\/\/www.africa-press.net\/tchad\/\"},{\"@type\":\"ListItem\",\"position\":2,\"name\":\"le gouverneur du Logone Occidental rencontre le comit\u00e9 int\u00e9rimaire de Moundou\"}]},{\"@type\":\"WebSite\",\"@id\":\"https:\/\/www.africa-press.net\/tchad\/#website\",\"url\":\"https:\/\/www.africa-press.net\/tchad\/\",\"name\":\"tchad\",\"description\":\"Just another Africa News Agency Sites site\",\"potentialAction\":[{\"@type\":\"SearchAction\",\"target\":{\"@type\":\"EntryPoint\",\"urlTemplate\":\"https:\/\/www.africa-press.net\/tchad\/?s={search_term_string}\"},\"query-input\":{\"@type\":\"PropertyValueSpecification\",\"valueRequired\":true,\"valueName\":\"search_term_string\"}}],\"inLanguage\":\"fr-FR\"},{\"@type\":\"Person\",\"@id\":\"https:\/\/www.africa-press.net\/tchad\/#\/schema\/person\/2b1cf3cd81a31e3cd26889ca66d677f1\",\"name\":\"cfeditorfr\"}]}<\/script>\n<!-- \/ Yoast SEO Premium plugin. -->","yoast_head_json":{"title":"le gouverneur du Logone Occidental rencontre le comit\u00e9 int\u00e9rimaire de Moundou - tchad","description":"Installe\u0301 le 6 novembre 2023, le comite\u0301 de gestion inte\u0301rimaire de la ville de Moundou a eu une re\u0301union de prise de co ...","robots":{"index":"index","follow":"follow","max-snippet":"max-snippet:-1","max-image-preview":"max-image-preview:large","max-video-preview":"max-video-preview:-1"},"canonical":"https:\/\/www.africa-press.net\/tchad\/politique\/le-gouverneur-du-logone-occidental-rencontre-le-comite-interimaire-de-moundou","og_locale":"fr_FR","og_type":"article","og_title":"le gouverneur du Logone Occidental rencontre le comit\u00e9 int\u00e9rimaire de Moundou","og_description":"Installe\u0301 le 6 novembre 2023, le comite\u0301 de gestion inte\u0301rimaire de la ville de Moundou a eu une re\u0301union de prise de co ...","og_url":"https:\/\/www.africa-press.net\/tchad\/politique\/le-gouverneur-du-logone-occidental-rencontre-le-comite-interimaire-de-moundou","og_site_name":"tchad","article_published_time":"2023-11-14T17:30:47+00:00","article_modified_time":"2023-11-14T18:02:40+00:00","og_image":[{"width":996,"height":664,"url":"https:\/\/static.africa-press.net\/tchad\/sites\/41\/2023\/11\/sm_1699972230.132755.jpg","type":"image\/jpeg"}],"author":"cfeditorfr","twitter_card":"summary_large_image","twitter_misc":{"\u00c9crit par":"cfeditorfr","Dur\u00e9e de lecture estim\u00e9e":"1 minute"},"schema":{"@context":"https:\/\/schema.org","@graph":[{"@type":"Article","@id":"https:\/\/www.africa-press.net\/tchad\/politique\/le-gouverneur-du-logone-occidental-rencontre-le-comite-interimaire-de-moundou#article","isPartOf":{"@id":"https:\/\/www.africa-press.net\/tchad\/politique\/le-gouverneur-du-logone-occidental-rencontre-le-comite-interimaire-de-moundou"},"author":{"name":"cfeditorfr","@id":"https:\/\/www.africa-press.net\/tchad\/#\/schema\/person\/2b1cf3cd81a31e3cd26889ca66d677f1"},"headline":"le gouverneur du Logone Occidental rencontre le comit\u00e9 int\u00e9rimaire de Moundou","datePublished":"2023-11-14T17:30:47+00:00","dateModified":"2023-11-14T18:02:40+00:00","mainEntityOfPage":{"@id":"https:\/\/www.africa-press.net\/tchad\/politique\/le-gouverneur-du-logone-occidental-rencontre-le-comite-interimaire-de-moundou"},"wordCount":240,"commentCount":0,"image":{"@id":"https:\/\/www.africa-press.net\/tchad\/politique\/le-gouverneur-du-logone-occidental-rencontre-le-comite-interimaire-de-moundou#primaryimage"},"thumbnailUrl":"https:\/\/static.africa-press.net\/tchad\/sites\/41\/2023\/11\/sm_1699972230.132755.jpg","keywords":["Africa Press","Africa Press-Tchad","Tchad"],"articleSection":["Photo","Politique","Toutes les actualit\u00e9s"],"inLanguage":"fr-FR","potentialAction":[{"@type":"CommentAction","name":"Comment","target":["https:\/\/www.africa-press.net\/tchad\/politique\/le-gouverneur-du-logone-occidental-rencontre-le-comite-interimaire-de-moundou#respond"]}]},{"@type":"WebPage","@id":"https:\/\/www.africa-press.net\/tchad\/politique\/le-gouverneur-du-logone-occidental-rencontre-le-comite-interimaire-de-moundou","url":"https:\/\/www.africa-press.net\/tchad\/politique\/le-gouverneur-du-logone-occidental-rencontre-le-comite-interimaire-de-moundou","name":"le gouverneur du Logone Occidental rencontre le comit\u00e9 int\u00e9rimaire de Moundou - tchad","isPartOf":{"@id":"https:\/\/www.africa-press.net\/tchad\/#website"},"primaryImageOfPage":{"@id":"https:\/\/www.africa-press.net\/tchad\/politique\/le-gouverneur-du-logone-occidental-rencontre-le-comite-interimaire-de-moundou#primaryimage"},"image":{"@id":"https:\/\/www.africa-press.net\/tchad\/politique\/le-gouverneur-du-logone-occidental-rencontre-le-comite-interimaire-de-moundou#primaryimage"},"thumbnailUrl":"https:\/\/static.africa-press.net\/tchad\/sites\/41\/2023\/11\/sm_1699972230.132755.jpg","datePublished":"2023-11-14T17:30:47+00:00","dateModified":"2023-11-14T18:02:40+00:00","author":{"@id":"https:\/\/www.africa-press.net\/tchad\/#\/schema\/person\/2b1cf3cd81a31e3cd26889ca66d677f1"},"description":"Installe\u0301 le 6 novembre 2023, le comite\u0301 de gestion inte\u0301rimaire de la ville de Moundou a eu une re\u0301union de prise de co ...","breadcrumb":{"@id":"https:\/\/www.africa-press.net\/tchad\/politique\/le-gouverneur-du-logone-occidental-rencontre-le-comite-interimaire-de-moundou#breadcrumb"},"inLanguage":"fr-FR","potentialAction":[{"@type":"ReadAction","target":["https:\/\/www.africa-press.net\/tchad\/politique\/le-gouverneur-du-logone-occidental-rencontre-le-comite-interimaire-de-moundou"]}]},{"@type":"ImageObject","inLanguage":"fr-FR","@id":"https:\/\/www.africa-press.net\/tchad\/politique\/le-gouverneur-du-logone-occidental-rencontre-le-comite-interimaire-de-moundou#primaryimage","url":"https:\/\/static.africa-press.net\/tchad\/sites\/41\/2023\/11\/sm_1699972230.132755.jpg","contentUrl":"https:\/\/static.africa-press.net\/tchad\/sites\/41\/2023\/11\/sm_1699972230.132755.jpg","width":996,"height":664,"caption":"le gouverneur du Logone Occidental rencontre le comit\u00e9 int\u00e9rimaire de Moundou"},{"@type":"BreadcrumbList","@id":"https:\/\/www.africa-press.net\/tchad\/politique\/le-gouverneur-du-logone-occidental-rencontre-le-comite-interimaire-de-moundou#breadcrumb","itemListElement":[{"@type":"ListItem","position":1,"name":"Accueil","item":"https:\/\/www.africa-press.net\/tchad\/"},{"@type":"ListItem","position":2,"name":"le gouverneur du Logone Occidental rencontre le comit\u00e9 int\u00e9rimaire de Moundou"}]},{"@type":"WebSite","@id":"https:\/\/www.africa-press.net\/tchad\/#website","url":"https:\/\/www.africa-press.net\/tchad\/","name":"tchad","description":"Just another Africa News Agency Sites site","potentialAction":[{"@type":"SearchAction","target":{"@type":"EntryPoint","urlTemplate":"https:\/\/www.africa-press.net\/tchad\/?s={search_term_string}"},"query-input":{"@type":"PropertyValueSpecification","valueRequired":true,"valueName":"search_term_string"}}],"inLanguage":"fr-FR"},{"@type":"Person","@id":"https:\/\/www.africa-press.net\/tchad\/#\/schema\/person\/2b1cf3cd81a31e3cd26889ca66d677f1","name":"cfeditorfr"}]}},"_links":{"self":[{"href":"https:\/\/www.africa-press.net\/tchad\/wp-json\/wp\/v2\/posts\/53972","targetHints":{"allow":["GET"]}}],"collection":[{"href":"https:\/\/www.africa-press.net\/tchad\/wp-json\/wp\/v2\/posts"}],"about":[{"href":"https:\/\/www.africa-press.net\/tchad\/wp-json\/wp\/v2\/types\/post"}],"author":[{"embeddable":true,"href":"https:\/\/www.africa-press.net\/tchad\/wp-json\/wp\/v2\/users\/82"}],"replies":[{"embeddable":true,"href":"https:\/\/www.africa-press.net\/tchad\/wp-json\/wp\/v2\/comments?post=53972"}],"version-history":[{"count":0,"href":"https:\/\/www.africa-press.net\/tchad\/wp-json\/wp\/v2\/posts\/53972\/revisions"}],"wp:featuredmedia":[{"embeddable":true,"href":"https:\/\/www.africa-press.net\/tchad\/wp-json\/wp\/v2\/media\/53971"}],"wp:attachment":[{"href":"https:\/\/www.africa-press.net\/tchad\/wp-json\/wp\/v2\/media?parent=53972"}],"wp:term":[{"taxonomy":"category","embeddable":true,"href":"https:\/\/www.africa-press.net\/tchad\/wp-json\/wp\/v2\/categories?post=53972"},{"taxonomy":"post_tag","embeddable":true,"href":"https:\/\/www.africa-press.net\/tchad\/wp-json\/wp\/v2\/tags?post=53972"}],"curies":[{"name":"wp","href":"https:\/\/api.w.org\/{rel}","templated":true}]}}